{"id":2119683,"date":"2026-08-30T16:29:12","date_gmt":"2026-08-30T13:29:12","guid":{"rendered":"https:\/\/analyse.optim.biz\/?p=2119683"},"modified":"2026-08-30T16:29:12","modified_gmt":"2026-08-30T13:29:12","slug":"alegeri-anticipate-romania-are-nevoie-de-un-nou-inceput-rezolutie-adoptata-in-unanimitate-de-aur","status":"publish","type":"post","link":"https:\/\/analyse.optim.biz\/?p=2119683","title":{"rendered":"\u201eAlegeri anticipate! Rom\u00e2nia are nevoie de un nou \u00eenceput\u201d. Rezolu\u021bie adoptat\u0103 \u00een unanimitate de AUR"},"content":{"rendered":"<p>[analyse_image type=&#8221;featured&#8221; src=&#8221;https:\/\/cdn.adh.reperio.news\/image-5\/516a8511-03ce-421b-9a4b-99ec4910fdfd\/index.png?p=f%3Djpeg%26w%3D1200%26h%3D630%26r%3Dcover&#8221;]<\/p>\n<article class=\"svelte-x63bga\">\n<nav>\n<ul class=\"breadcrump svelte-1pk9a69\">\n<li class=\"svelte-1pk9a69\"><a href=\"https:\/\/adevarul.ro\/\" title=\"Adev\u0103rul\" class=\"svelte-1pk9a69\">Home<\/a><\/li>\n<li class=\"svelte-1pk9a69\"><a href=\"https:\/\/adevarul.ro\/stiri-interne\" class=\"svelte-1pk9a69\">\u0218tiri Interne<\/a><\/li>\n<li class=\"svelte-1pk9a69\"><a href=\"https:\/\/adevarul.ro\/stiri-interne\/alegeri-anticipate-romania-are-nevoie-de-un-nou-2553017.html\" class=\"svelte-1pk9a69\">\u201eAlegeri anticipate! Rom\u00e2nia are nevoie de un nou \u00eenceput\u201d. Rezolu\u021bie adoptat\u0103 \u00een unanimitate de AUR<\/a><\/li>\n<\/ul>\n<\/nav>\n<p><main class=\"svelte-x63bga\"><\/p>\n<p>Alian\u021ba pentru Unirea Rom\u00e2nilor (AUR) cere organizarea de alegeri anticipate, pe care le consider\u0103 singura solu\u021bie democratic\u0103 pentru dep\u0103\u0219irea actualului blocaj politic. Rezolu\u021bia \u201eAlegeri anticipate! Rom\u00e2nia are nevoie de un nou \u00eenceput\u201d a fost adoptat\u0103 \u00een unanimitate, \u00een cadrul Consiliului Na\u021bional de Conducere al partidului.<\/p>\n<div class=\"container-image  svelte-1xbw4f3\"><source type=\"image\/webp\" srcset=\"https:\/\/cdn.adh.reperio.news\/image-5\/516a8511-03ce-421b-9a4b-99ec4910fdfd\/index.png?p=a%3D1%26co%3D1.05%26w%3D1400%26h%3D750%26r%3Dcontain%26f%3Dwebp 1400w\" media=\"(min-width: 1400px)\" \/><\/p>\n<div class=\"caption svelte-1xbw4f3\"><span class=\"captionText svelte-1xbw4f3\">AUR cere organizarea de alegeri anticipate, pe care le consider\u0103 singura solu\u021bie democratic\u0103.  <span class=\"source svelte-1xbw4f3\">Foto: Facebook<\/span><\/span><\/div>\n<\/div>\n<p>Reprezentan\u021bii AUR sus\u021bin c\u0103 actuala configura\u021bie parlamentar\u0103 nu mai poate produce o majoritate stabil\u0103 \u0219i un guvern legitim, acuz\u00e2nd PSD, PNL, USR \u0219i UDMR c\u0103 men\u021bin negocierile \u0219i <i>\u201eimproviza\u021biile politice<\/i>\u201d \u00een loc s\u0103 ofere aleg\u0103torilor posibilitatea de a decide.<\/p>\n<p><i>\u201eAUR arat\u0103 c\u0103 PSD, PNL, USR \u015fi UDMR au adus actuala configura\u0163ie parlamentar\u0103 \u00eentr-un punct mort: nu mai sunt capabile s\u0103 construiasc\u0103 \u00eentre ele o majoritate stabil\u0103 \u015fi un guvern legitim, dar continu\u0103 negocierile \u015fi improviza\u0163iile politice \u00een loc s\u0103 redea rom\u00e2nilor dreptul de a decide. \u00cen timp ce partidele sistemului se blocheaz\u0103 reciproc, criza politic\u0103 se suprapune peste criza economic\u0103 \u015fi stagfla\u0163ie, iar Rom\u00e2nia r\u0103m\u00e2ne f\u0103r\u0103 o solu\u0163ie real\u0103 de guvernare\u201d<\/i>, afirm\u0103 reprezentan\u021bii AUR \u00eentr-un comunicat.<\/p>\n<p>Partidul sus\u021bine c\u0103 Rom\u00e2nia are nevoie de un nou guvern, capabil s\u0103 gestioneze situa\u021bia economic\u0103, \u0219i cere organizarea de alegeri anticipate pentru formarea unei noi majorit\u0103\u021bi politice.<\/p>\n<p><i>\u201eNu exist\u0103, \u00een lumea democratic\u0103, o alt\u0103 formul\u0103 legitim\u0103 de ie\u015fire dintr-o asemenea criz\u0103 politic\u0103 dec\u00e2t re\u00eentoarcerea la votul popular, care s\u0103 legitimeze o nou\u0103 majoritate \u015fi o nou\u0103 guvernare. Rom\u00e2nii trebuie s\u0103 decid\u0103 cine \u015fi cu ce program va conduce Rom\u00e2nia. Vrem stabilitate? Solu\u0163ia este organizarea de alegeri anticipate. Vrem o nou\u0103 politic\u0103 economic\u0103? Solu\u0163ia este organizarea de alegeri anticipate. Vrem ie\u015firea din criz\u0103? Solu\u0163ia este organizarea de alegeri anticipate!\u201d<\/i>, se arat\u0103 \u00een comunicatul partidului.<\/p>\n<p>AUR sus\u021bine c\u0103 alegerile anticipate nu reprezint\u0103 o amenin\u021bare la adresa democra\u021biei, ci, dimpotriv\u0103, reprezint\u0103 exercitarea dreptului cet\u0103\u021benilor de a decide asupra viitoarei guvern\u0103ri.<\/p>\n<p>\u00cen acest context, partidul \u00eel critic\u0103 pe pre\u0219edintele Nicu\u0219or Dan \u0219i sus\u021bine c\u0103 acesta nu ar trebui s\u0103 \u00eempiedice organizarea alegerilor anticipate.<\/p>\n<p><i>\u201eCine se opune ast\u0103zi organiz\u0103rii de alegeri anticipate? \u00cen primul r\u00e2nd, Nicu\u015for Dan. Acesta nu poate transforma teama de rezultatul unui vot sau de demiterea unui al doilea guvern \u00eentr-un motiv pentru perpetuarea blocajului politic. Dac\u0103 Nicu\u015for Dan nu va respecta regulile de baz\u0103 ale democra\u0163iei \u015fi va \u00eempiedica \u00eentoarcerea la votul popular, AUR, \u00een calitate de partid responsabil, are datoria s\u0103 ofere \u015fi aici o solu\u0163ie democratic\u0103 similar\u0103: re\u00eentoarcerea la votul popular, prin suspendarea pre\u015fedintelui \u015fi organizarea unui referendum pentru demiterea acestuia. \u00centr-o democra\u0163ie, decizia final\u0103 trebuie s\u0103 apar\u0163in\u0103 cet\u0103\u0163enilor\u201d<\/i>, transmite forma\u021biunea.<\/p>\n<p>AUR mai precizeaz\u0103 c\u0103 nu va sus\u021bine solu\u021bii pe care le consider\u0103<i> \u201enedemocratice \u0219i netransparente\u201d <\/i>pentru ie\u0219irea din criz\u0103 \u0219i afirm\u0103 c\u0103 nu va vota un guvern din care partidul s\u0103 nu fac\u0103 parte sau care s\u0103 nu includ\u0103 \u00een program m\u0103surile propuse de AUR.<\/p>\n<p>Forma\u021biunea solicit\u0103 astfel organizarea de alegeri anticipate pentru un nou Parlament, formarea unei majorit\u0103\u021bi politice legitimate prin vot \u0219i instalarea unui guvern rezultat dintr-o majoritate pe care o consider\u0103 transparent\u0103 \u0219i stabil\u0103.<\/p>\n<p><i>\u201eRom\u00e2nia are nevoie de stabilitate, dar stabilitatea nu poate fi construit\u0103 prin aranjamente politice netransparente. Rom\u00e2nia are nevoie de un guvern, dar nu de orice guvern. Rom\u00e2nia are nevoie de o majoritate, dar nu de o majoritate construit\u0103 prin cump\u0103rarea, la bucat\u0103, a voturilor\u201d,<\/i> mai sus\u021bin reprezentan\u021bii AUR.<\/p>\n<p><\/main><\/p>\n<footer class=\"svelte-x63bga\">\n<div class=\"related-wrap related-footer svelte-78g0vl\"><span class=\"related-label svelte-78g0vl\">Cite\u0219te \u0219i<\/span><a class=\"related svelte-78g0vl\" data-gtrack=\"{&quot;event&quot;:&quot;utm_click&quot;,&quot;data&quot;:{&quot;event_category&quot;:&quot;article_related&quot;}}\" href=\"https:\/\/adevarul.ro\/sport\/barca-feminina-de-81-a-romaniei-a-castigat-titlul-2552984.html\" title=\"Alt articol de interes pentru tine\"><img decoding=\"async\" class=\"thumb svelte-78g0vl\" src=\"https:\/\/cdn.adh.reperio.news\/image-5\/52681efb-4535-46c6-b4a1-fe07fc8273a0\/index.jpeg?p=f%3Dwebp%26w%3D120%26h%3D80%26r%3Dcover%26a%3D0\" alt loading=\"lazy\" width=\"80\" height=\"54\"><span class=\"title svelte-78g0vl\">Barca feminin\u0103 de 8+1 a Rom\u00e2niei a c\u00e2\u0219tigat titlul mondial la Amsterdam \u0219i a b\u0103tut un nou record<\/span><\/a><a class=\"related svelte-78g0vl\" data-gtrack=\"{&quot;event&quot;:&quot;utm_click&quot;,&quot;data&quot;:{&quot;event_category&quot;:&quot;article_related&quot;}}\" href=\"https:\/\/adevarul.ro\/sport\/romania-locul-4-pe-natiuni-la-cm-de-canotaj-2552999.html\" title=\"Alt articol de interes pentru tine\"><img decoding=\"async\" class=\"thumb svelte-78g0vl\" src=\"https:\/\/cdn.adh.reperio.news\/image-7\/7ecc143a-74a1-4eca-8de9-10ea16ab8a0d\/index.jpeg?p=f%3Dwebp%26w%3D120%26h%3D80%26r%3Dcover%26a%3D0\" alt loading=\"lazy\" width=\"80\" height=\"54\"><span class=\"title svelte-78g0vl\">Rom\u00e2nia, locul 4 pe na\u021biuni la CM de canotaj, Simona Radi\u0219 \u0219i Adriana Adam au intrat \u00een istorie<\/span><\/a><a class=\"related svelte-78g0vl\" data-gtrack=\"{&quot;event&quot;:&quot;utm_click&quot;,&quot;data&quot;:{&quot;event_category&quot;:&quot;article_related&quot;}}\" href=\"https:\/\/adevarul.ro\/politica\/aur-vrea-modificarea-constitutiei-ce-reguli-2553009.html\" title=\"Alt articol de interes pentru tine\"><img decoding=\"async\" class=\"thumb svelte-78g0vl\" src=\"https:\/\/cdn.adh.reperio.news\/image-c\/cff09793-8d7e-4cd3-aa5d-1844018902e4\/index.jpeg?p=f%3Dwebp%26w%3D120%26h%3D80%26r%3Dcover%26a%3D0\" alt loading=\"lazy\" width=\"80\" height=\"54\"><span class=\"title svelte-78g0vl\">AUR vrea modificarea Constitu\u021biei. Ce reguli propune pentru deblocarea crizelor guvernamentale: \u201eUn pre\u015fedinte nu poate \u021bine o \u021bar\u0103 blocat\u0103\u201d<\/span><\/a><\/div>\n<div class=\"meta svelte-x63bga\">\n<div class=\"authors svelte-x63bga\"><span class=\"names svelte-x63bga\"><a href=\"https:\/\/adevarul.ro\/author\/1899\" rel=\"author\" class=\"svelte-x63bga\">Maria \u0162aga<\/a><\/span><\/p>\n<div class=\"_hydratable\" data-props=\"%7B%22showLive%22%3Atrue%7D\" data-context=\"%7B%22parentBlockColumnCount%22%3A%7B%22value%22%3A0%2C%22type%22%3A%22store%2Freadable%22%7D%2C%22parentBlockBackgroundColor%22%3A%7B%22type%22%3A%22store%2Freadable%22%7D%7D\" data-component=\"ShareButton\">\n<div class=\"shareButtons svelte-itwbrr\">\n<div class=\"liveSessions metaFont svelte-1maxmbf\"><span class=\"value svelte-1maxmbf\">1<\/span> live <\/div>\n<\/div>\n<\/div>\n<\/div>\n<div class=\"tags svelte-1l3vwp1\"><span class=\"tags-label metaFont svelte-1l3vwp1\">Cite\u0219te mai multe despre<\/span><\/p>\n<div class=\"tags-list svelte-1l3vwp1\"><a href=\"https:\/\/adevarul.ro\/tag\/aur\" title=\"Ultimele \u0219tiri despre aur\" class=\"tag-pill svelte-1l3vwp1\">aur<\/a><a href=\"https:\/\/adevarul.ro\/tag\/criza%20politica%202026\" title=\"Ultimele \u0219tiri despre criza politica 2026\" class=\"tag-pill svelte-1l3vwp1\">criza politica 2026<\/a><a href=\"https:\/\/adevarul.ro\/tag\/alegeri%20anticipate\" title=\"Ultimele \u0219tiri despre alegeri anticipate\" class=\"tag-pill svelte-1l3vwp1\">alegeri anticipate<\/a><\/div>\n<\/div>\n<\/div>\n<p><a class=\"moreFromCategory svelte-x63bga\" href=\"https:\/\/adevarul.ro\/stiri-interne\" title=\"\u0218tiri Interne\">Mai multe din <strong class=\"svelte-x63bga\">\u0218tiri Interne<\/strong> \u203a<\/a><\/footer>\n<\/article>\n<p>[analyse_source url=&#8221;https:\/\/adevarul.ro\/stiri-interne\/alegeri-anticipate-romania-are-nevoie-de-un-nou-2553017.html&#8221;]<\/p>\n","protected":false},"excerpt":{"rendered":"<p>[analyse_image type=&#8221;featured&#8221; src=&#8221;https:\/\/cdn.adh.reperio.news\/image-5\/516a8511-03ce-421b-9a4b-99ec4910fdfd\/index.png?p=f%3Djpeg%26w%3D1200%26h%3D630%26r%3Dcover&#8221;] Home \u0218tiri Interne \u201eAlegeri anticipate! Rom\u00e2nia are nevoie de un nou \u00eenceput\u201d. Rezolu\u021bie adoptat\u0103 \u00een unanimitate de AUR Alian\u021ba pentru Unirea Rom\u00e2nilor (AUR) cere organizarea de alegeri anticipate, pe care le consider\u0103 singura solu\u021bie democratic\u0103 pentru dep\u0103\u0219irea actualului blocaj politic. Rezolu\u021bia \u201eAlegeri anticipate! Rom\u00e2nia are nevoie de un nou \u00eenceput\u201d a fost [&hellip;]<\/p>\n","protected":false},"author":1,"featured_media":0,"comment_status":"open","ping_status":"","sticky":false,"template":"","format":"standard","meta":{"footnotes":""},"categories":[89],"tags":[19,226],"class_list":["post-2119683","post","type-post","status-publish","format-standard","hentry","category-romania","tag-adevarul","tag-crawlmanager"],"_links":{"self":[{"href":"https:\/\/analyse.optim.biz\/index.php?rest_route=\/wp\/v2\/posts\/2119683","targetHints":{"allow":["GET"]}}],"collection":[{"href":"https:\/\/analyse.optim.biz\/index.php?rest_route=\/wp\/v2\/posts"}],"about":[{"href":"https:\/\/analyse.optim.biz\/index.php?rest_route=\/wp\/v2\/types\/post"}],"author":[{"embeddable":true,"href":"https:\/\/analyse.optim.biz\/index.php?rest_route=\/wp\/v2\/users\/1"}],"replies":[{"embeddable":true,"href":"https:\/\/analyse.optim.biz\/index.php?rest_route=%2Fwp%2Fv2%2Fcomments&post=2119683"}],"version-history":[{"count":0,"href":"https:\/\/analyse.optim.biz\/index.php?rest_route=\/wp\/v2\/posts\/2119683\/revisions"}],"wp:attachment":[{"href":"https:\/\/analyse.optim.biz\/index.php?rest_route=%2Fwp%2Fv2%2Fmedia&parent=2119683"}],"wp:term":[{"taxonomy":"category","embeddable":true,"href":"https:\/\/analyse.optim.biz\/index.php?rest_route=%2Fwp%2Fv2%2Fcategories&post=2119683"},{"taxonomy":"post_tag","embeddable":true,"href":"https:\/\/analyse.optim.biz\/index.php?rest_route=%2Fwp%2Fv2%2Ftags&post=2119683"}],"curies":[{"name":"wp","href":"https:\/\/api.w.org\/{rel}","templated":true}]}}