{"id":2119665,"date":"2026-08-30T17:19:40","date_gmt":"2026-08-30T14:19:40","guid":{"rendered":"https:\/\/analyse.optim.biz\/?p=2119665"},"modified":"2026-08-30T17:19:40","modified_gmt":"2026-08-30T14:19:40","slug":"distruggere-report-in-questo-modo-e-un-suicidio-aziendale-carlo-freccero","status":"publish","type":"post","link":"https:\/\/analyse.optim.biz\/?p=2119665","title":{"rendered":"&#8216;distruggere report in questo modo \u00c8 un suicidio aziendale&#8217; &#8211; carlo freccero&#8230;"},"content":{"rendered":"<p>[analyse_image type=&#8221;featured&#8221; src=&#8221;https:\/\/static.dagospia.com\/img\/patch\/08-2026\/report-ranucci-freccero-2300683_600_q50.webp&#8221;]<\/p>\n<article>\n<div class=\"img-wrapper\"><img decoding=\"async\" src=\"https:\/\/static.dagospia.com\/img\/patch\/08-2026\/report-ranucci-freccero-2300683_600_q50.webp\" alt=\"report ranucci freccero\"><time class=\"data-ora\">30 ago 2026 19:19<\/time><\/div>\n<p><span>&#8220;DISTRUGGERE REPORT IN QUESTO MODO \u00c8 UN SUICIDIO AZIENDALE&#8221;<\/span> &#8211; CARLO FRECCERO: &#8220;IL TRASFERIMENTO DI RANUCCI \u00c8 FUORI LUOGO. SE NON VA BENE PER CONDURRE &#8216;REPORT&#8217;, NON CAPISCO COME POSSA ESSERE CONSIDERATO ADATTO A LAVORARE NELLA REDAZIONE DI UN TG (A SIGFRIDO, \u00c8 STATA OFFERTA LA VICEDIREZIONE DEL TG3 O DI RAINEWS O, ANCORA, IL RUOLO DI INVIATO A IL CAIRO). <span>\u00c8 UNA SCELTA DEL TUTTO SBAGLIATA SOTTO IL PROFILO TELEVISIVO&#8221;<\/span> &#8211; &#8220;DA EX DIRETTORE DI RETE, SOFFRO NEL VEDER SMANTELLARE UN PROGRAMMA CAPACE DI GARANTIRE UN\u2019AUDIENCE SICURA.\u00a0<span>UN CROLLO DEGLI ASCOLTI COMPORTA MENO PUBBLICIT\u00c0, E QUESTO GENERER\u00c0 UN RISCHIO DI DANNO ERARIALE MOLTO PESANTE,<\/span> CHE SAR\u00c0 ADDEBITATO ALLA DIREZIONE DELLA RAI&#8221; &#8211; LA BORDATA: &#8220;I DUE MEMBRI DELLE OPPOSIZIONI NEL CDA DELLA RAI SONO INVISIBILI. SI DIMETTESSERO&#8221;<\/p>\n<div class=\"share-section\">\n                Condividi  questo articolo<\/p>\n<div class=\"socials\"><a href=\"http:\/\/www.facebook.com\/sharer.php?u=http:\/\/www.dagospia.com\/media-tv\/distruggere-report-in-modo-e-suicidio-aziendale-carlo-freccero-485224\" target=\"_blank\"><img decoding=\"async\" src=\"https:\/\/static.dagospia.com\/img\/icons\/facebook.svg\" alt=\"Condividi su Facebook\"><\/a><a href=\"http:\/\/www.twitter.com\/share?url=http:\/\/www.dagospia.com\/media-tv\/distruggere-report-in-modo-e-suicidio-aziendale-carlo-freccero-485224&amp;text=&apos;DISTRUGGERE%20REPORT%20IN%20QUESTO%20MODO%20%C3%88%20UN%20SUICIDIO%20AZIENDALE&apos;%20-%20CARLO%20FRECCERO...\" target=\"_blank\"><img decoding=\"async\" src=\"https:\/\/static.dagospia.com\/img\/icons\/x-icon.png\" alt=\"Condividi su X\"><\/a><a href=\"\/\/www.dagospia.com\/media-tv\/distruggere-report-in-modo-e-suicidio-aziendale-carlo-freccero-485224\" target=\"_blank\"><img decoding=\"async\" src=\"https:\/\/static.dagospia.com\/img\/icons\/whatsapp.svg\" alt=\"Condividi su Whatsapp\"><\/a><a href=\"mailto:?body=http:\/\/www.dagospia.com\/media-tv\/distruggere-report-in-modo-e-suicidio-aziendale-carlo-freccero-485224\" target=\"_blank\"><img decoding=\"async\" src=\"https:\/\/static.dagospia.com\/img\/icons\/mail.svg\" alt=\"Invia in email\"><\/a><\/div>\n<\/div>\n<div class=\"content\">\n<p class=\"disable\"><strong>Estratto dell&#8217;articolo di Libero Stracquadanio per <a href=\"http:\/\/www.quotidiano.net\">www.quotidiano.net<\/a><\/strong><\/p>\n<p class=\"disable\">\u00a0<\/p>\n<p class=\"disable\"><strong>Carlo Freccero, autore televisivo ed ex direttore di Rai 2. Come giudica la scelta sul trasferimento forzato di Ranucci?<\/strong><\/p>\n<p><a href=\"https:\/\/www.dagospia.com\/media-gallery\/dago-fotogallery-521651\/2265001\" class=\"float-right img-wrapper\"><img decoding=\"async\" id=\"2265001\" loading=\"lazy\" src=\"https:\/\/static.dagospia.com\/img\/foto\/05-2026\/carlo-freccero-a-otto-e-mezzo-2265001_800_q50.webp\"><span class=\"img-title\">carlo freccero a otto e mezzo <\/span><\/a><\/p>\n<p class=\"disable\">\u201cLa trovo del tutto fuori luogo. \u00c8 una soluzione che suona come un commissariamento della redazione. Se non va bene per condurre e per fare il capoautore delle dirette di Report, non capisco come possa essere considerato adatto a lavorare nella redazione di un telegiornale. \u00c8 una scelta palesemente contraddittoria e del tutto sbagliata sotto il profilo televisivo\u201d.<\/p>\n<p class=\"disable\">\u00a0<\/p>\n<p><a href=\"https:\/\/www.dagospia.com\/media-gallery\/dago-fotogallery-521651\/1841165\" class=\"float-left img-wrapper\"><img decoding=\"async\" id=\"1841165\" loading=\"lazy\" src=\"https:\/\/static.dagospia.com\/img\/foto\/05-2023\/valter-lavitola-e-sigfrido-ranucci-1841165_800_q50.webp\"><span class=\"img-title\">VALTER LAVITOLA E SIGFRIDO RANUCCI<\/span><\/a><\/p>\n<p class=\"disable\"><strong>Secondo lei finisce qua?<\/strong><\/p>\n<p class=\"disable\">\u201cPer esperienza so bene che in questi casi si rischia che il professionista venga successivamente riammesso al suo posto. Se ci\u00f2 dovesse accadere, la sconfitta d\u2019immagine ed editoriale per la Rai sarebbe doppia\u201d.<\/p>\n<p class=\"disable\">\u00a0<\/p>\n<p class=\"disable\"><strong>L\u2019azienda adesso ha affidato la conduzione a Giulia Presutti e Daniele Piervincenzi, due giornalisti che non sembrano avere l\u2019appoggio della redazione. Cosa si aspetta dal futuro del programma?<\/strong><\/p>\n<p class=\"disable\">\u201cIl vero rischio \u00e8 che Report non esista pi\u00f9. Se i redattori storici decidessero di non partecipare a questa versione commissariata, il programma terminerebbe. Anche se andasse in onda qualcosa con lo stesso nome, sarebbe un\u2019altra cosa, gestita da una redazione nuova\u201d.<\/p>\n<p><a href=\"https:\/\/www.dagospia.com\/media-gallery\/dago-fotogallery-521651\/2295829\" class=\"float-right img-wrapper\"><img decoding=\"async\" id=\"2295829\" loading=\"lazy\" src=\"https:\/\/static.dagospia.com\/img\/foto\/08-2026\/gomes-tavares-sigfrido-ranucci-valter-lavitola-meme-by-osho-2295829_800_q50.webp\"><span class=\"img-title\">GOMES TAVARES &#8211; SIGFRIDO RANUCCI &#8211; VALTER LAVITOLA &#8211; MEME BY OSHO <\/span><\/a><\/p>\n<p class=\"disable\">\u00a0<\/p>\n<p class=\"disable\"><strong>Quali sarebbero le conseguenze di un nuovo Report?<\/strong><\/p>\n<p class=\"disable\">\u201cL\u2019audience di un simile surrogato sarebbe nettamente inferiore rispetto a quella del programma originale. Un crollo degli ascolti comporta matematicamente meno pubblicit\u00e0, e questo generer\u00e0 un rischio di danno erariale molto pesante, che sar\u00e0 addebitato direttamente alla direzione della Rai.<\/p>\n<p class=\"disable\">\u00a0<\/p>\n<p class=\"disable\">I vertici di Viale Mazzini si troveranno a dover giustificare questa perdita di pubblico e di entrate pubblicitarie direttamente davanti alla Corte dei Conti. Distruggere Report in questo modo \u00e8 un suicidio aziendale che presenter\u00e0 il conto molto presto\u201d.<\/p>\n<p><a href=\"https:\/\/www.dagospia.com\/media-gallery\/dago-fotogallery-521651\/2300639\" class=\"float-left img-wrapper\"><img decoding=\"async\" id=\"2300639\" loading=\"lazy\" src=\"https:\/\/static.dagospia.com\/img\/foto\/08-2026\/sigfrido-ranucci-report-meme-osho-2300639_800_q50.webp\"><span class=\"img-title\">SIGFRIDO RANUCCI &#8211; REPORT MEME OSHO <\/span><\/a><\/p>\n<p class=\"disable\">\u00a0<\/p>\n<p class=\"disable\"><strong>Sembra molto deluso dalla piega che hanno preso gli eventi.<\/strong><\/p>\n<p class=\"disable\">\u201cDa ex direttore di rete, soffro nel veder smantellare un programma capace di garantire un\u2019audience sicura e di battere persino Che tempo che fa di Fabio Fazio grazie a un pubblico fedelissimo. La Rai \u00e8 un\u2019azienda storica che dovrebbe tutelare i propri marchi iconici.<\/p>\n<p class=\"disable\">\u00a0<\/p>\n<p class=\"disable\">Con l\u2019avvento della tv commerciale, la rilevazione dell\u2019audience ha preso il sopravvento su tutto. Ma che lo si voglia o no, anche se oggi la Rai \u00e8 diventata un organo di propaganda governativa, lo share resta fondamentale per il futuro aziendale, al di l\u00e0 delle battaglie elettorali\u201d. [&#8230;]<\/p>\n<p><a href=\"https:\/\/www.dagospia.com\/media-gallery\/dago-fotogallery-521651\/2223277\" class=\"float-right img-wrapper\"><img decoding=\"async\" id=\"2223277\" loading=\"lazy\" src=\"https:\/\/static.dagospia.com\/img\/foto\/01-2026\/sigfrido-ranucci-report-2223277_800_q50.webp\"><span class=\"img-title\">sigfrido ranucci &#8211; report <\/span><\/a><\/p>\n<p class=\"disable\">\u00a0<\/p>\n<p class=\"disable\">\u201cMi rivolgo ai partiti di opposizione: non sarebbe meglio se i due membri delle opposizioni nel consiglio di amministrazione della Rai si dimettessero? Sono invisibili!\u201d.<\/p>\n<p><a href=\"https:\/\/www.dagospia.com\/media-gallery\/dago-fotogallery-521651\/830623\" class=\"float-right img-wrapper\"><img decoding=\"async\" id=\"830623\" loading=\"lazy\" src=\"https:\/\/static.dagospia.com\/img\/foto\/08-2016\/mentana-freccero-padellaro-830623_800_q50.webp\"><span class=\"img-title\">MENTANA FRECCERO PADELLARO<\/span><\/a><a href=\"https:\/\/www.dagospia.com\/media-gallery\/dago-fotogallery-521651\/2283793\" class=\"float-right img-wrapper\"><img decoding=\"async\" id=\"2283793\" loading=\"lazy\" src=\"https:\/\/static.dagospia.com\/img\/foto\/07-2026\/sigfrido-ranucci-con-la-redazione-di-report-2283793_800_q50.webp\"><span class=\"img-title\">sigfrido ranucci con la redazione di report <\/span><\/a><a href=\"https:\/\/www.dagospia.com\/media-gallery\/dago-fotogallery-521651\/830779\" class=\"float-right img-wrapper\"><img decoding=\"async\" id=\"830779\" loading=\"lazy\" src=\"https:\/\/static.dagospia.com\/img\/foto\/08-2016\/carlo-freccero-4-830779_800_q50.webp\"><span class=\"img-title\">carlo freccero (4)<\/span><\/a><a href=\"https:\/\/www.dagospia.com\/media-gallery\/dago-fotogallery-521651\/2198142\" class=\"float-right img-wrapper\"><img decoding=\"async\" id=\"2198142\" loading=\"lazy\" src=\"https:\/\/static.dagospia.com\/img\/foto\/11-2025\/sigfrido-ranucci-con-parte-della-redazione-di-report-2198142_800_q50.webp\"><span class=\"img-title\">sigfrido ranucci con parte della redazione di report<\/span><\/a><\/p>\n<p><a href=\"https:\/\/www.dagospia.com\/media-gallery\/dago-fotogallery-521651\/830777\" class=\"float-left img-wrapper\"><img decoding=\"async\" id=\"830777\" loading=\"lazy\" src=\"https:\/\/static.dagospia.com\/img\/foto\/08-2016\/carlo-freccero-2-830777_800_q50.webp\"><span class=\"img-title\">carlo freccero (2)<\/span><\/a><\/p>\n<\/div>\n<div class=\"share-section\">\n                Condividi  questo articolo<\/p>\n<div class=\"socials\"><a href=\"https:\/\/www.dagospia.com\/media-tv\/distruggere-report-in-modo-e-suicidio-aziendale-carlo-freccero-485224\"><img decoding=\"async\" src=\"https:\/\/static.dagospia.com\/img\/icons\/facebook.svg\" alt=\"Condividi su Facebook\"><\/a><a href=\"https:\/\/www.dagospia.com\/media-tv\/distruggere-report-in-modo-e-suicidio-aziendale-carlo-freccero-485224\"><img decoding=\"async\" src=\"https:\/\/static.dagospia.com\/img\/icons\/x-icon.png\" alt=\"Condividi su X\"><\/a><a href=\"https:\/\/www.dagospia.com\/media-tv\/distruggere-report-in-modo-e-suicidio-aziendale-carlo-freccero-485224\"><img decoding=\"async\" src=\"https:\/\/static.dagospia.com\/img\/icons\/whatsapp.svg\" alt=\"Condividi su Whatsapp\"><\/a><a href=\"https:\/\/www.dagospia.com\/media-tv\/distruggere-report-in-modo-e-suicidio-aziendale-carlo-freccero-485224\"><img decoding=\"async\" src=\"https:\/\/static.dagospia.com\/img\/icons\/mail.svg\" alt=\"Invia in email\"><\/a><\/div>\n<\/div>\n<\/article>\n<div class=\"content\">\n<p class=\"disable\"><strong>Estratto dell&#8217;articolo di Libero Stracquadanio per <a href=\"http:\/\/www.quotidiano.net\">www.quotidiano.net<\/a><\/strong><\/p>\n<p class=\"disable\">\u00a0<\/p>\n<p class=\"disable\"><strong>Carlo Freccero, autore televisivo ed ex direttore di Rai 2. Come giudica la scelta sul trasferimento forzato di Ranucci?<\/strong><\/p>\n<p><a href=\"https:\/\/www.dagospia.com\/media-gallery\/dago-fotogallery-521651\/2265001\" class=\"float-right img-wrapper\"><img decoding=\"async\" id=\"2265001\" loading=\"lazy\" src=\"https:\/\/static.dagospia.com\/img\/foto\/05-2026\/carlo-freccero-a-otto-e-mezzo-2265001_800_q50.webp\"><span class=\"img-title\">carlo freccero a otto e mezzo <\/span><\/a><\/p>\n<p class=\"disable\">\u201cLa trovo del tutto fuori luogo. \u00c8 una soluzione che suona come un commissariamento della redazione. Se non va bene per condurre e per fare il capoautore delle dirette di Report, non capisco come possa essere considerato adatto a lavorare nella redazione di un telegiornale. \u00c8 una scelta palesemente contraddittoria e del tutto sbagliata sotto il profilo televisivo\u201d.<\/p>\n<p class=\"disable\">\u00a0<\/p>\n<p><a href=\"https:\/\/www.dagospia.com\/media-gallery\/dago-fotogallery-521651\/1841165\" class=\"float-left img-wrapper\"><img decoding=\"async\" id=\"1841165\" loading=\"lazy\" src=\"https:\/\/static.dagospia.com\/img\/foto\/05-2023\/valter-lavitola-e-sigfrido-ranucci-1841165_800_q50.webp\"><span class=\"img-title\">VALTER LAVITOLA E SIGFRIDO RANUCCI<\/span><\/a><\/p>\n<p class=\"disable\"><strong>Secondo lei finisce qua?<\/strong><\/p>\n<p class=\"disable\">\u201cPer esperienza so bene che in questi casi si rischia che il professionista venga successivamente riammesso al suo posto. Se ci\u00f2 dovesse accadere, la sconfitta d\u2019immagine ed editoriale per la Rai sarebbe doppia\u201d.<\/p>\n<p class=\"disable\">\u00a0<\/p>\n<p class=\"disable\"><strong>L\u2019azienda adesso ha affidato la conduzione a Giulia Presutti e Daniele Piervincenzi, due giornalisti che non sembrano avere l\u2019appoggio della redazione. Cosa si aspetta dal futuro del programma?<\/strong><\/p>\n<p class=\"disable\">\u201cIl vero rischio \u00e8 che Report non esista pi\u00f9. Se i redattori storici decidessero di non partecipare a questa versione commissariata, il programma terminerebbe. Anche se andasse in onda qualcosa con lo stesso nome, sarebbe un\u2019altra cosa, gestita da una redazione nuova\u201d.<\/p>\n<p><a href=\"https:\/\/www.dagospia.com\/media-gallery\/dago-fotogallery-521651\/2295829\" class=\"float-right img-wrapper\"><img decoding=\"async\" id=\"2295829\" loading=\"lazy\" src=\"https:\/\/static.dagospia.com\/img\/foto\/08-2026\/gomes-tavares-sigfrido-ranucci-valter-lavitola-meme-by-osho-2295829_800_q50.webp\"><span class=\"img-title\">GOMES TAVARES &#8211; SIGFRIDO RANUCCI &#8211; VALTER LAVITOLA &#8211; MEME BY OSHO <\/span><\/a><\/p>\n<p class=\"disable\">\u00a0<\/p>\n<p class=\"disable\"><strong>Quali sarebbero le conseguenze di un nuovo Report?<\/strong><\/p>\n<p class=\"disable\">\u201cL\u2019audience di un simile surrogato sarebbe nettamente inferiore rispetto a quella del programma originale. Un crollo degli ascolti comporta matematicamente meno pubblicit\u00e0, e questo generer\u00e0 un rischio di danno erariale molto pesante, che sar\u00e0 addebitato direttamente alla direzione della Rai.<\/p>\n<p class=\"disable\">\u00a0<\/p>\n<p class=\"disable\">I vertici di Viale Mazzini si troveranno a dover giustificare questa perdita di pubblico e di entrate pubblicitarie direttamente davanti alla Corte dei Conti. Distruggere Report in questo modo \u00e8 un suicidio aziendale che presenter\u00e0 il conto molto presto\u201d.<\/p>\n<p><a href=\"https:\/\/www.dagospia.com\/media-gallery\/dago-fotogallery-521651\/2300639\" class=\"float-left img-wrapper\"><img decoding=\"async\" id=\"2300639\" loading=\"lazy\" src=\"https:\/\/static.dagospia.com\/img\/foto\/08-2026\/sigfrido-ranucci-report-meme-osho-2300639_800_q50.webp\"><span class=\"img-title\">SIGFRIDO RANUCCI &#8211; REPORT MEME OSHO <\/span><\/a><\/p>\n<p class=\"disable\">\u00a0<\/p>\n<p class=\"disable\"><strong>Sembra molto deluso dalla piega che hanno preso gli eventi.<\/strong><\/p>\n<p class=\"disable\">\u201cDa ex direttore di rete, soffro nel veder smantellare un programma capace di garantire un\u2019audience sicura e di battere persino Che tempo che fa di Fabio Fazio grazie a un pubblico fedelissimo. La Rai \u00e8 un\u2019azienda storica che dovrebbe tutelare i propri marchi iconici.<\/p>\n<p class=\"disable\">\u00a0<\/p>\n<p class=\"disable\">Con l\u2019avvento della tv commerciale, la rilevazione dell\u2019audience ha preso il sopravvento su tutto. Ma che lo si voglia o no, anche se oggi la Rai \u00e8 diventata un organo di propaganda governativa, lo share resta fondamentale per il futuro aziendale, al di l\u00e0 delle battaglie elettorali\u201d. [&#8230;]<\/p>\n<p><a href=\"https:\/\/www.dagospia.com\/media-gallery\/dago-fotogallery-521651\/2223277\" class=\"float-right img-wrapper\"><img decoding=\"async\" id=\"2223277\" loading=\"lazy\" src=\"https:\/\/static.dagospia.com\/img\/foto\/01-2026\/sigfrido-ranucci-report-2223277_800_q50.webp\"><span class=\"img-title\">sigfrido ranucci &#8211; report <\/span><\/a><\/p>\n<p class=\"disable\">\u00a0<\/p>\n<p class=\"disable\">\u201cMi rivolgo ai partiti di opposizione: non sarebbe meglio se i due membri delle opposizioni nel consiglio di amministrazione della Rai si dimettessero? Sono invisibili!\u201d.<\/p>\n<p><a href=\"https:\/\/www.dagospia.com\/media-gallery\/dago-fotogallery-521651\/830623\" class=\"float-right img-wrapper\"><img decoding=\"async\" id=\"830623\" loading=\"lazy\" src=\"https:\/\/static.dagospia.com\/img\/foto\/08-2016\/mentana-freccero-padellaro-830623_800_q50.webp\"><span class=\"img-title\">MENTANA FRECCERO PADELLARO<\/span><\/a><a href=\"https:\/\/www.dagospia.com\/media-gallery\/dago-fotogallery-521651\/2283793\" class=\"float-right img-wrapper\"><img decoding=\"async\" id=\"2283793\" loading=\"lazy\" src=\"https:\/\/static.dagospia.com\/img\/foto\/07-2026\/sigfrido-ranucci-con-la-redazione-di-report-2283793_800_q50.webp\"><span class=\"img-title\">sigfrido ranucci con la redazione di report <\/span><\/a><a href=\"https:\/\/www.dagospia.com\/media-gallery\/dago-fotogallery-521651\/830779\" class=\"float-right img-wrapper\"><img decoding=\"async\" id=\"830779\" loading=\"lazy\" src=\"https:\/\/static.dagospia.com\/img\/foto\/08-2016\/carlo-freccero-4-830779_800_q50.webp\"><span class=\"img-title\">carlo freccero (4)<\/span><\/a><a href=\"https:\/\/www.dagospia.com\/media-gallery\/dago-fotogallery-521651\/2198142\" class=\"float-right img-wrapper\"><img decoding=\"async\" id=\"2198142\" loading=\"lazy\" src=\"https:\/\/static.dagospia.com\/img\/foto\/11-2025\/sigfrido-ranucci-con-parte-della-redazione-di-report-2198142_800_q50.webp\"><span class=\"img-title\">sigfrido ranucci con parte della redazione di report<\/span><\/a><\/p>\n<p><a href=\"https:\/\/www.dagospia.com\/media-gallery\/dago-fotogallery-521651\/830777\" class=\"float-left img-wrapper\"><img decoding=\"async\" id=\"830777\" loading=\"lazy\" src=\"https:\/\/static.dagospia.com\/img\/foto\/08-2016\/carlo-freccero-2-830777_800_q50.webp\"><span class=\"img-title\">carlo freccero (2)<\/span><\/a><\/p>\n<\/div>\n<article><a href=\"https:\/\/www.dagospia.com\/politica\/quale-episodio-giulia-presutti-era-habitue-cefalu-bistro-dove-piu-e-485248\"><\/p>\n<div class=\"img-wrapper\"><img decoding=\"async\" src=\"https:\/\/static.dagospia.com\/img\/patch\/08-2026\/ranucci-presutti-cianfoni-floridia-2300757_600_q50.webp\" alt=\"ranucci presutti cianfoni floridia\" loading=\"lazy\"><time class=\"data-ora\">30 ago 19:14<\/time><\/div>\n<div class=\"excerpt\">\n<p>DAGOREPORT &#8211;<span>\u00a0MA QUALE &#8220;EPISODIO&#8221;! GIULIA PRESUTTI ERA UN HABITU\u00c8 DEL \u201cCEFAL\u00d9 BISTR\u00d2\u201d<\/span> DOVE PI\u00d9 VOLTE \u00c8 STATA VISTA INSIEME ALL\u2019AMICA LAURA CIANFONI, CHE A SUA VOLTA \u00c8 LEGATISSIMA A RANUCCI E CARISSIMA A LAVITOLA (COME \u00c8 TESTIMONIATO DALLE FOTO DI DAGOSPIA IN OCCASIONE DEL PREMIO COLALUCCI, SETTEMBRE 2020) &#8211; <span>NELLA DECISIONE DI SCEGLIERE GIULIA PRESUTTI, ACCREDITATA COME ESPRESSIONE DI M5S E AVS, <\/span>PER DARE UN CONTENTINO ALL\u2019OPPOSIZIONE, SAREBBE AVVENUTA UNA INTERLOCUZIONE TRA L\u2019AD RAI, GIAMPAOLO ROSSI, E L\u2019EX PRESIDENTE DELLA VIGILANZA RAI, LA GRILLINA BARBARA FLORIDIA, CHE AVREBBE DATO IL SUO PLACET &#8211; <span>ANCHE SULLA SCELTA DI PIERVINCENZI ALLA CONDUZIONE DI &#8220;REPORT&#8221;, CHE VA A BILANCIARE LA PRESUTTI DI SINISTRA, SI ADDENSANO ALCUNE DOMANDINE<\/span>: A PARTIRE DALLA PASSIONE PER IL RUGBY\u2026<\/p>\n<\/div>\n<p><\/a><\/article>\n<article><a href=\"https:\/\/www.dagospia.com\/politica\/risiko-s-ingrossa-l-apertura-assicurazioni-generali-valutare-l-offerta-484996\"><\/p>\n<div class=\"img-wrapper\"><img decoding=\"async\" src=\"https:\/\/static.dagospia.com\/img\/patch\/08-2026\/generali-philippe-donnet-luigi-lovaglio-carlo-messina-2292458_600_q50.webp\" alt=\"generali philippe donnet luigi lovaglio carlo messina \" loading=\"lazy\"><time class=\"data-ora\">27 ago 21:02<\/time><\/div>\n<div class=\"excerpt\">\n<p>DAGOREPORT &#8211; <span>IL RISIKO S&#8217;INGROSSA!<\/span> L\u2019APERTURA DI ASSICURAZIONI GENERALI A VALUTARE L&#8217;OFFERTA\u201d DI MPS PER L\u2019ACQUISIZIONE DI BANCA GENERALI, <span>\u00c8 UN GRAN PASSO AVANTI PER IL PIANO DI LOVAGLIO PER DISINNESCARE L\u2019OPAS SUL \u201cMONTE\u201d DI BANCA INTESA <\/span>&#8211; SECONDO PIAZZA AFFARI, L\u2019OPERAZIONE TRIESTE-SIENA POTREBBE AVERE DALLA SUA <span>L\u2019APPOGGIO DEI POTENTISSIMI FONDI DI INVESTIMENTO INTERNAZIONALI, TRA CUI BLACKROCK<\/span>, CHE HA PERALTRO IMPORTANTI INTERESSI NELLE BANCHE ITALIANE, TRA CUI INTESA &#8211; <span>ORA INIZIA UNA PARTITA APERTISSIMA DAL PUNTO DI VISTA FINANZIARIO, MA ANCHE DA QUELLO POLITICO:<\/span> IL 26 OTTOBRE\u00a0 L\u2019ASSEMBLEA STRAORDINARIA DI MPS SARA&#8217; CHIAMATA AD APPROVARE L&#8217;ACQUISIZIONE E TUTTO PUO&#8217; SUCCEDERE&#8230;<\/p>\n<\/div>\n<p><\/a><\/article>\n<article><a href=\"https:\/\/www.dagospia.com\/cronache\/voluto-trump-t-attacchi-scorta-i-leader-silicon-valley-484985\"><\/p>\n<div class=\"img-wrapper\"><img decoding=\"async\" src=\"https:\/\/static.dagospia.com\/img\/patch\/08-2026\/mark-zuckerberg-proteste-2299936_600_q50.webp\" alt=\"mark zuckerberg proteste \" loading=\"lazy\"><time class=\"data-ora\">27 ago 19:54<\/time><\/div>\n<div class=\"excerpt\">\n<p>HAI VOLUTO TRUMP? E ORA T\u2019ATTACCHI ALLA SCORTA! \u2013<span> I LEADER DELLA SILICON VALLEY SONO OSSESSIONATI DALLA LORO SICUREZZA, E SPENDONO VAGONATE DI DOLLARI IN PROTEZIONE, GUARDIE DEL CORPO, BUNKER. <\/span>COLPA DELLA SVOLTA TRUMPIANA E DELLA RIVOLUZIONE DELL\u2019ACCELERAZIONE INCONTROLLABILE DELL\u2019INTELLIGENZA ARTIFICIALE, CHE RISCHIA DI PRODURRE FOLLE DI DISOCCUPATI INCAZZATI PRONTI AD ASSALTARE, OLTRE AI DATA CENTER, I VILLONI DEI PAPERONI \u2013 <span>IL PI\u00d9 PARANOICO DI TUTTI? MARK ZUCKERBERG! META SPENDE OLTRE 25 MILIONI DI DOLLARI ALL\u2019ANNO ESCLUSIVAMENTE PER LA PROTEZIONE DEL SUO FONDATORE<\/span> \u2013 L\u2019OSSESSIONE DEI MILIARDARI PER BUNKER DI LUSSO, FORTEZZE SOTTERRANEE, RIFUGI IN NUOVA ZELANDA E HAWAII, CON INVESTIMENTI CHE OSCILLAVANO TRA I DIECI E I CINQUANTA MILIONI DI DOLLARI CIASCUNO&#8230;<\/p>\n<\/div>\n<p><\/a><\/article>\n<article><a href=\"https:\/\/www.dagospia.com\/politica\/flash-giorgia-meloni-manda-armi-sottobanco-all-ucraina-per-non-spaccare-484982\"><\/p>\n<div class=\"img-wrapper\"><img decoding=\"async\" src=\"https:\/\/static.dagospia.com\/img\/patch\/08-2026\/giorgia-meloni-volodymyr-zelensky-mario-draghi-2299913_600_q50.webp\" alt=\"giorgia meloni volodymyr zelensky mario draghi \" loading=\"lazy\"><time class=\"data-ora\">27 ago 17:21<\/time><\/div>\n<div class=\"excerpt\">\n<p>FLASH \u2013<span> GIORGIA MELONI MANDA LE ARMI SOTTOBANCO ALL\u2019UCRAINA PER NON SPACCARE LA SUA MAGGIORANZA. IL PRIMO A FARLO FU DRAGHI: <\/span>\u201cMARIOPIO\u201d NEL 2022 INTRODUSSE IL RICORSO A DECRETI INTERMINISTERIALI CON ELENCHI SECRETATI PER L&#8217;INVIO DI FORNITURE MILITARI ALL&#8217;UCRAINA. AVENDO COME AZIONISTI MAGGIORANZA I PUTINIANI DI LEGA\u00a0E MOVIMENTO 5 STELLE, L\u2019UNICO MODO PER MANDARE AVANTI LA BARACCA ERA \u201cNASCONDERE\u201d L\u2019INVIO DI ARMI\u2026<\/p>\n<\/div>\n<p><\/a><\/article>\n<article><a href=\"https:\/\/www.dagospia.com\/politica\/qual-era-scopo-blitz-capo-cia-mosca-i-beninformati-washington-484881\"><\/p>\n<div class=\"img-wrapper\"><img decoding=\"async\" src=\"https:\/\/static.dagospia.com\/img\/patch\/12-2025\/vladimir-putin-donald-trump-volodymyr-zelensky-2214409_600_q50.webp\" alt=\"vladimir putin donald trump volodymyr zelensky\" loading=\"lazy\"><time class=\"data-ora\">26 ago 20:31<\/time><\/div>\n<div class=\"excerpt\">\n<p>FLASH! \u2013 QUANDO LE COSE GIRANO SUL PEGGIO, INTERVENGONO I SERVIZI SEGRETI &#8211;\u00a0<span>IL BENINFORMATO\u00a0CAPO DELLA CIA,\u00a0JOHN RATCLIFFE, SAREBBE VOLATO A MOSCA,\u00a0<\/span>SECONDO RUMORS DI WASHINGTON, PER CONSEGNARE UN DURO AVVERTIMENTO ALLA CRICCA DI PUTIN, FINITA IN UN CUL DE SAC NEL CONFLITTO UCRAINO \u2013 <span>CARO VLADIMIR, UN&#8217;EVENTUALE ESCALATION CON USO DI ARMI NUCLEARI TATTICHE, CAPACI DI DISTRUGGERE KM DI TERRITORIO UCRAINO, \u00c8 UNA LINEA ASSOLUTAMENTE DA NON OLTREPASSARE<\/span>: GLI STATI UNITI NON STAREBBERO CON LE MANI IN MANO\u2026\u00a0<\/p>\n<\/div>\n<p><\/a><\/article>\n<article><a href=\"https:\/\/www.dagospia.com\/politica\/prossima-destinazione-enrico-mentana-padrone-supremo-tutta-l-informazione-484639\"><\/p>\n<div class=\"img-wrapper\"><img decoding=\"async\" src=\"https:\/\/static.dagospia.com\/img\/patch\/08-2026\/kyriakou-pier-silvio-berlusconi-enrico-mentana-crippa-fedele-confalonieri-medias-2298828_600_q50.webp\" alt=\"kyriakou pier silvio berlusconi enrico mentana crippa fedele confalonieri mediaset urbano cairo marina\" loading=\"lazy\"><time class=\"data-ora\">24 ago 19:47<\/time><\/div>\n<div class=\"excerpt\">\n<p>DAGOREPORT &#8211; RITORNA A CASA, LESSO! <span>SI ACCAVALLANO LE VOCI CHE LA PROSSIMA DESTINAZIONE DI ENRICO MENTANA SIA QUELLA DI PADRONE SUPREMO DI TUTTA L\u2019INFORMAZIONE MEDIASET<\/span> &#8211; RUOLO CHE DAL 1998 RICOPRE IL FEDELISSIMO \u201cFELDMARESCIALLO\u201d DI FEDELE CONFALONIERI, MAURO CRIPPA, ARTEFICE MAGICO DEL \u201cRETEQUATTRISMO\u201d DEI DEL DEBBIO-PORRO-GIORDANO-SALLUSTI CHE HA APPARECCHIATO L\u2019AVANZATA POPULISTA DI SALVINI E POI IL MELONISMO SENZA LIMITISMO &#8211; <span>CHE PIER SILVIO (E LA SORELLA SUPERIORE MARINA) ABBIA LE PALLE IN SATURAZIONE DEL \u201cCRIPPISMO ALLA FIAMMA\u201d <\/span>SI ERA BEN CAPITO DALLO SBARCO SU RETE4 DI BIANCA BERLINGUER, POI DI TOMMASO LABATE E INFINE DI MILO INFANTE CHE, OLTRE A CONDURRE DUE PROGRAMMI, E&#8217; NOMINATO CONDIRETTORE DELLA \u201cSTANZA DEI BOTTONI\u201d DEL CRIPPA-PENSIERO, VIDEONEWS &#8211; <span>L\u2019IPOTESI MENTANA \u00c8 STATA ACCOLTA DALLA CRICCA DI CRIPPA OVVIAMENTE MALE, MALISSIMO,<\/span> CONOSCENDO ALTRES\u00cc BENE IL CARATTERINO DI CHICCO. E GIRANO A MEZZA VOCE BATTUTINE DEL TIPO: <span>\u2018\u2019PIER SILVIO MANDA IN PENSIONE IL 67ENNE CRIPPA PER SOSTITUIRLO CON MENTANA, PENSIONATO DI 71 ANNI&#8230;\u2019\u2019<\/span><\/p>\n<\/div>\n<p><\/a><\/article>\n<article><a href=\"https:\/\/www.dagospia.com\/cronache\/come-sta-alessandro-battista-condizioni-salute-dell-ex-deputato-485182\"><\/p>\n<div class=\"img-wrapper\"><img decoding=\"async\" src=\"https:\/\/static.dagospia.com\/img\/patch\/08-2026\/di-battista-grillo-di-maio-alessandro-2300529_600_q50.webp\" alt=\"di battista grillo di maio alessandro\" loading=\"lazy\"><\/div>\n<div class=\"excerpt\">COME STA ALESSANDRO DI BATTISTA? &#8211; LE CONDIZIONI DI SALUTE DELL&#8217;EX DEPUTATO DEL MOVIMENTO 5 STELLE,\u2026<\/div>\n<p><\/a><\/article>\n<article><a href=\"https:\/\/www.dagospia.com\/media-tv\/milanospia-brumotti-meloni-pier-silvio-485225\"><\/p>\n<div class=\"img-wrapper\"><img decoding=\"async\" src=\"https:\/\/static.dagospia.com\/img\/patch\/08-2026\/milanospia-dandolo-2300670_600_q50.webp\" alt=\"milanospia dandolo\" loading=\"lazy\"><\/div>\n<div class=\"excerpt\">MILANOSPIA! DANDOLO: LA NUOVA PASSIONE TELEVISIVA DELLE SORELLE MELONI? VITTORIO BRUMOTTI &#8211; L&#8217;EX\u2026<\/div>\n<p><\/a><\/article>\n<article><a href=\"https:\/\/www.dagospia.com\/media-tv\/pillole-gossip-ilary-l-addio-nubilato-il-matrimonio-ilaria-cucchi-sarah-485235\"><\/p>\n<div class=\"img-wrapper\"><img decoding=\"async\" src=\"https:\/\/static.dagospia.com\/img\/patch\/08-2026\/pillole-avanti-gossip-2300709_600_q50.webp\" alt=\"pillole avanti gossip\" loading=\"lazy\"><\/div>\n<div class=\"excerpt\">PILLOLE DI GOSSIP! \u201cQUELLO CHE SUCCEDE A MAIORCA, RESTA A MAIORCA\u201d. ILARY, CHE SI SPOSER\u00c0 IL 13\u2026<\/div>\n<p><\/a><\/article>\n<article><a href=\"https:\/\/www.dagospia.com\/cronache\/clic-riconoscete-dalle-ciapett-marmo-mostrate-favor-fotocamera-484754\"><\/p>\n<div class=\"img-wrapper\"><img decoding=\"async\" src=\"https:\/\/static.dagospia.com\/img\/patch\/08-2026\/belen-foto-di-gente-2299178_600_q50.webp\" alt=\"belen - foto di gente\" loading=\"lazy\"><\/div>\n<div class=\"excerpt\">TUTTI AL MARE A MOSTRAR LE CHIAPPE CHIARE! &#8211; LA RICONOSCETE DALLE CIAPETT DI MARMO MOSTRATE A FAVOR\u2026<\/div>\n<p><\/a><\/article>\n<article><a href=\"https:\/\/www.dagospia.com\/politica\/quale-episodio-giulia-presutti-era-habitue-cefalu-bistro-dove-piu-e-485248\"><\/p>\n<div class=\"img-wrapper\"><img decoding=\"async\" src=\"https:\/\/static.dagospia.com\/img\/patch\/08-2026\/ranucci-presutti-cianfoni-floridia-2300757_600_q50.webp\" alt=\"ranucci presutti cianfoni floridia\" loading=\"lazy\"><\/div>\n<div class=\"excerpt\">DAGOREPORT &#8211;\u00a0MA QUALE &#8220;EPISODIO&#8221;! GIULIA PRESUTTI ERA UN HABITU\u00c8 DEL \u201cCEFAL\u00d9 BISTR\u00d2\u201d DOVE PI\u00d9 VOLTE\u2026<\/div>\n<p><\/a><\/article>\n<article><a href=\"https:\/\/www.dagospia.com\/politica\/risiko-s-ingrossa-l-apertura-assicurazioni-generali-valutare-l-offerta-484996\"><\/p>\n<div class=\"img-wrapper\"><img decoding=\"async\" src=\"https:\/\/static.dagospia.com\/img\/patch\/08-2026\/generali-philippe-donnet-luigi-lovaglio-carlo-messina-2292458_600_q50.webp\" alt=\"generali philippe donnet luigi lovaglio carlo messina \" loading=\"lazy\"><\/div>\n<div class=\"excerpt\">DAGOREPORT &#8211; IL RISIKO S&#8217;INGROSSA! L\u2019APERTURA DI ASSICURAZIONI GENERALI A VALUTARE L&#8217;OFFERTA\u201d DI\u2026<\/div>\n<p><\/a><\/article>\n<article><a href=\"https:\/\/www.dagospia.com\/cronache\/voluto-trump-t-attacchi-scorta-i-leader-silicon-valley-484985\"><\/p>\n<div class=\"img-wrapper\"><img decoding=\"async\" src=\"https:\/\/static.dagospia.com\/img\/patch\/08-2026\/mark-zuckerberg-proteste-2299936_600_q50.webp\" alt=\"mark zuckerberg proteste \" loading=\"lazy\"><\/div>\n<div class=\"excerpt\">HAI VOLUTO TRUMP? E ORA T\u2019ATTACCHI ALLA SCORTA! \u2013 I LEADER DELLA SILICON VALLEY SONO OSSESSIONATI\u2026<\/div>\n<p><\/a><\/article>\n<article><a href=\"https:\/\/www.dagospia.com\/politica\/flash-giorgia-meloni-manda-armi-sottobanco-all-ucraina-per-non-spaccare-484982\"><\/p>\n<div class=\"img-wrapper\"><img decoding=\"async\" src=\"https:\/\/static.dagospia.com\/img\/patch\/08-2026\/giorgia-meloni-volodymyr-zelensky-mario-draghi-2299913_600_q50.webp\" alt=\"giorgia meloni volodymyr zelensky mario draghi \" loading=\"lazy\"><\/div>\n<div class=\"excerpt\">FLASH \u2013 GIORGIA MELONI MANDA LE ARMI SOTTOBANCO ALL\u2019UCRAINA PER NON SPACCARE LA SUA MAGGIORANZA. IL\u2026<\/div>\n<p><\/a><\/article>\n<article><a href=\"https:\/\/www.dagospia.com\/politica\/qual-era-scopo-blitz-capo-cia-mosca-i-beninformati-washington-484881\"><\/p>\n<div class=\"img-wrapper\"><img decoding=\"async\" src=\"https:\/\/static.dagospia.com\/img\/patch\/12-2025\/vladimir-putin-donald-trump-volodymyr-zelensky-2214409_600_q50.webp\" alt=\"vladimir putin donald trump volodymyr zelensky\" loading=\"lazy\"><\/div>\n<div class=\"excerpt\">FLASH! \u2013 QUANDO LE COSE GIRANO SUL PEGGIO, INTERVENGONO I SERVIZI SEGRETI &#8211;\u00a0IL BENINFORMATO\u00a0CAPO\u2026<\/div>\n<p><\/a><\/article>\n<article><a href=\"https:\/\/www.dagospia.com\/politica\/prossima-destinazione-enrico-mentana-padrone-supremo-tutta-l-informazione-484639\"><\/p>\n<div class=\"img-wrapper\"><img decoding=\"async\" src=\"https:\/\/static.dagospia.com\/img\/patch\/08-2026\/kyriakou-pier-silvio-berlusconi-enrico-mentana-crippa-fedele-confalonieri-medias-2298828_600_q50.webp\" alt=\"kyriakou pier silvio berlusconi enrico mentana crippa fedele confalonieri mediaset urbano cairo marina\" loading=\"lazy\"><\/div>\n<div class=\"excerpt\">DAGOREPORT &#8211; RITORNA A CASA, LESSO! SI ACCAVALLANO LE VOCI CHE LA PROSSIMA DESTINAZIONE DI ENRICO\u2026<\/div>\n<p><\/a><\/article>\n<article><a href=\"https:\/\/www.dagospia.com\/media-tv\/martedi-prossimo-calera-sipario-ranucci-ottobre-quando-ritornera-in-onda-484460\"><\/p>\n<div class=\"img-wrapper\"><img decoding=\"async\" src=\"https:\/\/static.dagospia.com\/img\/patch\/07-2026\/sigfrido-ranucci-valter-lavitola-giampaolo-rossi-2287105_600_q50.webp\" alt=\"sigfrido ranucci valter lavitola giampaolo rossi \" loading=\"lazy\"><\/div>\n<div class=\"excerpt\">DAGOREPORT &#8211;\u00a0MARTED\u00cc PROSSIMO CALER\u00c0 IL SIPARIO SU RANUCCI: A OTTOBRE, QUANDO RITORNER\u00c0 IN ONDA\u2026<\/div>\n<p><\/a><\/article>\n<article><a href=\"https:\/\/www.dagospia.com\/politica\/dagoreport-come-si-arriva-clamoroso-scazzo-diplomatico-l-etiopia-bisogna-484514\"><\/p>\n<div class=\"img-wrapper\"><img decoding=\"async\" src=\"https:\/\/static.dagospia.com\/img\/patch\/08-2026\/giorgia-meloni-e-primo-ministro-etiope-abiy-ahmed-sem-fabrizi-2298489_600_q50.webp\" alt=\"giorgia meloni e primo ministro etiope abiy ahmed sem fabrizi\" loading=\"lazy\"><\/div>\n<div class=\"excerpt\">DAGOREPORT \u2013 COME SI \u00c8 ARRIVATI AL CLAMOROSO SCAZZO DIPLOMATICO CON L\u2019ETIOPIA? BISOGNA TORNARE AL\u2026<\/div>\n<p><\/a><\/article>\n<article><a href=\"https:\/\/www.dagospia.com\/politica\/flash-in-pochi-sottolineano-quali-gli-unici-grandi-paesi-dell-ue-non-484512\"><\/p>\n<div class=\"img-wrapper\"><img decoding=\"async\" src=\"https:\/\/static.dagospia.com\/img\/patch\/08-2026\/ceuta-migranti-spagna-francia-pedro-sanchez-giorgia-meloni-emmanuel-macron-2291912_600_q50.webp\" alt=\"ceuta migranti spagna francia pedro sanchez giorgia meloni emmanuel macron\" loading=\"lazy\"><\/div>\n<div class=\"excerpt\">FLASH \u2013 IN POCHI SOTTOLINEANO QUALI SONO GLI UNICI DUE GRANDI PAESI DELL\u2019UE A NON ACCODARSI AI\u2026<\/div>\n<p><\/a><\/article>\n<article><a href=\"https:\/\/www.dagospia.com\/politica\/lega-e-resa-dei-conti-forza-italia-non-sta-messa-benissimo-484219\"><\/p>\n<div class=\"img-wrapper\"><img decoding=\"async\" src=\"https:\/\/static.dagospia.com\/img\/patch\/08-2026\/giorgia-meloni-antonio-tajani-matteo-salvini-2297713_600_q50.webp\" alt=\"giorgia meloni antonio tajani matteo salvini \" loading=\"lazy\"><\/div>\n<div class=\"excerpt\">DAGOREPORT \u2013 I FRANCHI-TIRATORI PER IL \u201cMELONELLUM\u201d INIZIANO A ESSERE TANTI, FORSE TROPPI \u2013 SE LA\u2026<\/div>\n<p><\/a><\/article>\n<article><a href=\"https:\/\/www.dagospia.com\/cafonal\/cafonalino-roma-proiezione-documentario-marco-bellocchio-marco-travaglio-485081\"><\/p>\n<div class=\"img-wrapper\"><img decoding=\"async\" src=\"https:\/\/static.dagospia.com\/img\/patch\/08-2026\/2026bellocchio-anteprima-film-di-marco-bellocchio-2300339_600_q50.webp\" alt=\"2026bellocchio anteprima film di marco bellocchio\" loading=\"lazy\"><\/div>\n<div class=\"excerpt\">CAFONALINO! AL CINEMA QUATTRO FONTANE DI ROMA LA PROIEZIONE SPECIALE DEL DOCUMENTARIO \u201cMARCO\u2026<\/div>\n<p><\/a><\/article>\n<article><a href=\"https:\/\/www.dagospia.com\/cafonal\/cafonal-show-ranucci-cerveteri-freni-ho-fatto-scoop-nazionali-484807\"><\/p>\n<div class=\"img-wrapper\"><img decoding=\"async\" src=\"https:\/\/static.dagospia.com\/img\/patch\/08-2026\/2026ranucci-sigfrido-ranucci-2299409_600_q50.webp\" alt=\"2026ranucci sigfrido ranucci\" loading=\"lazy\"><\/div>\n<div class=\"excerpt\">SIGFRIDO, IL MASANIELLO DE NOANTRI \u2013 RANUCCI HA PERSO OGNI FRENO E, ALLA PRESENTAZIONE DEL SUO\u2026<\/div>\n<p><\/a><\/article>\n<article><a href=\"https:\/\/www.dagospia.com\/cafonal\/funeralino-l-ultimo-saluto-mitico-produttore-cinematografico-fulvio-484127\"><\/p>\n<div class=\"img-wrapper\"><img decoding=\"async\" src=\"https:\/\/static.dagospia.com\/img\/patch\/08-2026\/2026lucisano-2297424_600_q50.webp\" alt=\"2026lucisano\" loading=\"lazy\"><\/div>\n<div class=\"excerpt\">FUNERALINO \u2013 NELLA CALLARA ROMANA D\u2019AGOSTO, L\u2019ULTIMO SALUTO AL MITICO PRODUTTORE CINEMATOGRAFICO\u2026<\/div>\n<p><\/a><\/article>\n<article><a href=\"https:\/\/www.dagospia.com\/cafonal\/cafonalino-pizza-riformista-matteo-renzi-raduna-i-suoi-prima-delle-480816\"><\/p>\n<div class=\"img-wrapper\"><img decoding=\"async\" src=\"https:\/\/static.dagospia.com\/img\/patch\/07-2026\/2026kraken-matteo-renzi-2286047_600_q50.webp\" alt=\"2026kraken matteo renzi \" loading=\"lazy\"><\/div>\n<div class=\"excerpt\">CAFONALINO DELLA PIZZA RIFORMISTA \u2013 RENZI RADUNA I SUOI PRIMA DELLE VACANZE ESTIVE AL SATYRUS DI\u2026<\/div>\n<p><\/a><\/article>\n<article><a href=\"https:\/\/www.dagospia.com\/cafonal\/cafonalino-moreno-party-roma-manuela-moreno-festeggia-i-60-anni-480777\"><\/p>\n<div class=\"img-wrapper\"><img decoding=\"async\" src=\"https:\/\/static.dagospia.com\/img\/patch\/07-2026\/manuela-moreno-festa-60-anni-2285871_600_q50.webp\" alt=\"manuela moreno festa 60 anni \" loading=\"lazy\"><\/div>\n<div class=\"excerpt\">CAFONALINO! NO MORENO, NO PARTY \u2013 A ROMA, AL LOVE BAR DI PONTE MILVIO, MANUELA MORENO, CONDUTTRICE\u2026<\/div>\n<p><\/a><\/article>\n<article><a href=\"https:\/\/www.dagospia.com\/cafonal\/cafonalino-firenze-tevere-direttori-redattori-forchettoni-scrocconi-480745\"><\/p>\n<div class=\"img-wrapper\"><img decoding=\"async\" src=\"https:\/\/static.dagospia.com\/img\/patch\/07-2026\/2026agno-marco-agnoletti-2285763_600_q50.webp\" alt=\"2026agno marco agnoletti \" loading=\"lazy\"><\/div>\n<div class=\"excerpt\">CAFONALINO DEGLI AGNOLETTI IN BRODO &#8211; DIRETTORI, REDATTORI, FORCHETTONI E SCROCCONI SFIDANO\u2026<\/div>\n<p><\/a><\/article>\n<p>[analyse_source url=&#8221;https:\/\/www.dagospia.com\/media-tv\/distruggere-report-in-modo-e-suicidio-aziendale-carlo-freccero-485224&#8243;]<\/p>\n","protected":false},"excerpt":{"rendered":"<p>[analyse_image type=&#8221;featured&#8221; src=&#8221;https:\/\/static.dagospia.com\/img\/patch\/08-2026\/report-ranucci-freccero-2300683_600_q50.webp&#8221;] 30 ago 2026 19:19 &#8220;DISTRUGGERE REPORT IN QUESTO MODO \u00c8 UN SUICIDIO AZIENDALE&#8221; &#8211; CARLO FRECCERO: &#8220;IL TRASFERIMENTO DI RANUCCI \u00c8 FUORI LUOGO. SE NON VA BENE PER CONDURRE &#8216;REPORT&#8217;, NON CAPISCO COME POSSA ESSERE CONSIDERATO ADATTO A LAVORARE NELLA REDAZIONE DI UN TG (A SIGFRIDO, \u00c8 STATA OFFERTA LA VICEDIREZIONE DEL [&hellip;]<\/p>\n","protected":false},"author":1,"featured_media":0,"comment_status":"open","ping_status":"","sticky":false,"template":"","format":"standard","meta":{"footnotes":""},"categories":[87],"tags":[226,149],"class_list":["post-2119665","post","type-post","status-publish","format-standard","hentry","category-italy","tag-crawlmanager","tag-dagospia-com"],"_links":{"self":[{"href":"https:\/\/analyse.optim.biz\/index.php?rest_route=\/wp\/v2\/posts\/2119665","targetHints":{"allow":["GET"]}}],"collection":[{"href":"https:\/\/analyse.optim.biz\/index.php?rest_route=\/wp\/v2\/posts"}],"about":[{"href":"https:\/\/analyse.optim.biz\/index.php?rest_route=\/wp\/v2\/types\/post"}],"author":[{"embeddable":true,"href":"https:\/\/analyse.optim.biz\/index.php?rest_route=\/wp\/v2\/users\/1"}],"replies":[{"embeddable":true,"href":"https:\/\/analyse.optim.biz\/index.php?rest_route=%2Fwp%2Fv2%2Fcomments&post=2119665"}],"version-history":[{"count":0,"href":"https:\/\/analyse.optim.biz\/index.php?rest_route=\/wp\/v2\/posts\/2119665\/revisions"}],"wp:attachment":[{"href":"https:\/\/analyse.optim.biz\/index.php?rest_route=%2Fwp%2Fv2%2Fmedia&parent=2119665"}],"wp:term":[{"taxonomy":"category","embeddable":true,"href":"https:\/\/analyse.optim.biz\/index.php?rest_route=%2Fwp%2Fv2%2Fcategories&post=2119665"},{"taxonomy":"post_tag","embeddable":true,"href":"https:\/\/analyse.optim.biz\/index.php?rest_route=%2Fwp%2Fv2%2Ftags&post=2119665"}],"curies":[{"name":"wp","href":"https:\/\/api.w.org\/{rel}","templated":true}]}}