{"id":2119663,"date":"2026-08-30T17:16:08","date_gmt":"2026-08-30T14:16:08","guid":{"rendered":"https:\/\/analyse.optim.biz\/?p=2119663"},"modified":"2026-08-30T17:16:08","modified_gmt":"2026-08-30T14:16:08","slug":"il-cremlino-un-vertice-tra-putin-trump-e-zelensky-e-possibile-solo-allo-scopo-di-formalizzare-gli","status":"publish","type":"post","link":"https:\/\/analyse.optim.biz\/?p=2119663","title":{"rendered":"Il cremlino: un vertice tra putin, trump e zelensky \u00c8 possibile solo allo scopo di formalizzare gli"},"content":{"rendered":"<p>[analyse_image type=&#8221;featured&#8221; src=&#8221;https:\/\/static.dagospia.com\/img\/patch\/07-2026\/zelensky-putin-trump-2282492_600_q50.webp&#8221;]<\/p>\n<article>\n<div class=\"img-wrapper\"><img decoding=\"async\" src=\"https:\/\/static.dagospia.com\/img\/patch\/07-2026\/zelensky-putin-trump-2282492_600_q50.webp\" alt=\"zelensky putin trump\"><time class=\"data-ora\">30 ago 2026 19:16<\/time><\/div>\n<p><span>\u201cUN VERTICE TRA PUTIN, TRUMP E ZELENSKY \u00c8 POSSIBILE SOLO ALLO SCOPO DI FORMALIZZARE GLI ACCORDI\u201d &#8211; <\/span>LO HA DICHIARATO IL PORTAVOCE DEL CREMLINO, DMITRY PESKOV CHE ACCUSA L\u2019UCRAINA \u2013 \u201cNON VUOLE IMPEGNARSI IN UNA VERA E PROPRIA SOLUZIONE\u201d \u2013 <span>SECONDO &#8220;AXIOS&#8221;, IL DIRETTORE DELLA CIA JOHN RATCLIFFE AVEVA PROPOSTO UN TRILATERALE TRA I LEADER DI RUSSIA, UCRAINA E STATI UNITI DURANTE IL SUO VIAGGIO A MOSCA<\/span> DELLA SCORSA SETTIMANA \u2013 L\u2019INVIATO DEL PAPA: \u201cPER CHIUDERE LA GUERRA NON DOBBIAMO ISOLARE LA RUSSIA\u201d. E ERDOGAN INTENDE OFFRIRSI A PUTIN COME MEDIATORE TRA MOSCA E KIEV<\/p>\n<div class=\"share-section\">\n                Condividi  questo articolo<\/p>\n<div class=\"socials\"><a href=\"http:\/\/www.facebook.com\/sharer.php?u=http:\/\/www.dagospia.com\/politica\/cremlino-vertice-putin-trump-zelensky-e-possibile-scopo-formalizzare-gli-485250\" target=\"_blank\"><img decoding=\"async\" src=\"https:\/\/static.dagospia.com\/img\/icons\/facebook.svg\" alt=\"Condividi su Facebook\"><\/a><a href=\"http:\/\/www.twitter.com\/share?url=http:\/\/www.dagospia.com\/politica\/cremlino-vertice-putin-trump-zelensky-e-possibile-scopo-formalizzare-gli-485250&amp;text=IL%20CREMLINO:%20UN%20VERTICE%20TRA%20PUTIN,%20TRUMP%20E%20ZELENSKY%20%C3%88%20POSSIBILE%20SOLO%20ALLO%20SCOPO%20DI%20FORMALIZZARE%20GLI%20\" target=\"_blank\"><img decoding=\"async\" src=\"https:\/\/static.dagospia.com\/img\/icons\/x-icon.png\" alt=\"Condividi su X\"><\/a><a href=\"\/\/www.dagospia.com\/politica\/cremlino-vertice-putin-trump-zelensky-e-possibile-scopo-formalizzare-gli-485250\" target=\"_blank\"><img decoding=\"async\" src=\"https:\/\/static.dagospia.com\/img\/icons\/whatsapp.svg\" alt=\"Condividi su Whatsapp\"><\/a><a href=\"mailto:?body=http:\/\/www.dagospia.com\/politica\/cremlino-vertice-putin-trump-zelensky-e-possibile-scopo-formalizzare-gli-485250\" target=\"_blank\"><img decoding=\"async\" src=\"https:\/\/static.dagospia.com\/img\/icons\/mail.svg\" alt=\"Invia in email\"><\/a><\/div>\n<\/div>\n<div class=\"content\">\n<p class=\"disable\"><strong>Da <a href=\"http:\/\/www.corriere.it\" target=\"_blank\">corriere.it<\/a><\/strong><\/p>\n<p class=\"disable\">\u00a0<\/p>\n<p class=\"disable\"><strong>Erdogan intende offrirsi a Putin come mediatore tra Russia e Ucraina<\/strong><\/p>\n<p class=\"disable\">Il presidente turco Recep Tayyip Erdogan offrir\u00e0 una mediazione della Turchia nel conflitto ucraino durante l&#8217;incontro che avr\u00e0 con l&#8217;omologo Vladimir Putin marted\u00ec a Bishkek, in Kirghizistan. Lo ha riferito una fonte governativa turca all&#8217;agenzia di stampa russa Ria Novosti. I due leader si incontreranno a margine del vertice dell&#8217;Organizzazione di cooperazione di Shanghai (Sco).<\/p>\n<p><a href=\"https:\/\/www.dagospia.com\/media-gallery\/dago-fotogallery-521677\/2214419\" class=\"float-right img-wrapper\"><img decoding=\"async\" id=\"2214419\" loading=\"lazy\" src=\"https:\/\/static.dagospia.com\/img\/foto\/12-2025\/vladimir-putin-donald-trump-volodymyr-zelensky-2214419_800_q50.webp\"><span class=\"img-title\">vladimir putin donald trump volodymyr zelensky<\/span><\/a><\/p>\n<p class=\"disable\">\u00a0<\/p>\n<p class=\"disable\">\u00abDurante i colloqui tra i presidenti Recep Tayyip Erdogan e Vladimir Putin, previsti per marted\u00ec a Bishkek, la parte turca dichiarer\u00e0 la disponibilit\u00e0 di Ankara a facilitare una risoluzione del conflitto in Ucraina e a fungere da mediatore tra le parti\u00bb, ha affermato la fonte.<\/p>\n<p class=\"disable\">\u00a0<\/p>\n<p class=\"disable\"><strong>Cremlino: un incontro a tre tra Putin, Trump e Zelensky \u00e8 possibile solo per finalizzare un accordo<\/strong><\/p>\n<p class=\"disable\">Un vertice tra Vladimir Putin, Donald Trump e Volodymyr Zelensky \u00e8 possibile solo \u00aballo scopo di formalizzare gli accordi\u00bb. Lo ha dichiarato il portavoce del Cremlino, Dmitry Peskov, citato da Ria Novosti. \u00abDa tempo si propone un vertice tra Putin, Trump e Zelensky.<\/p>\n<p class=\"disable\">\u00a0<\/p>\n<p><a href=\"https:\/\/www.dagospia.com\/media-gallery\/dago-fotogallery-521677\/2104623\" class=\"float-left img-wrapper\"><img decoding=\"async\" id=\"2104623\" loading=\"lazy\" src=\"https:\/\/static.dagospia.com\/img\/foto\/03-2025\/terre-di-mezzo-meme-by-emiliano-carli-2104623_800_q50.webp\"><span class=\"img-title\">TERRE DI MEZZO &#8211; MEME BY EMILIANO CARLI <\/span><\/a><\/p>\n<p class=\"disable\">E voi conoscete bene la posizione del nostro capo di Stato. Un simile incontro \u00e8 possibile solo allo scopo di formalizzare gli accordi\u00bb, ha affermato Peskov, aggiungendo tuttavia che \u00abgli accordi non sono una cosa semplice. Si tratta di un processo di negoziazione molto complesso, che comprende un&#8217;enorme quantit\u00e0 di dettagli\u00bb. Secondo Peskov, \u00e8 inutile che Putin e Zelensky si incontrino per discutere di questi dettagli e secondo il Cremlino, \u00abla parte di Kiev non vuole impegnarsi in una vera e propria soluzione\u00bb.<\/p>\n<p class=\"disable\">\u00a0<\/p>\n<p><a href=\"https:\/\/www.dagospia.com\/media-gallery\/dago-fotogallery-521677\/2095655\" class=\"float-right img-wrapper\"><img decoding=\"async\" id=\"2095655\" loading=\"lazy\" src=\"https:\/\/static.dagospia.com\/img\/foto\/02-2025\/volodymyr-zelensky-donald-trump-vladimir-putin-2095655_800_q50.webp\"><span class=\"img-title\">VOLODYMYR ZELENSKY DONALD TRUMP VLADIMIR PUTIN<\/span><\/a><\/p>\n<p class=\"disable\">Secondo quanto riportato da Axios, il direttore della Cia John Ratcliffe aveva proposto un trilaterale tra i leader di Russia, Ucraina e Stati Uniti durante il suo viaggio a Mosca della scorsa settimana.<\/p>\n<p class=\"disable\">\u00a0<\/p>\n<p class=\"disable\"><strong>L&#8217;inviato del Papa: \u00abPer risolvere la guerra non dobbiamo isolare Mosca\u00bb<\/strong><\/p>\n<p class=\"disable\">Nelle stesse ore in cui il capo della Cia volava a Mosca &#8211; secondo Axios per proporre un vertice a tre tra Trump, Putin e Zelensky -, era entrata in azione anche la macchina della diplomazia vaticana. <a href=\"https:\/\/roma.corriere.it\/notizie\/cronaca\/26_agosto_26\/russia-papa-gallagher-lavrov-ec196016-cfb0-4131-a02e-54fd3b619xlk.shtml\">L\u2019arcivescovo Paul Richard Gallagher,<\/a> segretario per i Rapporti con gli Stati e quindi \u00abministro degli Esteri\u00bb della Santa Sede, aveva incontrato il suo omologo russo Sergei Lavrov e il consigliere di Putin per la politica estera, Yuri Ushakov.<\/p>\n<p><a href=\"https:\/\/www.dagospia.com\/media-gallery\/dago-fotogallery-521677\/2299187\" class=\"float-left img-wrapper\"><img decoding=\"async\" id=\"2299187\" loading=\"lazy\" src=\"https:\/\/static.dagospia.com\/img\/foto\/08-2026\/paul-richard-gallagher-2299187_800_q50.webp\"><span class=\"img-title\">paul richard gallagher<\/span><\/a><\/p>\n<p class=\"disable\">\u00a0<\/p>\n<p class=\"disable\">Nella giornata di oggi, domenica 30 agosto, tracciando un bilancio di quell&#8217;incontro, Gallagher ha detto che \u00abquesti incontri servono a rafforzare l&#8217;iniziativa della Santa Sede di mantenere aperta la via del dialogo\u00bb, poich\u00e9 \u00absiamo convinti che questa sia la strada da seguire e che isolare le persone, i Paesi, francamente non aiuti. Venendo qui a Mosca e facendo quello che altri in questo momento non fanno, invitiamo a riflettere se le strategie attuate finora stiano portando dei risultati per risolvere questa tragedia\u00bb.<\/p>\n<p><a href=\"https:\/\/www.dagospia.com\/media-gallery\/dago-fotogallery-521677\/2282498\" class=\"float-right img-wrapper\"><img decoding=\"async\" id=\"2282498\" loading=\"lazy\" src=\"https:\/\/static.dagospia.com\/img\/foto\/07-2026\/zelensky-putin-trump-2282498_800_q50.webp\"><span class=\"img-title\">zelensky putin trump<\/span><\/a><\/p>\n<p class=\"disable\">\u00a0<\/p>\n<\/div>\n<div class=\"share-section\">\n                Condividi  questo articolo<\/p>\n<div class=\"socials\"><a href=\"https:\/\/www.dagospia.com\/politica\/cremlino-vertice-putin-trump-zelensky-e-possibile-scopo-formalizzare-gli-485250\"><img decoding=\"async\" src=\"https:\/\/static.dagospia.com\/img\/icons\/facebook.svg\" alt=\"Condividi su Facebook\"><\/a><a href=\"https:\/\/www.dagospia.com\/politica\/cremlino-vertice-putin-trump-zelensky-e-possibile-scopo-formalizzare-gli-485250\"><img decoding=\"async\" src=\"https:\/\/static.dagospia.com\/img\/icons\/x-icon.png\" alt=\"Condividi su X\"><\/a><a href=\"https:\/\/www.dagospia.com\/politica\/cremlino-vertice-putin-trump-zelensky-e-possibile-scopo-formalizzare-gli-485250\"><img decoding=\"async\" src=\"https:\/\/static.dagospia.com\/img\/icons\/whatsapp.svg\" alt=\"Condividi su Whatsapp\"><\/a><a href=\"https:\/\/www.dagospia.com\/politica\/cremlino-vertice-putin-trump-zelensky-e-possibile-scopo-formalizzare-gli-485250\"><img decoding=\"async\" src=\"https:\/\/static.dagospia.com\/img\/icons\/mail.svg\" alt=\"Invia in email\"><\/a><\/div>\n<\/div>\n<\/article>\n<div class=\"content\">\n<p class=\"disable\"><strong>Da <a href=\"http:\/\/www.corriere.it\" target=\"_blank\">corriere.it<\/a><\/strong><\/p>\n<p class=\"disable\">\u00a0<\/p>\n<p class=\"disable\"><strong>Erdogan intende offrirsi a Putin come mediatore tra Russia e Ucraina<\/strong><\/p>\n<p class=\"disable\">Il presidente turco Recep Tayyip Erdogan offrir\u00e0 una mediazione della Turchia nel conflitto ucraino durante l&#8217;incontro che avr\u00e0 con l&#8217;omologo Vladimir Putin marted\u00ec a Bishkek, in Kirghizistan. Lo ha riferito una fonte governativa turca all&#8217;agenzia di stampa russa Ria Novosti. I due leader si incontreranno a margine del vertice dell&#8217;Organizzazione di cooperazione di Shanghai (Sco).<\/p>\n<p><a href=\"https:\/\/www.dagospia.com\/media-gallery\/dago-fotogallery-521677\/2214419\" class=\"float-right img-wrapper\"><img decoding=\"async\" id=\"2214419\" loading=\"lazy\" src=\"https:\/\/static.dagospia.com\/img\/foto\/12-2025\/vladimir-putin-donald-trump-volodymyr-zelensky-2214419_800_q50.webp\"><span class=\"img-title\">vladimir putin donald trump volodymyr zelensky<\/span><\/a><\/p>\n<p class=\"disable\">\u00a0<\/p>\n<p class=\"disable\">\u00abDurante i colloqui tra i presidenti Recep Tayyip Erdogan e Vladimir Putin, previsti per marted\u00ec a Bishkek, la parte turca dichiarer\u00e0 la disponibilit\u00e0 di Ankara a facilitare una risoluzione del conflitto in Ucraina e a fungere da mediatore tra le parti\u00bb, ha affermato la fonte.<\/p>\n<p class=\"disable\">\u00a0<\/p>\n<p class=\"disable\"><strong>Cremlino: un incontro a tre tra Putin, Trump e Zelensky \u00e8 possibile solo per finalizzare un accordo<\/strong><\/p>\n<p class=\"disable\">Un vertice tra Vladimir Putin, Donald Trump e Volodymyr Zelensky \u00e8 possibile solo \u00aballo scopo di formalizzare gli accordi\u00bb. Lo ha dichiarato il portavoce del Cremlino, Dmitry Peskov, citato da Ria Novosti. \u00abDa tempo si propone un vertice tra Putin, Trump e Zelensky.<\/p>\n<p class=\"disable\">\u00a0<\/p>\n<p><a href=\"https:\/\/www.dagospia.com\/media-gallery\/dago-fotogallery-521677\/2104623\" class=\"float-left img-wrapper\"><img decoding=\"async\" id=\"2104623\" loading=\"lazy\" src=\"https:\/\/static.dagospia.com\/img\/foto\/03-2025\/terre-di-mezzo-meme-by-emiliano-carli-2104623_800_q50.webp\"><span class=\"img-title\">TERRE DI MEZZO &#8211; MEME BY EMILIANO CARLI <\/span><\/a><\/p>\n<p class=\"disable\">E voi conoscete bene la posizione del nostro capo di Stato. Un simile incontro \u00e8 possibile solo allo scopo di formalizzare gli accordi\u00bb, ha affermato Peskov, aggiungendo tuttavia che \u00abgli accordi non sono una cosa semplice. Si tratta di un processo di negoziazione molto complesso, che comprende un&#8217;enorme quantit\u00e0 di dettagli\u00bb. Secondo Peskov, \u00e8 inutile che Putin e Zelensky si incontrino per discutere di questi dettagli e secondo il Cremlino, \u00abla parte di Kiev non vuole impegnarsi in una vera e propria soluzione\u00bb.<\/p>\n<p class=\"disable\">\u00a0<\/p>\n<p><a href=\"https:\/\/www.dagospia.com\/media-gallery\/dago-fotogallery-521677\/2095655\" class=\"float-right img-wrapper\"><img decoding=\"async\" id=\"2095655\" loading=\"lazy\" src=\"https:\/\/static.dagospia.com\/img\/foto\/02-2025\/volodymyr-zelensky-donald-trump-vladimir-putin-2095655_800_q50.webp\"><span class=\"img-title\">VOLODYMYR ZELENSKY DONALD TRUMP VLADIMIR PUTIN<\/span><\/a><\/p>\n<p class=\"disable\">Secondo quanto riportato da Axios, il direttore della Cia John Ratcliffe aveva proposto un trilaterale tra i leader di Russia, Ucraina e Stati Uniti durante il suo viaggio a Mosca della scorsa settimana.<\/p>\n<p class=\"disable\">\u00a0<\/p>\n<p class=\"disable\"><strong>L&#8217;inviato del Papa: \u00abPer risolvere la guerra non dobbiamo isolare Mosca\u00bb<\/strong><\/p>\n<p class=\"disable\">Nelle stesse ore in cui il capo della Cia volava a Mosca &#8211; secondo Axios per proporre un vertice a tre tra Trump, Putin e Zelensky -, era entrata in azione anche la macchina della diplomazia vaticana. <a href=\"https:\/\/roma.corriere.it\/notizie\/cronaca\/26_agosto_26\/russia-papa-gallagher-lavrov-ec196016-cfb0-4131-a02e-54fd3b619xlk.shtml\">L\u2019arcivescovo Paul Richard Gallagher,<\/a> segretario per i Rapporti con gli Stati e quindi \u00abministro degli Esteri\u00bb della Santa Sede, aveva incontrato il suo omologo russo Sergei Lavrov e il consigliere di Putin per la politica estera, Yuri Ushakov.<\/p>\n<p><a href=\"https:\/\/www.dagospia.com\/media-gallery\/dago-fotogallery-521677\/2299187\" class=\"float-left img-wrapper\"><img decoding=\"async\" id=\"2299187\" loading=\"lazy\" src=\"https:\/\/static.dagospia.com\/img\/foto\/08-2026\/paul-richard-gallagher-2299187_800_q50.webp\"><span class=\"img-title\">paul richard gallagher<\/span><\/a><\/p>\n<p class=\"disable\">\u00a0<\/p>\n<p class=\"disable\">Nella giornata di oggi, domenica 30 agosto, tracciando un bilancio di quell&#8217;incontro, Gallagher ha detto che \u00abquesti incontri servono a rafforzare l&#8217;iniziativa della Santa Sede di mantenere aperta la via del dialogo\u00bb, poich\u00e9 \u00absiamo convinti che questa sia la strada da seguire e che isolare le persone, i Paesi, francamente non aiuti. Venendo qui a Mosca e facendo quello che altri in questo momento non fanno, invitiamo a riflettere se le strategie attuate finora stiano portando dei risultati per risolvere questa tragedia\u00bb.<\/p>\n<p><a href=\"https:\/\/www.dagospia.com\/media-gallery\/dago-fotogallery-521677\/2282498\" class=\"float-right img-wrapper\"><img decoding=\"async\" id=\"2282498\" loading=\"lazy\" src=\"https:\/\/static.dagospia.com\/img\/foto\/07-2026\/zelensky-putin-trump-2282498_800_q50.webp\"><span class=\"img-title\">zelensky putin trump<\/span><\/a><\/p>\n<p class=\"disable\">\u00a0<\/p>\n<\/div>\n<article><a href=\"https:\/\/www.dagospia.com\/politica\/quale-episodio-giulia-presutti-era-habitue-cefalu-bistro-dove-piu-e-485248\"><\/p>\n<div class=\"img-wrapper\"><img decoding=\"async\" src=\"https:\/\/static.dagospia.com\/img\/patch\/08-2026\/ranucci-presutti-cianfoni-floridia-2300757_600_q50.webp\" alt=\"ranucci presutti cianfoni floridia\" loading=\"lazy\"><time class=\"data-ora\">30 ago 19:14<\/time><\/div>\n<div class=\"excerpt\">\n<p>DAGOREPORT &#8211;<span>\u00a0MA QUALE &#8220;EPISODIO&#8221;! GIULIA PRESUTTI ERA UN HABITU\u00c8 DEL \u201cCEFAL\u00d9 BISTR\u00d2\u201d<\/span> DOVE PI\u00d9 VOLTE \u00c8 STATA VISTA INSIEME ALL\u2019AMICA LAURA CIANFONI, CHE A SUA VOLTA \u00c8 LEGATISSIMA A RANUCCI E CARISSIMA A LAVITOLA (COME \u00c8 TESTIMONIATO DALLE FOTO DI DAGOSPIA IN OCCASIONE DEL PREMIO COLALUCCI, SETTEMBRE 2020) &#8211; <span>NELLA DECISIONE DI SCEGLIERE GIULIA PRESUTTI, ACCREDITATA COME ESPRESSIONE DI M5S E AVS, <\/span>PER DARE UN CONTENTINO ALL\u2019OPPOSIZIONE, SAREBBE AVVENUTA UNA INTERLOCUZIONE TRA L\u2019AD RAI, GIAMPAOLO ROSSI, E L\u2019EX PRESIDENTE DELLA VIGILANZA RAI, LA GRILLINA BARBARA FLORIDIA, CHE AVREBBE DATO IL SUO PLACET &#8211; <span>ANCHE SULLA SCELTA DI PIERVINCENZI ALLA CONDUZIONE DI &#8220;REPORT&#8221;, CHE VA A BILANCIARE LA PRESUTTI DI SINISTRA, SI ADDENSANO ALCUNE DOMANDINE<\/span>: A PARTIRE DALLA PASSIONE PER IL RUGBY\u2026<\/p>\n<\/div>\n<p><\/a><\/article>\n<article><a href=\"https:\/\/www.dagospia.com\/politica\/risiko-s-ingrossa-l-apertura-assicurazioni-generali-valutare-l-offerta-484996\"><\/p>\n<div class=\"img-wrapper\"><img decoding=\"async\" src=\"https:\/\/static.dagospia.com\/img\/patch\/08-2026\/generali-philippe-donnet-luigi-lovaglio-carlo-messina-2292458_600_q50.webp\" alt=\"generali philippe donnet luigi lovaglio carlo messina \" loading=\"lazy\"><time class=\"data-ora\">27 ago 21:02<\/time><\/div>\n<div class=\"excerpt\">\n<p>DAGOREPORT &#8211; <span>IL RISIKO S&#8217;INGROSSA!<\/span> L\u2019APERTURA DI ASSICURAZIONI GENERALI A VALUTARE L&#8217;OFFERTA\u201d DI MPS PER L\u2019ACQUISIZIONE DI BANCA GENERALI, <span>\u00c8 UN GRAN PASSO AVANTI PER IL PIANO DI LOVAGLIO PER DISINNESCARE L\u2019OPAS SUL \u201cMONTE\u201d DI BANCA INTESA <\/span>&#8211; SECONDO PIAZZA AFFARI, L\u2019OPERAZIONE TRIESTE-SIENA POTREBBE AVERE DALLA SUA <span>L\u2019APPOGGIO DEI POTENTISSIMI FONDI DI INVESTIMENTO INTERNAZIONALI, TRA CUI BLACKROCK<\/span>, CHE HA PERALTRO IMPORTANTI INTERESSI NELLE BANCHE ITALIANE, TRA CUI INTESA &#8211; <span>ORA INIZIA UNA PARTITA APERTISSIMA DAL PUNTO DI VISTA FINANZIARIO, MA ANCHE DA QUELLO POLITICO:<\/span> IL 26 OTTOBRE\u00a0 L\u2019ASSEMBLEA STRAORDINARIA DI MPS SARA&#8217; CHIAMATA AD APPROVARE L&#8217;ACQUISIZIONE E TUTTO PUO&#8217; SUCCEDERE&#8230;<\/p>\n<\/div>\n<p><\/a><\/article>\n<article><a href=\"https:\/\/www.dagospia.com\/cronache\/voluto-trump-t-attacchi-scorta-i-leader-silicon-valley-484985\"><\/p>\n<div class=\"img-wrapper\"><img decoding=\"async\" src=\"https:\/\/static.dagospia.com\/img\/patch\/08-2026\/mark-zuckerberg-proteste-2299936_600_q50.webp\" alt=\"mark zuckerberg proteste \" loading=\"lazy\"><time class=\"data-ora\">27 ago 19:54<\/time><\/div>\n<div class=\"excerpt\">\n<p>HAI VOLUTO TRUMP? E ORA T\u2019ATTACCHI ALLA SCORTA! \u2013<span> I LEADER DELLA SILICON VALLEY SONO OSSESSIONATI DALLA LORO SICUREZZA, E SPENDONO VAGONATE DI DOLLARI IN PROTEZIONE, GUARDIE DEL CORPO, BUNKER. <\/span>COLPA DELLA SVOLTA TRUMPIANA E DELLA RIVOLUZIONE DELL\u2019ACCELERAZIONE INCONTROLLABILE DELL\u2019INTELLIGENZA ARTIFICIALE, CHE RISCHIA DI PRODURRE FOLLE DI DISOCCUPATI INCAZZATI PRONTI AD ASSALTARE, OLTRE AI DATA CENTER, I VILLONI DEI PAPERONI \u2013 <span>IL PI\u00d9 PARANOICO DI TUTTI? MARK ZUCKERBERG! META SPENDE OLTRE 25 MILIONI DI DOLLARI ALL\u2019ANNO ESCLUSIVAMENTE PER LA PROTEZIONE DEL SUO FONDATORE<\/span> \u2013 L\u2019OSSESSIONE DEI MILIARDARI PER BUNKER DI LUSSO, FORTEZZE SOTTERRANEE, RIFUGI IN NUOVA ZELANDA E HAWAII, CON INVESTIMENTI CHE OSCILLAVANO TRA I DIECI E I CINQUANTA MILIONI DI DOLLARI CIASCUNO&#8230;<\/p>\n<\/div>\n<p><\/a><\/article>\n<article><a href=\"https:\/\/www.dagospia.com\/politica\/flash-giorgia-meloni-manda-armi-sottobanco-all-ucraina-per-non-spaccare-484982\"><\/p>\n<div class=\"img-wrapper\"><img decoding=\"async\" src=\"https:\/\/static.dagospia.com\/img\/patch\/08-2026\/giorgia-meloni-volodymyr-zelensky-mario-draghi-2299913_600_q50.webp\" alt=\"giorgia meloni volodymyr zelensky mario draghi \" loading=\"lazy\"><time class=\"data-ora\">27 ago 17:21<\/time><\/div>\n<div class=\"excerpt\">\n<p>FLASH \u2013<span> GIORGIA MELONI MANDA LE ARMI SOTTOBANCO ALL\u2019UCRAINA PER NON SPACCARE LA SUA MAGGIORANZA. IL PRIMO A FARLO FU DRAGHI: <\/span>\u201cMARIOPIO\u201d NEL 2022 INTRODUSSE IL RICORSO A DECRETI INTERMINISTERIALI CON ELENCHI SECRETATI PER L&#8217;INVIO DI FORNITURE MILITARI ALL&#8217;UCRAINA. AVENDO COME AZIONISTI MAGGIORANZA I PUTINIANI DI LEGA\u00a0E MOVIMENTO 5 STELLE, L\u2019UNICO MODO PER MANDARE AVANTI LA BARACCA ERA \u201cNASCONDERE\u201d L\u2019INVIO DI ARMI\u2026<\/p>\n<\/div>\n<p><\/a><\/article>\n<article><a href=\"https:\/\/www.dagospia.com\/politica\/qual-era-scopo-blitz-capo-cia-mosca-i-beninformati-washington-484881\"><\/p>\n<div class=\"img-wrapper\"><img decoding=\"async\" src=\"https:\/\/static.dagospia.com\/img\/patch\/12-2025\/vladimir-putin-donald-trump-volodymyr-zelensky-2214409_600_q50.webp\" alt=\"vladimir putin donald trump volodymyr zelensky\" loading=\"lazy\"><time class=\"data-ora\">26 ago 20:31<\/time><\/div>\n<div class=\"excerpt\">\n<p>FLASH! \u2013 QUANDO LE COSE GIRANO SUL PEGGIO, INTERVENGONO I SERVIZI SEGRETI &#8211;\u00a0<span>IL BENINFORMATO\u00a0CAPO DELLA CIA,\u00a0JOHN RATCLIFFE, SAREBBE VOLATO A MOSCA,\u00a0<\/span>SECONDO RUMORS DI WASHINGTON, PER CONSEGNARE UN DURO AVVERTIMENTO ALLA CRICCA DI PUTIN, FINITA IN UN CUL DE SAC NEL CONFLITTO UCRAINO \u2013 <span>CARO VLADIMIR, UN&#8217;EVENTUALE ESCALATION CON USO DI ARMI NUCLEARI TATTICHE, CAPACI DI DISTRUGGERE KM DI TERRITORIO UCRAINO, \u00c8 UNA LINEA ASSOLUTAMENTE DA NON OLTREPASSARE<\/span>: GLI STATI UNITI NON STAREBBERO CON LE MANI IN MANO\u2026\u00a0<\/p>\n<\/div>\n<p><\/a><\/article>\n<article><a href=\"https:\/\/www.dagospia.com\/politica\/prossima-destinazione-enrico-mentana-padrone-supremo-tutta-l-informazione-484639\"><\/p>\n<div class=\"img-wrapper\"><img decoding=\"async\" src=\"https:\/\/static.dagospia.com\/img\/patch\/08-2026\/kyriakou-pier-silvio-berlusconi-enrico-mentana-crippa-fedele-confalonieri-medias-2298828_600_q50.webp\" alt=\"kyriakou pier silvio berlusconi enrico mentana crippa fedele confalonieri mediaset urbano cairo marina\" loading=\"lazy\"><time class=\"data-ora\">24 ago 19:47<\/time><\/div>\n<div class=\"excerpt\">\n<p>DAGOREPORT &#8211; RITORNA A CASA, LESSO! <span>SI ACCAVALLANO LE VOCI CHE LA PROSSIMA DESTINAZIONE DI ENRICO MENTANA SIA QUELLA DI PADRONE SUPREMO DI TUTTA L\u2019INFORMAZIONE MEDIASET<\/span> &#8211; RUOLO CHE DAL 1998 RICOPRE IL FEDELISSIMO \u201cFELDMARESCIALLO\u201d DI FEDELE CONFALONIERI, MAURO CRIPPA, ARTEFICE MAGICO DEL \u201cRETEQUATTRISMO\u201d DEI DEL DEBBIO-PORRO-GIORDANO-SALLUSTI CHE HA APPARECCHIATO L\u2019AVANZATA POPULISTA DI SALVINI E POI IL MELONISMO SENZA LIMITISMO &#8211; <span>CHE PIER SILVIO (E LA SORELLA SUPERIORE MARINA) ABBIA LE PALLE IN SATURAZIONE DEL \u201cCRIPPISMO ALLA FIAMMA\u201d <\/span>SI ERA BEN CAPITO DALLO SBARCO SU RETE4 DI BIANCA BERLINGUER, POI DI TOMMASO LABATE E INFINE DI MILO INFANTE CHE, OLTRE A CONDURRE DUE PROGRAMMI, E&#8217; NOMINATO CONDIRETTORE DELLA \u201cSTANZA DEI BOTTONI\u201d DEL CRIPPA-PENSIERO, VIDEONEWS &#8211; <span>L\u2019IPOTESI MENTANA \u00c8 STATA ACCOLTA DALLA CRICCA DI CRIPPA OVVIAMENTE MALE, MALISSIMO,<\/span> CONOSCENDO ALTRES\u00cc BENE IL CARATTERINO DI CHICCO. E GIRANO A MEZZA VOCE BATTUTINE DEL TIPO: <span>\u2018\u2019PIER SILVIO MANDA IN PENSIONE IL 67ENNE CRIPPA PER SOSTITUIRLO CON MENTANA, PENSIONATO DI 71 ANNI&#8230;\u2019\u2019<\/span><\/p>\n<\/div>\n<p><\/a><\/article>\n<article><a href=\"https:\/\/www.dagospia.com\/cronache\/come-sta-alessandro-battista-condizioni-salute-dell-ex-deputato-485182\"><\/p>\n<div class=\"img-wrapper\"><img decoding=\"async\" src=\"https:\/\/static.dagospia.com\/img\/patch\/08-2026\/di-battista-grillo-di-maio-alessandro-2300529_600_q50.webp\" alt=\"di battista grillo di maio alessandro\" loading=\"lazy\"><\/div>\n<div class=\"excerpt\">COME STA ALESSANDRO DI BATTISTA? &#8211; LE CONDIZIONI DI SALUTE DELL&#8217;EX DEPUTATO DEL MOVIMENTO 5 STELLE,\u2026<\/div>\n<p><\/a><\/article>\n<article><a href=\"https:\/\/www.dagospia.com\/media-tv\/milanospia-brumotti-meloni-pier-silvio-485225\"><\/p>\n<div class=\"img-wrapper\"><img decoding=\"async\" src=\"https:\/\/static.dagospia.com\/img\/patch\/08-2026\/milanospia-dandolo-2300670_600_q50.webp\" alt=\"milanospia dandolo\" loading=\"lazy\"><\/div>\n<div class=\"excerpt\">MILANOSPIA! DANDOLO: LA NUOVA PASSIONE TELEVISIVA DELLE SORELLE MELONI? VITTORIO BRUMOTTI &#8211; L&#8217;EX\u2026<\/div>\n<p><\/a><\/article>\n<article><a href=\"https:\/\/www.dagospia.com\/media-tv\/pillole-gossip-ilary-l-addio-nubilato-il-matrimonio-ilaria-cucchi-sarah-485235\"><\/p>\n<div class=\"img-wrapper\"><img decoding=\"async\" src=\"https:\/\/static.dagospia.com\/img\/patch\/08-2026\/pillole-avanti-gossip-2300709_600_q50.webp\" alt=\"pillole avanti gossip\" loading=\"lazy\"><\/div>\n<div class=\"excerpt\">PILLOLE DI GOSSIP! \u201cQUELLO CHE SUCCEDE A MAIORCA, RESTA A MAIORCA\u201d. ILARY, CHE SI SPOSER\u00c0 IL 13\u2026<\/div>\n<p><\/a><\/article>\n<article><a href=\"https:\/\/www.dagospia.com\/cronache\/clic-riconoscete-dalle-ciapett-marmo-mostrate-favor-fotocamera-484754\"><\/p>\n<div class=\"img-wrapper\"><img decoding=\"async\" src=\"https:\/\/static.dagospia.com\/img\/patch\/08-2026\/belen-foto-di-gente-2299178_600_q50.webp\" alt=\"belen - foto di gente\" loading=\"lazy\"><\/div>\n<div class=\"excerpt\">TUTTI AL MARE A MOSTRAR LE CHIAPPE CHIARE! &#8211; LA RICONOSCETE DALLE CIAPETT DI MARMO MOSTRATE A FAVOR\u2026<\/div>\n<p><\/a><\/article>\n<article><a href=\"https:\/\/www.dagospia.com\/politica\/quale-episodio-giulia-presutti-era-habitue-cefalu-bistro-dove-piu-e-485248\"><\/p>\n<div class=\"img-wrapper\"><img decoding=\"async\" src=\"https:\/\/static.dagospia.com\/img\/patch\/08-2026\/ranucci-presutti-cianfoni-floridia-2300757_600_q50.webp\" alt=\"ranucci presutti cianfoni floridia\" loading=\"lazy\"><\/div>\n<div class=\"excerpt\">DAGOREPORT &#8211;\u00a0MA QUALE &#8220;EPISODIO&#8221;! GIULIA PRESUTTI ERA UN HABITU\u00c8 DEL \u201cCEFAL\u00d9 BISTR\u00d2\u201d DOVE PI\u00d9 VOLTE\u2026<\/div>\n<p><\/a><\/article>\n<article><a href=\"https:\/\/www.dagospia.com\/politica\/risiko-s-ingrossa-l-apertura-assicurazioni-generali-valutare-l-offerta-484996\"><\/p>\n<div class=\"img-wrapper\"><img decoding=\"async\" src=\"https:\/\/static.dagospia.com\/img\/patch\/08-2026\/generali-philippe-donnet-luigi-lovaglio-carlo-messina-2292458_600_q50.webp\" alt=\"generali philippe donnet luigi lovaglio carlo messina \" loading=\"lazy\"><\/div>\n<div class=\"excerpt\">DAGOREPORT &#8211; IL RISIKO S&#8217;INGROSSA! L\u2019APERTURA DI ASSICURAZIONI GENERALI A VALUTARE L&#8217;OFFERTA\u201d DI\u2026<\/div>\n<p><\/a><\/article>\n<article><a href=\"https:\/\/www.dagospia.com\/cronache\/voluto-trump-t-attacchi-scorta-i-leader-silicon-valley-484985\"><\/p>\n<div class=\"img-wrapper\"><img decoding=\"async\" src=\"https:\/\/static.dagospia.com\/img\/patch\/08-2026\/mark-zuckerberg-proteste-2299936_600_q50.webp\" alt=\"mark zuckerberg proteste \" loading=\"lazy\"><\/div>\n<div class=\"excerpt\">HAI VOLUTO TRUMP? E ORA T\u2019ATTACCHI ALLA SCORTA! \u2013 I LEADER DELLA SILICON VALLEY SONO OSSESSIONATI\u2026<\/div>\n<p><\/a><\/article>\n<article><a href=\"https:\/\/www.dagospia.com\/politica\/flash-giorgia-meloni-manda-armi-sottobanco-all-ucraina-per-non-spaccare-484982\"><\/p>\n<div class=\"img-wrapper\"><img decoding=\"async\" src=\"https:\/\/static.dagospia.com\/img\/patch\/08-2026\/giorgia-meloni-volodymyr-zelensky-mario-draghi-2299913_600_q50.webp\" alt=\"giorgia meloni volodymyr zelensky mario draghi \" loading=\"lazy\"><\/div>\n<div class=\"excerpt\">FLASH \u2013 GIORGIA MELONI MANDA LE ARMI SOTTOBANCO ALL\u2019UCRAINA PER NON SPACCARE LA SUA MAGGIORANZA. IL\u2026<\/div>\n<p><\/a><\/article>\n<article><a href=\"https:\/\/www.dagospia.com\/politica\/qual-era-scopo-blitz-capo-cia-mosca-i-beninformati-washington-484881\"><\/p>\n<div class=\"img-wrapper\"><img decoding=\"async\" src=\"https:\/\/static.dagospia.com\/img\/patch\/12-2025\/vladimir-putin-donald-trump-volodymyr-zelensky-2214409_600_q50.webp\" alt=\"vladimir putin donald trump volodymyr zelensky\" loading=\"lazy\"><\/div>\n<div class=\"excerpt\">FLASH! \u2013 QUANDO LE COSE GIRANO SUL PEGGIO, INTERVENGONO I SERVIZI SEGRETI &#8211;\u00a0IL BENINFORMATO\u00a0CAPO\u2026<\/div>\n<p><\/a><\/article>\n<article><a href=\"https:\/\/www.dagospia.com\/politica\/prossima-destinazione-enrico-mentana-padrone-supremo-tutta-l-informazione-484639\"><\/p>\n<div class=\"img-wrapper\"><img decoding=\"async\" src=\"https:\/\/static.dagospia.com\/img\/patch\/08-2026\/kyriakou-pier-silvio-berlusconi-enrico-mentana-crippa-fedele-confalonieri-medias-2298828_600_q50.webp\" alt=\"kyriakou pier silvio berlusconi enrico mentana crippa fedele confalonieri mediaset urbano cairo marina\" loading=\"lazy\"><\/div>\n<div class=\"excerpt\">DAGOREPORT &#8211; RITORNA A CASA, LESSO! SI ACCAVALLANO LE VOCI CHE LA PROSSIMA DESTINAZIONE DI ENRICO\u2026<\/div>\n<p><\/a><\/article>\n<article><a href=\"https:\/\/www.dagospia.com\/media-tv\/martedi-prossimo-calera-sipario-ranucci-ottobre-quando-ritornera-in-onda-484460\"><\/p>\n<div class=\"img-wrapper\"><img decoding=\"async\" src=\"https:\/\/static.dagospia.com\/img\/patch\/07-2026\/sigfrido-ranucci-valter-lavitola-giampaolo-rossi-2287105_600_q50.webp\" alt=\"sigfrido ranucci valter lavitola giampaolo rossi \" loading=\"lazy\"><\/div>\n<div class=\"excerpt\">DAGOREPORT &#8211;\u00a0MARTED\u00cc PROSSIMO CALER\u00c0 IL SIPARIO SU RANUCCI: A OTTOBRE, QUANDO RITORNER\u00c0 IN ONDA\u2026<\/div>\n<p><\/a><\/article>\n<article><a href=\"https:\/\/www.dagospia.com\/politica\/dagoreport-come-si-arriva-clamoroso-scazzo-diplomatico-l-etiopia-bisogna-484514\"><\/p>\n<div class=\"img-wrapper\"><img decoding=\"async\" src=\"https:\/\/static.dagospia.com\/img\/patch\/08-2026\/giorgia-meloni-e-primo-ministro-etiope-abiy-ahmed-sem-fabrizi-2298489_600_q50.webp\" alt=\"giorgia meloni e primo ministro etiope abiy ahmed sem fabrizi\" loading=\"lazy\"><\/div>\n<div class=\"excerpt\">DAGOREPORT \u2013 COME SI \u00c8 ARRIVATI AL CLAMOROSO SCAZZO DIPLOMATICO CON L\u2019ETIOPIA? BISOGNA TORNARE AL\u2026<\/div>\n<p><\/a><\/article>\n<article><a href=\"https:\/\/www.dagospia.com\/politica\/flash-in-pochi-sottolineano-quali-gli-unici-grandi-paesi-dell-ue-non-484512\"><\/p>\n<div class=\"img-wrapper\"><img decoding=\"async\" src=\"https:\/\/static.dagospia.com\/img\/patch\/08-2026\/ceuta-migranti-spagna-francia-pedro-sanchez-giorgia-meloni-emmanuel-macron-2291912_600_q50.webp\" alt=\"ceuta migranti spagna francia pedro sanchez giorgia meloni emmanuel macron\" loading=\"lazy\"><\/div>\n<div class=\"excerpt\">FLASH \u2013 IN POCHI SOTTOLINEANO QUALI SONO GLI UNICI DUE GRANDI PAESI DELL\u2019UE A NON ACCODARSI AI\u2026<\/div>\n<p><\/a><\/article>\n<article><a href=\"https:\/\/www.dagospia.com\/politica\/lega-e-resa-dei-conti-forza-italia-non-sta-messa-benissimo-484219\"><\/p>\n<div class=\"img-wrapper\"><img decoding=\"async\" src=\"https:\/\/static.dagospia.com\/img\/patch\/08-2026\/giorgia-meloni-antonio-tajani-matteo-salvini-2297713_600_q50.webp\" alt=\"giorgia meloni antonio tajani matteo salvini \" loading=\"lazy\"><\/div>\n<div class=\"excerpt\">DAGOREPORT \u2013 I FRANCHI-TIRATORI PER IL \u201cMELONELLUM\u201d INIZIANO A ESSERE TANTI, FORSE TROPPI \u2013 SE LA\u2026<\/div>\n<p><\/a><\/article>\n<article><a href=\"https:\/\/www.dagospia.com\/cafonal\/cafonalino-roma-proiezione-documentario-marco-bellocchio-marco-travaglio-485081\"><\/p>\n<div class=\"img-wrapper\"><img decoding=\"async\" src=\"https:\/\/static.dagospia.com\/img\/patch\/08-2026\/2026bellocchio-anteprima-film-di-marco-bellocchio-2300339_600_q50.webp\" alt=\"2026bellocchio anteprima film di marco bellocchio\" loading=\"lazy\"><\/div>\n<div class=\"excerpt\">CAFONALINO! AL CINEMA QUATTRO FONTANE DI ROMA LA PROIEZIONE SPECIALE DEL DOCUMENTARIO \u201cMARCO\u2026<\/div>\n<p><\/a><\/article>\n<article><a href=\"https:\/\/www.dagospia.com\/cafonal\/cafonal-show-ranucci-cerveteri-freni-ho-fatto-scoop-nazionali-484807\"><\/p>\n<div class=\"img-wrapper\"><img decoding=\"async\" src=\"https:\/\/static.dagospia.com\/img\/patch\/08-2026\/2026ranucci-sigfrido-ranucci-2299409_600_q50.webp\" alt=\"2026ranucci sigfrido ranucci\" loading=\"lazy\"><\/div>\n<div class=\"excerpt\">SIGFRIDO, IL MASANIELLO DE NOANTRI \u2013 RANUCCI HA PERSO OGNI FRENO E, ALLA PRESENTAZIONE DEL SUO\u2026<\/div>\n<p><\/a><\/article>\n<article><a href=\"https:\/\/www.dagospia.com\/cafonal\/funeralino-l-ultimo-saluto-mitico-produttore-cinematografico-fulvio-484127\"><\/p>\n<div class=\"img-wrapper\"><img decoding=\"async\" src=\"https:\/\/static.dagospia.com\/img\/patch\/08-2026\/2026lucisano-2297424_600_q50.webp\" alt=\"2026lucisano\" loading=\"lazy\"><\/div>\n<div class=\"excerpt\">FUNERALINO \u2013 NELLA CALLARA ROMANA D\u2019AGOSTO, L\u2019ULTIMO SALUTO AL MITICO PRODUTTORE CINEMATOGRAFICO\u2026<\/div>\n<p><\/a><\/article>\n<article><a href=\"https:\/\/www.dagospia.com\/cafonal\/cafonalino-pizza-riformista-matteo-renzi-raduna-i-suoi-prima-delle-480816\"><\/p>\n<div class=\"img-wrapper\"><img decoding=\"async\" src=\"https:\/\/static.dagospia.com\/img\/patch\/07-2026\/2026kraken-matteo-renzi-2286047_600_q50.webp\" alt=\"2026kraken matteo renzi \" loading=\"lazy\"><\/div>\n<div class=\"excerpt\">CAFONALINO DELLA PIZZA RIFORMISTA \u2013 RENZI RADUNA I SUOI PRIMA DELLE VACANZE ESTIVE AL SATYRUS DI\u2026<\/div>\n<p><\/a><\/article>\n<article><a href=\"https:\/\/www.dagospia.com\/cafonal\/cafonalino-moreno-party-roma-manuela-moreno-festeggia-i-60-anni-480777\"><\/p>\n<div class=\"img-wrapper\"><img decoding=\"async\" src=\"https:\/\/static.dagospia.com\/img\/patch\/07-2026\/manuela-moreno-festa-60-anni-2285871_600_q50.webp\" alt=\"manuela moreno festa 60 anni \" loading=\"lazy\"><\/div>\n<div class=\"excerpt\">CAFONALINO! NO MORENO, NO PARTY \u2013 A ROMA, AL LOVE BAR DI PONTE MILVIO, MANUELA MORENO, CONDUTTRICE\u2026<\/div>\n<p><\/a><\/article>\n<article><a href=\"https:\/\/www.dagospia.com\/cafonal\/cafonalino-firenze-tevere-direttori-redattori-forchettoni-scrocconi-480745\"><\/p>\n<div class=\"img-wrapper\"><img decoding=\"async\" src=\"https:\/\/static.dagospia.com\/img\/patch\/07-2026\/2026agno-marco-agnoletti-2285763_600_q50.webp\" alt=\"2026agno marco agnoletti \" loading=\"lazy\"><\/div>\n<div class=\"excerpt\">CAFONALINO DEGLI AGNOLETTI IN BRODO &#8211; DIRETTORI, REDATTORI, FORCHETTONI E SCROCCONI SFIDANO\u2026<\/div>\n<p><\/a><\/article>\n<p>[analyse_source url=&#8221;https:\/\/www.dagospia.com\/politica\/cremlino-vertice-putin-trump-zelensky-e-possibile-scopo-formalizzare-gli-485250&#8243;]<\/p>\n","protected":false},"excerpt":{"rendered":"<p>[analyse_image type=&#8221;featured&#8221; src=&#8221;https:\/\/static.dagospia.com\/img\/patch\/07-2026\/zelensky-putin-trump-2282492_600_q50.webp&#8221;] 30 ago 2026 19:16 \u201cUN VERTICE TRA PUTIN, TRUMP E ZELENSKY \u00c8 POSSIBILE SOLO ALLO SCOPO DI FORMALIZZARE GLI ACCORDI\u201d &#8211; LO HA DICHIARATO IL PORTAVOCE DEL CREMLINO, DMITRY PESKOV CHE ACCUSA L\u2019UCRAINA \u2013 \u201cNON VUOLE IMPEGNARSI IN UNA VERA E PROPRIA SOLUZIONE\u201d \u2013 SECONDO &#8220;AXIOS&#8221;, IL DIRETTORE DELLA CIA JOHN RATCLIFFE [&hellip;]<\/p>\n","protected":false},"author":1,"featured_media":0,"comment_status":"open","ping_status":"","sticky":false,"template":"","format":"standard","meta":{"footnotes":""},"categories":[87],"tags":[226,149],"class_list":["post-2119663","post","type-post","status-publish","format-standard","hentry","category-italy","tag-crawlmanager","tag-dagospia-com"],"_links":{"self":[{"href":"https:\/\/analyse.optim.biz\/index.php?rest_route=\/wp\/v2\/posts\/2119663","targetHints":{"allow":["GET"]}}],"collection":[{"href":"https:\/\/analyse.optim.biz\/index.php?rest_route=\/wp\/v2\/posts"}],"about":[{"href":"https:\/\/analyse.optim.biz\/index.php?rest_route=\/wp\/v2\/types\/post"}],"author":[{"embeddable":true,"href":"https:\/\/analyse.optim.biz\/index.php?rest_route=\/wp\/v2\/users\/1"}],"replies":[{"embeddable":true,"href":"https:\/\/analyse.optim.biz\/index.php?rest_route=%2Fwp%2Fv2%2Fcomments&post=2119663"}],"version-history":[{"count":0,"href":"https:\/\/analyse.optim.biz\/index.php?rest_route=\/wp\/v2\/posts\/2119663\/revisions"}],"wp:attachment":[{"href":"https:\/\/analyse.optim.biz\/index.php?rest_route=%2Fwp%2Fv2%2Fmedia&parent=2119663"}],"wp:term":[{"taxonomy":"category","embeddable":true,"href":"https:\/\/analyse.optim.biz\/index.php?rest_route=%2Fwp%2Fv2%2Fcategories&post=2119663"},{"taxonomy":"post_tag","embeddable":true,"href":"https:\/\/analyse.optim.biz\/index.php?rest_route=%2Fwp%2Fv2%2Ftags&post=2119663"}],"curies":[{"name":"wp","href":"https:\/\/api.w.org\/{rel}","templated":true}]}}