{"id":2119614,"date":"2026-08-30T08:15:41","date_gmt":"2026-08-30T05:15:41","guid":{"rendered":"https:\/\/analyse.optim.biz\/?p=2119614"},"modified":"2026-08-30T08:15:41","modified_gmt":"2026-08-30T05:15:41","slug":"ro-alert-in-nordul-judetului-tulcea-populatia-avertizata-asupra-posibilitatii-caderii-unor-obiecte-din-spatiul-aerian","status":"publish","type":"post","link":"https:\/\/analyse.optim.biz\/?p=2119614","title":{"rendered":"RO-Alert \u00een nordul jude\u021bului Tulcea. Popula\u021bia, avertizat\u0103 asupra posibilit\u0103\u021bii c\u0103derii unor obiecte din spa\u021biul aerian"},"content":{"rendered":"<p>[analyse_image type=&#8221;featured&#8221; src=&#8221;https:\/\/www.tlnews.ro\/wp-content\/uploads\/2023\/09\/adapost-antiaerian-1024&#215;576.jpghttps:\/\/www.tlnews.ro\/wp-content\/uploads\/2023\/09\/adapost-antiaerian.jpg&#8221;]<\/p>\n<div id=\"main-content\" class=\"mh-content\" role=\"main\">\n<article id=\"post-33702\" class=\"post-33702 post type-post status-publish format-standard has-post-thumbnail hentry category-eveniment category-featured tag-blinkfeedrss tag-grss tag-isu-tulcea tag-mesaj-ro-alert tag-tulcea tag-yahoorss\">\n<header class=\"entry-header clearfix\">\n<h1 class=\"entry-title\">RO-Alert \u00een nordul jude\u021bului Tulcea. Popula\u021bia, avertizat\u0103 asupra posibilit\u0103\u021bii c\u0103derii unor obiecte din spa\u021biul aerian<\/h1>\n<div class=\"mh-meta entry-meta\"><span class=\"entry-meta-date updated\"><a href=\"https:\/\/www.tlnews.ro\/2026\/08\/\">August 30, 2026<\/a><\/span><span class=\"entry-meta-author author vcard\"><a class=\"fn\" href=\"https:\/\/www.tlnews.ro\/author\/cosmin79\/\">\u0218tefan POPESCU<\/a><\/span><span class=\"entry-meta-categories\"><a href=\"https:\/\/www.tlnews.ro\/category\/eveniment\/\" rel=\"category tag\">Eveniment<\/a>, <a href=\"https:\/\/www.tlnews.ro\/category\/featured\/\" rel=\"category tag\">Featured<\/a><\/span><\/div>\n<\/header>\n<div class=\"entry-content clearfix\">\n<figure class=\"entry-thumbnail\"><a href=\"https:\/\/www.tlnews.ro\/au-fost-finalizate-adaposturile-construite-in-zona-plauru\/adapost-antiaerian\/\"><img decoding=\"async\" src=\"https:\/\/www.tlnews.ro\/wp-content\/uploads\/2023\/09\/adapost-antiaerian-678x381.jpg\" alt title=\"Ad\u0103post construit \u00een jude\u021bul Tulcea. FOTO Ministerul Ap\u0103r\u0103rii\"><\/a><figcaption class=\"wp-caption-text\">Ad\u0103post construit \u00een jude\u021bul Tulcea. FOTO Ministerul Ap\u0103r\u0103rii <\/figcaption><\/figure>\n<p>Un mesaj RO-Alert a fost transmis, duminic\u0103, 30 august, \u00een nordul jude\u021bului Tulcea, popula\u021bia fiind avertizat\u0103 cu privire la posibilitatea c\u0103derii unor obiecte din spa\u021biul aerian.<br \/>\nAvertizarea a fost recep\u021bionat\u0103 \u00een jurul orei 10:55 \u0219i vizeaz\u0103 mai multe localit\u0103\u021bi din jude\u021bul Tulcea.<br \/>\nPrintre localit\u0103\u021bile pentru care a fost transmis mesajul se num\u0103r\u0103 Grindu, Jijila, Luncavi\u021ba, V\u0103c\u0103reni, Isaccea, Niculi\u021bel, Valea Teilor, Frec\u0103\u021bei, Somova, municipiul Tulcea, Ceatalchioi, Pardina, Maliuc, Nuf\u0103ru, Chilia Veche, C.A. Rosetti, Sulina, Cri\u0219an \u0219i Sf\u00e2ntu Gheorghe.<br \/>\nPrin intermediul sistemului RO-Alert, locuitorii au fost informa\u021bi asupra riscului ca obiecte provenite din spa\u021biul aerian s\u0103 cad\u0103 \u00een zon\u0103.<\/p>\n<div class=\"sharedaddy sd-sharing-enabled\">\n<div class=\"robots-nocontent sd-block sd-social sd-social-official sd-sharing\">\n<h3 class=\"sd-title\">Trimite unui prieten:<\/h3>\n<div class=\"sd-content\">\n<ul>\n<li class=\"share-jetpack-whatsapp\"><a rel=\"nofollow noopener noreferrer\" data-shared=\"sharing-whatsapp-33702\" class=\"share-jetpack-whatsapp sd-button\" href=\"https:\/\/www.tlnews.ro\/ro-alert-in-nordul-judetului-tulcea-populatia-avertizata-asupra-posibilitatii-caderii-unor-obiecte-din-spatiul-aerian\/?share=jetpack-whatsapp\" target=\"_blank\" aria-labelledby=\"sharing-whatsapp-33702\"><span id=\"sharing-whatsapp-33702\" hidden>Share on WhatsApp (Opens in new window)<\/span><span>WhatsApp<\/span><\/a><\/li>\n<li class=\"share-email\"><a rel=\"nofollow noopener noreferrer\" data-shared=\"sharing-email-33702\" class=\"share-email sd-button\" href=\"mailto:?subject=%5BShared%20Post%5D%20RO-Alert%20%C3%AEn%20nordul%20jude%C8%9Bului%20Tulcea.%20Popula%C8%9Bia%2C%20avertizat%C4%83%20asupra%20posibilit%C4%83%C8%9Bii%20c%C4%83derii%20unor%20obiecte%20din%20spa%C8%9Biul%20aerian&amp;body=https%3A%2F%2Fwww.tlnews.ro%2Fro-alert-in-nordul-judetului-tulcea-populatia-avertizata-asupra-posibilitatii-caderii-unor-obiecte-din-spatiul-aerian%2F&amp;share=email\" target=\"_blank\" aria-labelledby=\"sharing-email-33702\" data-email-share-error-title=\"Do you have email set up?\" data-email-share-error-text=\"If you&apos;re having problems sharing via email, you might not have email set up for your browser. You may need to create a new email yourself.\" data-email-share-nonce=\"b01bab5fe1\" data-email-share-track-url=\"https:\/\/www.tlnews.ro\/ro-alert-in-nordul-judetului-tulcea-populatia-avertizata-asupra-posibilitatii-caderii-unor-obiecte-din-spatiul-aerian\/?share=email\"><span id=\"sharing-email-33702\" hidden>Email a link to a friend (Opens in new window)<\/span><span>Email<\/span><\/a><\/li>\n<li class=\"share-telegram\"><a rel=\"nofollow noopener noreferrer\" data-shared=\"sharing-telegram-33702\" class=\"share-telegram sd-button\" href=\"https:\/\/www.tlnews.ro\/ro-alert-in-nordul-judetului-tulcea-populatia-avertizata-asupra-posibilitatii-caderii-unor-obiecte-din-spatiul-aerian\/?share=telegram\" target=\"_blank\" aria-labelledby=\"sharing-telegram-33702\"><span id=\"sharing-telegram-33702\" hidden>Share on Telegram (Opens in new window)<\/span><span>Telegram<\/span><\/a><\/li>\n<li class=\"share-twitter\"><a href=\"https:\/\/twitter.com\/share\" class=\"twitter-share-button\" data-url=\"https:\/\/www.tlnews.ro\/ro-alert-in-nordul-judetului-tulcea-populatia-avertizata-asupra-posibilitatii-caderii-unor-obiecte-din-spatiul-aerian\/\" data-text=\"RO-Alert \u00een nordul jude\u021bului Tulcea. Popula\u021bia, avertizat\u0103 asupra posibilit\u0103\u021bii c\u0103derii unor obiecte din spa\u021biul aerian\" data-via=\"boioglu\">Tweet<\/a><\/li>\n<li class=\"share-print\"><a rel=\"nofollow noopener noreferrer\" data-shared=\"sharing-print-33702\" class=\"share-print sd-button\" href=\"https:\/\/www.tlnews.ro\/ro-alert-in-nordul-judetului-tulcea-populatia-avertizata-asupra-posibilitatii-caderii-unor-obiecte-din-spatiul-aerian\/#print?share=print\" target=\"_blank\" aria-labelledby=\"sharing-print-33702\"><span id=\"sharing-print-33702\" hidden>Print (Opens in new window)<\/span><span>Print<\/span><\/a><\/li>\n<li class=\"share-facebook\">\n<li class=\"share-end\"><\/ul>\n<\/div>\n<\/div>\n<\/div>\n<\/div>\n<div class=\"entry-tags clearfix\">\n<ul>\n<li><a href=\"https:\/\/www.tlnews.ro\/tag\/blinkfeedrss\/\" rel=\"tag\">blinkfeedrss<\/a><\/li>\n<li><a href=\"https:\/\/www.tlnews.ro\/tag\/grss\/\" rel=\"tag\">grss<\/a><\/li>\n<li><a href=\"https:\/\/www.tlnews.ro\/tag\/isu-tulcea\/\" rel=\"tag\">isu tulcea<\/a><\/li>\n<li><a href=\"https:\/\/www.tlnews.ro\/tag\/mesaj-ro-alert\/\" rel=\"tag\">mesaj Ro-Alert<\/a><\/li>\n<li><a href=\"https:\/\/www.tlnews.ro\/tag\/tulcea\/\" rel=\"tag\">Tulcea<\/a><\/li>\n<li><a href=\"https:\/\/www.tlnews.ro\/tag\/yahoorss\/\" rel=\"tag\">yahoorss<\/a><\/li>\n<\/ul>\n<\/div>\n<div id=\"text-16\" class=\"mh-widget mh-posts-2 widget_text\">\n<div class=\"textwidget\">\n<p><em><strong>R\u0103spunderea pentru textul acestui articol apar\u021bine exclusiv autorului. \u00cen cazul unui Comunicat de Pres\u0103, r\u0103spunderea apar\u021bine exclusiv institu\u021biei care l-a emis \u0219i persoanelor fizice sau juridice care au fost citate \u00een articol.<\/strong><\/em><\/p>\n<p><em><strong>Publica\u021bia <a href=\"https:\/\/www.tlnews.ro\">TLnews<\/a>, persoana juridic\u0103 asociat\u0103 cu aceasta \u0219i persoanele fizice care administreaz\u0103 aceast\u0103 companie nu \u00ee\u0219i asum\u0103 r\u0103spunderea pentru informa\u021biile publicate de autorii articolelor sau ale comunicatelor de pres\u0103.<\/strong><\/em><\/p>\n<p><em><strong>Informa\u021biile de pe TLnews.ro sunt ob\u021binute din surse publice \u0219i deschise. <\/strong><\/em><\/p>\n<p>Conform articolului 7 din legea 190\/2018, prelucrarea \u00een scop jurnalistic este derogat\u0103 de prevederile Regulamentului general privind protec\u021bia datelor cu caracter personal daca este asigurat un echilibru \u00een ceea ce prive\u0219te libertatea de exprimare \u0219i dreptul la informa\u021bie. <\/p>\n<\/div>\n<\/div>\n<\/article>\n<section class=\"mh-related-content\">\n<h3 class=\"mh-widget-title mh-related-content-title\"><span class=\"mh-widget-title-inner\">Related Articles<\/span><\/h3>\n<div class=\"mh-related-wrap mh-row clearfix\">\n<div class=\"mh-col-1-3 mh-posts-grid-col clearfix\">\n<article class=\"post-33695 format-standard mh-posts-grid-item clearfix\">\n<figure class=\"mh-posts-grid-thumb\"><a class=\"mh-thumb-icon mh-thumb-icon-small-mobile\" href=\"https:\/\/www.tlnews.ro\/sala-polivalenta-tulcea-va-gazdui-meciul-nationalei-de-baschet-a-romaniei-cu-bulgaria\/\" title=\"Sala Polivalent\u0103 Tulcea va g\u0103zdui meciul na\u021bionalei de baschet a Rom\u00e2niei cu Bulgaria\"><img loading=\"lazy\" decoding=\"async\" width=\"326\" height=\"245\" src=\"https:\/\/www.tlnews.ro\/wp-content\/uploads\/2026\/08\/CDM00517-326x245.jpg\" class=\"attachment-mh-magazine-medium size-mh-magazine-medium wp-post-image\" alt><\/a><\/p>\n<div class=\"mh-image-caption mh-posts-grid-caption\">\n\t\t\t\tAdministratie\t\t\t<\/div>\n<\/figure>\n<h3 class=\"entry-title mh-posts-grid-title\"><a href=\"https:\/\/www.tlnews.ro\/sala-polivalenta-tulcea-va-gazdui-meciul-nationalei-de-baschet-a-romaniei-cu-bulgaria\/\" title=\"Sala Polivalent\u0103 Tulcea va g\u0103zdui meciul na\u021bionalei de baschet a Rom\u00e2niei cu Bulgaria\" rel=\"bookmark\"><br \/>\n\t\t\tSala Polivalent\u0103 Tulcea va g\u0103zdui meciul na\u021bionalei de baschet a Rom\u00e2niei cu Bulgaria\t\t<\/a><\/h3>\n<div class=\"mh-meta entry-meta\"><span class=\"entry-meta-date updated\"><a href=\"https:\/\/www.tlnews.ro\/2026\/08\/\">August 28, 2026<\/a><\/span><span class=\"entry-meta-author author vcard\"><a class=\"fn\" href=\"https:\/\/www.tlnews.ro\/author\/cosmin79\/\">\u0218tefan POPESCU<\/a><\/span><span class=\"entry-meta-categories\"><a href=\"https:\/\/www.tlnews.ro\/category\/administratie\/\" rel=\"category tag\">Administratie<\/a>, <a href=\"https:\/\/www.tlnews.ro\/category\/comunicat-de-presa\/\" rel=\"category tag\">Comunicat de Presa<\/a>, <a href=\"https:\/\/www.tlnews.ro\/category\/tulcea\/\" rel=\"category tag\">Tulcea<\/a><\/span><\/div>\n<div class=\"mh-posts-grid-excerpt clearfix\">\n<div class=\"mh-excerpt\">\n<p>Consiliul Jude\u021bean Tulcea informeaz\u0103 duminic\u0103, 30 august 2026, \u00eencep\u00e2nd cu ora 18.00, Na\u021bionala de Baschet a Rom\u00e2niei \u00eenfrunt\u0103 Bulgaria la <a class=\"mh-excerpt-more\" href=\"https:\/\/www.tlnews.ro\/sala-polivalenta-tulcea-va-gazdui-meciul-nationalei-de-baschet-a-romaniei-cu-bulgaria\/\" title=\"Sala Polivalent\u0103 Tulcea va g\u0103zdui meciul na\u021bionalei de baschet a Rom\u00e2niei cu Bulgaria\">[\u2026]<\/a><\/p>\n<\/div>\n<div class=\"sharedaddy sd-sharing-enabled\">\n<div class=\"robots-nocontent sd-block sd-social sd-social-official sd-sharing\">\n<h3 class=\"sd-title\">Trimite unui prieten:<\/h3>\n<div class=\"sd-content\">\n<ul>\n<li class=\"share-jetpack-whatsapp\"><a rel=\"nofollow noopener noreferrer\" data-shared=\"sharing-whatsapp-33695\" class=\"share-jetpack-whatsapp sd-button\" href=\"https:\/\/www.tlnews.ro\/sala-polivalenta-tulcea-va-gazdui-meciul-nationalei-de-baschet-a-romaniei-cu-bulgaria\/?share=jetpack-whatsapp\" target=\"_blank\" aria-labelledby=\"sharing-whatsapp-33695\"><span id=\"sharing-whatsapp-33695\" hidden>Share on WhatsApp (Opens in new window)<\/span><span>WhatsApp<\/span><\/a><\/li>\n<li class=\"share-email\"><a rel=\"nofollow noopener noreferrer\" data-shared=\"sharing-email-33695\" class=\"share-email sd-button\" href=\"mailto:?subject=%5BShared%20Post%5D%20Sala%20Polivalent%C4%83%20Tulcea%20va%20g%C4%83zdui%20meciul%20na%C8%9Bionalei%20de%20baschet%20a%20Rom%C3%A2niei%20cu%20Bulgaria&amp;body=https%3A%2F%2Fwww.tlnews.ro%2Fsala-polivalenta-tulcea-va-gazdui-meciul-nationalei-de-baschet-a-romaniei-cu-bulgaria%2F&amp;share=email\" target=\"_blank\" aria-labelledby=\"sharing-email-33695\" data-email-share-error-title=\"Do you have email set up?\" data-email-share-error-text=\"If you&apos;re having problems sharing via email, you might not have email set up for your browser. You may need to create a new email yourself.\" data-email-share-nonce=\"26592b147c\" data-email-share-track-url=\"https:\/\/www.tlnews.ro\/sala-polivalenta-tulcea-va-gazdui-meciul-nationalei-de-baschet-a-romaniei-cu-bulgaria\/?share=email\"><span id=\"sharing-email-33695\" hidden>Email a link to a friend (Opens in new window)<\/span><span>Email<\/span><\/a><\/li>\n<li class=\"share-telegram\"><a rel=\"nofollow noopener noreferrer\" data-shared=\"sharing-telegram-33695\" class=\"share-telegram sd-button\" href=\"https:\/\/www.tlnews.ro\/sala-polivalenta-tulcea-va-gazdui-meciul-nationalei-de-baschet-a-romaniei-cu-bulgaria\/?share=telegram\" target=\"_blank\" aria-labelledby=\"sharing-telegram-33695\"><span id=\"sharing-telegram-33695\" hidden>Share on Telegram (Opens in new window)<\/span><span>Telegram<\/span><\/a><\/li>\n<li class=\"share-twitter\"><a href=\"https:\/\/twitter.com\/share\" class=\"twitter-share-button\" data-url=\"https:\/\/www.tlnews.ro\/sala-polivalenta-tulcea-va-gazdui-meciul-nationalei-de-baschet-a-romaniei-cu-bulgaria\/\" data-text=\"Sala Polivalent\u0103 Tulcea va g\u0103zdui meciul na\u021bionalei de baschet a Rom\u00e2niei cu Bulgaria\" data-via=\"boioglu\">Tweet<\/a><\/li>\n<li class=\"share-print\"><a rel=\"nofollow noopener noreferrer\" data-shared=\"sharing-print-33695\" class=\"share-print sd-button\" href=\"https:\/\/www.tlnews.ro\/sala-polivalenta-tulcea-va-gazdui-meciul-nationalei-de-baschet-a-romaniei-cu-bulgaria\/#print?share=print\" target=\"_blank\" aria-labelledby=\"sharing-print-33695\"><span id=\"sharing-print-33695\" hidden>Print (Opens in new window)<\/span><span>Print<\/span><\/a><\/li>\n<li class=\"share-facebook\">\n<li class=\"share-end\"><\/ul>\n<\/div>\n<\/div>\n<\/div>\n<\/div>\n<\/article>\n<\/div>\n<div class=\"mh-col-1-3 mh-posts-grid-col clearfix\">\n<article class=\"post-33693 format-standard mh-posts-grid-item clearfix\">\n<figure class=\"mh-posts-grid-thumb\"><a class=\"mh-thumb-icon mh-thumb-icon-small-mobile\" href=\"https:\/\/www.tlnews.ro\/patru-focare-de-variola-ovina-si-caprina-in-judetul-tulcea-peste-100-de-veterinari-mobilizati-in-teren\/\" title=\"Patru focare de variol\u0103 ovin\u0103 \u0219i caprin\u0103 \u00een jude\u021bul Tulcea. Peste 100 de veterinari, mobiliza\u021bi \u00een teren\"><img loading=\"lazy\" decoding=\"async\" width=\"326\" height=\"245\" src=\"https:\/\/www.tlnews.ro\/wp-content\/uploads\/2024\/07\/sheep-breeding-413551_1280-326x245.jpg\" class=\"attachment-mh-magazine-medium size-mh-magazine-medium wp-post-image\" alt><\/a><\/p>\n<div class=\"mh-image-caption mh-posts-grid-caption\">\n\t\t\t\tComunicat de Presa\t\t\t<\/div>\n<\/figure>\n<h3 class=\"entry-title mh-posts-grid-title\"><a href=\"https:\/\/www.tlnews.ro\/patru-focare-de-variola-ovina-si-caprina-in-judetul-tulcea-peste-100-de-veterinari-mobilizati-in-teren\/\" title=\"Patru focare de variol\u0103 ovin\u0103 \u0219i caprin\u0103 \u00een jude\u021bul Tulcea. Peste 100 de veterinari, mobiliza\u021bi \u00een teren\" rel=\"bookmark\"><br \/>\n\t\t\tPatru focare de variol\u0103 ovin\u0103 \u0219i caprin\u0103 \u00een jude\u021bul Tulcea. Peste 100 de veterinari, mobiliza\u021bi \u00een teren\t\t<\/a><\/h3>\n<div class=\"mh-meta entry-meta\"><span class=\"entry-meta-date updated\"><a href=\"https:\/\/www.tlnews.ro\/2026\/08\/\">August 28, 2026<\/a><\/span><span class=\"entry-meta-author author vcard\"><a class=\"fn\" href=\"https:\/\/www.tlnews.ro\/author\/cosmin79\/\">\u0218tefan POPESCU<\/a><\/span><span class=\"entry-meta-categories\"><a href=\"https:\/\/www.tlnews.ro\/category\/comunicat-de-presa\/\" rel=\"category tag\">Comunicat de Presa<\/a>, <a href=\"https:\/\/www.tlnews.ro\/category\/featured\/\" rel=\"category tag\">Featured<\/a>, <a href=\"https:\/\/www.tlnews.ro\/category\/social\/\" rel=\"category tag\">Social<\/a><\/span><\/div>\n<div class=\"mh-posts-grid-excerpt clearfix\">\n<div class=\"mh-excerpt\">\n<p>Autoritatea Na\u021bional\u0103 Sanitar\u0103 Veterinar\u0103 \u0219i pentru Siguran\u021ba Alimentelor a declan\u0219at o ampl\u0103 ac\u021biune de control epidemiologic \u00een jude\u021bul Tulcea, dup\u0103 <a class=\"mh-excerpt-more\" href=\"https:\/\/www.tlnews.ro\/patru-focare-de-variola-ovina-si-caprina-in-judetul-tulcea-peste-100-de-veterinari-mobilizati-in-teren\/\" title=\"Patru focare de variol\u0103 ovin\u0103 \u0219i caprin\u0103 \u00een jude\u021bul Tulcea. Peste 100 de veterinari, mobiliza\u021bi \u00een teren\">[\u2026]<\/a><\/p>\n<\/div>\n<div class=\"sharedaddy sd-sharing-enabled\">\n<div class=\"robots-nocontent sd-block sd-social sd-social-official sd-sharing\">\n<h3 class=\"sd-title\">Trimite unui prieten:<\/h3>\n<div class=\"sd-content\">\n<ul>\n<li class=\"share-jetpack-whatsapp\"><a rel=\"nofollow noopener noreferrer\" data-shared=\"sharing-whatsapp-33693\" class=\"share-jetpack-whatsapp sd-button\" href=\"https:\/\/www.tlnews.ro\/patru-focare-de-variola-ovina-si-caprina-in-judetul-tulcea-peste-100-de-veterinari-mobilizati-in-teren\/?share=jetpack-whatsapp\" target=\"_blank\" aria-labelledby=\"sharing-whatsapp-33693\"><span id=\"sharing-whatsapp-33693\" hidden>Share on WhatsApp (Opens in new window)<\/span><span>WhatsApp<\/span><\/a><\/li>\n<li class=\"share-email\"><a rel=\"nofollow noopener noreferrer\" data-shared=\"sharing-email-33693\" class=\"share-email sd-button\" href=\"mailto:?subject=%5BShared%20Post%5D%20Patru%20focare%20de%20variol%C4%83%20ovin%C4%83%20%C8%99i%20caprin%C4%83%20%C3%AEn%20jude%C8%9Bul%20Tulcea.%20Peste%20100%20de%20veterinari%2C%20mobiliza%C8%9Bi%20%C3%AEn%20teren&amp;body=https%3A%2F%2Fwww.tlnews.ro%2Fpatru-focare-de-variola-ovina-si-caprina-in-judetul-tulcea-peste-100-de-veterinari-mobilizati-in-teren%2F&amp;share=email\" target=\"_blank\" aria-labelledby=\"sharing-email-33693\" data-email-share-error-title=\"Do you have email set up?\" data-email-share-error-text=\"If you&apos;re having problems sharing via email, you might not have email set up for your browser. You may need to create a new email yourself.\" data-email-share-nonce=\"4d927cb4ed\" data-email-share-track-url=\"https:\/\/www.tlnews.ro\/patru-focare-de-variola-ovina-si-caprina-in-judetul-tulcea-peste-100-de-veterinari-mobilizati-in-teren\/?share=email\"><span id=\"sharing-email-33693\" hidden>Email a link to a friend (Opens in new window)<\/span><span>Email<\/span><\/a><\/li>\n<li class=\"share-telegram\"><a rel=\"nofollow noopener noreferrer\" data-shared=\"sharing-telegram-33693\" class=\"share-telegram sd-button\" href=\"https:\/\/www.tlnews.ro\/patru-focare-de-variola-ovina-si-caprina-in-judetul-tulcea-peste-100-de-veterinari-mobilizati-in-teren\/?share=telegram\" target=\"_blank\" aria-labelledby=\"sharing-telegram-33693\"><span id=\"sharing-telegram-33693\" hidden>Share on Telegram (Opens in new window)<\/span><span>Telegram<\/span><\/a><\/li>\n<li class=\"share-twitter\"><a href=\"https:\/\/twitter.com\/share\" class=\"twitter-share-button\" data-url=\"https:\/\/www.tlnews.ro\/patru-focare-de-variola-ovina-si-caprina-in-judetul-tulcea-peste-100-de-veterinari-mobilizati-in-teren\/\" data-text=\"Patru focare de variol\u0103 ovin\u0103 \u0219i caprin\u0103 \u00een jude\u021bul Tulcea. Peste 100 de veterinari, mobiliza\u021bi \u00een teren\" data-via=\"boioglu\">Tweet<\/a><\/li>\n<li class=\"share-print\"><a rel=\"nofollow noopener noreferrer\" data-shared=\"sharing-print-33693\" class=\"share-print sd-button\" href=\"https:\/\/www.tlnews.ro\/patru-focare-de-variola-ovina-si-caprina-in-judetul-tulcea-peste-100-de-veterinari-mobilizati-in-teren\/#print?share=print\" target=\"_blank\" aria-labelledby=\"sharing-print-33693\"><span id=\"sharing-print-33693\" hidden>Print (Opens in new window)<\/span><span>Print<\/span><\/a><\/li>\n<li class=\"share-facebook\">\n<li class=\"share-end\"><\/ul>\n<\/div>\n<\/div>\n<\/div>\n<\/div>\n<\/article>\n<\/div>\n<div class=\"mh-col-1-3 mh-posts-grid-col clearfix\">\n<article class=\"post-33691 format-standard mh-posts-grid-item clearfix\">\n<figure class=\"mh-posts-grid-thumb\"><a class=\"mh-thumb-icon mh-thumb-icon-small-mobile\" href=\"https:\/\/www.tlnews.ro\/cod-galben-de-vant-in-judetul-tulcea-rafalele-pot-atinge-70-km-h\/\" title=\"Cod galben de v\u00e2nt \u00een jude\u021bul Tulcea. Rafalele pot atinge 70 km\/h\"><img loading=\"lazy\" decoding=\"async\" width=\"326\" height=\"245\" src=\"https:\/\/www.tlnews.ro\/wp-content\/uploads\/2023\/11\/bora-99553_1280-326x245.jpg\" class=\"attachment-mh-magazine-medium size-mh-magazine-medium wp-post-image\" alt><\/a><\/p>\n<div class=\"mh-image-caption mh-posts-grid-caption\">\n\t\t\t\tComunicat de Presa\t\t\t<\/div>\n<\/figure>\n<h3 class=\"entry-title mh-posts-grid-title\"><a href=\"https:\/\/www.tlnews.ro\/cod-galben-de-vant-in-judetul-tulcea-rafalele-pot-atinge-70-km-h\/\" title=\"Cod galben de v\u00e2nt \u00een jude\u021bul Tulcea. Rafalele pot atinge 70 km\/h\" rel=\"bookmark\"><br \/>\n\t\t\tCod galben de v\u00e2nt \u00een jude\u021bul Tulcea. Rafalele pot atinge 70 km\/h\t\t<\/a><\/h3>\n<div class=\"mh-meta entry-meta\"><span class=\"entry-meta-date updated\"><a href=\"https:\/\/www.tlnews.ro\/2026\/08\/\">August 28, 2026<\/a><\/span><span class=\"entry-meta-author author vcard\"><a class=\"fn\" href=\"https:\/\/www.tlnews.ro\/author\/cosmin79\/\">\u0218tefan POPESCU<\/a><\/span><span class=\"entry-meta-categories\"><a href=\"https:\/\/www.tlnews.ro\/category\/comunicat-de-presa\/\" rel=\"category tag\">Comunicat de Presa<\/a>, <a href=\"https:\/\/www.tlnews.ro\/category\/featured\/\" rel=\"category tag\">Featured<\/a>, <a href=\"https:\/\/www.tlnews.ro\/category\/social\/\" rel=\"category tag\">Social<\/a><\/span><\/div>\n<div class=\"mh-posts-grid-excerpt clearfix\">\n<div class=\"mh-excerpt\">\n<p>Administra\u021bia Na\u021bional\u0103 de Meteorologie a emis un Cod galben de intensific\u0103ri ale v\u00e2ntului pentru vineri, 28 august, valabil \u00eentre orele <a class=\"mh-excerpt-more\" href=\"https:\/\/www.tlnews.ro\/cod-galben-de-vant-in-judetul-tulcea-rafalele-pot-atinge-70-km-h\/\" title=\"Cod galben de v\u00e2nt \u00een jude\u021bul Tulcea. Rafalele pot atinge 70 km\/h\">[\u2026]<\/a><\/p>\n<\/div>\n<div class=\"sharedaddy sd-sharing-enabled\">\n<div class=\"robots-nocontent sd-block sd-social sd-social-official sd-sharing\">\n<h3 class=\"sd-title\">Trimite unui prieten:<\/h3>\n<div class=\"sd-content\">\n<ul>\n<li class=\"share-jetpack-whatsapp\"><a rel=\"nofollow noopener noreferrer\" data-shared=\"sharing-whatsapp-33691\" class=\"share-jetpack-whatsapp sd-button\" href=\"https:\/\/www.tlnews.ro\/cod-galben-de-vant-in-judetul-tulcea-rafalele-pot-atinge-70-km-h\/?share=jetpack-whatsapp\" target=\"_blank\" aria-labelledby=\"sharing-whatsapp-33691\"><span id=\"sharing-whatsapp-33691\" hidden>Share on WhatsApp (Opens in new window)<\/span><span>WhatsApp<\/span><\/a><\/li>\n<li class=\"share-email\"><a rel=\"nofollow noopener noreferrer\" data-shared=\"sharing-email-33691\" class=\"share-email sd-button\" href=\"mailto:?subject=%5BShared%20Post%5D%20Cod%20galben%20de%20v%C3%A2nt%20%C3%AEn%20jude%C8%9Bul%20Tulcea.%20Rafalele%20pot%20atinge%2070%20km%2Fh&amp;body=https%3A%2F%2Fwww.tlnews.ro%2Fcod-galben-de-vant-in-judetul-tulcea-rafalele-pot-atinge-70-km-h%2F&amp;share=email\" target=\"_blank\" aria-labelledby=\"sharing-email-33691\" data-email-share-error-title=\"Do you have email set up?\" data-email-share-error-text=\"If you&apos;re having problems sharing via email, you might not have email set up for your browser. You may need to create a new email yourself.\" data-email-share-nonce=\"d0aa111f0d\" data-email-share-track-url=\"https:\/\/www.tlnews.ro\/cod-galben-de-vant-in-judetul-tulcea-rafalele-pot-atinge-70-km-h\/?share=email\"><span id=\"sharing-email-33691\" hidden>Email a link to a friend (Opens in new window)<\/span><span>Email<\/span><\/a><\/li>\n<li class=\"share-telegram\"><a rel=\"nofollow noopener noreferrer\" data-shared=\"sharing-telegram-33691\" class=\"share-telegram sd-button\" href=\"https:\/\/www.tlnews.ro\/cod-galben-de-vant-in-judetul-tulcea-rafalele-pot-atinge-70-km-h\/?share=telegram\" target=\"_blank\" aria-labelledby=\"sharing-telegram-33691\"><span id=\"sharing-telegram-33691\" hidden>Share on Telegram (Opens in new window)<\/span><span>Telegram<\/span><\/a><\/li>\n<li class=\"share-twitter\"><a href=\"https:\/\/twitter.com\/share\" class=\"twitter-share-button\" data-url=\"https:\/\/www.tlnews.ro\/cod-galben-de-vant-in-judetul-tulcea-rafalele-pot-atinge-70-km-h\/\" data-text=\"Cod galben de v\u00e2nt \u00een jude\u021bul Tulcea. Rafalele pot atinge 70 km\/h\" data-via=\"boioglu\">Tweet<\/a><\/li>\n<li class=\"share-print\"><a rel=\"nofollow noopener noreferrer\" data-shared=\"sharing-print-33691\" class=\"share-print sd-button\" href=\"https:\/\/www.tlnews.ro\/cod-galben-de-vant-in-judetul-tulcea-rafalele-pot-atinge-70-km-h\/#print?share=print\" target=\"_blank\" aria-labelledby=\"sharing-print-33691\"><span id=\"sharing-print-33691\" hidden>Print (Opens in new window)<\/span><span>Print<\/span><\/a><\/li>\n<li class=\"share-facebook\">\n<li class=\"share-end\"><\/ul>\n<\/div>\n<\/div>\n<\/div>\n<\/div>\n<\/article>\n<\/div>\n<\/div>\n<\/section>\n<div id=\"comments\" class=\"mh-comments-wrap\">\n<h4 class=\"mh-widget-title mh-comment-form-title\"><span class=\"mh-widget-title-inner\"><br \/>\n\t\t\t\t\tBe the first to comment\t\t\t\t<\/span><\/h4>\n<div id=\"respond\" class=\"comment-respond\">\n<h3 id=\"reply-title\" class=\"comment-reply-title\">Leave a Reply <small><a rel=\"nofollow\" id=\"cancel-comment-reply-link\" href=\"https:\/\/www.tlnews.ro\/ro-alert-in-nordul-judetului-tulcea-populatia-avertizata-asupra-posibilitatii-caderii-unor-obiecte-din-spatiul-aerian\/#respond\">Cancel reply<\/a><\/small><\/h3>\n<p class=\"comment-notes\">Your email address will not be published.<\/p>\n<p class=\"comment-form-comment\"><\/p>\n<p class=\"comment-form-author\"><span class=\"required\">*<\/span><\/p>\n<p class=\"comment-form-email\"><span class=\"required\">*<\/span><\/p>\n<p class=\"comment-form-url\"><\/p>\n<\/div>\n<\/div>\n<\/div>\n<div class=\"entry-content clearfix\">\n<figure class=\"entry-thumbnail\"><a href=\"https:\/\/www.tlnews.ro\/au-fost-finalizate-adaposturile-construite-in-zona-plauru\/adapost-antiaerian\/\"><img decoding=\"async\" src=\"https:\/\/www.tlnews.ro\/wp-content\/uploads\/2023\/09\/adapost-antiaerian-678x381.jpg\" alt title=\"Ad\u0103post construit \u00een jude\u021bul Tulcea. FOTO Ministerul Ap\u0103r\u0103rii\"><\/a><figcaption class=\"wp-caption-text\">Ad\u0103post construit \u00een jude\u021bul Tulcea. FOTO Ministerul Ap\u0103r\u0103rii <\/figcaption><\/figure>\n<p>Un mesaj RO-Alert a fost transmis, duminic\u0103, 30 august, \u00een nordul jude\u021bului Tulcea, popula\u021bia fiind avertizat\u0103 cu privire la posibilitatea c\u0103derii unor obiecte din spa\u021biul aerian.<br \/>\nAvertizarea a fost recep\u021bionat\u0103 \u00een jurul orei 10:55 \u0219i vizeaz\u0103 mai multe localit\u0103\u021bi din jude\u021bul Tulcea.<br \/>\nPrintre localit\u0103\u021bile pentru care a fost transmis mesajul se num\u0103r\u0103 Grindu, Jijila, Luncavi\u021ba, V\u0103c\u0103reni, Isaccea, Niculi\u021bel, Valea Teilor, Frec\u0103\u021bei, Somova, municipiul Tulcea, Ceatalchioi, Pardina, Maliuc, Nuf\u0103ru, Chilia Veche, C.A. Rosetti, Sulina, Cri\u0219an \u0219i Sf\u00e2ntu Gheorghe.<br \/>\nPrin intermediul sistemului RO-Alert, locuitorii au fost informa\u021bi asupra riscului ca obiecte provenite din spa\u021biul aerian s\u0103 cad\u0103 \u00een zon\u0103.<\/p>\n<div class=\"sharedaddy sd-sharing-enabled\">\n<div class=\"robots-nocontent sd-block sd-social sd-social-official sd-sharing\">\n<h3 class=\"sd-title\">Trimite unui prieten:<\/h3>\n<div class=\"sd-content\">\n<ul>\n<li class=\"share-jetpack-whatsapp\"><a rel=\"nofollow noopener noreferrer\" data-shared=\"sharing-whatsapp-33702\" class=\"share-jetpack-whatsapp sd-button\" href=\"https:\/\/www.tlnews.ro\/ro-alert-in-nordul-judetului-tulcea-populatia-avertizata-asupra-posibilitatii-caderii-unor-obiecte-din-spatiul-aerian\/?share=jetpack-whatsapp\" target=\"_blank\" aria-labelledby=\"sharing-whatsapp-33702\"><span id=\"sharing-whatsapp-33702\" hidden>Share on WhatsApp (Opens in new window)<\/span><span>WhatsApp<\/span><\/a><\/li>\n<li class=\"share-email\"><a rel=\"nofollow noopener noreferrer\" data-shared=\"sharing-email-33702\" class=\"share-email sd-button\" href=\"mailto:?subject=%5BShared%20Post%5D%20RO-Alert%20%C3%AEn%20nordul%20jude%C8%9Bului%20Tulcea.%20Popula%C8%9Bia%2C%20avertizat%C4%83%20asupra%20posibilit%C4%83%C8%9Bii%20c%C4%83derii%20unor%20obiecte%20din%20spa%C8%9Biul%20aerian&amp;body=https%3A%2F%2Fwww.tlnews.ro%2Fro-alert-in-nordul-judetului-tulcea-populatia-avertizata-asupra-posibilitatii-caderii-unor-obiecte-din-spatiul-aerian%2F&amp;share=email\" target=\"_blank\" aria-labelledby=\"sharing-email-33702\" data-email-share-error-title=\"Do you have email set up?\" data-email-share-error-text=\"If you&apos;re having problems sharing via email, you might not have email set up for your browser. You may need to create a new email yourself.\" data-email-share-nonce=\"b01bab5fe1\" data-email-share-track-url=\"https:\/\/www.tlnews.ro\/ro-alert-in-nordul-judetului-tulcea-populatia-avertizata-asupra-posibilitatii-caderii-unor-obiecte-din-spatiul-aerian\/?share=email\"><span id=\"sharing-email-33702\" hidden>Email a link to a friend (Opens in new window)<\/span><span>Email<\/span><\/a><\/li>\n<li class=\"share-telegram\"><a rel=\"nofollow noopener noreferrer\" data-shared=\"sharing-telegram-33702\" class=\"share-telegram sd-button\" href=\"https:\/\/www.tlnews.ro\/ro-alert-in-nordul-judetului-tulcea-populatia-avertizata-asupra-posibilitatii-caderii-unor-obiecte-din-spatiul-aerian\/?share=telegram\" target=\"_blank\" aria-labelledby=\"sharing-telegram-33702\"><span id=\"sharing-telegram-33702\" hidden>Share on Telegram (Opens in new window)<\/span><span>Telegram<\/span><\/a><\/li>\n<li class=\"share-twitter\"><a href=\"https:\/\/twitter.com\/share\" class=\"twitter-share-button\" data-url=\"https:\/\/www.tlnews.ro\/ro-alert-in-nordul-judetului-tulcea-populatia-avertizata-asupra-posibilitatii-caderii-unor-obiecte-din-spatiul-aerian\/\" data-text=\"RO-Alert \u00een nordul jude\u021bului Tulcea. Popula\u021bia, avertizat\u0103 asupra posibilit\u0103\u021bii c\u0103derii unor obiecte din spa\u021biul aerian\" data-via=\"boioglu\">Tweet<\/a><\/li>\n<li class=\"share-print\"><a rel=\"nofollow noopener noreferrer\" data-shared=\"sharing-print-33702\" class=\"share-print sd-button\" href=\"https:\/\/www.tlnews.ro\/ro-alert-in-nordul-judetului-tulcea-populatia-avertizata-asupra-posibilitatii-caderii-unor-obiecte-din-spatiul-aerian\/#print?share=print\" target=\"_blank\" aria-labelledby=\"sharing-print-33702\"><span id=\"sharing-print-33702\" hidden>Print (Opens in new window)<\/span><span>Print<\/span><\/a><\/li>\n<li class=\"share-facebook\">\n<li class=\"share-end\"><\/ul>\n<\/div>\n<\/div>\n<\/div>\n<\/div>\n<p>[analyse_source url=&#8221;https:\/\/www.tlnews.ro\/ro-alert-in-nordul-judetului-tulcea-populatia-avertizata-asupra-posibilitatii-caderii-unor-obiecte-din-spatiul-aerian\/&#8221;]<\/p>\n","protected":false},"excerpt":{"rendered":"<p>[analyse_image type=&#8221;featured&#8221; src=&#8221;https:\/\/www.tlnews.ro\/wp-content\/uploads\/2023\/09\/adapost-antiaerian-1024&#215;576.jpghttps:\/\/www.tlnews.ro\/wp-content\/uploads\/2023\/09\/adapost-antiaerian.jpg&#8221;] RO-Alert \u00een nordul jude\u021bului Tulcea. Popula\u021bia, avertizat\u0103 asupra posibilit\u0103\u021bii c\u0103derii unor obiecte din spa\u021biul aerian August 30, 2026\u0218tefan POPESCUEveniment, Featured Ad\u0103post construit \u00een jude\u021bul Tulcea. FOTO Ministerul Ap\u0103r\u0103rii Un mesaj RO-Alert a fost transmis, duminic\u0103, 30 august, \u00een nordul jude\u021bului Tulcea, popula\u021bia fiind avertizat\u0103 cu privire la posibilitatea c\u0103derii unor obiecte din [&hellip;]<\/p>\n","protected":false},"author":1,"featured_media":0,"comment_status":"open","ping_status":"","sticky":false,"template":"","format":"standard","meta":{"footnotes":""},"categories":[89],"tags":[226,193],"class_list":["post-2119614","post","type-post","status-publish","format-standard","hentry","category-romania","tag-crawlmanager","tag-tlnews-ro"],"_links":{"self":[{"href":"https:\/\/analyse.optim.biz\/index.php?rest_route=\/wp\/v2\/posts\/2119614","targetHints":{"allow":["GET"]}}],"collection":[{"href":"https:\/\/analyse.optim.biz\/index.php?rest_route=\/wp\/v2\/posts"}],"about":[{"href":"https:\/\/analyse.optim.biz\/index.php?rest_route=\/wp\/v2\/types\/post"}],"author":[{"embeddable":true,"href":"https:\/\/analyse.optim.biz\/index.php?rest_route=\/wp\/v2\/users\/1"}],"replies":[{"embeddable":true,"href":"https:\/\/analyse.optim.biz\/index.php?rest_route=%2Fwp%2Fv2%2Fcomments&post=2119614"}],"version-history":[{"count":0,"href":"https:\/\/analyse.optim.biz\/index.php?rest_route=\/wp\/v2\/posts\/2119614\/revisions"}],"wp:attachment":[{"href":"https:\/\/analyse.optim.biz\/index.php?rest_route=%2Fwp%2Fv2%2Fmedia&parent=2119614"}],"wp:term":[{"taxonomy":"category","embeddable":true,"href":"https:\/\/analyse.optim.biz\/index.php?rest_route=%2Fwp%2Fv2%2Fcategories&post=2119614"},{"taxonomy":"post_tag","embeddable":true,"href":"https:\/\/analyse.optim.biz\/index.php?rest_route=%2Fwp%2Fv2%2Ftags&post=2119614"}],"curies":[{"name":"wp","href":"https:\/\/api.w.org\/{rel}","templated":true}]}}