{"id":2119596,"date":"2026-08-30T13:05:51","date_gmt":"2026-08-30T10:05:51","guid":{"rendered":"https:\/\/analyse.optim.biz\/?p=2119596"},"modified":"2026-08-30T13:05:51","modified_gmt":"2026-08-30T10:05:51","slug":"dominic-fritz-vom-transforma-aceste-30-de-zile-dintr-un-abuz-intr-un-festival-al-faptelor","status":"publish","type":"post","link":"https:\/\/analyse.optim.biz\/?p=2119596","title":{"rendered":"Dominic Fritz: \u201eVom transforma aceste 30 de zile dintr-un abuz \u00eentr-un festival al faptelor\u201d"},"content":{"rendered":"<p>[analyse_image type=&#8221;featured&#8221; src=&#8221;https:\/\/orasul-timisoara.ro\/wp-content\/uploads\/2026\/08\/dominic-fritx-maneci-suflecate.jpg&#8221;]<\/p>\n<article id=\"post-40614\" class=\"td-post-template-7 post-40614 post type-post status-publish format-standard has-post-thumbnail category-administratie category-featured category-politic category-stiri-timisoara tag-administratia-locala tag-amendamentul-fritz tag-aur tag-dominic-fritz tag-legea-ani tag-legea-anti-timisoara tag-nicusor-dan-2 tag-politica-2 tag-primaria-timisoara-2 tag-psd tag-timisoara-2 td-container-wrap\">\n<div class=\"td-full-screen-header-image-wrap\">\n<div class=\"td-container td-post-header\">\n<div class=\"td-crumb-container\">\n<div class=\"entry-crumbs\"><span><a title=\"Vede\u021bi toate articolele \u00een Administra\u021bie local\u0103\" class=\"entry-crumb\" href=\"https:\/\/orasul-timisoara.ro\/local-category\/administratie\/\">Administra\u021bie local\u0103<\/a><\/span><span class=\"td-bred-no-url-last\">Dominic Fritz: \u201eVom transforma aceste 30 de zile dintr-un abuz \u00eentr-un festival&#8230;<\/span><\/div>\n<\/div>\n<div class=\"td-post-header-holder\">\n<div class=\"td-parallax-header\">\n<header class=\"td-post-title\">\n<ul class=\"td-category\">\n<li class=\"entry-category\"><a href=\"https:\/\/orasul-timisoara.ro\/local-category\/administratie\/\">Administra\u021bie local\u0103<\/a><\/li>\n<li class=\"entry-category\"><a href=\"https:\/\/orasul-timisoara.ro\/local-category\/politic\/\">Politic<\/a><\/li>\n<li class=\"entry-category\"><a href=\"https:\/\/orasul-timisoara.ro\/local-category\/stiri-timisoara\/\">\u0218tiri Locale<\/a><\/li>\n<\/ul>\n<h1 class=\"entry-title\">Dominic Fritz: \u201eVom transforma aceste 30 de zile dintr-un abuz \u00eentr-un festival al faptelor\u201d<\/h1>\n<div class=\"td-module-meta-info\">\n<div class=\"td-post-author-name\">\n<div class=\"td-author-by\">De c\u0103tre<\/div>\n<p><a href=\"https:\/\/orasul-timisoara.ro\/author\/timisoara\/\">redactia<\/a><\/p>\n<div class=\"td-author-line\"> &#8211; <\/div>\n<\/div>\n<p><span class=\"td-post-date\"><time class=\"entry-date updated td-module-date\" datetime=\"2026-08-30T16:05:51+03:00\">30\/08\/2026<\/time><\/span><\/div>\n<\/header>\n<\/div>\n<\/div>\n<\/div>\n<div id=\"td-full-screen-header-image\" class=\"td-image-gradient-style7\"><img decoding=\"async\" class=\"td-backstretch\" src=\"https:\/\/orasul-timisoara.ro\/wp-content\/uploads\/2026\/08\/dominic-fritx-maneci-suflecate.jpg\"><\/div>\n<\/div>\n<div class=\"td-container\">\n<div class=\"td-pb-row\">\n<div class=\"td-pb-span8 td-main-content\" role=\"main\">\n<div class=\"td-ss-main-content\">\n<div class=\"td-post-sharing-top\">\n<div class=\"td-post-sharing-classic\"><iframe title=\"topFacebookLike\" frameborder src=\"https:\/\/www.facebook.com\/plugins\/like.php?href=https:\/\/orasul-timisoara.ro\/local-40614\/&amp;layout=button_count&amp;show_faces=false&amp;width=105&amp;action=like&amp;colorscheme=light&amp;height=21\"><\/iframe><\/div>\n<div id=\"td_social_sharing_article_top\" class=\"td-post-sharing td-ps-bg td-ps-notext td-post-sharing-style1 \">\n<div class=\"td-post-sharing-visible\"><a class=\"td-social-sharing-button td-social-sharing-button-js td-social-network td-social-facebook\" href=\"https:\/\/www.facebook.com\/sharer.php?u=https%3A%2F%2Forasul-timisoara.ro%2Flocal-40614%2F\" title=\"Facebook\"><\/p>\n<div class=\"td-social-but-text\">Facebook<\/div>\n<p><\/a><a class=\"td-social-sharing-button td-social-sharing-button-js td-social-network td-social-twitter\" href=\"https:\/\/twitter.com\/intent\/tweet?text=Dominic+Fritz%3A+%E2%80%9EVom+transforma+aceste+30+de+zile+dintr-un+abuz+%C3%AEntr-un+festival+al+faptelor%E2%80%9D&amp;url=https%3A%2F%2Forasul-timisoara.ro%2Flocal-40614%2F&amp;via=orasultm\" title=\"Twitter\"><\/p>\n<div class=\"td-social-but-text\">Twitter<\/div>\n<p><\/a><a class=\"td-social-sharing-button td-social-sharing-button-js td-social-network td-social-whatsapp\" href=\"https:\/\/api.whatsapp.com\/send?text=Dominic+Fritz%3A+%E2%80%9EVom+transforma+aceste+30+de+zile+dintr-un+abuz+%C3%AEntr-un+festival+al+faptelor%E2%80%9D%20%0A%0A%20https:\/\/orasul-timisoara.ro\/local-40614\/\" title=\"WhatsApp\"><\/p>\n<div class=\"td-social-but-text\">WhatsApp<\/div>\n<p><\/a><a class=\"td-social-sharing-button td-social-sharing-button-js td-social-network td-social-linkedin\" href=\"https:\/\/www.linkedin.com\/shareArticle?mini=true&amp;url=https:\/\/orasul-timisoara.ro\/local-40614\/&amp;title=Dominic+Fritz%3A+%E2%80%9EVom+transforma+aceste+30+de+zile+dintr-un+abuz+%C3%AEntr-un+festival+al+faptelor%E2%80%9D\" title=\"Linkedin\"><\/p>\n<div class=\"td-social-but-text\">Linkedin<\/div>\n<p><\/a><a class=\"td-social-sharing-button td-social-sharing-button-js td-social-network td-social-reddit\" href=\"https:\/\/reddit.com\/submit?url=https:\/\/orasul-timisoara.ro\/local-40614\/&amp;title=Dominic+Fritz%3A+%E2%80%9EVom+transforma+aceste+30+de+zile+dintr-un+abuz+%C3%AEntr-un+festival+al+faptelor%E2%80%9D\" title=\"ReddIt\"><\/p>\n<div class=\"td-social-but-text\">ReddIt<\/div>\n<p><\/a><a class=\"td-social-sharing-button td-social-sharing-button-js td-social-network td-social-mail\" href=\"mailto:?subject=Dominic%20Fritz:%20%E2%80%9EVom%20transforma%20aceste%2030%20de%20zile%20dintr-un%20abuz%20%C3%AEntr-un%20festival%20al%20faptelor%E2%80%9D&amp;body=https:\/\/orasul-timisoara.ro\/local-40614\/\" title=\"Email\"><\/p>\n<div class=\"td-social-but-text\">Email<\/div>\n<p><\/a><a class=\"td-social-sharing-button td-social-sharing-button-js td-social-network td-social-print\" href=\"https:\/\/orasul-timisoara.ro\/local-40614\/\" title=\"Imprimare\"><\/p>\n<div class=\"td-social-but-text\">Imprimare<\/div>\n<p><\/a><\/div>\n<\/div>\n<\/div>\n<div class=\"td-post-content tagdiv-type\">\n<p class=\"wp-block-paragraph\">Dominic Fritz anun\u021b\u0103 c\u0103 urm\u0103toarele 30 de zile, p\u00e2n\u0103 la \u00eencetarea mandatului s\u0103u de primar al Timi\u0219oarei, vor fi dedicate \u00een \u00eentregime ora\u0219ului \u0219i proiectelor timi\u0219orenilor. Mesajul vine dup\u0103 promulgarea de c\u0103tre pre\u0219edintele Nicu\u0219or Dan a legii care con\u021bine amendamentul ce \u00eei afecteaz\u0103 direct mandatul \u0219i dup\u0103 publicarea actului normativ \u00een Monitorul Oficial.<\/p>\n<p class=\"wp-block-paragraph\">Primarul Timi\u0219oarei spune c\u0103 nu inten\u021bioneaz\u0103 s\u0103 lase aceast\u0103 perioad\u0103 s\u0103 fie dominat\u0103 de conflictul politic generat de lege, ci vrea s\u0103 o transforme \u00eentr-o perioad\u0103 dedicat\u0103 proiectelor \u0219i rezultatelor administra\u021biei locale.<\/p>\n<h2 class=\"wp-block-heading\">Dominic Fritz: \u201eEu am o alt\u0103 agend\u0103: Timi\u0219oara \u0219i Rom\u00e2nia\u201d<\/h2>\n<p class=\"wp-block-paragraph\">\u00cen mesajul transmis dup\u0103 publicarea legii \u00een Monitorul Oficial, Dominic Fritz critic\u0103 demersul politic care a dus la adoptarea amendamentului \u0219i sus\u021bine c\u0103 scopul acestuia ar fi acela de a descuraja oamenii care cred \u00een schimbarea administra\u021biei publice.<\/p>\n<p class=\"wp-block-paragraph\">Edilul nume\u0219te noul act normativ \u201elegea anti-Timi\u0219oara\u201d \u0219i afirm\u0103 c\u0103, \u00een ciuda situa\u021biei create, agenda sa pentru urm\u0103toarea perioad\u0103 r\u0103m\u00e2ne una legat\u0103 de ora\u0219 \u0219i de proiectele aflate \u00een derulare.<\/p>\n<p class=\"wp-block-paragraph\">\u201eLegea anti-Timi\u0219oara a fost publicat\u0103 \u00een Monitorul Oficial. \u021ainta PSD+AUR cu aceast\u0103 lege: s\u0103 v\u0103 omoare speran\u021ba. Eu am o alt\u0103 agend\u0103: Timi\u0219oara \u0219i Rom\u00e2nia\u201d, a transmis Dominic Fritz.<\/p>\n<p class=\"wp-block-paragraph\">Primarul spune c\u0103 nu vrea ca cele 30 de zile care i-au mai r\u0103mas \u00een func\u021bie s\u0103 fie privite ca o perioad\u0103 de capitulare, ci ca una \u00een care rezultatele administra\u021biei s\u0103 fie puse \u00een eviden\u021b\u0103.<\/p>\n<h2 class=\"wp-block-heading\">\u201eVom transforma aceste 30 de zile dintr-un abuz \u00eentr-un festival al faptelor\u201d<\/h2>\n<p class=\"wp-block-paragraph\">Dominic Fritz \u00eei asigur\u0103 pe timi\u0219oreni c\u0103 va continua s\u0103 lucreze pentru ora\u0219 \u0219i sus\u021bine c\u0103 nu inten\u021bioneaz\u0103 s\u0103 r\u0103spund\u0103 situa\u021biei prin retragere sau descurajare.<\/p>\n<p class=\"wp-block-paragraph\">\u201e\u00cempreun\u0103 cu voi, refuz s\u0103 ne l\u0103s\u0103m umili\u021bi. \u00cempreun\u0103 cu voi, refuz s\u0103 ne l\u0103s\u0103m descuraja\u021bi. Vom transforma aceste 30 de zile dintr-un abuz \u00eentr-un festival al faptelor prin care am schimbat Timi\u0219oara\u201d, a declarat primarul.<\/p>\n<p class=\"wp-block-paragraph\">Fritz sus\u021bine c\u0103 ceea ce \u00eei sperie cel mai mult pe adversarii s\u0103i politici este posibilitatea ca Rom\u00e2nia s\u0103 se schimbe prin munc\u0103, seriozitate \u0219i integritate.<\/p>\n<p class=\"wp-block-paragraph\">\u201ePentru c\u0103 asta \u00eei sperie cel mai tare: c\u0103 Rom\u00e2nia se poate schimba prin munc\u0103, seriozitate \u0219i f\u0103r\u0103 fur\u0103ciuni\u201d, a mai transmis edilul.<\/p>\n<p class=\"wp-block-paragraph\">Pentru primarul Timi\u0219oarei, perioada r\u0103mas\u0103 p\u00e2n\u0103 la \u00eencetarea mandatului reprezint\u0103 astfel mai degrab\u0103 o provocare dec\u00e2t un motiv pentru \u00eencetinirea activit\u0103\u021bii.<\/p>\n<h2 class=\"wp-block-heading\">\u201e\u0218i din ziua 31 \u2013 \u00een care eu tot timi\u0219orean voi fi \u2013 continu\u0103m\u201d<\/h2>\n<p class=\"wp-block-paragraph\">Dominic Fritz vorbe\u0219te \u0219i despre ceea ce se va \u00eent\u00e2mpla dup\u0103 \u00eencetarea mandatului s\u0103u de primar. Edilul transmite c\u0103, indiferent de func\u021bia pe care o va ocupa sau nu, va r\u0103m\u00e2ne \u00een Timi\u0219oara \u0219i va continua s\u0103 fie implicat \u00een via\u021ba ora\u0219ului.<\/p>\n<p class=\"wp-block-paragraph\">\u201e\u0218i din ziua 31 \u2013 \u00een care eu tot timi\u0219orean voi fi \u2013 continu\u0103m. Eu voi fi tot aici. Cu voi. \u00cenainte, \u00eempreun\u0103\u201d, a \u00eencheiat primarul Timi\u0219oarei.<\/p>\n<p class=\"wp-block-paragraph\">Mesajul lui Dominic Fritz vine \u00eentr-un moment \u00een care disputa politic\u0103 generat\u0103 de amendamentul care \u00eei afecteaz\u0103 mandatul continu\u0103 s\u0103 provoace reac\u021bii \u00een spa\u021biul public. \u00cen loc s\u0103 \u00ee\u0219i concentreze discursul exclusiv asupra pierderii func\u021biei, edilul afirm\u0103 c\u0103 \u00ee\u0219i va dedica urm\u0103toarele 30 de zile Timi\u0219oarei \u0219i proiectelor timi\u0219orenilor.<\/p>\n<p class=\"wp-block-paragraph\">Pentru Dominic Fritz, mesajul transmis este unul de continuitate. Chiar dac\u0103 mandatul s\u0103u de primar se apropie de final \u00een urma noilor prevederi legislative, edilul spune c\u0103 r\u0103m\u00e2ne al\u0103turi de Timi\u0219oara \u0219i de timi\u0219oreni \u0219i c\u0103 lupta pentru schimbarea administra\u021biei nu se \u00eencheie odat\u0103 cu ziua \u00een care va p\u0103r\u0103si Prim\u0103ria.<\/p>\n<\/div>\n<footer>\n<div class=\"td-post-source-tags\">\n<ul class=\"td-tags td-post-small-box clearfix\">\n<li><span>ETICHETE<\/span><\/li>\n<li><a href=\"https:\/\/orasul-timisoara.ro\/local-tag\/administratia-locala\/\">administra\u021bia local\u0103<\/a><\/li>\n<li><a href=\"https:\/\/orasul-timisoara.ro\/local-tag\/amendamentul-fritz\/\">amendamentul Fritz<\/a><\/li>\n<li><a href=\"https:\/\/orasul-timisoara.ro\/local-tag\/aur\/\">aur<\/a><\/li>\n<li><a href=\"https:\/\/orasul-timisoara.ro\/local-tag\/dominic-fritz\/\">dominic fritz<\/a><\/li>\n<li><a href=\"https:\/\/orasul-timisoara.ro\/local-tag\/legea-ani\/\">legea ANI<\/a><\/li>\n<li><a href=\"https:\/\/orasul-timisoara.ro\/local-tag\/legea-anti-timisoara\/\">legea anti-timi\u0219oara<\/a><\/li>\n<li><a href=\"https:\/\/orasul-timisoara.ro\/local-tag\/nicusor-dan-2\/\">Nicu\u0219or Dan<\/a><\/li>\n<li><a href=\"https:\/\/orasul-timisoara.ro\/local-tag\/politica-2\/\">politic\u0103<\/a><\/li>\n<li><a href=\"https:\/\/orasul-timisoara.ro\/local-tag\/primaria-timisoara-2\/\">Prim\u0103ria Timi\u0219oara<\/a><\/li>\n<li><a href=\"https:\/\/orasul-timisoara.ro\/local-tag\/psd\/\">psd<\/a><\/li>\n<li><a href=\"https:\/\/orasul-timisoara.ro\/local-tag\/timisoara-2\/\">timi\u0219oara<\/a><\/li>\n<\/ul>\n<\/div>\n<div class=\"td-post-sharing-bottom\">\n<div class=\"td-post-sharing-classic\"><iframe title=\"bottomFacebookLike\" frameborder src=\"https:\/\/www.facebook.com\/plugins\/like.php?href=https:\/\/orasul-timisoara.ro\/local-40614\/&amp;layout=button_count&amp;show_faces=false&amp;width=105&amp;action=like&amp;colorscheme=light&amp;height=21\"><\/iframe><\/div>\n<div id=\"td_social_sharing_article_bottom\" class=\"td-post-sharing td-ps-bg td-ps-notext td-post-sharing-style1 \">\n<div class=\"td-post-sharing-visible\"><a class=\"td-social-sharing-button td-social-sharing-button-js td-social-network td-social-facebook\" href=\"https:\/\/www.facebook.com\/sharer.php?u=https%3A%2F%2Forasul-timisoara.ro%2Flocal-40614%2F\" title=\"Facebook\"><\/p>\n<div class=\"td-social-but-text\">Facebook<\/div>\n<p><\/a><a class=\"td-social-sharing-button td-social-sharing-button-js td-social-network td-social-twitter\" href=\"https:\/\/twitter.com\/intent\/tweet?text=Dominic+Fritz%3A+%E2%80%9EVom+transforma+aceste+30+de+zile+dintr-un+abuz+%C3%AEntr-un+festival+al+faptelor%E2%80%9D&amp;url=https%3A%2F%2Forasul-timisoara.ro%2Flocal-40614%2F&amp;via=orasultm\" title=\"Twitter\"><\/p>\n<div class=\"td-social-but-text\">Twitter<\/div>\n<p><\/a><a class=\"td-social-sharing-button td-social-sharing-button-js td-social-network td-social-whatsapp\" href=\"https:\/\/api.whatsapp.com\/send?text=Dominic+Fritz%3A+%E2%80%9EVom+transforma+aceste+30+de+zile+dintr-un+abuz+%C3%AEntr-un+festival+al+faptelor%E2%80%9D%20%0A%0A%20https:\/\/orasul-timisoara.ro\/local-40614\/\" title=\"WhatsApp\"><\/p>\n<div class=\"td-social-but-text\">WhatsApp<\/div>\n<p><\/a><a class=\"td-social-sharing-button td-social-sharing-button-js td-social-network td-social-linkedin\" href=\"https:\/\/www.linkedin.com\/shareArticle?mini=true&amp;url=https:\/\/orasul-timisoara.ro\/local-40614\/&amp;title=Dominic+Fritz%3A+%E2%80%9EVom+transforma+aceste+30+de+zile+dintr-un+abuz+%C3%AEntr-un+festival+al+faptelor%E2%80%9D\" title=\"Linkedin\"><\/p>\n<div class=\"td-social-but-text\">Linkedin<\/div>\n<p><\/a><a class=\"td-social-sharing-button td-social-sharing-button-js td-social-network td-social-reddit\" href=\"https:\/\/reddit.com\/submit?url=https:\/\/orasul-timisoara.ro\/local-40614\/&amp;title=Dominic+Fritz%3A+%E2%80%9EVom+transforma+aceste+30+de+zile+dintr-un+abuz+%C3%AEntr-un+festival+al+faptelor%E2%80%9D\" title=\"ReddIt\"><\/p>\n<div class=\"td-social-but-text\">ReddIt<\/div>\n<p><\/a><a class=\"td-social-sharing-button td-social-sharing-button-js td-social-network td-social-mail\" href=\"mailto:?subject=Dominic%20Fritz:%20%E2%80%9EVom%20transforma%20aceste%2030%20de%20zile%20dintr-un%20abuz%20%C3%AEntr-un%20festival%20al%20faptelor%E2%80%9D&amp;body=https:\/\/orasul-timisoara.ro\/local-40614\/\" title=\"Email\"><\/p>\n<div class=\"td-social-but-text\">Email<\/div>\n<p><\/a><a class=\"td-social-sharing-button td-social-sharing-button-js td-social-network td-social-print\" href=\"https:\/\/orasul-timisoara.ro\/local-40614\/\" title=\"Imprimare\"><\/p>\n<div class=\"td-social-but-text\">Imprimare<\/div>\n<p><\/a><\/div>\n<\/div>\n<\/div>\n<div class=\"td-block-row td-post-next-prev\">\n<div class=\"td-block-span6 td-post-prev-post\">\n<div class=\"td-post-next-prev-content\"><span>Articolul precedent<\/span><a href=\"https:\/\/orasul-timisoara.ro\/local-40611\/\">Politehnica Timi\u0219oara, victorie cu 3-0 \u0219i locul 1 \u00een Liga 2! Alb-viole\u021bii au rezistat \u00een inferioritate (video)<\/a><\/div>\n<\/div>\n<div class=\"td-block-span6 td-post-next-post\">\n<div class=\"td-post-next-prev-content\"><span>Articolul urm\u0103tor<\/span><a href=\"https:\/\/orasul-timisoara.ro\/local-40617\/\">Ruben La\u021bc\u0103u: \u201eRedeschidem Calea Martirilor dup\u0103 asfaltare\u201d. Ce se schimb\u0103 la intersec\u021bia cu Rebreanu? (foto)<\/a><\/div>\n<\/div>\n<\/div>\n<div class=\"td-author-name vcard author\"><span class=\"fn\"><a href=\"https:\/\/orasul-timisoara.ro\/author\/timisoara\/\">redactia<\/a><\/span><\/div>\n<p><span class=\"td-page-meta\"><\/span><span class=\"td-page-meta\"><span class=\"td-page-meta\"><\/span><\/span><span class=\"td-page-meta\"><\/span><\/footer>\n<div class=\"td_block_wrap td_block_related_posts tdi_3 td_with_ajax_pagination td-pb-border-top td_block_template_8\" data-td-block-uid=\"tdi_3\">\n<h4 class=\"td-related-title td-block-title\"><a id=\"tdi_4\" class=\"td-related-left td-cur-simple-item\" data-td_filter_value data-td_block_id=\"tdi_3\" href=\"https:\/\/orasul-timisoara.ro\/local-40614\/\">ARTICOLE SIMILARE<\/a><a id=\"tdi_5\" class=\"td-related-right\" data-td_filter_value=\"td_related_more_from_author\" data-td_block_id=\"tdi_3\" href=\"https:\/\/orasul-timisoara.ro\/local-40614\/\">DE LA ACELA\u0218I AUTOR<\/a><\/h4>\n<div id=\"tdi_3\" class=\"td_block_inner\">\n<div class=\"td-related-row\">\n<div class=\"td-related-span4\">\n<div class=\"td_module_related_posts td-animation-stack td_mod_related_posts\">\n<div class=\"td-module-image\">\n<div class=\"td-module-thumb\"><a href=\"https:\/\/orasul-timisoara.ro\/local-40635\/\" rel=\"bookmark\" class=\"td-image-wrap \" title=\"Dominic Fritz: \u201eTimi\u0219oara r\u0103m\u00e2ne pe m\u00e2inile bune ale echipei mele\u201d. Ce spune primarul despre ce urmeaz\u0103\"><img loading=\"lazy\" decoding=\"async\" class=\"entry-thumb\" src=\"https:\/\/orasul-timisoara.ro\/wp-content\/uploads\/2026\/08\/fritz-sustinatori-436x300.jpg\" alt title=\"Dominic Fritz: \u201eTimi\u0219oara r\u0103m\u00e2ne pe m\u00e2inile bune ale echipei mele\u201d. Ce spune primarul despre ce urmeaz\u0103\" width=\"218\" height=\"150\"><\/a><\/div>\n<\/div>\n<div class=\"item-details\">\n<h3 class=\"entry-title td-module-title\"><a href=\"https:\/\/orasul-timisoara.ro\/local-40635\/\" rel=\"bookmark\" title=\"Dominic Fritz: \u201eTimi\u0219oara r\u0103m\u00e2ne pe m\u00e2inile bune ale echipei mele\u201d. Ce spune primarul despre ce urmeaz\u0103\">Dominic Fritz: \u201eTimi\u0219oara r\u0103m\u00e2ne pe m\u00e2inile bune ale echipei mele\u201d. Ce spune primarul despre ce urmeaz\u0103<\/a><\/h3>\n<\/div>\n<\/div>\n<\/div>\n<div class=\"td-related-span4\">\n<div class=\"td_module_related_posts td-animation-stack td_mod_related_posts\">\n<div class=\"td-module-image\">\n<div class=\"td-module-thumb\"><a href=\"https:\/\/orasul-timisoara.ro\/local-40596\/\" rel=\"bookmark\" class=\"td-image-wrap \" title=\"Dominic Fritz ironizeaz\u0103 PSD dup\u0103 promulgarea \u201eamendamentului Fritz\u201d: \u201eTot nu vot\u0103m un guvern PSD\u201d\"><img loading=\"lazy\" decoding=\"async\" class=\"entry-thumb\" src=\"https:\/\/orasul-timisoara.ro\/wp-content\/uploads\/2021\/09\/dominic-fritz-02-1.jpg\" alt title=\"Dominic Fritz ironizeaz\u0103 PSD dup\u0103 promulgarea \u201eamendamentului Fritz\u201d: \u201eTot nu vot\u0103m un guvern PSD\u201d\" width=\"218\" height=\"150\"><\/a><\/div>\n<\/div>\n<div class=\"item-details\">\n<h3 class=\"entry-title td-module-title\"><a href=\"https:\/\/orasul-timisoara.ro\/local-40596\/\" rel=\"bookmark\" title=\"Dominic Fritz ironizeaz\u0103 PSD dup\u0103 promulgarea \u201eamendamentului Fritz\u201d: \u201eTot nu vot\u0103m un guvern PSD\u201d\">Dominic Fritz ironizeaz\u0103 PSD dup\u0103 promulgarea \u201eamendamentului Fritz\u201d: \u201eTot nu vot\u0103m un guvern PSD\u201d<\/a><\/h3>\n<\/div>\n<\/div>\n<\/div>\n<div class=\"td-related-span4\">\n<div class=\"td_module_related_posts td-animation-stack td_mod_related_posts\">\n<div class=\"td-module-image\">\n<div class=\"td-module-thumb\"><a href=\"https:\/\/orasul-timisoara.ro\/local-40591\/\" rel=\"bookmark\" class=\"td-image-wrap \" title=\"Ce se \u00eent\u00e2mpl\u0103 la Timi\u0219oara dup\u0103 \u00eencetarea mandatului lui Dominic Fritz? Trei scenarii pentru Prim\u0103rie\"><img loading=\"lazy\" decoding=\"async\" class=\"entry-thumb\" src=\"https:\/\/orasul-timisoara.ro\/wp-content\/uploads\/2026\/01\/ruben-latcau-01-436x300.jpg\" alt title=\"Ce se \u00eent\u00e2mpl\u0103 la Timi\u0219oara dup\u0103 \u00eencetarea mandatului lui Dominic Fritz? Trei scenarii pentru Prim\u0103rie\" width=\"218\" height=\"150\"><\/a><\/div>\n<\/div>\n<div class=\"item-details\">\n<h3 class=\"entry-title td-module-title\"><a href=\"https:\/\/orasul-timisoara.ro\/local-40591\/\" rel=\"bookmark\" title=\"Ce se \u00eent\u00e2mpl\u0103 la Timi\u0219oara dup\u0103 \u00eencetarea mandatului lui Dominic Fritz? Trei scenarii pentru Prim\u0103rie\">Ce se \u00eent\u00e2mpl\u0103 la Timi\u0219oara dup\u0103 \u00eencetarea mandatului lui Dominic Fritz? Trei scenarii pentru Prim\u0103rie<\/a><\/h3>\n<\/div>\n<\/div>\n<\/div>\n<\/div>\n<\/div>\n<\/div>\n<div class=\"comments\" id=\"comments\">\n<div id=\"respond\" class=\"comment-respond\">\n<h3 id=\"reply-title\" class=\"comment-reply-title\">L\u0102SA\u021aI UN MESAJ<\/h3>\n<div class=\"comment-form-input-wrap td-form-comment\">\n<div class=\"td-warning-comment\">V\u0103 rug\u0103m s\u0103 introduce\u021bi comentariul dvs.!<\/div>\n<\/div>\n<div class=\"comment-form-input-wrap td-form-author\">\n<div class=\"td-warning-author\">Introduce\u021bi aici numele dvs.<\/div>\n<\/div>\n<div class=\"comment-form-input-wrap td-form-email\">\n<div class=\"td-warning-email-error\">A\u021bi introdus o adres\u0103 de e-mail incorect\u0103!<\/div>\n<div class=\"td-warning-email\">V\u0103 rug\u0103m s\u0103 introduce\u021bi adresa dvs. de e-mail aici<\/div>\n<\/div>\n<\/div>\n<p class=\"akismet_comment_form_privacy_notice\">Acest site folose\u0219te Akismet pentru a reduce spamul. <a href=\"https:\/\/akismet.com\/privacy\/\" target=\"_blank\" rel=\"nofollow noopener\">Afl\u0103 cum sunt procesate datele comentariilor tale<\/a>.<\/p>\n<\/div>\n<\/div>\n<\/div>\n<div class=\"td-pb-span4 td-main-sidebar\" role=\"complementary\">\n<div class=\"td-ss-main-sidebar\">\n<aside id=\"block-4\" class=\"td_block_template_8 widget block-4 widget_block widget_media_image\">\n<figure class=\"wp-block-image size-full\"><img loading=\"lazy\" decoding=\"async\" width=\"336\" height=\"280\" src=\"https:\/\/orasul-timisoara.ro\/wp-content\/uploads\/2024\/11\/ReTIM-Abonamentul-Verde-Google-Ads-336x280px.gif\" alt class=\"wp-image-29257\"><\/figure>\n<\/aside>\n<div class=\"td_block_wrap td_block_social_counter td_block_widget tdi_6 td-social-style5 td-social-boxed td-pb-border-top td_block_template_8\">\n<div class=\"td-block-title-wrap\">\n<h4 class=\"td-block-title\"><span>Urm\u0103re\u0219te-ne pe Social Media<\/span><\/h4>\n<\/div>\n<div class=\"td-social-list\">\n<div class=\"td_social_type td-pb-margin-side td_social_facebook\">\n<div class=\"td-social-box\"><span class=\"td_social_info td_social_info_counter\">344,595<\/span><span class=\"td_social_info td_social_info_name\">Fani<\/span><span class=\"td_social_button\"><a href=\"https:\/\/www.facebook.com\/247timisoara\" target=\"_blank\" rel=\"nofollow\">\u00cemi place<\/a><\/span><\/div>\n<\/div>\n<div class=\"td_social_type td-pb-margin-side td_social_instagram\">\n<div class=\"td-social-box\"><span class=\"td_social_info td_social_info_counter\">4,416<\/span><span class=\"td_social_info td_social_info_name\">Cititori<\/span><span class=\"td_social_button\"><a href=\"https:\/\/instagram.com\/orasultimisoararo\/\" target=\"_blank\" rel=\"nofollow\">Conecta\u021bi-v\u0103<\/a><\/span><\/div>\n<\/div>\n<div class=\"td_social_type td-pb-margin-side td_social_rss\">\n<div class=\"td-social-box\"><span class=\"td_social_info td_social_info_counter\">12,506<\/span><span class=\"td_social_info td_social_info_name\">Cititori<\/span><span class=\"td_social_button\"><a href=\"https:\/\/orasul-timisoara.ro\/feed\/\" target=\"_blank\" rel=\"nofollow\">Conecta\u021bi-v\u0103<\/a><\/span><\/div>\n<\/div>\n<div class=\"td_social_type td-pb-margin-side td_social_tiktok\">\n<div class=\"td-social-box\"><span class=\"td_social_info td_social_info_counter\">1,500<\/span><span class=\"td_social_info td_social_info_name\">Cititori<\/span><span class=\"td_social_button\"><a href=\"https:\/\/www.tiktok.com\/@orasultimisoara\" target=\"_blank\" rel=\"nofollow\">Conecta\u021bi-v\u0103<\/a><\/span><\/div>\n<\/div>\n<div class=\"td_social_type td-pb-margin-side td_social_twitter\">\n<div class=\"td-social-box\"><span class=\"td_social_info td_social_info_counter\">1,595<\/span><span class=\"td_social_info td_social_info_name\">Cititori<\/span><span class=\"td_social_button\"><a href=\"https:\/\/twitter.com\/orasultm\" target=\"_blank\" rel=\"nofollow\">Conecta\u021bi-v\u0103<\/a><\/span><\/div>\n<\/div>\n<div class=\"td_social_type td-pb-margin-side td_social_youtube\">\n<div class=\"td-social-box\"><span class=\"td_social_info td_social_info_counter\">3,506<\/span><span class=\"td_social_info td_social_info_name\">Abona\u021bi<\/span><span class=\"td_social_button\"><a href=\"https:\/\/www.youtube.com\/channel\/UCQNsQvs2XCSIm1Z-AHRturw?sub_confirmation=1\" target=\"_blank\" rel=\"nofollow\">Abona\u021bi-v\u0103<\/a><\/span><\/div>\n<\/div>\n<\/div>\n<\/div>\n<aside id=\"text-7\" class=\"td_block_template_8 widget text-7 widget_text\">\n<h4 class=\"td-block-title\"><span>C\u0103ut\u0103ri populare pe OTM<\/span><\/h4>\n<div class=\"textwidget\"><a href=\"https:\/\/orasul-timisoara.ro\/?s=timisoara\"><span>Timisoara<\/span><\/a><a href=\"https:\/\/orasul-timisoara.ro\/?s=calin+dobra\"><span>Calin Dobra<\/span><\/a><a href=\"https:\/\/orasul-timisoara.ro\/?s=primaria+timisoara\"><span>Primaria Timisoara<\/span><\/a><a href=\"https:\/\/orasul-timisoara.ro\/?s=dominic+fritz\"><span>Dominic Fritz<\/span><\/a><a href=\"https:\/\/orasul-timisoara.ro\/?s=nicolae+robu\"><span>Nicolae Robu<\/span><\/a><a href=\"https:\/\/orasul-timisoara.ro\/?s=consiliul+local+timisoara\">Consiliul Local Timisoara<\/a><a href=\"https:\/\/orasul-timisoara.ro\/?s=consiliul+judetean+timis\"><span>Consiliul Judetean Timis<\/span><\/a><a href=\"https:\/\/orasul-timisoara.ro\/?s=cjt\"><span>CJT<\/span><\/a><a href=\"https:\/\/orasul-timisoara.ro\/?s=Alfred+Simonis\"><span>Alfred Simonis<\/span><\/a><a href=\"https:\/\/orasul-timisoara.ro\/?s=PNL\"><span>PNL<\/span><\/a><a href=\"https:\/\/orasul-timisoara.ro\/?s=coronavirus\"><span>coronavirus<\/span><\/a><a href=\"https:\/\/orasul-timisoara.ro\/?s=teatru+timisoara\">teatru Timisoara<\/a><a href=\"https:\/\/orasul-timisoara.ro\/?s=restaurante\"><span>restaurante Timisoara<\/span><\/a><a href=\"https:\/\/orasul-timisoara.ro\/?s=diskoteka\"><span>Diskoteka<\/span><\/a><a href=\"https:\/\/orasul-timisoara.ro\/?s=iulius+town\"><span>Iulius Town<\/span><\/a><a href=\"https:\/\/orasul-timisoara.ro\/?s=iulius+mall\"><span>Iulius Mall<\/span><\/a><a href=\"https:\/\/orasul-timisoara.ro\/?s=stpt\"><span>STPT<\/span><\/a><a href=\"https:\/\/orasul-timisoara.ro\/?s=alin+nica\"><span>Alin Nica<\/span><\/a><a href=\"https:\/\/orasul-timisoara.ro\/?s=psd\"><span>PSD<\/span><\/a><a href=\"https:\/\/orasul-timisoara.ro\/?s=aeroport\"><span>Aeroportul International Timisoara<\/span><\/a><a href=\"https:\/\/orasul-timisoara.ro\/?s=babes\"><span>Spitalul Victor Babes Timisoara<\/span><\/a><a href=\"https:\/\/orasul-timisoara.ro\/?s=poli\"><span>Poli Timi\u0219oara<\/span><\/a><a href=\"https:\/\/orasul-timisoara.ro\/?s=carantina\"><span>carantina<\/span><\/a><a href=\"https:\/\/orasul-timisoara.ro\/?s=aquatim\"><span>Aquatim<\/span><\/a><a href=\"https:\/\/orasul-timisoara.ro\/local-category\/stiri-timisoara\/\"><span>Stiri Timisoara<\/span><\/a><a href=\"https:\/\/orasul-timisoara.ro\/local-category\/investitii-in-timisoara\/\"><span>Investi\u021bii in Timi\u0219oara<\/span><\/a><a href=\"https:\/\/orasul-timisoara.ro\/local-9463\/\"><span>shaorma<\/span><\/a><a href=\"https:\/\/orasul-timisoara.ro\/?s=trafic\"><span>trafic rutier<\/span><\/a><a href=\"https:\/\/orasul-timisoara.ro\/?s=politia\"><span>politia locala timisoara<\/span><\/a><a href=\"https:\/\/orasul-timisoara.ro\/?s=roxana\"><span>Roxana Iliescu<\/span><\/a><a href=\"https:\/\/orasul-timisoara.ro\/?s=colterm\"><span>Colterm<\/span><\/a><a href=\"https:\/\/orasul-timisoara.ro\/?s=latcau\"><span>Ruben La\u021bc\u0103u<\/span><\/a><a href=\"https:\/\/orasul-timisoara.ro\/?s=timis\"><span>\u0218tiri din Timi\u0219<\/span><\/a><a href=\"https:\/\/orasul-timisoara.ro\/?s=spital\"><span>Spitale din Timi\u0219oara<\/span><\/a><a href=\"https:\/\/orasul-timisoara.ro\/?s=tabara\"><span>Cosmin Tab\u0103r\u0103<\/span><\/a><\/div>\n<\/aside>\n<aside id=\"rss-2\" class=\"td_block_template_8 widget rss-2 widget_rss\">\n<h4 class=\"td-block-title\"><span><a class=\"rsswidget rss-widget-feed\" href=\"https:\/\/fashionfridays.ro\/feed\"><img decoding=\"async\" class=\"rss-widget-icon\" width=\"14\" height=\"14\" src=\"https:\/\/orasul-timisoara.ro\/wp-includes\/images\/rss.png\" alt=\"Flux RSS: Fashion Fridays\" loading=\"lazy\"><\/a><a class=\"rsswidget rss-widget-title\" href=\"https:\/\/fashionfridays.ro\/\">Fashion Fridays<\/a><\/span><\/h4>\n<ul>\n<li><a class=\"rsswidget\" href=\"https:\/\/fashionfridays.ro\/romania-devine-a-29-a-piata-vogue-o-noua-era-pentru-industria-locala-de-moda\/\">Rom\u00e2nia devine a 29-a pia\u021b\u0103 Vogue: o nou\u0103 er\u0103 pentru industria local\u0103 de mod\u0103<\/a>\n<div class=\"rssSummary\">Revista Vogue \u00ee\u0219i extinde prezen\u021ba global\u0103 \u0219i va fi lansat\u0103 oficial \u00een Rom\u00e2nia \u00een prim\u0103vara anului 2027, marc\u00e2nd intrarea pe cea de-a 29-a pia\u021b\u0103 interna\u021bional\u0103. Proiectul este realizat \u00een parteneriat cu AEMME Publishing, o companie media recent \u00eenfiin\u021bat\u0103, care va publica edi\u021bia local\u0103 sub licen\u021b\u0103. Noua edi\u021bie, Vogue Rom\u00e2nia, \u00ee\u0219i propune s\u0103 combine autoritatea global\u0103 [\u2026]<\/div>\n<\/li>\n<\/ul>\n<\/aside>\n<aside id=\"rss-4\" class=\"td_block_template_8 widget rss-4 widget_rss\">\n<h4 class=\"td-block-title\"><span><a class=\"rsswidget rss-widget-feed\" href=\"https:\/\/emasini.ro\/feed\"><img decoding=\"async\" class=\"rss-widget-icon\" width=\"14\" height=\"14\" src=\"https:\/\/orasul-timisoara.ro\/wp-includes\/images\/rss.png\" alt=\"Flux RSS: eMasini\" loading=\"lazy\"><\/a><a class=\"rsswidget rss-widget-title\" href=\"https:\/\/emasini.ro\/\">eMasini<\/a><\/span><\/h4>\n<ul>\n<li><a class=\"rsswidget\" href=\"https:\/\/emasini.ro\/adio-bordurilor-pline-de-ecrane-mercedes-benz-readuce-butoanele-in-noile-masini-produse\/\">Adio bordurilor pline de ecrane? Mercedes-Benz readuce butoanele \u00een noile ma\u0219ini produse<\/a>\n<div class=\"rssSummary\">Mercedes-Benz \u00ee\u0219i schimb\u0103 direc\u021bia \u00een ceea ce prive\u0219te designul interioarelor \u0219i va readuce comenzile fizice pentru anumite func\u021bii importante. Constructorul german nu renun\u021b\u0103 la ecranele mari \u0219i la tehnologiile digitale, dar recunoa\u0219te c\u0103 a mers prea departe prin eliminarea unor butoane \u0219i comenzi tactile. Ola K\u00e4llenius, pre\u0219edintele Consiliului de Administra\u021bie al Mercedes-Benz Group \u0219i CEO [\u2026]<\/div>\n<\/li>\n<\/ul>\n<\/aside>\n<\/div>\n<\/div>\n<\/div>\n<\/div>\n<\/article>\n<div class=\"td-post-content tagdiv-type\">\n<p class=\"wp-block-paragraph\">Dominic Fritz anun\u021b\u0103 c\u0103 urm\u0103toarele 30 de zile, p\u00e2n\u0103 la \u00eencetarea mandatului s\u0103u de primar al Timi\u0219oarei, vor fi dedicate \u00een \u00eentregime ora\u0219ului \u0219i proiectelor timi\u0219orenilor. Mesajul vine dup\u0103 promulgarea de c\u0103tre pre\u0219edintele Nicu\u0219or Dan a legii care con\u021bine amendamentul ce \u00eei afecteaz\u0103 direct mandatul \u0219i dup\u0103 publicarea actului normativ \u00een Monitorul Oficial.<\/p>\n<p class=\"wp-block-paragraph\">Primarul Timi\u0219oarei spune c\u0103 nu inten\u021bioneaz\u0103 s\u0103 lase aceast\u0103 perioad\u0103 s\u0103 fie dominat\u0103 de conflictul politic generat de lege, ci vrea s\u0103 o transforme \u00eentr-o perioad\u0103 dedicat\u0103 proiectelor \u0219i rezultatelor administra\u021biei locale.<\/p>\n<h2 class=\"wp-block-heading\">Dominic Fritz: \u201eEu am o alt\u0103 agend\u0103: Timi\u0219oara \u0219i Rom\u00e2nia\u201d<\/h2>\n<p class=\"wp-block-paragraph\">\u00cen mesajul transmis dup\u0103 publicarea legii \u00een Monitorul Oficial, Dominic Fritz critic\u0103 demersul politic care a dus la adoptarea amendamentului \u0219i sus\u021bine c\u0103 scopul acestuia ar fi acela de a descuraja oamenii care cred \u00een schimbarea administra\u021biei publice.<\/p>\n<p class=\"wp-block-paragraph\">Edilul nume\u0219te noul act normativ \u201elegea anti-Timi\u0219oara\u201d \u0219i afirm\u0103 c\u0103, \u00een ciuda situa\u021biei create, agenda sa pentru urm\u0103toarea perioad\u0103 r\u0103m\u00e2ne una legat\u0103 de ora\u0219 \u0219i de proiectele aflate \u00een derulare.<\/p>\n<p class=\"wp-block-paragraph\">\u201eLegea anti-Timi\u0219oara a fost publicat\u0103 \u00een Monitorul Oficial. \u021ainta PSD+AUR cu aceast\u0103 lege: s\u0103 v\u0103 omoare speran\u021ba. Eu am o alt\u0103 agend\u0103: Timi\u0219oara \u0219i Rom\u00e2nia\u201d, a transmis Dominic Fritz.<\/p>\n<p class=\"wp-block-paragraph\">Primarul spune c\u0103 nu vrea ca cele 30 de zile care i-au mai r\u0103mas \u00een func\u021bie s\u0103 fie privite ca o perioad\u0103 de capitulare, ci ca una \u00een care rezultatele administra\u021biei s\u0103 fie puse \u00een eviden\u021b\u0103.<\/p>\n<h2 class=\"wp-block-heading\">\u201eVom transforma aceste 30 de zile dintr-un abuz \u00eentr-un festival al faptelor\u201d<\/h2>\n<p class=\"wp-block-paragraph\">Dominic Fritz \u00eei asigur\u0103 pe timi\u0219oreni c\u0103 va continua s\u0103 lucreze pentru ora\u0219 \u0219i sus\u021bine c\u0103 nu inten\u021bioneaz\u0103 s\u0103 r\u0103spund\u0103 situa\u021biei prin retragere sau descurajare.<\/p>\n<p class=\"wp-block-paragraph\">\u201e\u00cempreun\u0103 cu voi, refuz s\u0103 ne l\u0103s\u0103m umili\u021bi. \u00cempreun\u0103 cu voi, refuz s\u0103 ne l\u0103s\u0103m descuraja\u021bi. Vom transforma aceste 30 de zile dintr-un abuz \u00eentr-un festival al faptelor prin care am schimbat Timi\u0219oara\u201d, a declarat primarul.<\/p>\n<p class=\"wp-block-paragraph\">Fritz sus\u021bine c\u0103 ceea ce \u00eei sperie cel mai mult pe adversarii s\u0103i politici este posibilitatea ca Rom\u00e2nia s\u0103 se schimbe prin munc\u0103, seriozitate \u0219i integritate.<\/p>\n<p class=\"wp-block-paragraph\">\u201ePentru c\u0103 asta \u00eei sperie cel mai tare: c\u0103 Rom\u00e2nia se poate schimba prin munc\u0103, seriozitate \u0219i f\u0103r\u0103 fur\u0103ciuni\u201d, a mai transmis edilul.<\/p>\n<p class=\"wp-block-paragraph\">Pentru primarul Timi\u0219oarei, perioada r\u0103mas\u0103 p\u00e2n\u0103 la \u00eencetarea mandatului reprezint\u0103 astfel mai degrab\u0103 o provocare dec\u00e2t un motiv pentru \u00eencetinirea activit\u0103\u021bii.<\/p>\n<h2 class=\"wp-block-heading\">\u201e\u0218i din ziua 31 \u2013 \u00een care eu tot timi\u0219orean voi fi \u2013 continu\u0103m\u201d<\/h2>\n<p class=\"wp-block-paragraph\">Dominic Fritz vorbe\u0219te \u0219i despre ceea ce se va \u00eent\u00e2mpla dup\u0103 \u00eencetarea mandatului s\u0103u de primar. Edilul transmite c\u0103, indiferent de func\u021bia pe care o va ocupa sau nu, va r\u0103m\u00e2ne \u00een Timi\u0219oara \u0219i va continua s\u0103 fie implicat \u00een via\u021ba ora\u0219ului.<\/p>\n<p class=\"wp-block-paragraph\">\u201e\u0218i din ziua 31 \u2013 \u00een care eu tot timi\u0219orean voi fi \u2013 continu\u0103m. Eu voi fi tot aici. Cu voi. \u00cenainte, \u00eempreun\u0103\u201d, a \u00eencheiat primarul Timi\u0219oarei.<\/p>\n<p class=\"wp-block-paragraph\">Mesajul lui Dominic Fritz vine \u00eentr-un moment \u00een care disputa politic\u0103 generat\u0103 de amendamentul care \u00eei afecteaz\u0103 mandatul continu\u0103 s\u0103 provoace reac\u021bii \u00een spa\u021biul public. \u00cen loc s\u0103 \u00ee\u0219i concentreze discursul exclusiv asupra pierderii func\u021biei, edilul afirm\u0103 c\u0103 \u00ee\u0219i va dedica urm\u0103toarele 30 de zile Timi\u0219oarei \u0219i proiectelor timi\u0219orenilor.<\/p>\n<p class=\"wp-block-paragraph\">Pentru Dominic Fritz, mesajul transmis este unul de continuitate. Chiar dac\u0103 mandatul s\u0103u de primar se apropie de final \u00een urma noilor prevederi legislative, edilul spune c\u0103 r\u0103m\u00e2ne al\u0103turi de Timi\u0219oara \u0219i de timi\u0219oreni \u0219i c\u0103 lupta pentru schimbarea administra\u021biei nu se \u00eencheie odat\u0103 cu ziua \u00een care va p\u0103r\u0103si Prim\u0103ria.<\/p>\n<\/div>\n<p>[analyse_source url=&#8221;https:\/\/orasul-timisoara.ro\/local-40614\/&#8221;]<\/p>\n","protected":false},"excerpt":{"rendered":"<p>[analyse_image type=&#8221;featured&#8221; src=&#8221;https:\/\/orasul-timisoara.ro\/wp-content\/uploads\/2026\/08\/dominic-fritx-maneci-suflecate.jpg&#8221;] Administra\u021bie local\u0103Dominic Fritz: \u201eVom transforma aceste 30 de zile dintr-un abuz \u00eentr-un festival&#8230; Administra\u021bie local\u0103 Politic \u0218tiri Locale Dominic Fritz: \u201eVom transforma aceste 30 de zile dintr-un abuz \u00eentr-un festival al faptelor\u201d De c\u0103tre redactia &#8211; 30\/08\/2026 Facebook Twitter WhatsApp Linkedin ReddIt Email Imprimare Dominic Fritz anun\u021b\u0103 c\u0103 urm\u0103toarele 30 de zile, [&hellip;]<\/p>\n","protected":false},"author":1,"featured_media":0,"comment_status":"open","ping_status":"","sticky":false,"template":"","format":"standard","meta":{"footnotes":""},"categories":[89],"tags":[226,189],"class_list":["post-2119596","post","type-post","status-publish","format-standard","hentry","category-romania","tag-crawlmanager","tag-orasul-timisoara-ro"],"_links":{"self":[{"href":"https:\/\/analyse.optim.biz\/index.php?rest_route=\/wp\/v2\/posts\/2119596","targetHints":{"allow":["GET"]}}],"collection":[{"href":"https:\/\/analyse.optim.biz\/index.php?rest_route=\/wp\/v2\/posts"}],"about":[{"href":"https:\/\/analyse.optim.biz\/index.php?rest_route=\/wp\/v2\/types\/post"}],"author":[{"embeddable":true,"href":"https:\/\/analyse.optim.biz\/index.php?rest_route=\/wp\/v2\/users\/1"}],"replies":[{"embeddable":true,"href":"https:\/\/analyse.optim.biz\/index.php?rest_route=%2Fwp%2Fv2%2Fcomments&post=2119596"}],"version-history":[{"count":0,"href":"https:\/\/analyse.optim.biz\/index.php?rest_route=\/wp\/v2\/posts\/2119596\/revisions"}],"wp:attachment":[{"href":"https:\/\/analyse.optim.biz\/index.php?rest_route=%2Fwp%2Fv2%2Fmedia&parent=2119596"}],"wp:term":[{"taxonomy":"category","embeddable":true,"href":"https:\/\/analyse.optim.biz\/index.php?rest_route=%2Fwp%2Fv2%2Fcategories&post=2119596"},{"taxonomy":"post_tag","embeddable":true,"href":"https:\/\/analyse.optim.biz\/index.php?rest_route=%2Fwp%2Fv2%2Ftags&post=2119596"}],"curies":[{"name":"wp","href":"https:\/\/api.w.org\/{rel}","templated":true}]}}