{"id":2119546,"date":"2026-08-30T08:57:00","date_gmt":"2026-08-30T05:57:00","guid":{"rendered":"https:\/\/analyse.optim.biz\/?p=2119546"},"modified":"2026-08-30T08:57:00","modified_gmt":"2026-08-30T05:57:00","slug":"tinutul-buzaului-geoparc-unesco-consolidat-prin-stiinta","status":"publish","type":"post","link":"https:\/\/analyse.optim.biz\/?p=2119546","title":{"rendered":"\u021ainutul Buz\u0103ului, Geoparc UNESCO consolidat prin \u0219tiin\u021b\u0103"},"content":{"rendered":"<p>[analyse_image type=&#8221;featured&#8221; src=&#8221;https:\/\/revistaverde.ro\/wp-content\/uploads\/2026\/08\/POZA-55.webp&#8221;]<\/p>\n<article id=\"post-15890\" class=\"post-15890 post type-post status-publish format-standard has-post-thumbnail hentry category-eco-turism category-evnimente category-international\">\n<header class=\"entry-header mh-clearfix\">\n<h1 class=\"entry-title\">\u021ainutul Buz\u0103ului, Geoparc UNESCO consolidat prin \u0219tiin\u021b\u0103<\/h1>\n<p class=\"mh-meta entry-meta\"><span class=\"entry-meta-date updated\"><a href=\"https:\/\/revistaverde.ro\/2026\/08\/\">august 30, 2026<\/a><\/span><span class=\"entry-meta-author author vcard\"><a class=\"fn\" href=\"https:\/\/revistaverde.ro\/author\/revistaverdefrumoasa2017\/\">M\u0103rg\u0103rit GROSU<\/a><\/span><span class=\"entry-meta-categories\"><a href=\"https:\/\/revistaverde.ro\/category\/local\/eco-turism\/\" rel=\"category tag\">Eco Turism<\/a>, <a href=\"https:\/\/revistaverde.ro\/category\/local\/evnimente\/\" rel=\"category tag\">Evenimente<\/a>, <a href=\"https:\/\/revistaverde.ro\/category\/international\/\" rel=\"category tag\">international<\/a><\/span><span class=\"entry-meta-comments\"><a class=\"mh-comment-scroll\" href=\"https:\/\/revistaverde.ro\/2026\/08\/30\/tinutul-buzaului-geoparc-unesco-consolidat-prin-stiinta\/#mh-comments\">0<\/a><\/span><\/p>\n<\/header>\n<div class=\"entry-content mh-clearfix\">\n<figure class=\"entry-thumbnail\"><img decoding=\"async\" src=\"https:\/\/revistaverde.ro\/wp-content\/uploads\/2026\/08\/POZA-55-678x381.webp\" alt title=\"POZA 55\"><\/figure>\n<p>Parteneriat strategic \u00eentre Cconsilul Jude\u021bean Buz\u0103u, ADI \u021ainutul Buz\u0103ului, Universitatea Bucure\u0219ti \u0219i Asocia\u021bia \u021ainutul Buz\u0103ului<\/p>\n<p>Unul dintre cele mai \u201everzi\u201d proiecte de pe ordinea de zi este Proiectul 171\/2026.<\/p>\n<p>CJ Buz\u0103u aprob\u0103 Acordul de parteneriat \u00eentre Consiliul Jude\u021bean, Asocia\u021bia de Dezvoltare Intercomunitar\u0103 \u201e\u021ainutul Buz\u0103ului\u201d, Universitatea Bucure\u0219ti \u2013 Facultatea de Geologie \u0219i Geofizic\u0103 \u0219i Asocia\u021bia \u201e\u021ainutul Buz\u0103ului\u201d.<\/p>\n<p>Este alian\u021ba care a dus Geoparcul \u00een re\u021beaua UNESCO \u0219i care trebuie s\u0103-l \u021bin\u0103 acolo. Implicarea Facult\u0103\u021bii de Geologie \u0219i Geofizic\u0103 aduce componenta \u0219tiin\u021bific\u0103, de cercetare \u0219i monitorizare a geositurilor, esen\u021bial\u0103 pentru conservarea Vulcanilor Noroio\u0219i, a Domului de sare sau a A\u0219ez\u0103rilor rupestre.<\/p>\n<p>Pentru Revista Verde, acesta este un exemplu de guvernan\u021b\u0103 participativ\u0103 pentru arii protejate: administra\u021bie + mediul academic + comunitate local\u0103, toate lucr\u00e2nd pentru acela\u0219i scop \u2013 protejarea naturii prin educa\u021bie \u0219i dezvoltare durabil\u0103.<\/p>\n<div class=\"col-md-2 col-sm-4 col-xs-4\"> .col-md-2 { float:left; width: 16.6667%; } <\/div>\n<div class=\"col-md-2 col-sm-4 col-xs-4\"> .col-md-2 { float:left; width: 16.6667%; } <\/p>\n<div class=\"fb-share-button\" data-href=\"https:\/\/revistaverde.ro\/2026\/08\/30\/tinutul-buzaului-geoparc-unesco-consolidat-prin-stiinta\/\" data-layout=\"button\" data-size=\"large\" data-mobile-iframe=\"true\"><a class=\"fb-xfbml-parse-ignore\" target=\"_blank\" href=\"https:\/\/www.facebook.com\/sharer\/sharer.php?u=https%3A%2F%2Frevistaverde.ro%2F2026%2F08%2F30%2Ftinutul-buzaului-geoparc-unesco-consolidat-prin-stiinta%2F&amp;src=sdkpreparse\">Share<\/a><\/div>\n<\/div>\n<div class=\"col-md-2 col-sm-4 col-xs-4\"> .col-md-2 { float:left; width: 16.6667%; } <\/div>\n<\/div>\n<\/article>\n<div class=\"entry-content mh-clearfix\">\n<figure class=\"entry-thumbnail\"><img decoding=\"async\" src=\"https:\/\/revistaverde.ro\/wp-content\/uploads\/2026\/08\/POZA-55-678x381.webp\" alt title=\"POZA 55\"><\/figure>\n<p>Parteneriat strategic \u00eentre Cconsilul Jude\u021bean Buz\u0103u, ADI \u021ainutul Buz\u0103ului, Universitatea Bucure\u0219ti \u0219i Asocia\u021bia \u021ainutul Buz\u0103ului<\/p>\n<p>Unul dintre cele mai \u201everzi\u201d proiecte de pe ordinea de zi este Proiectul 171\/2026.<\/p>\n<p>CJ Buz\u0103u aprob\u0103 Acordul de parteneriat \u00eentre Consiliul Jude\u021bean, Asocia\u021bia de Dezvoltare Intercomunitar\u0103 \u201e\u021ainutul Buz\u0103ului\u201d, Universitatea Bucure\u0219ti \u2013 Facultatea de Geologie \u0219i Geofizic\u0103 \u0219i Asocia\u021bia \u201e\u021ainutul Buz\u0103ului\u201d.<\/p>\n<p>Este alian\u021ba care a dus Geoparcul \u00een re\u021beaua UNESCO \u0219i care trebuie s\u0103-l \u021bin\u0103 acolo. Implicarea Facult\u0103\u021bii de Geologie \u0219i Geofizic\u0103 aduce componenta \u0219tiin\u021bific\u0103, de cercetare \u0219i monitorizare a geositurilor, esen\u021bial\u0103 pentru conservarea Vulcanilor Noroio\u0219i, a Domului de sare sau a A\u0219ez\u0103rilor rupestre.<\/p>\n<p>Pentru Revista Verde, acesta este un exemplu de guvernan\u021b\u0103 participativ\u0103 pentru arii protejate: administra\u021bie + mediul academic + comunitate local\u0103, toate lucr\u00e2nd pentru acela\u0219i scop \u2013 protejarea naturii prin educa\u021bie \u0219i dezvoltare durabil\u0103.<\/p>\n<div class=\"col-md-2 col-sm-4 col-xs-4\"> .col-md-2 { float:left; width: 16.6667%; } <\/div>\n<div class=\"col-md-2 col-sm-4 col-xs-4\"> .col-md-2 { float:left; width: 16.6667%; } <\/p>\n<div class=\"fb-share-button\" data-href=\"https:\/\/revistaverde.ro\/2026\/08\/30\/tinutul-buzaului-geoparc-unesco-consolidat-prin-stiinta\/\" data-layout=\"button\" data-size=\"large\" data-mobile-iframe=\"true\"><a class=\"fb-xfbml-parse-ignore\" target=\"_blank\" href=\"https:\/\/www.facebook.com\/sharer\/sharer.php?u=https%3A%2F%2Frevistaverde.ro%2F2026%2F08%2F30%2Ftinutul-buzaului-geoparc-unesco-consolidat-prin-stiinta%2F&amp;src=sdkpreparse\">Share<\/a><\/div>\n<\/div>\n<div class=\"col-md-2 col-sm-4 col-xs-4\"> .col-md-2 { float:left; width: 16.6667%; } <\/div>\n<\/div>\n<p>[analyse_source url=&#8221;https:\/\/revistaverde.ro\/2026\/08\/30\/tinutul-buzaului-geoparc-unesco-consolidat-prin-stiinta\/&#8221;]<\/p>\n","protected":false},"excerpt":{"rendered":"<p>[analyse_image type=&#8221;featured&#8221; src=&#8221;https:\/\/revistaverde.ro\/wp-content\/uploads\/2026\/08\/POZA-55.webp&#8221;] \u021ainutul Buz\u0103ului, Geoparc UNESCO consolidat prin \u0219tiin\u021b\u0103 august 30, 2026M\u0103rg\u0103rit GROSUEco Turism, Evenimente, international0 Parteneriat strategic \u00eentre Cconsilul Jude\u021bean Buz\u0103u, ADI \u021ainutul Buz\u0103ului, Universitatea Bucure\u0219ti \u0219i Asocia\u021bia \u021ainutul Buz\u0103ului Unul dintre cele mai \u201everzi\u201d proiecte de pe ordinea de zi este Proiectul 171\/2026. CJ Buz\u0103u aprob\u0103 Acordul de parteneriat \u00eentre Consiliul Jude\u021bean, [&hellip;]<\/p>\n","protected":false},"author":1,"featured_media":0,"comment_status":"open","ping_status":"","sticky":false,"template":"","format":"standard","meta":{"footnotes":""},"categories":[2],"tags":[226,57],"class_list":["post-2119546","post","type-post","status-publish","format-standard","hentry","category-politics","tag-crawlmanager","tag-revistaverde-ro"],"_links":{"self":[{"href":"https:\/\/analyse.optim.biz\/index.php?rest_route=\/wp\/v2\/posts\/2119546","targetHints":{"allow":["GET"]}}],"collection":[{"href":"https:\/\/analyse.optim.biz\/index.php?rest_route=\/wp\/v2\/posts"}],"about":[{"href":"https:\/\/analyse.optim.biz\/index.php?rest_route=\/wp\/v2\/types\/post"}],"author":[{"embeddable":true,"href":"https:\/\/analyse.optim.biz\/index.php?rest_route=\/wp\/v2\/users\/1"}],"replies":[{"embeddable":true,"href":"https:\/\/analyse.optim.biz\/index.php?rest_route=%2Fwp%2Fv2%2Fcomments&post=2119546"}],"version-history":[{"count":0,"href":"https:\/\/analyse.optim.biz\/index.php?rest_route=\/wp\/v2\/posts\/2119546\/revisions"}],"wp:attachment":[{"href":"https:\/\/analyse.optim.biz\/index.php?rest_route=%2Fwp%2Fv2%2Fmedia&parent=2119546"}],"wp:term":[{"taxonomy":"category","embeddable":true,"href":"https:\/\/analyse.optim.biz\/index.php?rest_route=%2Fwp%2Fv2%2Fcategories&post=2119546"},{"taxonomy":"post_tag","embeddable":true,"href":"https:\/\/analyse.optim.biz\/index.php?rest_route=%2Fwp%2Fv2%2Ftags&post=2119546"}],"curies":[{"name":"wp","href":"https:\/\/api.w.org\/{rel}","templated":true}]}}