{"id":2119542,"date":"2026-08-30T08:52:43","date_gmt":"2026-08-30T05:52:43","guid":{"rendered":"https:\/\/analyse.optim.biz\/?p=2119542"},"modified":"2026-08-30T08:52:43","modified_gmt":"2026-08-30T05:52:43","slug":"economia-circulara-intra-in-curtea-consilului-judetean-buzau-statia-pilot-pentru-deseuri-din-constructii-ramane-operationala","status":"publish","type":"post","link":"https:\/\/analyse.optim.biz\/?p=2119542","title":{"rendered":"Economia circular\u0103 intr\u0103 \u00een curtea Consilului Jude\u021bean Buz\u0103u \u2013 Sta\u021bia pilot pentru de\u0219euri din construc\u021bii r\u0103m\u00e2ne opera\u021bional\u0103"},"content":{"rendered":"<p>[analyse_image type=&#8221;featured&#8221; src=&#8221;https:\/\/revistaverde.ro\/wp-content\/uploads\/2026\/08\/JEP4.webp&#8221;]<\/p>\n<article id=\"post-15887\" class=\"post-15887 post type-post status-publish format-standard has-post-thumbnail hentry category-eco-tiri category-evnimente category-international\">\n<header class=\"entry-header mh-clearfix\">\n<h1 class=\"entry-title\">Economia circular\u0103 intr\u0103 \u00een curtea Consilului Jude\u021bean Buz\u0103u \u2013 Sta\u021bia pilot pentru de\u0219euri din construc\u021bii r\u0103m\u00e2ne opera\u021bional\u0103<\/h1>\n<p class=\"mh-meta entry-meta\"><span class=\"entry-meta-date updated\"><a href=\"https:\/\/revistaverde.ro\/2026\/08\/\">august 30, 2026<\/a><\/span><span class=\"entry-meta-author author vcard\"><a class=\"fn\" href=\"https:\/\/revistaverde.ro\/author\/revistaverdefrumoasa2017\/\">M\u0103rg\u0103rit GROSU<\/a><\/span><span class=\"entry-meta-categories\"><a href=\"https:\/\/revistaverde.ro\/category\/local\/eco-tiri\/\" rel=\"category tag\">Eco \u015etiri<\/a>, <a href=\"https:\/\/revistaverde.ro\/category\/local\/evnimente\/\" rel=\"category tag\">Evenimente<\/a>, <a href=\"https:\/\/revistaverde.ro\/category\/international\/\" rel=\"category tag\">international<\/a><\/span><span class=\"entry-meta-comments\"><a class=\"mh-comment-scroll\" href=\"https:\/\/revistaverde.ro\/2026\/08\/30\/economia-circulara-intra-in-curtea-consilului-judetean-buzau-statia-pilot-pentru-deseuri-din-constructii-ramane-operationala\/#mh-comments\">0<\/a><\/span><\/p>\n<\/header>\n<div class=\"entry-content mh-clearfix\">\n<figure class=\"entry-thumbnail\"><img decoding=\"async\" src=\"https:\/\/revistaverde.ro\/wp-content\/uploads\/2026\/08\/JEP4-678x381.webp\" alt title=\"JEP4\"><\/figure>\n<h2 class=\"wp-block-heading\">Dou\u0103 proiecte cheie pentru un jude\u021b mai curat<\/h2>\n<p>Gestionarea de\u0219eurilor din construc\u021bii \u0219i demol\u0103ri este una dintre marile provoc\u0103ri verzi ale Rom\u00e2niei. Buz\u0103ul are deja o Sta\u021bie-pilot, unic\u0103 \u00een regiune.<\/p>\n<p>Prin Proiectul 187\/2026, Consiliul Jude\u021bean prelunge\u0219te valabilitatea contractelor de delegare a gestiunii unor activit\u0103\u021bi ale serviciului de administrare a domeniului public \u0219i privat \u0219i, crucial, a serviciului de operare a Sta\u021biei-pilot pentru de\u0219euri din construc\u021bii \u0219i demol\u0103ri.<\/p>\n<p>Proiectul 188\/2026 vine \u00een completare \u0219i modific\u0103 tarifele practicate de societatea \u201eDomenii Prest Serv\u201d SRL Buz\u0103u, operatorul delegat, tarife aprobate ini\u021bial prin HCJ 12\/2026.<\/p>\n<p>Ce \u00eenseamn\u0103 pentru cet\u0103\u021beni? C\u0103 de\u0219eurile din \u0219antiere nu vor mai ajunge pe c\u00e2mpuri sau \u00een albiile r\u00e2urilor, ci vor fi sortate, concasate \u0219i reintroduse \u00een circuit ca material secundar. Este economie circular\u0103 pur\u0103, cu efect direct asupra peisajului \u0219i calit\u0103\u021bii solului \u0219i apei.<\/p>\n<div class=\"col-md-2 col-sm-4 col-xs-4\"> .col-md-2 { float:left; width: 16.6667%; } <\/div>\n<div class=\"col-md-2 col-sm-4 col-xs-4\"> .col-md-2 { float:left; width: 16.6667%; } <\/p>\n<div class=\"fb-share-button\" data-href=\"https:\/\/revistaverde.ro\/2026\/08\/30\/economia-circulara-intra-in-curtea-consilului-judetean-buzau-statia-pilot-pentru-deseuri-din-constructii-ramane-operationala\/\" data-layout=\"button\" data-size=\"large\" data-mobile-iframe=\"true\"><a class=\"fb-xfbml-parse-ignore\" target=\"_blank\" href=\"https:\/\/www.facebook.com\/sharer\/sharer.php?u=https%3A%2F%2Frevistaverde.ro%2F2026%2F08%2F30%2Feconomia-circulara-intra-in-curtea-consilului-judetean-buzau-statia-pilot-pentru-deseuri-din-constructii-ramane-operationala%2F&amp;src=sdkpreparse\">Share<\/a><\/div>\n<\/div>\n<div class=\"col-md-2 col-sm-4 col-xs-4\"> .col-md-2 { float:left; width: 16.6667%; } <\/div>\n<\/div>\n<\/article>\n<div class=\"entry-content mh-clearfix\">\n<figure class=\"entry-thumbnail\"><img decoding=\"async\" src=\"https:\/\/revistaverde.ro\/wp-content\/uploads\/2026\/08\/JEP4-678x381.webp\" alt title=\"JEP4\"><\/figure>\n<h2 class=\"wp-block-heading\">Dou\u0103 proiecte cheie pentru un jude\u021b mai curat<\/h2>\n<p>Gestionarea de\u0219eurilor din construc\u021bii \u0219i demol\u0103ri este una dintre marile provoc\u0103ri verzi ale Rom\u00e2niei. Buz\u0103ul are deja o Sta\u021bie-pilot, unic\u0103 \u00een regiune.<\/p>\n<p>Prin Proiectul 187\/2026, Consiliul Jude\u021bean prelunge\u0219te valabilitatea contractelor de delegare a gestiunii unor activit\u0103\u021bi ale serviciului de administrare a domeniului public \u0219i privat \u0219i, crucial, a serviciului de operare a Sta\u021biei-pilot pentru de\u0219euri din construc\u021bii \u0219i demol\u0103ri.<\/p>\n<p>Proiectul 188\/2026 vine \u00een completare \u0219i modific\u0103 tarifele practicate de societatea \u201eDomenii Prest Serv\u201d SRL Buz\u0103u, operatorul delegat, tarife aprobate ini\u021bial prin HCJ 12\/2026.<\/p>\n<p>Ce \u00eenseamn\u0103 pentru cet\u0103\u021beni? C\u0103 de\u0219eurile din \u0219antiere nu vor mai ajunge pe c\u00e2mpuri sau \u00een albiile r\u00e2urilor, ci vor fi sortate, concasate \u0219i reintroduse \u00een circuit ca material secundar. Este economie circular\u0103 pur\u0103, cu efect direct asupra peisajului \u0219i calit\u0103\u021bii solului \u0219i apei.<\/p>\n<div class=\"col-md-2 col-sm-4 col-xs-4\"> .col-md-2 { float:left; width: 16.6667%; } <\/div>\n<div class=\"col-md-2 col-sm-4 col-xs-4\"> .col-md-2 { float:left; width: 16.6667%; } <\/p>\n<div class=\"fb-share-button\" data-href=\"https:\/\/revistaverde.ro\/2026\/08\/30\/economia-circulara-intra-in-curtea-consilului-judetean-buzau-statia-pilot-pentru-deseuri-din-constructii-ramane-operationala\/\" data-layout=\"button\" data-size=\"large\" data-mobile-iframe=\"true\"><a class=\"fb-xfbml-parse-ignore\" target=\"_blank\" href=\"https:\/\/www.facebook.com\/sharer\/sharer.php?u=https%3A%2F%2Frevistaverde.ro%2F2026%2F08%2F30%2Feconomia-circulara-intra-in-curtea-consilului-judetean-buzau-statia-pilot-pentru-deseuri-din-constructii-ramane-operationala%2F&amp;src=sdkpreparse\">Share<\/a><\/div>\n<\/div>\n<div class=\"col-md-2 col-sm-4 col-xs-4\"> .col-md-2 { float:left; width: 16.6667%; } <\/div>\n<\/div>\n<p>[analyse_source url=&#8221;https:\/\/revistaverde.ro\/2026\/08\/30\/economia-circulara-intra-in-curtea-consilului-judetean-buzau-statia-pilot-pentru-deseuri-din-constructii-ramane-operationala\/&#8221;]<\/p>\n","protected":false},"excerpt":{"rendered":"<p>[analyse_image type=&#8221;featured&#8221; src=&#8221;https:\/\/revistaverde.ro\/wp-content\/uploads\/2026\/08\/JEP4.webp&#8221;] Economia circular\u0103 intr\u0103 \u00een curtea Consilului Jude\u021bean Buz\u0103u \u2013 Sta\u021bia pilot pentru de\u0219euri din construc\u021bii r\u0103m\u00e2ne opera\u021bional\u0103 august 30, 2026M\u0103rg\u0103rit GROSUEco \u015etiri, Evenimente, international0 Dou\u0103 proiecte cheie pentru un jude\u021b mai curat Gestionarea de\u0219eurilor din construc\u021bii \u0219i demol\u0103ri este una dintre marile provoc\u0103ri verzi ale Rom\u00e2niei. Buz\u0103ul are deja o Sta\u021bie-pilot, unic\u0103 [&hellip;]<\/p>\n","protected":false},"author":1,"featured_media":0,"comment_status":"open","ping_status":"","sticky":false,"template":"","format":"standard","meta":{"footnotes":""},"categories":[2],"tags":[226,57],"class_list":["post-2119542","post","type-post","status-publish","format-standard","hentry","category-politics","tag-crawlmanager","tag-revistaverde-ro"],"_links":{"self":[{"href":"https:\/\/analyse.optim.biz\/index.php?rest_route=\/wp\/v2\/posts\/2119542","targetHints":{"allow":["GET"]}}],"collection":[{"href":"https:\/\/analyse.optim.biz\/index.php?rest_route=\/wp\/v2\/posts"}],"about":[{"href":"https:\/\/analyse.optim.biz\/index.php?rest_route=\/wp\/v2\/types\/post"}],"author":[{"embeddable":true,"href":"https:\/\/analyse.optim.biz\/index.php?rest_route=\/wp\/v2\/users\/1"}],"replies":[{"embeddable":true,"href":"https:\/\/analyse.optim.biz\/index.php?rest_route=%2Fwp%2Fv2%2Fcomments&post=2119542"}],"version-history":[{"count":0,"href":"https:\/\/analyse.optim.biz\/index.php?rest_route=\/wp\/v2\/posts\/2119542\/revisions"}],"wp:attachment":[{"href":"https:\/\/analyse.optim.biz\/index.php?rest_route=%2Fwp%2Fv2%2Fmedia&parent=2119542"}],"wp:term":[{"taxonomy":"category","embeddable":true,"href":"https:\/\/analyse.optim.biz\/index.php?rest_route=%2Fwp%2Fv2%2Fcategories&post=2119542"},{"taxonomy":"post_tag","embeddable":true,"href":"https:\/\/analyse.optim.biz\/index.php?rest_route=%2Fwp%2Fv2%2Ftags&post=2119542"}],"curies":[{"name":"wp","href":"https:\/\/api.w.org\/{rel}","templated":true}]}}