{"id":2119540,"date":"2026-08-30T08:48:44","date_gmt":"2026-08-30T05:48:44","guid":{"rendered":"https:\/\/analyse.optim.biz\/?p=2119540"},"modified":"2026-08-30T08:48:44","modified_gmt":"2026-08-30T05:48:44","slug":"buzau-produce-energie-verde-pentru-propriile-institutii","status":"publish","type":"post","link":"https:\/\/analyse.optim.biz\/?p=2119540","title":{"rendered":"Buz\u0103u produce energie verde pentru propriile institu\u021bii"},"content":{"rendered":"<p>[analyse_image type=&#8221;featured&#8221; src=&#8221;https:\/\/revistaverde.ro\/wp-content\/uploads\/2026\/08\/ambulanata-1.webp&#8221;]<\/p>\n<article id=\"post-15884\" class=\"post-15884 post type-post status-publish format-standard has-post-thumbnail hentry category-eco-tiri category-evnimente category-international\">\n<header class=\"entry-header mh-clearfix\">\n<h1 class=\"entry-title\">Buz\u0103u produce energie verde pentru propriile institu\u021bii<\/h1>\n<p class=\"mh-meta entry-meta\"><span class=\"entry-meta-date updated\"><a href=\"https:\/\/revistaverde.ro\/2026\/08\/\">august 30, 2026<\/a><\/span><span class=\"entry-meta-author author vcard\"><a class=\"fn\" href=\"https:\/\/revistaverde.ro\/author\/revistaverdefrumoasa2017\/\">M\u0103rg\u0103rit GROSU<\/a><\/span><span class=\"entry-meta-categories\"><a href=\"https:\/\/revistaverde.ro\/category\/local\/eco-tiri\/\" rel=\"category tag\">Eco \u015etiri<\/a>, <a href=\"https:\/\/revistaverde.ro\/category\/local\/evnimente\/\" rel=\"category tag\">Evenimente<\/a>, <a href=\"https:\/\/revistaverde.ro\/category\/international\/\" rel=\"category tag\">international<\/a><\/span><span class=\"entry-meta-comments\"><a class=\"mh-comment-scroll\" href=\"https:\/\/revistaverde.ro\/2026\/08\/30\/buzau-produce-energie-verde-pentru-propriile-institutii\/#mh-comments\">0<\/a><\/span><\/p>\n<\/header>\n<div class=\"entry-content mh-clearfix\">\n<figure class=\"entry-thumbnail\"><img decoding=\"async\" src=\"https:\/\/revistaverde.ro\/wp-content\/uploads\/2026\/08\/ambulanata-1-678x381.webp\" alt title=\"ambulanata 1\"><\/figure>\n<h2 class=\"wp-block-heading\">Panouri fotovoltaice pe cl\u0103dirile CJ \u0219i Ambulan\u021b\u0103 eficientizat\u0103 energetic<\/h2>\n<p>Dou\u0103 proiecte arat\u0103 direc\u021bia clar\u0103 spre decarbonizare a administra\u021biei jude\u021bene.<\/p>\n<p>Proiectul 192\/2026 \u2013 form\u0103 actualizat\u0103 a bugetului pentru \u201eInstalare panouri fotovoltaice pentru producerea energiei din surse regenerabile pentru autoconsum, la UAT Jude\u021bul Buz\u0103u\u201d, cod SMIS 315148, finan\u021bat prin Fondul pentru Modernizare \u00een Rom\u00e2nia. Este dovada c\u0103 jude\u021bul vrea s\u0103-\u0219i reduc\u0103 factura energetic\u0103 \u0219i amprenta de carbon prin autoconsum.<\/p>\n<p>\u00cen paralel, Proiectul 182\/2026 aprob\u0103 faza Proiect Tehnic \u0219i indicatorii actualiza\u021bi pentru \u201eConsolidare \u0219i eficientizare energetic\u0103 a cl\u0103dirii corp C1 \u2013 Serviciul de Ambulan\u021b\u0103 Jude\u021bean Buz\u0103u\u201d, inclusiv extindere etaj 2 retras \u0219i lucr\u0103ri conexe.<\/p>\n<p>O ambulan\u021b\u0103 care func\u021bioneaz\u0103 \u00eentr-o cl\u0103dire anvelopat\u0103, cu consum redus, cu sisteme moderne de \u00eenc\u0103lzire \u0219i r\u0103cire, \u00eenseamn\u0103 nu doar confort pentru personalul care salveaz\u0103 vie\u021bi, ci \u0219i un exemplu de cl\u0103dire public\u0103 adus\u0103 la standarde nZEB. Pentru o revist\u0103 verde, acesta este modelul de administra\u021bie care investe\u0219te \u00een oameni \u0219i \u00een clim\u0103 \u00een acela\u0219i timp.<\/p>\n<div class=\"col-md-2 col-sm-4 col-xs-4\"> .col-md-2 { float:left; width: 16.6667%; } <\/div>\n<div class=\"col-md-2 col-sm-4 col-xs-4\"> .col-md-2 { float:left; width: 16.6667%; } <\/p>\n<div class=\"fb-share-button\" data-href=\"https:\/\/revistaverde.ro\/2026\/08\/30\/buzau-produce-energie-verde-pentru-propriile-institutii\/\" data-layout=\"button\" data-size=\"large\" data-mobile-iframe=\"true\"><a class=\"fb-xfbml-parse-ignore\" target=\"_blank\" href=\"https:\/\/www.facebook.com\/sharer\/sharer.php?u=https%3A%2F%2Frevistaverde.ro%2F2026%2F08%2F30%2Fbuzau-produce-energie-verde-pentru-propriile-institutii%2F&amp;src=sdkpreparse\">Share<\/a><\/div>\n<\/div>\n<div class=\"col-md-2 col-sm-4 col-xs-4\"> .col-md-2 { float:left; width: 16.6667%; } <\/div>\n<\/div>\n<\/article>\n<div class=\"entry-content mh-clearfix\">\n<figure class=\"entry-thumbnail\"><img decoding=\"async\" src=\"https:\/\/revistaverde.ro\/wp-content\/uploads\/2026\/08\/ambulanata-1-678x381.webp\" alt title=\"ambulanata 1\"><\/figure>\n<h2 class=\"wp-block-heading\">Panouri fotovoltaice pe cl\u0103dirile CJ \u0219i Ambulan\u021b\u0103 eficientizat\u0103 energetic<\/h2>\n<p>Dou\u0103 proiecte arat\u0103 direc\u021bia clar\u0103 spre decarbonizare a administra\u021biei jude\u021bene.<\/p>\n<p>Proiectul 192\/2026 \u2013 form\u0103 actualizat\u0103 a bugetului pentru \u201eInstalare panouri fotovoltaice pentru producerea energiei din surse regenerabile pentru autoconsum, la UAT Jude\u021bul Buz\u0103u\u201d, cod SMIS 315148, finan\u021bat prin Fondul pentru Modernizare \u00een Rom\u00e2nia. Este dovada c\u0103 jude\u021bul vrea s\u0103-\u0219i reduc\u0103 factura energetic\u0103 \u0219i amprenta de carbon prin autoconsum.<\/p>\n<p>\u00cen paralel, Proiectul 182\/2026 aprob\u0103 faza Proiect Tehnic \u0219i indicatorii actualiza\u021bi pentru \u201eConsolidare \u0219i eficientizare energetic\u0103 a cl\u0103dirii corp C1 \u2013 Serviciul de Ambulan\u021b\u0103 Jude\u021bean Buz\u0103u\u201d, inclusiv extindere etaj 2 retras \u0219i lucr\u0103ri conexe.<\/p>\n<p>O ambulan\u021b\u0103 care func\u021bioneaz\u0103 \u00eentr-o cl\u0103dire anvelopat\u0103, cu consum redus, cu sisteme moderne de \u00eenc\u0103lzire \u0219i r\u0103cire, \u00eenseamn\u0103 nu doar confort pentru personalul care salveaz\u0103 vie\u021bi, ci \u0219i un exemplu de cl\u0103dire public\u0103 adus\u0103 la standarde nZEB. Pentru o revist\u0103 verde, acesta este modelul de administra\u021bie care investe\u0219te \u00een oameni \u0219i \u00een clim\u0103 \u00een acela\u0219i timp.<\/p>\n<div class=\"col-md-2 col-sm-4 col-xs-4\"> .col-md-2 { float:left; width: 16.6667%; } <\/div>\n<div class=\"col-md-2 col-sm-4 col-xs-4\"> .col-md-2 { float:left; width: 16.6667%; } <\/p>\n<div class=\"fb-share-button\" data-href=\"https:\/\/revistaverde.ro\/2026\/08\/30\/buzau-produce-energie-verde-pentru-propriile-institutii\/\" data-layout=\"button\" data-size=\"large\" data-mobile-iframe=\"true\"><a class=\"fb-xfbml-parse-ignore\" target=\"_blank\" href=\"https:\/\/www.facebook.com\/sharer\/sharer.php?u=https%3A%2F%2Frevistaverde.ro%2F2026%2F08%2F30%2Fbuzau-produce-energie-verde-pentru-propriile-institutii%2F&amp;src=sdkpreparse\">Share<\/a><\/div>\n<\/div>\n<div class=\"col-md-2 col-sm-4 col-xs-4\"> .col-md-2 { float:left; width: 16.6667%; } <\/div>\n<\/div>\n<p>[analyse_source url=&#8221;https:\/\/revistaverde.ro\/2026\/08\/30\/buzau-produce-energie-verde-pentru-propriile-institutii\/&#8221;]<\/p>\n","protected":false},"excerpt":{"rendered":"<p>[analyse_image type=&#8221;featured&#8221; src=&#8221;https:\/\/revistaverde.ro\/wp-content\/uploads\/2026\/08\/ambulanata-1.webp&#8221;] Buz\u0103u produce energie verde pentru propriile institu\u021bii august 30, 2026M\u0103rg\u0103rit GROSUEco \u015etiri, Evenimente, international0 Panouri fotovoltaice pe cl\u0103dirile CJ \u0219i Ambulan\u021b\u0103 eficientizat\u0103 energetic Dou\u0103 proiecte arat\u0103 direc\u021bia clar\u0103 spre decarbonizare a administra\u021biei jude\u021bene. Proiectul 192\/2026 \u2013 form\u0103 actualizat\u0103 a bugetului pentru \u201eInstalare panouri fotovoltaice pentru producerea energiei din surse regenerabile pentru autoconsum, [&hellip;]<\/p>\n","protected":false},"author":1,"featured_media":0,"comment_status":"open","ping_status":"","sticky":false,"template":"","format":"standard","meta":{"footnotes":""},"categories":[2],"tags":[226,57],"class_list":["post-2119540","post","type-post","status-publish","format-standard","hentry","category-politics","tag-crawlmanager","tag-revistaverde-ro"],"_links":{"self":[{"href":"https:\/\/analyse.optim.biz\/index.php?rest_route=\/wp\/v2\/posts\/2119540","targetHints":{"allow":["GET"]}}],"collection":[{"href":"https:\/\/analyse.optim.biz\/index.php?rest_route=\/wp\/v2\/posts"}],"about":[{"href":"https:\/\/analyse.optim.biz\/index.php?rest_route=\/wp\/v2\/types\/post"}],"author":[{"embeddable":true,"href":"https:\/\/analyse.optim.biz\/index.php?rest_route=\/wp\/v2\/users\/1"}],"replies":[{"embeddable":true,"href":"https:\/\/analyse.optim.biz\/index.php?rest_route=%2Fwp%2Fv2%2Fcomments&post=2119540"}],"version-history":[{"count":0,"href":"https:\/\/analyse.optim.biz\/index.php?rest_route=\/wp\/v2\/posts\/2119540\/revisions"}],"wp:attachment":[{"href":"https:\/\/analyse.optim.biz\/index.php?rest_route=%2Fwp%2Fv2%2Fmedia&parent=2119540"}],"wp:term":[{"taxonomy":"category","embeddable":true,"href":"https:\/\/analyse.optim.biz\/index.php?rest_route=%2Fwp%2Fv2%2Fcategories&post=2119540"},{"taxonomy":"post_tag","embeddable":true,"href":"https:\/\/analyse.optim.biz\/index.php?rest_route=%2Fwp%2Fv2%2Ftags&post=2119540"}],"curies":[{"name":"wp","href":"https:\/\/api.w.org\/{rel}","templated":true}]}}