{"id":2119536,"date":"2026-08-30T09:05:30","date_gmt":"2026-08-30T06:05:30","guid":{"rendered":"https:\/\/analyse.optim.biz\/?p=2119536"},"modified":"2026-08-30T09:05:30","modified_gmt":"2026-08-30T06:05:30","slug":"incendiu-la-cislau","status":"publish","type":"post","link":"https:\/\/analyse.optim.biz\/?p=2119536","title":{"rendered":"Incendiu la Cisl\u0103u"},"content":{"rendered":"<p>[analyse_image type=&#8221;featured&#8221; src=&#8221;https:\/\/opiniabuzau.ro\/wp-content\/uploads\/2025\/08\/pompier-scaled.webp&#8221;]<\/p>\n<div class=\"entry-content entry clearfix\">\n<blockquote>\n<p><strong>Incendiu, duminic\u0103 diminea\u021ba, la o gospod\u0103rie din satul Sc\u0103ri\u0219oara, comuna Cisl\u0103u.<\/strong><\/p>\n<\/blockquote>\n<p>La sosirea la fa\u021ba locului a echipajelor de pompieri, incendiul se manifesta la dou\u0103 cl\u0103dirii, fiind afectate o cas\u0103 cu o suprafa\u021b\u0103 de aproximativ 250 de metri p\u0103tra\u021bi \u0219i o anex\u0103 gospod\u0103reasc\u0103 de aproximativ 100 de metri p\u0103tra\u021bi. Pentru gestionarea situa\u021biei, la locul interven\u021biei au fost mobilizate patru autospeciale de stingere.<\/p>\n<p>\u00cen urma evenimentului, o persoan\u0103 a suferit un atac de panic\u0103 \u0219i a primit \u00eengrijiri medicale din partea echipajului Serviciului de Ambulan\u021b\u0103 Jude\u021bean prezent la fa\u021ba locului.<\/p>\n<\/div>\n<p>[analyse_source url=&#8221;https:\/\/opiniabuzau.ro\/incendiu-la-cislau-2\/&#8221;]<\/p>\n","protected":false},"excerpt":{"rendered":"<p>[analyse_image type=&#8221;featured&#8221; src=&#8221;https:\/\/opiniabuzau.ro\/wp-content\/uploads\/2025\/08\/pompier-scaled.webp&#8221;] Incendiu, duminic\u0103 diminea\u021ba, la o gospod\u0103rie din satul Sc\u0103ri\u0219oara, comuna Cisl\u0103u. La sosirea la fa\u021ba locului a echipajelor de pompieri, incendiul se manifesta la dou\u0103 cl\u0103dirii, fiind afectate o cas\u0103 cu o suprafa\u021b\u0103 de aproximativ 250 de metri p\u0103tra\u021bi \u0219i o anex\u0103 gospod\u0103reasc\u0103 de aproximativ 100 de metri p\u0103tra\u021bi. Pentru gestionarea situa\u021biei, [&hellip;]<\/p>\n","protected":false},"author":1,"featured_media":0,"comment_status":"open","ping_status":"","sticky":false,"template":"","format":"standard","meta":{"footnotes":""},"categories":[2],"tags":[226,44],"class_list":["post-2119536","post","type-post","status-publish","format-standard","hentry","category-politics","tag-crawlmanager","tag-opiniabuzau-ro"],"_links":{"self":[{"href":"https:\/\/analyse.optim.biz\/index.php?rest_route=\/wp\/v2\/posts\/2119536","targetHints":{"allow":["GET"]}}],"collection":[{"href":"https:\/\/analyse.optim.biz\/index.php?rest_route=\/wp\/v2\/posts"}],"about":[{"href":"https:\/\/analyse.optim.biz\/index.php?rest_route=\/wp\/v2\/types\/post"}],"author":[{"embeddable":true,"href":"https:\/\/analyse.optim.biz\/index.php?rest_route=\/wp\/v2\/users\/1"}],"replies":[{"embeddable":true,"href":"https:\/\/analyse.optim.biz\/index.php?rest_route=%2Fwp%2Fv2%2Fcomments&post=2119536"}],"version-history":[{"count":0,"href":"https:\/\/analyse.optim.biz\/index.php?rest_route=\/wp\/v2\/posts\/2119536\/revisions"}],"wp:attachment":[{"href":"https:\/\/analyse.optim.biz\/index.php?rest_route=%2Fwp%2Fv2%2Fmedia&parent=2119536"}],"wp:term":[{"taxonomy":"category","embeddable":true,"href":"https:\/\/analyse.optim.biz\/index.php?rest_route=%2Fwp%2Fv2%2Fcategories&post=2119536"},{"taxonomy":"post_tag","embeddable":true,"href":"https:\/\/analyse.optim.biz\/index.php?rest_route=%2Fwp%2Fv2%2Ftags&post=2119536"}],"curies":[{"name":"wp","href":"https:\/\/api.w.org\/{rel}","templated":true}]}}