{"id":2119535,"date":"2026-08-30T08:41:40","date_gmt":"2026-08-30T05:41:40","guid":{"rendered":"https:\/\/analyse.optim.biz\/?p=2119535"},"modified":"2026-08-30T08:41:40","modified_gmt":"2026-08-30T05:41:40","slug":"buzaul-pariaza-pe-turism-durabil-doua-proiecte-majore-de-zeci-de-milioane-pe-masa-consiliului-judetean-buzau","status":"publish","type":"post","link":"https:\/\/analyse.optim.biz\/?p=2119535","title":{"rendered":"Buz\u0103ul pariaz\u0103 pe turism durabil \u2013 dou\u0103 proiecte majore de zeci de milioane pe masa Consiliului Jude\u021bean Buz\u0103u"},"content":{"rendered":"<p>[analyse_image type=&#8221;featured&#8221; src=&#8221;https:\/\/revistaverde.ro\/wp-content\/uploads\/2026\/08\/1JP.webp&#8221;]<\/p>\n<article id=\"post-15877\" class=\"post-15877 post type-post status-publish format-standard has-post-thumbnail hentry category-eco-turism category-evnimente category-international\">\n<header class=\"entry-header mh-clearfix\">\n<h1 class=\"entry-title\">Buz\u0103ul pariaz\u0103 pe turism durabil \u2013 dou\u0103 proiecte majore de zeci de milioane pe masa Consiliului Jude\u021bean Buz\u0103u<\/h1>\n<p class=\"mh-meta entry-meta\"><span class=\"entry-meta-date updated\"><a href=\"https:\/\/revistaverde.ro\/2026\/08\/\">august 30, 2026<\/a><\/span><span class=\"entry-meta-author author vcard\"><a class=\"fn\" href=\"https:\/\/revistaverde.ro\/author\/revistaverdefrumoasa2017\/\">M\u0103rg\u0103rit GROSU<\/a><\/span><span class=\"entry-meta-categories\"><a href=\"https:\/\/revistaverde.ro\/category\/local\/eco-turism\/\" rel=\"category tag\">Eco Turism<\/a>, <a href=\"https:\/\/revistaverde.ro\/category\/local\/evnimente\/\" rel=\"category tag\">Evenimente<\/a>, <a href=\"https:\/\/revistaverde.ro\/category\/international\/\" rel=\"category tag\">international<\/a><\/span><span class=\"entry-meta-comments\"><a class=\"mh-comment-scroll\" href=\"https:\/\/revistaverde.ro\/2026\/08\/30\/buzaul-pariaza-pe-turism-durabil-doua-proiecte-majore-de-zeci-de-milioane-pe-masa-consiliului-judetean-buzau\/#mh-comments\">0<\/a><\/span><\/p>\n<\/header>\n<div class=\"entry-content mh-clearfix\">\n<figure class=\"entry-thumbnail\"><img decoding=\"async\" src=\"https:\/\/revistaverde.ro\/wp-content\/uploads\/2026\/08\/1JP-678x381.webp\" alt title=\"1JP\"><\/figure>\n<h2 class=\"wp-block-heading\">Buz\u0103u \u00ee\u0219i valorific\u0103 patrimoniul natural \u0219i antropic cu bani europeni<\/h2>\n<p>Dou\u0103 dintre cele mai importante proiecte de pe ordinea de zi a \u0219edin\u021bei CJ din 26 august vizeaz\u0103 direct dezvoltarea durabil\u0103 a jude\u021bului.<\/p>\n<p>Este vorba de Proiectul nr. 180\/2026 \u2013 \u201eValorificarea poten\u021bialului turistic natural \u0219i antropic, pentru dezvoltarea durabil\u0103 a Jude\u021bului Buz\u0103u\u201d \u0219i Proiectul nr. 181\/2026 \u2013 \u201eAmenajarea infrastructurii turistice specifice \u0219i de promenad\u0103 \u00een scopul valorific\u0103rii poten\u021bialului turistic al punctului de interes Dealul Mur\u0103toarea din sta\u021biunea balneoclimateric\u0103 S\u0103rata Monteoru\u201d.<\/p>\n<p>Ambele urmeaz\u0103 s\u0103 fie propuse spre finan\u021bare prin Programul Regional Sud-Est 2021-2027, Prioritatea 6 \u2013 O regiune atractiv\u0103, Ac\u021biunea 6.2, Obiectiv specific 5.2 (FEDR), Apel PRSE\/6\/6.2\/1\/2025.<\/p>\n<p>Consiliul Jude\u021bean a aprobat \u00een aceast\u0103 \u0219edin\u021b\u0103 documenta\u021biile tehnico-economice faza Studiu de Fezabilitate cu elemente DALI \u0219i indicatorii tehnico-economici. Practic, este pasul decisiv \u00eenainte de depunerea cererilor de finan\u021bare.<\/p>\n<p>Pentru Revista Verde, miza este clar\u0103: Buz\u0103ul trece de la turismul de weekend la turismul de experien\u021b\u0103, cu trasee amenajate sustenabil, infrastructur\u0103 de vizitare care protejeaz\u0103 siturile naturale \u0219i punerea \u00een valoare a \u021ainutului Buz\u0103u f\u0103r\u0103 a-l agresa.<\/p>\n<div class=\"col-md-2 col-sm-4 col-xs-4\"> .col-md-2 { float:left; width: 16.6667%; } <\/div>\n<div class=\"col-md-2 col-sm-4 col-xs-4\"> .col-md-2 { float:left; width: 16.6667%; } <\/p>\n<div class=\"fb-share-button\" data-href=\"https:\/\/revistaverde.ro\/2026\/08\/30\/buzaul-pariaza-pe-turism-durabil-doua-proiecte-majore-de-zeci-de-milioane-pe-masa-consiliului-judetean-buzau\/\" data-layout=\"button\" data-size=\"large\" data-mobile-iframe=\"true\"><a class=\"fb-xfbml-parse-ignore\" target=\"_blank\" href=\"https:\/\/www.facebook.com\/sharer\/sharer.php?u=https%3A%2F%2Frevistaverde.ro%2F2026%2F08%2F30%2Fbuzaul-pariaza-pe-turism-durabil-doua-proiecte-majore-de-zeci-de-milioane-pe-masa-consiliului-judetean-buzau%2F&amp;src=sdkpreparse\">Share<\/a><\/div>\n<\/div>\n<div class=\"col-md-2 col-sm-4 col-xs-4\"> .col-md-2 { float:left; width: 16.6667%; } <\/div>\n<\/div>\n<\/article>\n<div class=\"entry-content mh-clearfix\">\n<figure class=\"entry-thumbnail\"><img decoding=\"async\" src=\"https:\/\/revistaverde.ro\/wp-content\/uploads\/2026\/08\/1JP-678x381.webp\" alt title=\"1JP\"><\/figure>\n<h2 class=\"wp-block-heading\">Buz\u0103u \u00ee\u0219i valorific\u0103 patrimoniul natural \u0219i antropic cu bani europeni<\/h2>\n<p>Dou\u0103 dintre cele mai importante proiecte de pe ordinea de zi a \u0219edin\u021bei CJ din 26 august vizeaz\u0103 direct dezvoltarea durabil\u0103 a jude\u021bului.<\/p>\n<p>Este vorba de Proiectul nr. 180\/2026 \u2013 \u201eValorificarea poten\u021bialului turistic natural \u0219i antropic, pentru dezvoltarea durabil\u0103 a Jude\u021bului Buz\u0103u\u201d \u0219i Proiectul nr. 181\/2026 \u2013 \u201eAmenajarea infrastructurii turistice specifice \u0219i de promenad\u0103 \u00een scopul valorific\u0103rii poten\u021bialului turistic al punctului de interes Dealul Mur\u0103toarea din sta\u021biunea balneoclimateric\u0103 S\u0103rata Monteoru\u201d.<\/p>\n<p>Ambele urmeaz\u0103 s\u0103 fie propuse spre finan\u021bare prin Programul Regional Sud-Est 2021-2027, Prioritatea 6 \u2013 O regiune atractiv\u0103, Ac\u021biunea 6.2, Obiectiv specific 5.2 (FEDR), Apel PRSE\/6\/6.2\/1\/2025.<\/p>\n<p>Consiliul Jude\u021bean a aprobat \u00een aceast\u0103 \u0219edin\u021b\u0103 documenta\u021biile tehnico-economice faza Studiu de Fezabilitate cu elemente DALI \u0219i indicatorii tehnico-economici. Practic, este pasul decisiv \u00eenainte de depunerea cererilor de finan\u021bare.<\/p>\n<p>Pentru Revista Verde, miza este clar\u0103: Buz\u0103ul trece de la turismul de weekend la turismul de experien\u021b\u0103, cu trasee amenajate sustenabil, infrastructur\u0103 de vizitare care protejeaz\u0103 siturile naturale \u0219i punerea \u00een valoare a \u021ainutului Buz\u0103u f\u0103r\u0103 a-l agresa.<\/p>\n<div class=\"col-md-2 col-sm-4 col-xs-4\"> .col-md-2 { float:left; width: 16.6667%; } <\/div>\n<div class=\"col-md-2 col-sm-4 col-xs-4\"> .col-md-2 { float:left; width: 16.6667%; } <\/p>\n<div class=\"fb-share-button\" data-href=\"https:\/\/revistaverde.ro\/2026\/08\/30\/buzaul-pariaza-pe-turism-durabil-doua-proiecte-majore-de-zeci-de-milioane-pe-masa-consiliului-judetean-buzau\/\" data-layout=\"button\" data-size=\"large\" data-mobile-iframe=\"true\"><a class=\"fb-xfbml-parse-ignore\" target=\"_blank\" href=\"https:\/\/www.facebook.com\/sharer\/sharer.php?u=https%3A%2F%2Frevistaverde.ro%2F2026%2F08%2F30%2Fbuzaul-pariaza-pe-turism-durabil-doua-proiecte-majore-de-zeci-de-milioane-pe-masa-consiliului-judetean-buzau%2F&amp;src=sdkpreparse\">Share<\/a><\/div>\n<\/div>\n<div class=\"col-md-2 col-sm-4 col-xs-4\"> .col-md-2 { float:left; width: 16.6667%; } <\/div>\n<\/div>\n<p>[analyse_source url=&#8221;https:\/\/revistaverde.ro\/2026\/08\/30\/buzaul-pariaza-pe-turism-durabil-doua-proiecte-majore-de-zeci-de-milioane-pe-masa-consiliului-judetean-buzau\/&#8221;]<\/p>\n","protected":false},"excerpt":{"rendered":"<p>[analyse_image type=&#8221;featured&#8221; src=&#8221;https:\/\/revistaverde.ro\/wp-content\/uploads\/2026\/08\/1JP.webp&#8221;] Buz\u0103ul pariaz\u0103 pe turism durabil \u2013 dou\u0103 proiecte majore de zeci de milioane pe masa Consiliului Jude\u021bean Buz\u0103u august 30, 2026M\u0103rg\u0103rit GROSUEco Turism, Evenimente, international0 Buz\u0103u \u00ee\u0219i valorific\u0103 patrimoniul natural \u0219i antropic cu bani europeni Dou\u0103 dintre cele mai importante proiecte de pe ordinea de zi a \u0219edin\u021bei CJ din 26 august [&hellip;]<\/p>\n","protected":false},"author":1,"featured_media":0,"comment_status":"open","ping_status":"","sticky":false,"template":"","format":"standard","meta":{"footnotes":""},"categories":[2],"tags":[226,57],"class_list":["post-2119535","post","type-post","status-publish","format-standard","hentry","category-politics","tag-crawlmanager","tag-revistaverde-ro"],"_links":{"self":[{"href":"https:\/\/analyse.optim.biz\/index.php?rest_route=\/wp\/v2\/posts\/2119535","targetHints":{"allow":["GET"]}}],"collection":[{"href":"https:\/\/analyse.optim.biz\/index.php?rest_route=\/wp\/v2\/posts"}],"about":[{"href":"https:\/\/analyse.optim.biz\/index.php?rest_route=\/wp\/v2\/types\/post"}],"author":[{"embeddable":true,"href":"https:\/\/analyse.optim.biz\/index.php?rest_route=\/wp\/v2\/users\/1"}],"replies":[{"embeddable":true,"href":"https:\/\/analyse.optim.biz\/index.php?rest_route=%2Fwp%2Fv2%2Fcomments&post=2119535"}],"version-history":[{"count":0,"href":"https:\/\/analyse.optim.biz\/index.php?rest_route=\/wp\/v2\/posts\/2119535\/revisions"}],"wp:attachment":[{"href":"https:\/\/analyse.optim.biz\/index.php?rest_route=%2Fwp%2Fv2%2Fmedia&parent=2119535"}],"wp:term":[{"taxonomy":"category","embeddable":true,"href":"https:\/\/analyse.optim.biz\/index.php?rest_route=%2Fwp%2Fv2%2Fcategories&post=2119535"},{"taxonomy":"post_tag","embeddable":true,"href":"https:\/\/analyse.optim.biz\/index.php?rest_route=%2Fwp%2Fv2%2Ftags&post=2119535"}],"curies":[{"name":"wp","href":"https:\/\/api.w.org\/{rel}","templated":true}]}}