{"id":2119533,"date":"2026-08-30T09:14:13","date_gmt":"2026-08-30T06:14:13","guid":{"rendered":"https:\/\/analyse.optim.biz\/?p=2119533"},"modified":"2026-08-30T09:14:13","modified_gmt":"2026-08-30T06:14:13","slug":"unde-se-duc-banii-judetului-rectificarea-a-vi-a-si-investitiile-in-comunitati-mici","status":"publish","type":"post","link":"https:\/\/analyse.optim.biz\/?p=2119533","title":{"rendered":"Unde se duc banii jude\u021bului? Rectificarea a VI-a \u0219i investi\u021biile \u00een comunit\u0103\u021bi mici"},"content":{"rendered":"<p>[analyse_image type=&#8221;featured&#8221; src=&#8221;https:\/\/revistaverde.ro\/wp-content\/uploads\/2026\/08\/poze-pentru-8.webp&#8221;]<\/p>\n<article id=\"post-15899\" class=\"post-15899 post type-post status-publish format-standard has-post-thumbnail hentry category-eco-tiri category-evnimente category-international\">\n<header class=\"entry-header mh-clearfix\">\n<h1 class=\"entry-title\">Unde se duc banii jude\u021bului? Rectificarea a VI-a \u0219i investi\u021biile \u00een comunit\u0103\u021bi mici<\/h1>\n<p class=\"mh-meta entry-meta\"><span class=\"entry-meta-date updated\"><a href=\"https:\/\/revistaverde.ro\/2026\/08\/\">august 30, 2026<\/a><\/span><span class=\"entry-meta-author author vcard\"><a class=\"fn\" href=\"https:\/\/revistaverde.ro\/author\/revistaverdefrumoasa2017\/\">M\u0103rg\u0103rit GROSU<\/a><\/span><span class=\"entry-meta-categories\"><a href=\"https:\/\/revistaverde.ro\/category\/local\/eco-tiri\/\" rel=\"category tag\">Eco \u015etiri<\/a>, <a href=\"https:\/\/revistaverde.ro\/category\/local\/evnimente\/\" rel=\"category tag\">Evenimente<\/a>, <a href=\"https:\/\/revistaverde.ro\/category\/international\/\" rel=\"category tag\">international<\/a><\/span><span class=\"entry-meta-comments\"><a class=\"mh-comment-scroll\" href=\"https:\/\/revistaverde.ro\/2026\/08\/30\/unde-se-duc-banii-judetului-rectificarea-a-vi-a-si-investitiile-in-comunitati-mici\/#mh-comments\">0<\/a><\/span><\/p>\n<\/header>\n<div class=\"entry-content mh-clearfix\">\n<figure class=\"entry-thumbnail\"><img decoding=\"async\" src=\"https:\/\/revistaverde.ro\/wp-content\/uploads\/2026\/08\/poze-pentru-8-678x381.webp\" alt title=\"poze pentru 8\"><\/figure>\n<p>\u0218edin\u021ba din 26 august a fost dominat\u0103 de cifre. Proiectul 162\/2026 aprob\u0103 rectificarea a VI-a a bugetului propriu al jude\u021bului pe anul 2026, iar Proiectul 190\/2026 (suplimentar) aprob\u0103 utilizarea excedentului din 2025 \u2013 forma actualizat\u0103 7, ambele ini\u021biate de Consiliul Jude\u021bean Buz\u0103u.<\/p>\n<p>Unde merg banii?<\/p>\n<ol>\n<li>Spre ap\u0103 \u0219i canalizare \u00een comunit\u0103\u021bi mici: Proiectul 175\/2026 acord\u0103 mandat special reprezentantului jude\u021bului \u00een ADI \u201eBuz\u0103u 2008\u201d s\u0103 voteze primirea comunei Gher\u0103seni, la propunerea Consiliului Jude\u021bean Buz\u0103u.<\/li>\n<li>Spre patrimoniu local: Proiectul 176\/2026 aprob\u0103 trecerea unui teren de 2.153 mp din domeniul public al jude\u021bului \u00een domeniul public al ora\u0219ului P\u0103t\u00e2rlagele, proiect al Consiliului Jude\u021bean Buz\u0103u.<\/li>\n<li>Spre sportul de mas\u0103 din rural: Proiectele 169 \u0219i 170\/2026 \u2013 Consiliul Jude\u021bean Buz\u0103u cofinan\u021beaz\u0103 competi\u021bia interna\u021bional\u0103 \u201eHEROES 16\u201d \u0219i prelunge\u0219te colaborarea cu LPS \u201eIolanda Bala\u0219 \u2013 Soter\u201d pentru Programul jude\u021bean de preg\u0103tire \u00een sportul de performan\u021b\u0103 pentru copii \u0219i tineri din mediul rural 2026-2028.<\/li>\n<\/ol>\n<p>\u0218i Proiectul 194\/2026 pentru comisia de selec\u021bie a membrilor Consiliului de Administra\u021bie al societ\u0103\u021bii \u201eA7 PARC INDUSTRIAL SLAM R\u00c2MNIC\u201d SRL, societate a Consiliului Jude\u021bean Buz\u0103u. Viitorul parc de l\u00e2ng\u0103 autostrad\u0103 va trebui s\u0103 fie un parc industrial verde.<\/p>\n<div class=\"col-md-2 col-sm-4 col-xs-4\"> .col-md-2 { float:left; width: 16.6667%; } <\/div>\n<div class=\"col-md-2 col-sm-4 col-xs-4\"> .col-md-2 { float:left; width: 16.6667%; } <\/p>\n<div class=\"fb-share-button\" data-href=\"https:\/\/revistaverde.ro\/2026\/08\/30\/unde-se-duc-banii-judetului-rectificarea-a-vi-a-si-investitiile-in-comunitati-mici\/\" data-layout=\"button\" data-size=\"large\" data-mobile-iframe=\"true\"><a class=\"fb-xfbml-parse-ignore\" target=\"_blank\" href=\"https:\/\/www.facebook.com\/sharer\/sharer.php?u=https%3A%2F%2Frevistaverde.ro%2F2026%2F08%2F30%2Funde-se-duc-banii-judetului-rectificarea-a-vi-a-si-investitiile-in-comunitati-mici%2F&amp;src=sdkpreparse\">Share<\/a><\/div>\n<\/div>\n<div class=\"col-md-2 col-sm-4 col-xs-4\"> .col-md-2 { float:left; width: 16.6667%; } <\/div>\n<\/div>\n<\/article>\n<div class=\"entry-content mh-clearfix\">\n<figure class=\"entry-thumbnail\"><img decoding=\"async\" src=\"https:\/\/revistaverde.ro\/wp-content\/uploads\/2026\/08\/poze-pentru-8-678x381.webp\" alt title=\"poze pentru 8\"><\/figure>\n<p>\u0218edin\u021ba din 26 august a fost dominat\u0103 de cifre. Proiectul 162\/2026 aprob\u0103 rectificarea a VI-a a bugetului propriu al jude\u021bului pe anul 2026, iar Proiectul 190\/2026 (suplimentar) aprob\u0103 utilizarea excedentului din 2025 \u2013 forma actualizat\u0103 7, ambele ini\u021biate de Consiliul Jude\u021bean Buz\u0103u.<\/p>\n<p>Unde merg banii?<\/p>\n<ol>\n<li>Spre ap\u0103 \u0219i canalizare \u00een comunit\u0103\u021bi mici: Proiectul 175\/2026 acord\u0103 mandat special reprezentantului jude\u021bului \u00een ADI \u201eBuz\u0103u 2008\u201d s\u0103 voteze primirea comunei Gher\u0103seni, la propunerea Consiliului Jude\u021bean Buz\u0103u.<\/li>\n<li>Spre patrimoniu local: Proiectul 176\/2026 aprob\u0103 trecerea unui teren de 2.153 mp din domeniul public al jude\u021bului \u00een domeniul public al ora\u0219ului P\u0103t\u00e2rlagele, proiect al Consiliului Jude\u021bean Buz\u0103u.<\/li>\n<li>Spre sportul de mas\u0103 din rural: Proiectele 169 \u0219i 170\/2026 \u2013 Consiliul Jude\u021bean Buz\u0103u cofinan\u021beaz\u0103 competi\u021bia interna\u021bional\u0103 \u201eHEROES 16\u201d \u0219i prelunge\u0219te colaborarea cu LPS \u201eIolanda Bala\u0219 \u2013 Soter\u201d pentru Programul jude\u021bean de preg\u0103tire \u00een sportul de performan\u021b\u0103 pentru copii \u0219i tineri din mediul rural 2026-2028.<\/li>\n<\/ol>\n<p>\u0218i Proiectul 194\/2026 pentru comisia de selec\u021bie a membrilor Consiliului de Administra\u021bie al societ\u0103\u021bii \u201eA7 PARC INDUSTRIAL SLAM R\u00c2MNIC\u201d SRL, societate a Consiliului Jude\u021bean Buz\u0103u. Viitorul parc de l\u00e2ng\u0103 autostrad\u0103 va trebui s\u0103 fie un parc industrial verde.<\/p>\n<div class=\"col-md-2 col-sm-4 col-xs-4\"> .col-md-2 { float:left; width: 16.6667%; } <\/div>\n<div class=\"col-md-2 col-sm-4 col-xs-4\"> .col-md-2 { float:left; width: 16.6667%; } <\/p>\n<div class=\"fb-share-button\" data-href=\"https:\/\/revistaverde.ro\/2026\/08\/30\/unde-se-duc-banii-judetului-rectificarea-a-vi-a-si-investitiile-in-comunitati-mici\/\" data-layout=\"button\" data-size=\"large\" data-mobile-iframe=\"true\"><a class=\"fb-xfbml-parse-ignore\" target=\"_blank\" href=\"https:\/\/www.facebook.com\/sharer\/sharer.php?u=https%3A%2F%2Frevistaverde.ro%2F2026%2F08%2F30%2Funde-se-duc-banii-judetului-rectificarea-a-vi-a-si-investitiile-in-comunitati-mici%2F&amp;src=sdkpreparse\">Share<\/a><\/div>\n<\/div>\n<div class=\"col-md-2 col-sm-4 col-xs-4\"> .col-md-2 { float:left; width: 16.6667%; } <\/div>\n<\/div>\n<p>[analyse_source url=&#8221;https:\/\/revistaverde.ro\/2026\/08\/30\/unde-se-duc-banii-judetului-rectificarea-a-vi-a-si-investitiile-in-comunitati-mici\/&#8221;]<\/p>\n","protected":false},"excerpt":{"rendered":"<p>[analyse_image type=&#8221;featured&#8221; src=&#8221;https:\/\/revistaverde.ro\/wp-content\/uploads\/2026\/08\/poze-pentru-8.webp&#8221;] Unde se duc banii jude\u021bului? Rectificarea a VI-a \u0219i investi\u021biile \u00een comunit\u0103\u021bi mici august 30, 2026M\u0103rg\u0103rit GROSUEco \u015etiri, Evenimente, international0 \u0218edin\u021ba din 26 august a fost dominat\u0103 de cifre. Proiectul 162\/2026 aprob\u0103 rectificarea a VI-a a bugetului propriu al jude\u021bului pe anul 2026, iar Proiectul 190\/2026 (suplimentar) aprob\u0103 utilizarea excedentului din 2025 [&hellip;]<\/p>\n","protected":false},"author":1,"featured_media":0,"comment_status":"open","ping_status":"","sticky":false,"template":"","format":"standard","meta":{"footnotes":""},"categories":[2],"tags":[226,57],"class_list":["post-2119533","post","type-post","status-publish","format-standard","hentry","category-politics","tag-crawlmanager","tag-revistaverde-ro"],"_links":{"self":[{"href":"https:\/\/analyse.optim.biz\/index.php?rest_route=\/wp\/v2\/posts\/2119533","targetHints":{"allow":["GET"]}}],"collection":[{"href":"https:\/\/analyse.optim.biz\/index.php?rest_route=\/wp\/v2\/posts"}],"about":[{"href":"https:\/\/analyse.optim.biz\/index.php?rest_route=\/wp\/v2\/types\/post"}],"author":[{"embeddable":true,"href":"https:\/\/analyse.optim.biz\/index.php?rest_route=\/wp\/v2\/users\/1"}],"replies":[{"embeddable":true,"href":"https:\/\/analyse.optim.biz\/index.php?rest_route=%2Fwp%2Fv2%2Fcomments&post=2119533"}],"version-history":[{"count":0,"href":"https:\/\/analyse.optim.biz\/index.php?rest_route=\/wp\/v2\/posts\/2119533\/revisions"}],"wp:attachment":[{"href":"https:\/\/analyse.optim.biz\/index.php?rest_route=%2Fwp%2Fv2%2Fmedia&parent=2119533"}],"wp:term":[{"taxonomy":"category","embeddable":true,"href":"https:\/\/analyse.optim.biz\/index.php?rest_route=%2Fwp%2Fv2%2Fcategories&post=2119533"},{"taxonomy":"post_tag","embeddable":true,"href":"https:\/\/analyse.optim.biz\/index.php?rest_route=%2Fwp%2Fv2%2Ftags&post=2119533"}],"curies":[{"name":"wp","href":"https:\/\/api.w.org\/{rel}","templated":true}]}}