{"id":2119532,"date":"2026-08-30T07:00:40","date_gmt":"2026-08-30T04:00:40","guid":{"rendered":"https:\/\/analyse.optim.biz\/?p=2119532"},"modified":"2026-08-30T07:00:40","modified_gmt":"2026-08-30T04:00:40","slug":"foto-video-buzau-wine-fest-sarbatoarea-legaturii-dintre-traditiile-viticole-si-istorie","status":"publish","type":"post","link":"https:\/\/analyse.optim.biz\/?p=2119532","title":{"rendered":"FOTO \u2013 VIDEO \/ Buz\u0103u Wine Fest, s\u0103rb\u0103toarea leg\u0103turii dintre tradi\u021biile viticole \u0219i istorie"},"content":{"rendered":"<p>[analyse_image type=&#8221;featured&#8221; src=&#8221;https:\/\/opiniabuzau.ro\/wp-content\/uploads\/2026\/08\/buzau-wine-fest-3-scaled.webp&#8221;]<\/p>\n<div class=\"entry-content entry clearfix\">\n<blockquote>\n<p><strong>Prima edi\u0163ie a Buz\u0103u Wine Fest a \u00eenceput vineri la Pietroasele, \u00een zona \u00een care a fost descoperit celebrul Tezaur \u201eClo\u015fca cu Puii de Aur\u201d, organizatorii pun\u00e2nd accent pe leg\u0103tura dintre tradi\u0163iile viticole \u015fi istoria locului.<\/strong><\/p>\n<\/blockquote>\n<p>Festivalul \u2013 o s\u0103rb\u0103toare a leg\u0103turii dintre tradi\u021biile viticole \u0219i istoria locului \u2013 este organizat de Organiza\u0163ia de Management al Destina\u0163iei (OMD) Buz\u0103u, \u00een colaborare cu Consiliul Jude\u0163ean Buz\u0103u, prin Centrul \u201eArtele Spectacolului\u201d.<\/p>\n<p>Deschiderea le-a apar\u0163inut copiilor de la \u015fcolile din comun\u0103, care au venit \u00eembr\u0103ca\u0163i \u00een costume populare \u015fi au adus co\u015furi cu struguri proasp\u0103t cule\u015fi. Boabele au fost apoi zdrobite cu picioarele, dup\u0103 un vechi obicei al viticultorilor, fiind ob\u0163inut astfel primul must al toamnei. Momentul a marcat simbolic \u00eenceputul culesului \u00een podgoriile de la Pietroasele.<\/p>\n<p>Programul primei zile a inclus degust\u0103ri de vinuri oferite de cele nou\u0103 crame participante, spectacole ale arti\u015ftilor Centrului \u201eArtele Spectacolului\u201d, expozi\u0163ii ale me\u015fterilor populari \u015fi un concert sus\u0163inut de trupa Zdob \u015fi Zdub. Buz\u0103u Wine Fest a continuat s\u00e2mb\u0103t\u0103 cu degust\u0103ri \u015fi spectacole sus\u0163inute de arti\u015ftii Centrului, de Ionel Tudorache \u015fi de taraful s\u0103u, precum \u0219i de solista Amna.<\/p>\n<div id=\"gallery-1\" class=\"gallery galleryid-478864 gallery-columns-6 gallery-size-thumbnail\">\n<figure class=\"gallery-item\">\n<div class=\"gallery-icon landscape\"><a href=\"https:\/\/opiniabuzau.ro\/wp-content\/uploads\/2026\/08\/buzau-wine-fest-1-scaled.webp\"><img loading=\"lazy\" decoding=\"async\" data-od-unknown-tag data-od-xpath=\"\/HTML\/BODY\/DIV[@class=&apos;background-overlay&apos;]\/*[1][self::DIV]\/*[1][self::DIV]\/*[4][self::DIV]\/*[1][self::DIV]\/*[1][self::DIV]\/*[2][self::ARTICLE]\/*[3][self::DIV]\/*[6][self::DIV]\/*[1][self::FIGURE]\/*[1][self::DIV]\/*[1][self::A]\/*[1][self::IMG]\" width=\"220\" height=\"150\" src=\"https:\/\/opiniabuzau.ro\/wp-content\/uploads\/2026\/08\/buzau-wine-fest-1-220x150.webp\" class=\"attachment-thumbnail size-thumbnail perfmatters-lazy\" alt><img loading=\"lazy\" decoding=\"async\" data-od-unknown-tag data-od-xpath=\"\/HTML\/BODY\/DIV[@class=&apos;background-overlay&apos;]\/*[1][self::DIV]\/*[1][self::DIV]\/*[4][self::DIV]\/*[1][self::DIV]\/*[1][self::DIV]\/*[2][self::ARTICLE]\/*[3][self::DIV]\/*[6][self::DIV]\/*[1][self::FIGURE]\/*[1][self::DIV]\/*[1][self::A]\/*[1][self::IMG]\" width=\"220\" height=\"150\" src=\"https:\/\/opiniabuzau.ro\/wp-content\/uploads\/2026\/08\/buzau-wine-fest-1-220x150.webp\" class=\"attachment-thumbnail size-thumbnail\" alt><\/a><\/div>\n<\/figure>\n<figure class=\"gallery-item\">\n<div class=\"gallery-icon landscape\"><a href=\"https:\/\/opiniabuzau.ro\/wp-content\/uploads\/2026\/08\/buzau-wine-fest-2-scaled.webp\"><img loading=\"lazy\" decoding=\"async\" data-od-unknown-tag data-od-xpath=\"\/HTML\/BODY\/DIV[@class=&apos;background-overlay&apos;]\/*[1][self::DIV]\/*[1][self::DIV]\/*[4][self::DIV]\/*[1][self::DIV]\/*[1][self::DIV]\/*[2][self::ARTICLE]\/*[3][self::DIV]\/*[6][self::DIV]\/*[2][self::FIGURE]\/*[1][self::DIV]\/*[1][self::A]\/*[1][self::IMG]\" width=\"220\" height=\"150\" src=\"https:\/\/opiniabuzau.ro\/wp-content\/uploads\/2026\/08\/buzau-wine-fest-2-220x150.webp\" class=\"attachment-thumbnail size-thumbnail perfmatters-lazy\" alt><img loading=\"lazy\" decoding=\"async\" data-od-unknown-tag data-od-xpath=\"\/HTML\/BODY\/DIV[@class=&apos;background-overlay&apos;]\/*[1][self::DIV]\/*[1][self::DIV]\/*[4][self::DIV]\/*[1][self::DIV]\/*[1][self::DIV]\/*[2][self::ARTICLE]\/*[3][self::DIV]\/*[6][self::DIV]\/*[2][self::FIGURE]\/*[1][self::DIV]\/*[1][self::A]\/*[1][self::IMG]\" width=\"220\" height=\"150\" src=\"https:\/\/opiniabuzau.ro\/wp-content\/uploads\/2026\/08\/buzau-wine-fest-2-220x150.webp\" class=\"attachment-thumbnail size-thumbnail\" alt><\/a><\/div>\n<\/figure>\n<figure class=\"gallery-item\">\n<div class=\"gallery-icon landscape\"><a href=\"https:\/\/opiniabuzau.ro\/wp-content\/uploads\/2026\/08\/buzau-wine-fest-4-scaled.webp\"><img loading=\"lazy\" decoding=\"async\" data-od-unknown-tag data-od-xpath=\"\/HTML\/BODY\/DIV[@class=&apos;background-overlay&apos;]\/*[1][self::DIV]\/*[1][self::DIV]\/*[4][self::DIV]\/*[1][self::DIV]\/*[1][self::DIV]\/*[2][self::ARTICLE]\/*[3][self::DIV]\/*[6][self::DIV]\/*[3][self::FIGURE]\/*[1][self::DIV]\/*[1][self::A]\/*[1][self::IMG]\" width=\"220\" height=\"150\" src=\"https:\/\/opiniabuzau.ro\/wp-content\/uploads\/2026\/08\/buzau-wine-fest-4-220x150.webp\" class=\"attachment-thumbnail size-thumbnail perfmatters-lazy\" alt><img loading=\"lazy\" decoding=\"async\" data-od-unknown-tag data-od-xpath=\"\/HTML\/BODY\/DIV[@class=&apos;background-overlay&apos;]\/*[1][self::DIV]\/*[1][self::DIV]\/*[4][self::DIV]\/*[1][self::DIV]\/*[1][self::DIV]\/*[2][self::ARTICLE]\/*[3][self::DIV]\/*[6][self::DIV]\/*[3][self::FIGURE]\/*[1][self::DIV]\/*[1][self::A]\/*[1][self::IMG]\" width=\"220\" height=\"150\" src=\"https:\/\/opiniabuzau.ro\/wp-content\/uploads\/2026\/08\/buzau-wine-fest-4-220x150.webp\" class=\"attachment-thumbnail size-thumbnail\" alt><\/a><\/div>\n<\/figure>\n<figure class=\"gallery-item\">\n<div class=\"gallery-icon landscape\"><a href=\"https:\/\/opiniabuzau.ro\/wp-content\/uploads\/2026\/08\/buzau-wine-fest-5-scaled.webp\"><img loading=\"lazy\" decoding=\"async\" data-od-unknown-tag data-od-xpath=\"\/HTML\/BODY\/DIV[@class=&apos;background-overlay&apos;]\/*[1][self::DIV]\/*[1][self::DIV]\/*[4][self::DIV]\/*[1][self::DIV]\/*[1][self::DIV]\/*[2][self::ARTICLE]\/*[3][self::DIV]\/*[6][self::DIV]\/*[4][self::FIGURE]\/*[1][self::DIV]\/*[1][self::A]\/*[1][self::IMG]\" width=\"220\" height=\"150\" src=\"https:\/\/opiniabuzau.ro\/wp-content\/uploads\/2026\/08\/buzau-wine-fest-5-220x150.webp\" class=\"attachment-thumbnail size-thumbnail perfmatters-lazy\" alt><img loading=\"lazy\" decoding=\"async\" data-od-unknown-tag data-od-xpath=\"\/HTML\/BODY\/DIV[@class=&apos;background-overlay&apos;]\/*[1][self::DIV]\/*[1][self::DIV]\/*[4][self::DIV]\/*[1][self::DIV]\/*[1][self::DIV]\/*[2][self::ARTICLE]\/*[3][self::DIV]\/*[6][self::DIV]\/*[4][self::FIGURE]\/*[1][self::DIV]\/*[1][self::A]\/*[1][self::IMG]\" width=\"220\" height=\"150\" src=\"https:\/\/opiniabuzau.ro\/wp-content\/uploads\/2026\/08\/buzau-wine-fest-5-220x150.webp\" class=\"attachment-thumbnail size-thumbnail\" alt><\/a><\/div>\n<\/figure>\n<figure class=\"gallery-item\">\n<div class=\"gallery-icon landscape\"><a href=\"https:\/\/opiniabuzau.ro\/wp-content\/uploads\/2026\/08\/buzau-wine-fest-6-scaled.webp\"><img loading=\"lazy\" decoding=\"async\" data-od-unknown-tag data-od-xpath=\"\/HTML\/BODY\/DIV[@class=&apos;background-overlay&apos;]\/*[1][self::DIV]\/*[1][self::DIV]\/*[4][self::DIV]\/*[1][self::DIV]\/*[1][self::DIV]\/*[2][self::ARTICLE]\/*[3][self::DIV]\/*[6][self::DIV]\/*[5][self::FIGURE]\/*[1][self::DIV]\/*[1][self::A]\/*[1][self::IMG]\" width=\"220\" height=\"150\" src=\"https:\/\/opiniabuzau.ro\/wp-content\/uploads\/2026\/08\/buzau-wine-fest-6-220x150.webp\" class=\"attachment-thumbnail size-thumbnail perfmatters-lazy\" alt><img loading=\"lazy\" decoding=\"async\" data-od-unknown-tag data-od-xpath=\"\/HTML\/BODY\/DIV[@class=&apos;background-overlay&apos;]\/*[1][self::DIV]\/*[1][self::DIV]\/*[4][self::DIV]\/*[1][self::DIV]\/*[1][self::DIV]\/*[2][self::ARTICLE]\/*[3][self::DIV]\/*[6][self::DIV]\/*[5][self::FIGURE]\/*[1][self::DIV]\/*[1][self::A]\/*[1][self::IMG]\" width=\"220\" height=\"150\" src=\"https:\/\/opiniabuzau.ro\/wp-content\/uploads\/2026\/08\/buzau-wine-fest-6-220x150.webp\" class=\"attachment-thumbnail size-thumbnail\" alt><\/a><\/div>\n<\/figure>\n<figure class=\"gallery-item\">\n<div class=\"gallery-icon landscape\"><a href=\"https:\/\/opiniabuzau.ro\/wp-content\/uploads\/2026\/08\/buzau-wine-fest-7-scaled.webp\"><img loading=\"lazy\" decoding=\"async\" data-od-unknown-tag data-od-xpath=\"\/HTML\/BODY\/DIV[@class=&apos;background-overlay&apos;]\/*[1][self::DIV]\/*[1][self::DIV]\/*[4][self::DIV]\/*[1][self::DIV]\/*[1][self::DIV]\/*[2][self::ARTICLE]\/*[3][self::DIV]\/*[6][self::DIV]\/*[6][self::FIGURE]\/*[1][self::DIV]\/*[1][self::A]\/*[1][self::IMG]\" width=\"220\" height=\"150\" src=\"https:\/\/opiniabuzau.ro\/wp-content\/uploads\/2026\/08\/buzau-wine-fest-7-220x150.webp\" class=\"attachment-thumbnail size-thumbnail perfmatters-lazy\" alt><img loading=\"lazy\" decoding=\"async\" data-od-unknown-tag data-od-xpath=\"\/HTML\/BODY\/DIV[@class=&apos;background-overlay&apos;]\/*[1][self::DIV]\/*[1][self::DIV]\/*[4][self::DIV]\/*[1][self::DIV]\/*[1][self::DIV]\/*[2][self::ARTICLE]\/*[3][self::DIV]\/*[6][self::DIV]\/*[6][self::FIGURE]\/*[1][self::DIV]\/*[1][self::A]\/*[1][self::IMG]\" width=\"220\" height=\"150\" src=\"https:\/\/opiniabuzau.ro\/wp-content\/uploads\/2026\/08\/buzau-wine-fest-7-220x150.webp\" class=\"attachment-thumbnail size-thumbnail\" alt><\/a><\/div>\n<\/figure>\n<\/div>\n<p>Duminic\u0103, \u00een zona Tezaurului de la Pietroasele, Garda Apulum va prezenta reconstituiri istorice, cu personaje, costume, arme \u015fi demonstra\u0163ii inspirate din lumea antic\u0103. Organizatorii se a\u015fteapt\u0103 ca momentul s\u0103 reprezinte unul dintre principalele puncte de atrac\u0163ie ale festivalului, \u00een special pentru copii.<\/p>\n<div class=\"stream-item stream-item-in-post stream-item-inline-post aligncenter\"><a href=\"https:\/\/vreaulanova.ro\/?utm_source=opiniabuzau&amp;utm_medium=image\" title target=\"_blank\"><img loading=\"lazy\" decoding=\"async\" data-od-unknown-tag data-od-xpath=\"\/HTML\/BODY\/DIV[@class=&apos;background-overlay&apos;]\/*[1][self::DIV]\/*[1][self::DIV]\/*[4][self::DIV]\/*[1][self::DIV]\/*[1][self::DIV]\/*[2][self::ARTICLE]\/*[3][self::DIV]\/*[8][self::DIV]\/*[1][self::A]\/*[1][self::IMG]\" src=\"https:\/\/opiniabuzau.ro\/wp-content\/smush-webp\/2022\/02\/MicrosoftTeams-image-4-1.jpg.webp\" alt width=\"728\" height=\"91\" class=\"perfmatters-lazy\"><img loading=\"lazy\" decoding=\"async\" data-od-unknown-tag data-od-xpath=\"\/HTML\/BODY\/DIV[@class=&apos;background-overlay&apos;]\/*[1][self::DIV]\/*[1][self::DIV]\/*[4][self::DIV]\/*[1][self::DIV]\/*[1][self::DIV]\/*[2][self::ARTICLE]\/*[3][self::DIV]\/*[8][self::DIV]\/*[1][self::A]\/*[1][self::IMG]\" src=\"https:\/\/opiniabuzau.ro\/wp-content\/smush-webp\/2022\/02\/MicrosoftTeams-image-4-1.jpg.webp\" alt width=\"728\" height=\"91\"><\/a><\/div>\n<iframe loading=\"lazy\" title=\"Buz\u0103u Wine  Fest\" width=\"563\" height=\"1000\" src=\"https:\/\/www.youtube.com\/embed\/MuRIHosmqdI?feature=oembed\" frameborder allow=\"accelerometer; autoplay; clipboard-write; encrypted-media; gyroscope; picture-in-picture; web-share\" referrerpolicy=\"strict-origin-when-cross-origin\" allowfullscreen><\/iframe>\n<p>\u00a0<\/p>\n<\/div>\n<p>[analyse_source url=&#8221;https:\/\/opiniabuzau.ro\/foto-video-buzau-wine-fest-sarbatoarea-legaturii-dintre-traditiile-viticole-si-istorie\/&#8221;]<\/p>\n","protected":false},"excerpt":{"rendered":"<p>[analyse_image type=&#8221;featured&#8221; src=&#8221;https:\/\/opiniabuzau.ro\/wp-content\/uploads\/2026\/08\/buzau-wine-fest-3-scaled.webp&#8221;] Prima edi\u0163ie a Buz\u0103u Wine Fest a \u00eenceput vineri la Pietroasele, \u00een zona \u00een care a fost descoperit celebrul Tezaur \u201eClo\u015fca cu Puii de Aur\u201d, organizatorii pun\u00e2nd accent pe leg\u0103tura dintre tradi\u0163iile viticole \u015fi istoria locului. Festivalul \u2013 o s\u0103rb\u0103toare a leg\u0103turii dintre tradi\u021biile viticole \u0219i istoria locului \u2013 este organizat de [&hellip;]<\/p>\n","protected":false},"author":1,"featured_media":0,"comment_status":"open","ping_status":"","sticky":false,"template":"","format":"standard","meta":{"footnotes":""},"categories":[2],"tags":[226,44],"class_list":["post-2119532","post","type-post","status-publish","format-standard","hentry","category-politics","tag-crawlmanager","tag-opiniabuzau-ro"],"_links":{"self":[{"href":"https:\/\/analyse.optim.biz\/index.php?rest_route=\/wp\/v2\/posts\/2119532","targetHints":{"allow":["GET"]}}],"collection":[{"href":"https:\/\/analyse.optim.biz\/index.php?rest_route=\/wp\/v2\/posts"}],"about":[{"href":"https:\/\/analyse.optim.biz\/index.php?rest_route=\/wp\/v2\/types\/post"}],"author":[{"embeddable":true,"href":"https:\/\/analyse.optim.biz\/index.php?rest_route=\/wp\/v2\/users\/1"}],"replies":[{"embeddable":true,"href":"https:\/\/analyse.optim.biz\/index.php?rest_route=%2Fwp%2Fv2%2Fcomments&post=2119532"}],"version-history":[{"count":0,"href":"https:\/\/analyse.optim.biz\/index.php?rest_route=\/wp\/v2\/posts\/2119532\/revisions"}],"wp:attachment":[{"href":"https:\/\/analyse.optim.biz\/index.php?rest_route=%2Fwp%2Fv2%2Fmedia&parent=2119532"}],"wp:term":[{"taxonomy":"category","embeddable":true,"href":"https:\/\/analyse.optim.biz\/index.php?rest_route=%2Fwp%2Fv2%2Fcategories&post=2119532"},{"taxonomy":"post_tag","embeddable":true,"href":"https:\/\/analyse.optim.biz\/index.php?rest_route=%2Fwp%2Fv2%2Ftags&post=2119532"}],"curies":[{"name":"wp","href":"https:\/\/api.w.org\/{rel}","templated":true}]}}