{"id":2119530,"date":"2026-08-29T21:01:42","date_gmt":"2026-08-29T18:01:42","guid":{"rendered":"https:\/\/analyse.optim.biz\/?p=2119530"},"modified":"2026-08-29T21:01:42","modified_gmt":"2026-08-29T18:01:42","slug":"30-august-2026","status":"publish","type":"post","link":"https:\/\/analyse.optim.biz\/?p=2119530","title":{"rendered":"30 august 2026"},"content":{"rendered":"<p>[analyse_image type=&#8221;featured&#8221; src=&#8221;https:\/\/opiniabuzau.ro\/wp-content\/uploads\/2025\/12\/Calendarul-Zilei-scaled.webp&#8221;]<\/p>\n<div class=\"entry-content entry clearfix\">\n<blockquote>\n<p><strong>Cre\u0219tinii ortodoc\u0219i \u00eei pomenesc pe <span>Sf\u00e2ntul Ierarh Varlaam<\/span>, pe <span>Cuviosul Ioan de la R\u00e2\u0219ca \u0219i Secu<\/span> \u0219i pe <span>Sf\u00e2ntul Alexandru<\/span>, iar credincio\u0219ii romano-catolici \u00eel comemoreaz\u0103 pe <span>Sf\u00e2ntul Felix, martir<\/span>.<\/strong><\/p>\n<\/blockquote>\n<ul>\n<li>1265 \u2013 Prima men\u0163iune documentar\u0103 a Hunedoarei.<\/li>\n<li>1535 \u2013 S-a \u00eencheiat \u00een\u0103l\u0163area Bisericii \u201eSf. Dumitru\u201d din Suceava (\u00eenceput\u0103 la 10 august 1534), ctitorie a lui Petru Rare\u015f, domn al Moldovei (1527-1538; 1541-1546).<\/li>\n<li>1698 \u2013 A ap\u0103rut, la Ia\u015fi, \u201eDivanul sau G\u00e2lceava \u00een\u0163eleptului cu lumea sau Giude\u0163ul sufl cu trupul\u201d, de Dimitrie Cantemir (26 oct. 1673-1723; domn al Moldovei 1710-1711) (prima scriere filosofic\u0103 rom\u00e2neasc\u0103).<\/li>\n<li>1848 \u2013 S-a n\u0103scut Gheorghe Bengescu, diplomat \u015fi publicist, membru titular al Academiei Rom\u00e2ne (4 iun. 1921). (30 aug.\/13 sept.) (m. 23 aug. 1921)<\/li>\n<li>1877 \u2013 A treia b\u0103t\u0103lie de la Plevna, una dintre cele mai mari b\u0103t\u0103lii ale r\u0103zboiului, la care particip\u0103 unit\u0103\u0163i \u015fi subunit\u0103\u0163i ale Diviziei a 3-a infanterie (la asaltul redutei Grivi\u0163a-2) \u015fi ale Diviziei a 4-a infanterie (la asaltul redutei Grivi\u0163a-1). Dup\u0103 o eroic\u0103 \u00eencle\u015ftare, trupele rom\u00e2ne de v\u00e2n\u0103tori \u015fi doroban\u0163i, la al patrulea lor asalt, cuceresc reduta Grivi\u0163a-1. Armata rom\u00e2n\u0103 a pierdut 53 de ofi\u0163eri \u015fi 1.983 de solda\u0163i \u015fi grada\u0163i, mor\u0163i \u015fi r\u0103ni\u0163i. (30 aug.\/11 sept. 1877)<\/li>\n<li>1891 \u2013 A murit Emanoil Bacaloglu, fizician, chimist \u015fi matematician, membru \u015fi vicepre\u015fedinte (1884-1885) al Academiei Rom\u00e2ne. (n. 29 apr.\/11 mai 1830) (135 de ani)<\/li>\n<li>1910 \u2013 S-a n\u0103scut istoricul literar Augustin Z.N. Pop. (m. 1 apr. 1988)<\/li>\n<li>1913 \u2013 S-a n\u0103scut medicul neurolog Vlad Voiculescu, membru titular al Academiei Rom\u00e2ne. (m. 22 febr. 2001)<\/li>\n<li>1914 \u2013 A avut loc primul spectacol al \u201eCompaniei Marioara Voiculescu-Bulandra\u201d, cu piesa \u201eSo\u0163ul ideal\u201d de Oscar Wilde. Compania, care s-a numit ulterior \u201eBulandra-Manolescu-Maximilian-Storin\u201d, a func\u0163ionat, cu o \u00eentrerupere de doi ani \u00een timpul Primului R\u0103zboi Mondial, p\u00e2n\u0103 \u00een 1941, fiind unul dintre cele mai importante teatre ale Capitalei.<\/li>\n<li>1927 \u2013 S-a n\u0103scut chimistul Victor Emanuel Sahini, membru titular al Academiei Rom\u00e2ne. (m. 14 iul. 2017)<\/li>\n<li>1929 \u2013 A murit Emanoil Riegler, medic \u015fi farmacolog, membru corespondent al Academiei Rom\u00e2ne. (n. 5 nov. 1854)<\/li>\n<li>1940 \u2013 Dictatul de la Viena. Partea de nord-est a Transilvaniei a fost smuls\u0103 Rom\u00e2niei \u015fi predat\u0103 Ungariei horthyste.<\/li>\n<li>1944 \u2013 Rom\u00e2nia a rupt rela\u0163iile diplomatice cu Ungaria horthyst\u0103.<\/li>\n<li>1950 \u2013 A murit Alexandru Lapedatu, istoric \u015fi om politic, pre\u015fedinte al Academiei Rom\u00e2ne (1935-1938). (n. 14 sept. 1876)<\/li>\n<li>1952 \u2013 S-a n\u0103scut economistul Daniel D\u0103ianu, membru titular al Academiei Rom\u00e2ne (2013). Din 15 iulie 2019 este pre\u015fedintele Consiliului Fiscal.<\/li>\n<li>1956 \u2013 S-a n\u0103scut prof. univ. dr. Adrian Streinu-Cercel, medic specialist \u00een boli infec\u0163ioase, manager al Institutului Na\u0163ional de Boli Infec\u0163ioase \u201eProf. dr. Matei Bal\u015f\u201d din Bucure\u015fti (din 1997 p\u00e2n\u0103 \u00een dec. 2020), senator PSD (2020-2024, reales senator \u00een dec. 2024). (70 de ani)<\/li>\n<li>1964 \u2013 A murit Scarlat Lambrino, istoric, membru corespondent al Academiei Rom\u00e2ne, stabilit, dup\u0103 1947, \u00een Portugalia, la Lisabona. (n. 16 aug. 1891)<\/li>\n<li>1965 \u2013 S-a n\u0103scut A.G. Weinberger, compozitor \u015fi interpret de muzic\u0103 de jazz.<\/li>\n<li>1982 \u2013 S-a n\u0103scut Alina Alexandra Dumitru, campioan\u0103 olimpic\u0103 la judo (Beijing, 2008).<\/li>\n<li>1989 \u2013 A murit economistul Costin Murgescu, membru corespondent al Academiei Rom\u00e2ne. (n. 27 oct. 1919)<\/li>\n<li>1998 \u2013 A avut loc, la Bucure\u015fti, a XII-a Reuniune interna\u0163ional\u0103 \u201eOameni \u015fi religii\u201d, cu tema \u201ePacea este Numele lui Dumnezeu. Dumnezeu, omul, popoarele\u201d. Au participat, printre al\u0163ii, patriarhul Bisericii Ortodoxe a Etiopiei, Abuna Paulos, catholicosul de Cilicia al Armeniei, Aram I, pre\u015fedintele Consiliului Interna\u0163ional al Cre\u015ftinilor \u015fi Evreilor din Israel, Sigmund Sternberg. (30 aug. \u2013 1 sept.)<\/li>\n<li>2012 \u2013 A murit regizorul Cornel Todea, director al Teatrului \u201eIon Creang\u0103\u201d. (n. 18 nov. 1935)<\/li>\n<li>2014 \u2013 A murit scenograful Ion Oroveanu. (n. 16 apr. 1927)<\/li>\n<li>2015 \u2013 A murit baritonul Dan Iord\u0103chescu. (n. 2 iun. 1930)<\/li>\n<\/ul>\n<h3>Egipt<\/h3>\n<ul>\n<li>2006 \u2013 A murit scriitorul Nagib Mahfuz, laureat al Premiului Nobel pentru Literatur\u0103 \u00een 1988. (n. 11 dec. 1911) (20 de ani)<\/li>\n<\/ul>\n<h3>Fran\u0163a<\/h3>\n<ul>\n<li>2016 \u2013 A murit fotoreporterul Marc Riboud, cunoscut mai ales pentru reportajele sale ample despre Orientul \u00cendep\u0103rtat: \u201eThe Three Banners of China\u201d, \u201eFace of North Vietnam\u201d, \u201eVisions of China\u201d \u015fi \u201eIn China\u201d. (n. 24 iun. 1923) (10 ani)<\/li>\n<\/ul>\n<h3>Grecia<\/h3>\n<ul>\n<li>1946 \u2013 S-a n\u0103scut fosta regin\u0103 Anne-Marie a Greciei (n\u0103scut\u0103 prin\u0163es\u0103 Anne-Marie a Danemarcei), ultima regin\u0103 a Greciei, \u00een calitate de so\u0163ie a regelui Constantin al II-lea, care a fost detronat prin referendumurile din 1973 \u015fi 1974. (80 de ani)<\/li>\n<\/ul>\n<h3>Indonezia<\/h3>\n<ul>\n<li>1996 \u2013 A fost \u00eencheiat, la Jakarta, un acord de pace \u00eentre guvernul filipinez \u015fi Frontul Na\u0163ional de Eliberare Moro. Acordul, semnat la 2 septembrie 1996, a pus cap\u0103t celor 24 de ani r\u0103zboi \u00eempotriva separati\u015ftilor musulmani din sudul arhipelagului, soldat cu aproape 50.000 de victime. (30 de ani)<\/li>\n<\/ul>\n<h3>Iran<\/h3>\n<ul>\n<li>1981 \u2013 Pre\u015fedintele Iranului, Mohammad Ali Rajai, \u015fi prim-ministrul, Mohammad Javad Bahonar, au fost uci\u015fi \u00een urma exploziei unei bombe amplasate \u00een biroul premierului din Teheran, atentat comis de Mujahedinii Poporului din Iran. (45 de ani)<\/li>\n<\/ul>\n<h3>Noua Zeeland\u0103<\/h3>\n<ul>\n<li>1871 \u2013 S-a n\u0103scut matematicianul \u015fi fizicianul Ernest Rutherford, laureat al Premiului Nobel pentru Chimie \u00een 1908. (m. 19 oct. 1937) (155 de ani)<\/li>\n<\/ul>\n<h3>SUA<\/h3>\n<ul>\n<li>1836 \u2013 Ora\u015ful Houston a fost fondat de c\u0103tre fra\u0163ii Augustus Chapman Allen \u015fi John Kirby Allen. (190 de ani)<\/li>\n<li>1961 \u2013 A murit Charles Coburn, actor care a c\u00e2\u015ftigat Oscarul pentru interpretarea sa din \u201eThe More the Merrier\u201d \u015fi a fost onorat cu o stea pe Hollywood Walk of Fame \u00een 1960 pentru contribu\u0163ia sa la industria cinematografic\u0103. (n. 19 iun. 1877) (65 de ani)<\/li>\n<\/ul>\n<h3>Interna\u0163ionale<\/h3>\n<ul>\n<li>2011 \u2013 Parlamentul European a inaugurat esplanada \u201eSolidarno\u015b\u0107 1980\u201d \u015fi \u201eAgora Simone Veil\u201d, \u00een prezen\u0163a primului pre\u015fedinte al PE ales prin vot direct \u00een 1979, Simone Veil, a fondatorului mi\u015fc\u0103rii Solidarno\u015b\u0107, Lech Wal\u0119sa, \u015fi a altor c\u00e2teva zeci de oficiali europeni sau politicieni din statele membre UE. (15 ani)<\/li>\n<li>2021 \u2013 Ultimii solda\u0163i americani au p\u0103r\u0103sit Afganistanul dup\u0103 un r\u0103zboi de 20 de ani, a anun\u0163at Pentagonul. <em>\u201eUltimul avion C-17 a decolat de pe aeroportul din Kabul pe 30 august\u201d<\/em>, la orele 19.29 GMT, a declarat \u00eentr-o conferin\u0163\u0103 de pres\u0103 generalul Kenneth McKenzie care conduce comandamentul central de care depinde Afganistanul. Statele Unite au l\u0103sat astfel \u0163ara \u00een m\u00e2inile talibanilor, du\u015fmanii lor de 20 de ani, dup\u0103 cel mai lung r\u0103zboi din istoria SUA. Ambasadorul american la Kabul, Ross Wilson, \u015fi un general, Chris Donahue, au fost ultimii americani care au p\u0103r\u0103sit \u0163ara. Cei doi au fost ultimii care au urcat \u00een avion. (5 ani)<\/li>\n<li>2026 \u2013 Ziua interna\u0163ional\u0103 a persoanelor disp\u0103rute (ONU).<\/li>\n<\/ul>\n<\/div>\n<p>[analyse_source url=&#8221;https:\/\/opiniabuzau.ro\/30-august-2026\/&#8221;]<\/p>\n","protected":false},"excerpt":{"rendered":"<p>[analyse_image type=&#8221;featured&#8221; src=&#8221;https:\/\/opiniabuzau.ro\/wp-content\/uploads\/2025\/12\/Calendarul-Zilei-scaled.webp&#8221;] Cre\u0219tinii ortodoc\u0219i \u00eei pomenesc pe Sf\u00e2ntul Ierarh Varlaam, pe Cuviosul Ioan de la R\u00e2\u0219ca \u0219i Secu \u0219i pe Sf\u00e2ntul Alexandru, iar credincio\u0219ii romano-catolici \u00eel comemoreaz\u0103 pe Sf\u00e2ntul Felix, martir. 1265 \u2013 Prima men\u0163iune documentar\u0103 a Hunedoarei. 1535 \u2013 S-a \u00eencheiat \u00een\u0103l\u0163area Bisericii \u201eSf. Dumitru\u201d din Suceava (\u00eenceput\u0103 la 10 august 1534), ctitorie [&hellip;]<\/p>\n","protected":false},"author":1,"featured_media":0,"comment_status":"open","ping_status":"","sticky":false,"template":"","format":"standard","meta":{"footnotes":""},"categories":[2],"tags":[226,44],"class_list":["post-2119530","post","type-post","status-publish","format-standard","hentry","category-politics","tag-crawlmanager","tag-opiniabuzau-ro"],"_links":{"self":[{"href":"https:\/\/analyse.optim.biz\/index.php?rest_route=\/wp\/v2\/posts\/2119530","targetHints":{"allow":["GET"]}}],"collection":[{"href":"https:\/\/analyse.optim.biz\/index.php?rest_route=\/wp\/v2\/posts"}],"about":[{"href":"https:\/\/analyse.optim.biz\/index.php?rest_route=\/wp\/v2\/types\/post"}],"author":[{"embeddable":true,"href":"https:\/\/analyse.optim.biz\/index.php?rest_route=\/wp\/v2\/users\/1"}],"replies":[{"embeddable":true,"href":"https:\/\/analyse.optim.biz\/index.php?rest_route=%2Fwp%2Fv2%2Fcomments&post=2119530"}],"version-history":[{"count":0,"href":"https:\/\/analyse.optim.biz\/index.php?rest_route=\/wp\/v2\/posts\/2119530\/revisions"}],"wp:attachment":[{"href":"https:\/\/analyse.optim.biz\/index.php?rest_route=%2Fwp%2Fv2%2Fmedia&parent=2119530"}],"wp:term":[{"taxonomy":"category","embeddable":true,"href":"https:\/\/analyse.optim.biz\/index.php?rest_route=%2Fwp%2Fv2%2Fcategories&post=2119530"},{"taxonomy":"post_tag","embeddable":true,"href":"https:\/\/analyse.optim.biz\/index.php?rest_route=%2Fwp%2Fv2%2Ftags&post=2119530"}],"curies":[{"name":"wp","href":"https:\/\/api.w.org\/{rel}","templated":true}]}}