{"id":211953,"date":"2014-02-18T20:08:00","date_gmt":"2014-02-18T17:08:00","guid":{"rendered":"https:\/\/analyse.optim.biz\/?p=211953"},"modified":"2014-02-18T20:08:00","modified_gmt":"2014-02-18T17:08:00","slug":"pnl-cere-desfiintarea-usd-o-alianta-cu-potential-de-inselare-a-electoratului-liberalii-vor-o-restructurare-guvernamentala-pana-la-vara","status":"publish","type":"post","link":"https:\/\/analyse.optim.biz\/?p=211953","title":{"rendered":"PNL cere desfiin\u021barea USD, o alian\u021b\u0103 cu \u201epoten\u021bial de \u00een\u0219elare a electoratului\u201d. Liberalii vor o restructurare guvernamental\u0103 p\u00e2n\u0103 la var\u0103"},"content":{"rendered":"<div class=\"entry data-app-meta data-app-meta-article\" data-embed-base-url-canonical=\"https:\/\/www.digi24.ro\/embed\/stiri\/actualitate\/politica\/pnl-cere-desfiintarea-usd-o-alianta-cu-potential-de-inselare-a-electoratului-liberalii-vor-o-restructurare-guvernamentala-pana-la-vara-202460\">\n<p data-index=\"1\"><img decoding=\"async\" src=\"https:\/\/analyse.optim.biz\/wp-content\/uploads\/2024\/09\/jnc9odawjmhhc2g9mmq4odzkothlzgywodaxyjy5mwuyotgyodq1mjblnzu-thumb_.jpg\" data-skip-htmlfix=\"1\" title=\"jnc9odawjmhhc2g9mmq4odzkothlzgywodaxyjy5mwuyotgyodq1mjblnzu-thumb_\">FOTO: MEDIAFAX<\/p>\n<p data-index=\"2\">Biroul Permanent al PNL a adoptat o rezolu\u021bie \u00een acest sens cu 68 de voturi pentru, dou\u0103 \u00eempotriv\u0103 \u0219i dou\u0103 ab\u021bineri. Este, practic, o nou\u0103 condi\u021bie pentru ca PNL s\u0103 r\u0103m\u00e2n\u0103 \u00een USL \u0219i la guvernare. Aceast\u0103 condi\u021bie se adaug\u0103 celei prin care liberalii cer postul de vicepremier pentru ministrul nominalizat la Interne, <strong>Klaus Iohannis<\/strong>.<\/p>\n<p data-index=\"3\"><strong>ACTUALIZARE 21.00 Crin Antonescu a confirmat \u00een mod public condi\u021biile pentru rezolvarea crizei din USL, men\u021bion\u00e2nd \u00eentre acestea \u0219i o \u201ediscu\u021bie de perspectiv\u0103\u201d \u00een USL privind reducerea num\u0103rului de ministere. \u00cen ceea ce prive\u0219te solicitarea pentru \u201eanularea imediat\u0103\u201d a documentelor \u00eencheiate de USD, pre\u0219edintele PNL a ar\u0103tat c\u0103 aceste documente \u00eencalc\u0103 articolul 9, punctul 8 din protocolul USL. Referindu-se la aceast\u0103 alian\u021b\u0103 social-democrat\u0103, liderul PNL a vorbit despre o \u201epoten\u021bial\u0103 \u00een\u0219elare a electoratului\u201d \u0219i \u201e\u00eencercarea de a substitui o titulatur\u0103\u201d.<\/strong><\/p>\n<p data-index=\"4\">PNL \u00ee\u0219i men\u021bine propunerile pentru posturile de mini\u0219tri care \u00eei revin \u00een Cabinet, a spus Crin Antonescu. \u00cen ceea ce prive\u0219te structura Guvernului, PNL solicit\u0103 \u00eenceperea unor discu\u021bii de perspectiv\u0103 &#8211; p\u00e2n\u0103 spre 15 iunie &#8211; pentru reducerea num\u0103rului de ministere \u0219i a aparatului birocratic. Deocamdat\u0103, Guvernul func\u021bioneaz\u0103 pe structura existent\u0103.<\/p>\n<p data-index=\"5\">Liderul liberal mai solicit\u0103 partenerilor \u0219i c\u00e2teva <strong>\u201echestiuni de principiu\u201d<\/strong>:<\/p>\n<p data-index=\"6\">&#8211; respingerea urgent\u0103 a proiectului de lege privind amnistia \u0219i gra\u021bierea<\/p>\n<p data-index=\"7\">&#8211; adoptarea urgent\u0103 \u00een Guvern a m\u0103surilor privind neimpozitarea profitului reinvestit \u0219i reducerea CASS cu 5% la angajator.<\/p>\n<p data-index=\"8\">Crin Antonescu a mai declarat, mar\u0163i sear\u0103, c\u0103 \u00een Biroul Politic al PNL nu s-a cerut demisia sau demisia sa, iar el a propus, \u00een aceste condi\u0163ii, excluderea senatorului <strong>Sorin Ilie\u015fiu<\/strong>, pentru a da un semnal c\u0103 nu este posibil \u00een partid ca \u201eorice n\u0103t\u0103rau\u201d s\u0103 fac\u0103 oric\u00e2nd propuneri. El a spus c\u0103 \u00een \u015fedin\u0163\u0103 a pus \u00eentreb\u0103ri legate de pozi\u0163ia sa de pre\u015fedinte al PNL, dar nu s-a solicitat demisia sau demiterea sa. Antonescu a precizat c\u0103 \u00een aceste condi\u0163ii a propus excluderea din forma\u0163iune a lui Sorin Ilie\u015fiu.<\/p>\n<p data-index=\"9\">__________________________________\u00a0<\/p>\n<p data-index=\"10\"><strong>ACTUALIZARE 20.35<\/strong>\u00a0Surse <strong>Digi24<\/strong> spun c\u0103 <strong>Daniel Chi\u021boiu<\/strong> se retrage din func\u021bia de secretar general interimar al partidului, \u00een care fusese numit dup\u0103 demisia sa ca ministru de Finan\u021be. De asemenea, Daniel Chi\u021boiu &#8211; v\u0103zut de unii liberali ca prea apropiat de premierul Victor Ponta &#8211; nu se va mai ocupa nici de campania liberalilor pentru europarlamentare, a\u0219a cum fusese desemnat de Crin Antonescu \u00een momentul plec\u0103rii sale de la Finan\u021be.<\/p>\n<p data-index=\"11\">__________________________________<\/p>\n<p data-index=\"12\">De mai bine de trei ore, conducerea Partidului Na\u0163ional Liberal <a href=\"https:\/\/www.digi24.ro\/Stiri\/Digi24\/Actualitate\/Politica\/Dans+pe+sarma+USL+criza+PNL+sedinta+BPN\" target=\"_blank\" data-skip-linkfix=\"1\" rel=\"noopener\">se afl\u0103 \u00een \u015fedin\u0163\u0103<\/a> pentru a stabili dac\u0103 mai r\u0103m\u00e2ne sau nu \u00een USL. Este o \u015fedin\u0163\u0103 la care pre\u015fedintele PNL, Crin Antonescu, cere de la membrii partidului un nou mandat pentru negocierile urm\u0103toare.<\/p>\n<p data-index=\"13\">Toat\u0103 lumea a\u015fteapt\u0103 s\u0103 vad\u0103 dac\u0103 USL, alian\u0163a care \u00een 2012 a c\u00e2\u015ftigat alegerile cu voturile a 70 la sut\u0103 dintre aleg\u0103tori, va conduce Rom\u00e2nia \u015fi \u00een continuare sau se va rupe. De aceast\u0103 \u015fedin\u0163\u0103 depinde \u015fi soarta candidatului PNL la alegerile preziden\u0163iale.\u00a0<\/p>\n<p data-index=\"14\">Deocamdat\u0103, conducerea liberal\u0103 a propus <a href=\"https:\/\/www.digi24.ro\/Stiri\/Digi24\/Actualitate\/Politica\/Sorin+Iliesiu+a+fost+exclus+din+PNL\" target=\"_blank\" data-skip-linkfix=\"1\" rel=\"noopener\">excluderea senatorului Sorin Ilie\u0219iu<\/a> din partid, \u00een urma declara\u021biilor acestuia \u00eendreptate \u00eempotriva lui Crin Antonescu.<\/p>\n<h5>Context. Filmul zilei<\/h5>\n<p data-index=\"15\">La aproape dou\u0103 s\u0103pt\u0103m\u00e2ni de la \u00eenceperea crizei din alian\u021ba de guvernare, <a href=\"https:\/\/www.digi24.ro\/Stiri\/Digi24\/Actualitate\/Politica\/Victor+Ponta+il+propune+pe+Klaus+Iohannis+la+Ministerul+de+Inter\" target=\"_blank\" data-skip-linkfix=\"1\" rel=\"noopener\">premierul Victor Ponta a \u00eencercat ast\u0103zi s\u0103 for\u0163eze m\u00e2na liberalilor<\/a>. Diminea\u0163\u0103, el a declarat c\u0103 \u00eel va numi pe Klaus Iohannis ministru de Interne, f\u0103r\u0103 s\u0103 pomeneasc\u0103 \u00eens\u0103 nimic de func\u0163ia de vicepremier cerut\u0103 de liberali pentru el. La r\u00e2ndul s\u0103u, PNL a r\u0103mas ferm pe pozi\u0163ii. Crin Antonescu i-a transmis premierului c\u0103 nu poate face numirile cu for\u0163a.<\/p>\n<p data-index=\"16\">\u201e<span>Sunt patru propuneri. Eu ast\u0103zi \u00eentocmesc documentele pentru toate patru. Dac\u0103 domnul pre\u015fedinte Antonescu \u00eemi d\u0103 OK-ul le trimit \u015fi \u00eenchidem discu\u0163ia. Cele patru sunt domnul Nicol\u0103escu , domnul Bu\u015foi, domnul Atanasiu \u015fi domnul Iohannis ministru de interne\u201d, a declarat <strong>Victor Ponta<\/strong> \u00een cursul dimine\u021bii. <\/span><\/p>\n<p data-index=\"17\">Atitudinea \u00eemp\u0103ciuitoare a a lui Victor Ponta a fost \u00eemp\u0103rt\u0103\u015fit\u0103 \u015fi de Partidul Conservator, al c\u0103rui lider este gata s\u0103 renun\u0163e la func\u0163ia de vicepremier pentru ca USL s\u0103 mearg\u0103 mai departe.<\/p>\n<p data-index=\"18\">\u201eSuntem \u00eentr-un blocaj politic \u0219i am fost dispus s\u0103 renun\u021b la func\u021bie, dac\u0103 nu se restructureaz\u0103 Guvernul, p\u00e2n\u0103 la restructurarea Guvernului. Am f\u0103cut concesii foarte multe pentru func\u021bionarea USL&#8230;nu v\u0103d niciun semn din partea dlui Antonescu \u00een acest sens. Suntem bloca\u021bi \u00een ambi\u021biile personale ale unor lideri PNL\u201d, a declarat <strong>Daniel Constantin.<\/strong><\/p>\n<p data-index=\"19\">PNL respinge varianta \u00een care Klaus Iohannis ar fi doar ministru de interne, nu \u015fi vicepremier.<\/p>\n<p data-index=\"20\">\u201eV-am spus doar c\u0103 premierul nu poate face aceast\u0103 numire. Nu o poate face cu for\u0163a\u201d, a spus Crin Antonescu.<\/p>\n<p data-index=\"21\">Social-democra\u0163ii paseaz\u0103 mingea \u00een curtea liberalilor \u015fi se a\u015fteaptau ca liderul PNL s\u0103 fie cel care s\u0103 deblocheze situa\u0163ia din coali\u0163ie. \u201e\u0218ansele acestui USL depind de Crin Antonescu. Nici noi nu putem s\u0103 accept\u0103m situa\u021bii create de la o zi la alta\u201d, a punctat liderul senatorilor PSD, <strong>Ilie S\u00e2rbu<\/strong>.<\/p>\n<p data-index=\"22\"><strong>Victor Ponta i-a oferit lui Crin Antonescu dou\u0103 variante de lucru<\/strong>. Prima presupunea ca PC s\u0103 nu primeasc\u0103 func\u0163ia de vicepremier, \u00een schimb liberalul Klaus Iohannis urma s\u0103 fie ministru de Finan\u0163e \u015fi vicepremier. A doua variant\u0103 propus\u0103 de premier viza o restructurare a Guvernului. Astfel, Klaus Iohannis primea func\u0163ia de ministru de Interne \u015fi cea de vicepremier. La pachet cu aceast\u0103 variant\u0103 venea \u015fi func\u0163ia de vicepremier pentru Daniel Constantin.<\/p>\n<\/div>\n<p> Source URL: https:\/\/www.digi24.ro\/stiri\/actualitate\/politica\/pnl-cere-desfiintarea-usd-o-alianta-cu-potential-de-inselare-a-electoratului-liberalii-vor-o-restructurare-guvernamentala-pana-la-vara-202460<\/p>\n","protected":false},"excerpt":{"rendered":"<p>FOTO: MEDIAFAX Biroul Permanent al PNL a adoptat o rezolu\u021bie \u00een acest sens cu 68 de voturi pentru, dou\u0103 \u00eempotriv\u0103 \u0219i dou\u0103 ab\u021bineri. Este, practic, o nou\u0103 condi\u021bie pentru ca PNL s\u0103 r\u0103m\u00e2n\u0103 \u00een USL \u0219i la guvernare. Aceast\u0103 condi\u021bie se adaug\u0103 celei prin care liberalii cer postul de vicepremier pentru ministrul nominalizat la Interne, [&hellip;]<\/p>\n","protected":false},"author":1,"featured_media":211954,"comment_status":"open","ping_status":"","sticky":false,"template":"","format":"standard","meta":{"footnotes":""},"categories":[2],"tags":[11],"class_list":["post-211953","post","type-post","status-publish","format-standard","has-post-thumbnail","hentry","category-politics","tag-digi24"],"_links":{"self":[{"href":"https:\/\/analyse.optim.biz\/index.php?rest_route=\/wp\/v2\/posts\/211953","targetHints":{"allow":["GET"]}}],"collection":[{"href":"https:\/\/analyse.optim.biz\/index.php?rest_route=\/wp\/v2\/posts"}],"about":[{"href":"https:\/\/analyse.optim.biz\/index.php?rest_route=\/wp\/v2\/types\/post"}],"author":[{"embeddable":true,"href":"https:\/\/analyse.optim.biz\/index.php?rest_route=\/wp\/v2\/users\/1"}],"replies":[{"embeddable":true,"href":"https:\/\/analyse.optim.biz\/index.php?rest_route=%2Fwp%2Fv2%2Fcomments&post=211953"}],"version-history":[{"count":0,"href":"https:\/\/analyse.optim.biz\/index.php?rest_route=\/wp\/v2\/posts\/211953\/revisions"}],"wp:featuredmedia":[{"embeddable":true,"href":"https:\/\/analyse.optim.biz\/index.php?rest_route=\/wp\/v2\/media\/211954"}],"wp:attachment":[{"href":"https:\/\/analyse.optim.biz\/index.php?rest_route=%2Fwp%2Fv2%2Fmedia&parent=211953"}],"wp:term":[{"taxonomy":"category","embeddable":true,"href":"https:\/\/analyse.optim.biz\/index.php?rest_route=%2Fwp%2Fv2%2Fcategories&post=211953"},{"taxonomy":"post_tag","embeddable":true,"href":"https:\/\/analyse.optim.biz\/index.php?rest_route=%2Fwp%2Fv2%2Ftags&post=211953"}],"curies":[{"name":"wp","href":"https:\/\/api.w.org\/{rel}","templated":true}]}}