{"id":2119528,"date":"2026-08-29T11:00:15","date_gmt":"2026-08-29T08:00:15","guid":{"rendered":"https:\/\/analyse.optim.biz\/?p=2119528"},"modified":"2026-08-29T11:00:15","modified_gmt":"2026-08-29T08:00:15","slug":"veste-importanta-pentru-buzoienii-cu-hepatita-c","status":"publish","type":"post","link":"https:\/\/analyse.optim.biz\/?p=2119528","title":{"rendered":"Veste important\u0103 pentru buzoienii cu hepatit\u0103 C"},"content":{"rendered":"<p>[analyse_image type=&#8221;featured&#8221; src=&#8221;https:\/\/opiniabuzau.ro\/wp-content\/uploads\/2021\/12\/simptome-hepatita.jpg&#8221;]<\/p>\n<div class=\"entry-content entry clearfix\">\n<blockquote>\n<p><strong>O veste important\u0103 pentru pacien\u021bii cu hepatita C din Buz\u0103u! Jude\u021bul nostru a fost inclus \u00een lista unit\u0103\u021bilor medicale \u00een care medicii pot \u00a0pot prescrie tratament antiviral interferon-free pentru pacien\u021bii cu hepatit\u0103 C.<\/strong><\/p>\n<\/blockquote>\n<p>Demersul a fost realizat la ini\u021biativa dr. Bogdan Cristian Micu, medic primar boli infec\u021bioase la Spitalul Municipal R\u00e2mnicu S\u0103rat, sus\u021binut de Casa Jude\u021bean\u0103 de Asigur\u0103ri de S\u0103n\u0103tate \u2013 reprezentat\u0103 de pre\u0219edintele Simona Anghel \u0219i de medicul-\u0219ef, dr. Florentina Murariu -, precum \u0219i de Claudiu Damian, managerul Spitalului Jude\u021bean de Urgen\u021b\u0103 Buz\u0103u.<\/p>\n<p>Este o schimbare foarte important\u0103, deoarece pacien\u021bii diagnostica\u021bi cu hepatita C din jude\u021bul Buz\u0103u vor acees, mai aproape de domiciliu, la tratamentul antiviral modern, f\u0103r\u0103 interferon.<\/p>\n<p><em>\u201eEste un pas important pentru s\u0103n\u0103tatea pacien\u021bilor buzoieni<\/em><em> \u0219i pentru cre\u0219terea accesului la tratamente moderne \u0219i eficiente pentru hepatita C. S\u0103n\u0103tatea pacien\u021bilor trebuie s\u0103 r\u0103m\u00e2n\u0103 o prioritate, iar accesul la tratamente moderne c\u00e2t mai aproape de cas\u0103 este un c\u00e2\u0219tig <\/em>\u00a0pentru \u00eentreaga comunitate\u201d a scris dr. Micu Bogdan Cristian pe pagina de Facebook.<\/p>\n<p>Pacien\u021bii cu hepatit\u0103 C se pot prezenta \u0219i la Sec\u021bia Boli Infec\u021bioase a Spitalului Municipal R\u00e2mnicu S\u0103rat pentru evaluare \u0219i informa\u021bii despre tratament.<\/p>\n<div class=\"stream-item stream-item-in-post stream-item-inline-post aligncenter\"><a href=\"https:\/\/vreaulanova.ro\/?utm_source=opiniabuzau&amp;utm_medium=image\" title target=\"_blank\"><img loading=\"lazy\" decoding=\"async\" data-od-unknown-tag data-od-xpath=\"\/HTML\/BODY\/DIV[@class=&apos;background-overlay&apos;]\/*[1][self::DIV]\/*[1][self::DIV]\/*[4][self::DIV]\/*[1][self::DIV]\/*[1][self::DIV]\/*[2][self::ARTICLE]\/*[3][self::DIV]\/*[7][self::DIV]\/*[1][self::A]\/*[1][self::IMG]\" src=\"https:\/\/opiniabuzau.ro\/wp-content\/smush-webp\/2022\/02\/MicrosoftTeams-image-4-1.jpg.webp\" alt width=\"728\" height=\"91\" class=\"perfmatters-lazy\"><img loading=\"lazy\" decoding=\"async\" data-od-unknown-tag data-od-xpath=\"\/HTML\/BODY\/DIV[@class=&apos;background-overlay&apos;]\/*[1][self::DIV]\/*[1][self::DIV]\/*[4][self::DIV]\/*[1][self::DIV]\/*[1][self::DIV]\/*[2][self::ARTICLE]\/*[3][self::DIV]\/*[7][self::DIV]\/*[1][self::A]\/*[1][self::IMG]\" src=\"https:\/\/opiniabuzau.ro\/wp-content\/smush-webp\/2022\/02\/MicrosoftTeams-image-4-1.jpg.webp\" alt width=\"728\" height=\"91\"><\/a><\/div>\n<\/div>\n<p>[analyse_source url=&#8221;https:\/\/opiniabuzau.ro\/veste-importanta-pentru-buzoienii-cu-hepatita-c\/&#8221;]<\/p>\n","protected":false},"excerpt":{"rendered":"<p>[analyse_image type=&#8221;featured&#8221; src=&#8221;https:\/\/opiniabuzau.ro\/wp-content\/uploads\/2021\/12\/simptome-hepatita.jpg&#8221;] O veste important\u0103 pentru pacien\u021bii cu hepatita C din Buz\u0103u! Jude\u021bul nostru a fost inclus \u00een lista unit\u0103\u021bilor medicale \u00een care medicii pot \u00a0pot prescrie tratament antiviral interferon-free pentru pacien\u021bii cu hepatit\u0103 C. Demersul a fost realizat la ini\u021biativa dr. Bogdan Cristian Micu, medic primar boli infec\u021bioase la Spitalul Municipal R\u00e2mnicu S\u0103rat, [&hellip;]<\/p>\n","protected":false},"author":1,"featured_media":0,"comment_status":"open","ping_status":"","sticky":false,"template":"","format":"standard","meta":{"footnotes":""},"categories":[2],"tags":[226,44],"class_list":["post-2119528","post","type-post","status-publish","format-standard","hentry","category-politics","tag-crawlmanager","tag-opiniabuzau-ro"],"_links":{"self":[{"href":"https:\/\/analyse.optim.biz\/index.php?rest_route=\/wp\/v2\/posts\/2119528","targetHints":{"allow":["GET"]}}],"collection":[{"href":"https:\/\/analyse.optim.biz\/index.php?rest_route=\/wp\/v2\/posts"}],"about":[{"href":"https:\/\/analyse.optim.biz\/index.php?rest_route=\/wp\/v2\/types\/post"}],"author":[{"embeddable":true,"href":"https:\/\/analyse.optim.biz\/index.php?rest_route=\/wp\/v2\/users\/1"}],"replies":[{"embeddable":true,"href":"https:\/\/analyse.optim.biz\/index.php?rest_route=%2Fwp%2Fv2%2Fcomments&post=2119528"}],"version-history":[{"count":0,"href":"https:\/\/analyse.optim.biz\/index.php?rest_route=\/wp\/v2\/posts\/2119528\/revisions"}],"wp:attachment":[{"href":"https:\/\/analyse.optim.biz\/index.php?rest_route=%2Fwp%2Fv2%2Fmedia&parent=2119528"}],"wp:term":[{"taxonomy":"category","embeddable":true,"href":"https:\/\/analyse.optim.biz\/index.php?rest_route=%2Fwp%2Fv2%2Fcategories&post=2119528"},{"taxonomy":"post_tag","embeddable":true,"href":"https:\/\/analyse.optim.biz\/index.php?rest_route=%2Fwp%2Fv2%2Ftags&post=2119528"}],"curies":[{"name":"wp","href":"https:\/\/api.w.org\/{rel}","templated":true}]}}