{"id":2119526,"date":"2026-08-29T10:00:08","date_gmt":"2026-08-29T07:00:08","guid":{"rendered":"https:\/\/analyse.optim.biz\/?p=2119526"},"modified":"2026-08-29T10:00:08","modified_gmt":"2026-08-29T07:00:08","slug":"ciolacu-consiliul-judetean-pregateste-un-brand-al-buzaului","status":"publish","type":"post","link":"https:\/\/analyse.optim.biz\/?p=2119526","title":{"rendered":"Ciolacu: Consiliul Jude\u021bean preg\u0103te\u0219te un brand al Buz\u0103ului"},"content":{"rendered":"<p>[analyse_image type=&#8221;featured&#8221; src=&#8221;https:\/\/opiniabuzau.ro\/wp-content\/uploads\/2026\/08\/ciolacu.webp&#8221;]<\/p>\n<div class=\"entry-content entry clearfix\">\n<blockquote>\n<p><strong>Consiliul Jude\u021bean a ini\u021biat un proiect strategic dedicat consolid\u0103rii imaginii \u015fi reputa\u021biei Buz\u0103ului la nivel na\u021bional \u0219i interna\u021bional. Demersul urm\u0103re\u0219te s\u0103 pun\u0103 \u00een valoare atuurile locale pentru comunitate, dar \u0219i s\u0103 sporeasc\u0103 atractivitatea Buz\u0103ului \u00een raport cu investitorii, partenerii economici, tinerii profesioni\u0219ti \u0219i vizitatorii. <\/strong><\/p>\n<\/blockquote>\n<p>\u00cen acest sens, au fost declan\u0219ate procedurilor pentru realizarea unui brand al jude\u0163ului, care s\u0103 reuneasc\u0103 principalele obiective turistice, culturale \u015fi identitare ale Buz\u0103ului.<\/p>\n<p>Pre\u015fedintele Consiliului Jude\u021bean, Marcel Ciolacu, spune c\u0103 proiectul va fi discutat cu reprezentan\u0163ii Armatei, ai Bisericii \u015fi cu fiecare unitate administrativ-teritorial\u0103 din jude\u0163. <em>\u201eAm declan\u015fat o procedur\u0103 de a avea un brand de jude\u0163. Normal c\u0103 vom avea discu\u0163ii cu Armata, reprezentativ\u0103 pentru jude\u0163ul Buz\u0103u, pentru a face parte din acest brand, cu Biserica \u015fi, nu \u00een ultimul r\u00e2nd, cu fiecare unitate administrativ-teritorial\u0103, pentru a pune \u00een valoare ceea ce are jude\u0163ul Buz\u0103u\u201d<\/em>, a spus Ciolacu.<\/p>\n<p>Potrivit acestuia, jude\u0163ul are numeroase obiective cunoscute \u015fi vizitate, \u00eens\u0103 nu a reu\u015fit s\u0103 se transforme \u00eentr-o destina\u0163ie \u00een care turi\u015ftii s\u0103 r\u0103m\u00e2n\u0103 mai multe zile. <em>\u201e\u015etim c\u00e2te lucruri \u015fi c\u00e2te locuri minunate avem \u00een jude\u0163ul Buz\u0103u, vizitate de ani de zile, dar f\u0103r\u0103 a avea posibilitatea de a fi o destina\u0163ie. Cumva, am r\u0103mas o zon\u0103 de tranzit\u201d<\/em>, mai spune pre\u015fedintele Consiliului Jude\u021bean.<\/p>\n<p>Ciolacu consider\u0103 c\u0103 dezvoltarea turismului trebuie coordonat\u0103 la nivel jude\u0163ean, prin investi\u0163ii punctuale, promovare comun\u0103 \u015fi stimularea antreprenorilor s\u0103 creeze unit\u0103\u0163i de cazare \u015fi facilit\u0103\u0163i pentru vizitatori.<\/p>\n<div class=\"stream-item stream-item-in-post stream-item-inline-post aligncenter\"><a href=\"https:\/\/vreaulanova.ro\/?utm_source=opiniabuzau&amp;utm_medium=image\" title target=\"_blank\"><img loading=\"lazy\" decoding=\"async\" data-od-xpath=\"\/HTML\/BODY\/DIV[@class=&apos;background-overlay&apos;]\/*[1][self::DIV]\/*[1][self::DIV]\/*[4][self::DIV]\/*[1][self::DIV]\/*[1][self::DIV]\/*[2][self::ARTICLE]\/*[3][self::DIV]\/*[7][self::DIV]\/*[1][self::A]\/*[1][self::IMG]\" src=\"https:\/\/opiniabuzau.ro\/wp-content\/smush-webp\/2022\/02\/MicrosoftTeams-image-4-1.jpg.webp\" alt width=\"728\" height=\"91\" class=\"perfmatters-lazy\"><img loading=\"lazy\" decoding=\"async\" data-od-xpath=\"\/HTML\/BODY\/DIV[@class=&apos;background-overlay&apos;]\/*[1][self::DIV]\/*[1][self::DIV]\/*[4][self::DIV]\/*[1][self::DIV]\/*[1][self::DIV]\/*[2][self::ARTICLE]\/*[3][self::DIV]\/*[7][self::DIV]\/*[1][self::A]\/*[1][self::IMG]\" src=\"https:\/\/opiniabuzau.ro\/wp-content\/smush-webp\/2022\/02\/MicrosoftTeams-image-4-1.jpg.webp\" alt width=\"728\" height=\"91\"><\/a><\/div>\n<p>Pentru atingerea acestor obiective, se va constitui Consiliul Strategic de Brand, un cadru de consultare format din lideri de opinie \u0219i speciali\u015fti din domenii-cheie precum mediul de afaceri, educa\u021bia, cultura, turismul, administra\u021bia \u0219i sectorul neguvernamental.<\/p>\n<\/div>\n<p>[analyse_source url=&#8221;https:\/\/opiniabuzau.ro\/ciolacu-consiliul-judetean-pregateste-un-brand-al-buzaului\/&#8221;]<\/p>\n","protected":false},"excerpt":{"rendered":"<p>[analyse_image type=&#8221;featured&#8221; src=&#8221;https:\/\/opiniabuzau.ro\/wp-content\/uploads\/2026\/08\/ciolacu.webp&#8221;] Consiliul Jude\u021bean a ini\u021biat un proiect strategic dedicat consolid\u0103rii imaginii \u015fi reputa\u021biei Buz\u0103ului la nivel na\u021bional \u0219i interna\u021bional. Demersul urm\u0103re\u0219te s\u0103 pun\u0103 \u00een valoare atuurile locale pentru comunitate, dar \u0219i s\u0103 sporeasc\u0103 atractivitatea Buz\u0103ului \u00een raport cu investitorii, partenerii economici, tinerii profesioni\u0219ti \u0219i vizitatorii. \u00cen acest sens, au fost declan\u0219ate procedurilor pentru [&hellip;]<\/p>\n","protected":false},"author":1,"featured_media":0,"comment_status":"open","ping_status":"","sticky":false,"template":"","format":"standard","meta":{"footnotes":""},"categories":[2],"tags":[226,44],"class_list":["post-2119526","post","type-post","status-publish","format-standard","hentry","category-politics","tag-crawlmanager","tag-opiniabuzau-ro"],"_links":{"self":[{"href":"https:\/\/analyse.optim.biz\/index.php?rest_route=\/wp\/v2\/posts\/2119526","targetHints":{"allow":["GET"]}}],"collection":[{"href":"https:\/\/analyse.optim.biz\/index.php?rest_route=\/wp\/v2\/posts"}],"about":[{"href":"https:\/\/analyse.optim.biz\/index.php?rest_route=\/wp\/v2\/types\/post"}],"author":[{"embeddable":true,"href":"https:\/\/analyse.optim.biz\/index.php?rest_route=\/wp\/v2\/users\/1"}],"replies":[{"embeddable":true,"href":"https:\/\/analyse.optim.biz\/index.php?rest_route=%2Fwp%2Fv2%2Fcomments&post=2119526"}],"version-history":[{"count":0,"href":"https:\/\/analyse.optim.biz\/index.php?rest_route=\/wp\/v2\/posts\/2119526\/revisions"}],"wp:attachment":[{"href":"https:\/\/analyse.optim.biz\/index.php?rest_route=%2Fwp%2Fv2%2Fmedia&parent=2119526"}],"wp:term":[{"taxonomy":"category","embeddable":true,"href":"https:\/\/analyse.optim.biz\/index.php?rest_route=%2Fwp%2Fv2%2Fcategories&post=2119526"},{"taxonomy":"post_tag","embeddable":true,"href":"https:\/\/analyse.optim.biz\/index.php?rest_route=%2Fwp%2Fv2%2Ftags&post=2119526"}],"curies":[{"name":"wp","href":"https:\/\/api.w.org\/{rel}","templated":true}]}}