{"id":2119525,"date":"2026-08-29T09:00:21","date_gmt":"2026-08-29T06:00:21","guid":{"rendered":"https:\/\/analyse.optim.biz\/?p=2119525"},"modified":"2026-08-29T09:00:21","modified_gmt":"2026-08-29T06:00:21","slug":"video-podcast-observatorul-cu-radu-sarbu-trei-conditii-pentru-revenirea-acasa","status":"publish","type":"post","link":"https:\/\/analyse.optim.biz\/?p=2119525","title":{"rendered":"VIDEO \/ Podcast \u201eObservatorul\u201d, cu Radu S\u00e2rbu: Trei condi\u021bii pentru revenirea acas\u0103"},"content":{"rendered":"<p>[analyse_image type=&#8221;featured&#8221; src=&#8221;https:\/\/opiniabuzau.ro\/wp-content\/uploads\/2026\/08\/podcast-cobasneanu-scaled.webp&#8221;]<\/p>\n<div class=\"entry-content entry clearfix\">\n<blockquote>\n<p><strong>Acum opt ani, a p\u0103r\u0103sit Republica Moldova \u0219i a emigrat \u00een Marea Britanie pentru a munci \u0219i pentru a le asigura copiilor un trai mai decent. A \u201efugit\u201d de incertitudinea de acas\u0103 \u0219i a mers acolo unde nimeni nu-l a\u0219tepta, dar unde spera s\u0103-\u0219i g\u0103seasc\u0103 rostul.<\/strong><\/p>\n<\/blockquote>\n<p>\u00cen tot acest r\u0103stimp, a revenit acas\u0103 doar o singur\u0103 dat\u0103, pentru o zi. \u00cen rest, este la curent cu ceea ce se \u00eent\u00e2mpl\u0103 la ba\u0219tin\u0103 din pres\u0103 \u0219i de pe re\u021belele de socializare. Consider\u0103 c\u0103 schimb\u0103rile din Republica Moldova nu sunt at\u00e2t de profunde precum \u0219i-ar fi dorit, dar apreciaz\u0103 eforturile celor din Soroca care, \u00een opinia sa, au schimbat \u00een bine imaginea urbei de pe Nistru.<\/p>\n<p>Invitatul podcastului\u00a0de ast\u0103zi este soroceanul Radu S\u00e2rbu, care ne-a m\u0103rturisit c\u0103 ar reveni acas\u0103 doar dac\u0103 ar fi \u00eendeplinite trei condi\u021bii importante: s\u0103 existe o reform\u0103 adev\u0103rat\u0103 \u00een justi\u021bie, Republica Moldova s\u0103 \u00eenregistreze o cre\u0219tere economic\u0103 \u0219i, nu mai pu\u021bin important, \u00eentoarcerea acas\u0103 s\u0103 fie dorit\u0103 \u0219i de copiii s\u0103i.<\/p>\n<p>Despre via\u021ba \u00een Marea Britanie, leg\u0103tura cu Soroca, schimb\u0103rile pe care le vede de la distan\u021b\u0103 \u0219i ce ar putea s\u0103-l conving\u0103 s\u0103 revin\u0103 definitiv acas\u0103, \u00een\u00a0podcastul\u00a0de ast\u0103zi.<\/p>\n<iframe loading=\"lazy\" title=\"Radu S\u00e2rbu: trei condi\u021bii pentru revenirea acas\u0103 | Podcast Observatorul de Nord\" width=\"780\" height=\"439\" src=\"https:\/\/www.youtube.com\/embed\/XCN07rKfaNk?feature=oembed\" frameborder allow=\"accelerometer; autoplay; clipboard-write; encrypted-media; gyroscope; picture-in-picture; web-share\" referrerpolicy=\"strict-origin-when-cross-origin\" allowfullscreen><\/iframe>\n<div class=\"stream-item stream-item-in-post stream-item-inline-post aligncenter\"><a href=\"https:\/\/vreaulanova.ro\/?utm_source=opiniabuzau&amp;utm_medium=image\" title target=\"_blank\"><img loading=\"lazy\" decoding=\"async\" data-od-unknown-tag data-od-xpath=\"\/HTML\/BODY\/DIV[@class=&apos;background-overlay&apos;]\/*[1][self::DIV]\/*[1][self::DIV]\/*[4][self::DIV]\/*[1][self::DIV]\/*[1][self::DIV]\/*[2][self::ARTICLE]\/*[3][self::DIV]\/*[7][self::DIV]\/*[1][self::A]\/*[1][self::IMG]\" src=\"https:\/\/opiniabuzau.ro\/wp-content\/smush-webp\/2022\/02\/MicrosoftTeams-image-4-1.jpg.webp\" alt width=\"728\" height=\"91\" class=\"perfmatters-lazy\"><img loading=\"lazy\" decoding=\"async\" data-od-unknown-tag data-od-xpath=\"\/HTML\/BODY\/DIV[@class=&apos;background-overlay&apos;]\/*[1][self::DIV]\/*[1][self::DIV]\/*[4][self::DIV]\/*[1][self::DIV]\/*[1][self::DIV]\/*[2][self::ARTICLE]\/*[3][self::DIV]\/*[7][self::DIV]\/*[1][self::A]\/*[1][self::IMG]\" src=\"https:\/\/opiniabuzau.ro\/wp-content\/smush-webp\/2022\/02\/MicrosoftTeams-image-4-1.jpg.webp\" alt width=\"728\" height=\"91\"><\/a><\/div>\n<p><strong>Text \u0219i video preluate din <a href=\"https:\/\/observatorul.md\">\u201eObservatorul de Nord\u201d<\/a><\/strong><\/p>\n<\/div>\n<p>[analyse_source url=&#8221;https:\/\/opiniabuzau.ro\/video-podcast-observatorul-cu-radu-sarbu-trei-conditii-pentru-revenirea-acasa\/&#8221;]<\/p>\n","protected":false},"excerpt":{"rendered":"<p>[analyse_image type=&#8221;featured&#8221; src=&#8221;https:\/\/opiniabuzau.ro\/wp-content\/uploads\/2026\/08\/podcast-cobasneanu-scaled.webp&#8221;] Acum opt ani, a p\u0103r\u0103sit Republica Moldova \u0219i a emigrat \u00een Marea Britanie pentru a munci \u0219i pentru a le asigura copiilor un trai mai decent. A \u201efugit\u201d de incertitudinea de acas\u0103 \u0219i a mers acolo unde nimeni nu-l a\u0219tepta, dar unde spera s\u0103-\u0219i g\u0103seasc\u0103 rostul. \u00cen tot acest r\u0103stimp, a revenit [&hellip;]<\/p>\n","protected":false},"author":1,"featured_media":0,"comment_status":"open","ping_status":"","sticky":false,"template":"","format":"standard","meta":{"footnotes":""},"categories":[2],"tags":[226,44],"class_list":["post-2119525","post","type-post","status-publish","format-standard","hentry","category-politics","tag-crawlmanager","tag-opiniabuzau-ro"],"_links":{"self":[{"href":"https:\/\/analyse.optim.biz\/index.php?rest_route=\/wp\/v2\/posts\/2119525","targetHints":{"allow":["GET"]}}],"collection":[{"href":"https:\/\/analyse.optim.biz\/index.php?rest_route=\/wp\/v2\/posts"}],"about":[{"href":"https:\/\/analyse.optim.biz\/index.php?rest_route=\/wp\/v2\/types\/post"}],"author":[{"embeddable":true,"href":"https:\/\/analyse.optim.biz\/index.php?rest_route=\/wp\/v2\/users\/1"}],"replies":[{"embeddable":true,"href":"https:\/\/analyse.optim.biz\/index.php?rest_route=%2Fwp%2Fv2%2Fcomments&post=2119525"}],"version-history":[{"count":0,"href":"https:\/\/analyse.optim.biz\/index.php?rest_route=\/wp\/v2\/posts\/2119525\/revisions"}],"wp:attachment":[{"href":"https:\/\/analyse.optim.biz\/index.php?rest_route=%2Fwp%2Fv2%2Fmedia&parent=2119525"}],"wp:term":[{"taxonomy":"category","embeddable":true,"href":"https:\/\/analyse.optim.biz\/index.php?rest_route=%2Fwp%2Fv2%2Fcategories&post=2119525"},{"taxonomy":"post_tag","embeddable":true,"href":"https:\/\/analyse.optim.biz\/index.php?rest_route=%2Fwp%2Fv2%2Ftags&post=2119525"}],"curies":[{"name":"wp","href":"https:\/\/api.w.org\/{rel}","templated":true}]}}