{"id":2119520,"date":"2026-08-29T06:00:09","date_gmt":"2026-08-29T03:00:09","guid":{"rendered":"https:\/\/analyse.optim.biz\/?p=2119520"},"modified":"2026-08-29T06:00:09","modified_gmt":"2026-08-29T03:00:09","slug":"ploaia-de-joi-readuce-apa-non-stop-la-robinetele-de-pe-valea-slanicului","status":"publish","type":"post","link":"https:\/\/analyse.optim.biz\/?p=2119520","title":{"rendered":"Ploaia de joi readuce apa non-stop la robinetele de pe Valea Sl\u0103nicului"},"content":{"rendered":"<p>[analyse_image type=&#8221;featured&#8221; src=&#8221;https:\/\/opiniabuzau.ro\/wp-content\/uploads\/2026\/08\/apa-cu-program.webp&#8221;]<\/p>\n<div class=\"entry-content entry clearfix\">\n<blockquote>\n<p><strong>Ve\u0219ti bune pentru locuitorii V\u0103ii Sl\u0103nicului din partea responsabililor Companiei de Ap\u0103. Operatorul regional de ap\u0103 \u0219i canalizare a anun\u021bat c\u0103 va relua furnizarea non-stop a apei la robinetele abona\u021bilor din aceast\u0103 zon\u0103. <\/strong><\/p>\n<\/blockquote>\n<p>Aceasta dup\u0103 ce ploile de joi au oferit suficient\u0103 ap\u0103 pentru activit\u0103\u021bile agricole, fapt care a determinat sc\u0103derea consumului pe \u00eentreg sectorul Valea Sl\u0103nicului, dup\u0103 cum informeaz\u0103 un comunicat de pres\u0103 al companiei.<\/p>\n<p><em>\u201eDatorit\u0103 precipita\u021biilor \u00eenregistrate \u00een cursul zilei de joi, 27.08.2026, pe \u00eentreg sectorul Valea Sl\u0103nicului, ploi care au generat sc\u0103derea consumului de ap\u0103 pentru activit\u0103\u021bile agricole, Compania de Ap\u0103 Buz\u0103u v\u0103 informeaz\u0103 c\u0103 va furniza ap\u0103 potabil\u0103 \u00een regim continuu tuturor consumatorilor din sector \u0219i va men\u021bine regimul continuu de furnizare, \u00een m\u0103sura \u00een care aceste reduceri de consumuri se vor men\u021bine\u201d<\/em>, se arat\u0103 \u00een comunicat.<\/p>\n<p>Totu\u0219i, pericolul furniz\u0103rii apei cu program nu a trecut, avertizeaz\u0103 sursa citat\u0103: <em>\u201eMen\u021bion\u0103m c\u0103 programul de furnizare insituit \u00een localit\u0103\u021bile de pe Valea Sl\u0103nicului \u00een data de 17.08.2026 este \u00een vigoare \u0219i va fi reluat \u00een momentul \u00een care cosumul de ap\u0103 \u00eenregistrat va fi din nou crescut. Pentru a evita perioadele de furnizare discontinu\u0103 a apei v\u0103 recomand\u0103m s\u0103 nu folosi\u021bi apa pentru activit\u0103\u021bi ce pot fi am\u00e2nate \u0219i s\u0103 renun\u021ba\u021bi la stocarea unor cantit\u0103\u021bi mari de ap\u0103\u201d<\/em>, mai precizeaz\u0103 responsabilii Companiei de Ap\u0103.<\/p>\n<div class=\"stream-item stream-item-in-post stream-item-inline-post aligncenter\"><a href=\"https:\/\/vreaulanova.ro\/?utm_source=opiniabuzau&amp;utm_medium=image\" title target=\"_blank\"><img loading=\"lazy\" decoding=\"async\" data-od-unknown-tag data-od-xpath=\"\/HTML\/BODY\/DIV[@class=&apos;background-overlay&apos;]\/*[1][self::DIV]\/*[1][self::DIV]\/*[4][self::DIV]\/*[1][self::DIV]\/*[1][self::DIV]\/*[2][self::ARTICLE]\/*[3][self::DIV]\/*[6][self::DIV]\/*[1][self::A]\/*[1][self::IMG]\" src=\"https:\/\/opiniabuzau.ro\/wp-content\/smush-webp\/2022\/02\/MicrosoftTeams-image-4-1.jpg.webp\" alt width=\"728\" height=\"91\" class=\"perfmatters-lazy\"><img loading=\"lazy\" decoding=\"async\" data-od-unknown-tag data-od-xpath=\"\/HTML\/BODY\/DIV[@class=&apos;background-overlay&apos;]\/*[1][self::DIV]\/*[1][self::DIV]\/*[4][self::DIV]\/*[1][self::DIV]\/*[1][self::DIV]\/*[2][self::ARTICLE]\/*[3][self::DIV]\/*[6][self::DIV]\/*[1][self::A]\/*[1][self::IMG]\" src=\"https:\/\/opiniabuzau.ro\/wp-content\/smush-webp\/2022\/02\/MicrosoftTeams-image-4-1.jpg.webp\" alt width=\"728\" height=\"91\"><\/a><\/div>\n<\/div>\n<p>[analyse_source url=&#8221;https:\/\/opiniabuzau.ro\/ploaia-de-joi-readuce-apa-non-stop-la-robinetele-de-pe-valea-slanicului\/&#8221;]<\/p>\n","protected":false},"excerpt":{"rendered":"<p>[analyse_image type=&#8221;featured&#8221; src=&#8221;https:\/\/opiniabuzau.ro\/wp-content\/uploads\/2026\/08\/apa-cu-program.webp&#8221;] Ve\u0219ti bune pentru locuitorii V\u0103ii Sl\u0103nicului din partea responsabililor Companiei de Ap\u0103. Operatorul regional de ap\u0103 \u0219i canalizare a anun\u021bat c\u0103 va relua furnizarea non-stop a apei la robinetele abona\u021bilor din aceast\u0103 zon\u0103. Aceasta dup\u0103 ce ploile de joi au oferit suficient\u0103 ap\u0103 pentru activit\u0103\u021bile agricole, fapt care a determinat sc\u0103derea consumului [&hellip;]<\/p>\n","protected":false},"author":1,"featured_media":0,"comment_status":"open","ping_status":"","sticky":false,"template":"","format":"standard","meta":{"footnotes":""},"categories":[2],"tags":[226,44],"class_list":["post-2119520","post","type-post","status-publish","format-standard","hentry","category-politics","tag-crawlmanager","tag-opiniabuzau-ro"],"_links":{"self":[{"href":"https:\/\/analyse.optim.biz\/index.php?rest_route=\/wp\/v2\/posts\/2119520","targetHints":{"allow":["GET"]}}],"collection":[{"href":"https:\/\/analyse.optim.biz\/index.php?rest_route=\/wp\/v2\/posts"}],"about":[{"href":"https:\/\/analyse.optim.biz\/index.php?rest_route=\/wp\/v2\/types\/post"}],"author":[{"embeddable":true,"href":"https:\/\/analyse.optim.biz\/index.php?rest_route=\/wp\/v2\/users\/1"}],"replies":[{"embeddable":true,"href":"https:\/\/analyse.optim.biz\/index.php?rest_route=%2Fwp%2Fv2%2Fcomments&post=2119520"}],"version-history":[{"count":0,"href":"https:\/\/analyse.optim.biz\/index.php?rest_route=\/wp\/v2\/posts\/2119520\/revisions"}],"wp:attachment":[{"href":"https:\/\/analyse.optim.biz\/index.php?rest_route=%2Fwp%2Fv2%2Fmedia&parent=2119520"}],"wp:term":[{"taxonomy":"category","embeddable":true,"href":"https:\/\/analyse.optim.biz\/index.php?rest_route=%2Fwp%2Fv2%2Fcategories&post=2119520"},{"taxonomy":"post_tag","embeddable":true,"href":"https:\/\/analyse.optim.biz\/index.php?rest_route=%2Fwp%2Fv2%2Ftags&post=2119520"}],"curies":[{"name":"wp","href":"https:\/\/api.w.org\/{rel}","templated":true}]}}