{"id":2119518,"date":"2026-08-28T12:57:02","date_gmt":"2026-08-28T09:57:02","guid":{"rendered":"https:\/\/analyse.optim.biz\/?p=2119518"},"modified":"2026-08-28T12:57:02","modified_gmt":"2026-08-28T09:57:02","slug":"se-invarte-camera-medicii-de-la-spitalul-judetean-spun-cand-vertijul-poate-fi-periculos","status":"publish","type":"post","link":"https:\/\/analyse.optim.biz\/?p=2119518","title":{"rendered":"\u201eSe \u00eenv\u00e2rte camera\u201d? Medicii de la Spitalul Jude\u021bean spun c\u00e2nd vertijul poate fi periculos"},"content":{"rendered":"<p>[analyse_image type=&#8221;featured&#8221; src=&#8221;https:\/\/opiniabuzau.ro\/wp-content\/uploads\/2026\/08\/dr-Simona-Vlad-otita-2026-scaled.webp&#8221;]<\/p>\n<div class=\"entry-content entry clearfix\">\n<blockquote>\n<p class=\"isSelectedEnd\"><strong>Dr. Simona Vlad, medic specialist O.R.L. \u00een cadrul Spitalului Jude\u021bean de Urgen\u021b\u0103 Buz\u0103u atrage aten\u021bia asupra vertijului, unul dintre motivele frecvente pentru care pacien\u021bii ajung la medic sau la camera de gard\u0103. De\u0219i, \u00een multe cazuri, senza\u021bia de ame\u021beal\u0103 \u0219i pierdere a echilibrului este provocat\u0103 de afec\u021biuni ale urechii interne \u0219i poate fi tratat\u0103, medicii avertizeaz\u0103 c\u0103 vertijul poate ap\u0103rea \u0219i \u00een cazul unor probleme neurologice grave.<\/strong><\/p>\n<\/blockquote>\n<p class=\"isSelectedEnd\">Dr. Simona Vlad, medic specialist O.R.L. \u00een cadrul Spitalului Jude\u021bean de Urgen\u021b\u0103 Buz\u0103u, explic\u0103 faptul c\u0103 vertijul este un simptom. Acesta se manifest\u0103 prin senza\u021bia fals\u0103 c\u0103 persoana sau mediul \u00eenconjur\u0103tor se \u00eenv\u00e2rte, de\u0219i corpul este nemi\u0219cat. Grea\u021ba, v\u0103rs\u0103turile, transpira\u021biile \u0219i dezechilibrul pot \u00eenso\u021bi episoadele de vertij.<\/p>\n<p class=\"isSelectedEnd\">Medicii fac diferen\u021ba \u00eentre dou\u0103 mari categorii: vertijul periferic, cu origine la nivelul urechii interne, \u0219i vertijul central, asociat unor afec\u021biuni neurologice. Printre cauzele frecvente ale vertijului periferic se num\u0103r\u0103 vertijul paroxistic pozi\u021bional benign (VPPB), boala Meniere \u0219i neuronita vestibular\u0103. \u00cen schimb, vertijul central poate ap\u0103rea \u00een contextul unor probleme neurologice, inclusiv al accidentului vascular cerebral.<\/p>\n<p class=\"isSelectedEnd\">Un episod sever sau persistent nu trebuie ignorat, spune medicul O.R.L. Potrivit dr. Simona Vlad, prezentarea de urgen\u021b\u0103 este recomandat\u0103 atunci c\u00e2nd vertijul apare \u00eempreun\u0103 cu semne neurologice precum sl\u0103biciunea unui membru, tulbur\u0103ri de vorbire, vedere dubl\u0103, cefalee intens\u0103 sau dificult\u0103\u021bi importante de mers.<\/p>\n<p class=\"isSelectedEnd\"><em>\u201eOrice episod de vertij sever sau persistent necesit\u0103 evaluare medical\u0103. \u00cens\u0103, prezentarea de urgen\u021b\u0103 la medic este recomandat\u0103 dac\u0103 vertijul este \u00eenso\u021bit de semne neurologice\u201d,<\/em> explic\u0103 dr. Simona Vlad.<\/p>\n<div class=\"stream-item stream-item-in-post stream-item-inline-post aligncenter\"><a href=\"https:\/\/vreaulanova.ro\/?utm_source=opiniabuzau&amp;utm_medium=image\" title target=\"_blank\"><img loading=\"lazy\" decoding=\"async\" data-od-unknown-tag data-od-xpath=\"\/HTML\/BODY\/DIV[@class=&apos;background-overlay&apos;]\/*[1][self::DIV]\/*[1][self::DIV]\/*[4][self::DIV]\/*[1][self::DIV]\/*[1][self::DIV]\/*[2][self::ARTICLE]\/*[3][self::DIV]\/*[7][self::DIV]\/*[1][self::A]\/*[1][self::IMG]\" src=\"https:\/\/opiniabuzau.ro\/wp-content\/smush-webp\/2022\/02\/MicrosoftTeams-image-4-1.jpg.webp\" alt width=\"728\" height=\"91\" class=\"perfmatters-lazy\"><img loading=\"lazy\" decoding=\"async\" data-od-unknown-tag data-od-xpath=\"\/HTML\/BODY\/DIV[@class=&apos;background-overlay&apos;]\/*[1][self::DIV]\/*[1][self::DIV]\/*[4][self::DIV]\/*[1][self::DIV]\/*[1][self::DIV]\/*[2][self::ARTICLE]\/*[3][self::DIV]\/*[7][self::DIV]\/*[1][self::A]\/*[1][self::IMG]\" src=\"https:\/\/opiniabuzau.ro\/wp-content\/smush-webp\/2022\/02\/MicrosoftTeams-image-4-1.jpg.webp\" alt width=\"728\" height=\"91\"><\/a><\/div>\n<p class=\"isSelectedEnd\">Stabilirea cauzei \u00eencepe cu o discu\u021bie detaliat\u0103 despre simptome \u0219i cu un examen clinic. Medicul poate evalua echilibrul \u0219i mi\u0219c\u0103rile ochilor, iar \u00een func\u021bie de suspiciunea clinic\u0103 pot fi recomandate investiga\u021bii suplimentare, precum analize de s\u00e2nge, audiogram\u0103 sau investiga\u021bii imagistice cerebrale.<\/p>\n<p class=\"isSelectedEnd\">Tratamentul depinde de cauza care a provocat vertijul. \u00cen cazul vertijului paroxistic pozi\u021bional benign, una dintre cele mai frecvente forme de vertij periferic, medicii pot utiliza manevre de repozi\u021bionare a otoli\u021bilor. \u00cen multe situa\u021bii, problema poate fi rezolvat\u0103 rapid.<\/p>\n<p class=\"isSelectedEnd\"><em>\u201eCea mai frecvent\u0103 cauz\u0103 de vertij periferic este vertijul paroxistic pozi\u021bional benign. \u00cen acest caz, de cele mai multe ori sunt suficiente manevrele de repozi\u021bionare a otoli\u021bilor, care pot rezolva problema din prima \u0219edin\u021b\u0103\u201d,<\/em> arat\u0103 medicul.<\/p>\n<p class=\"isSelectedEnd\">Pentru alte forme de vertij, tratamentul poate include reabilitare vestibular\u0103, medicamente pentru controlul simptomelor \u00een faza acut\u0103, recomand\u0103ri privind stilul de via\u021b\u0103 sau tratamentul afec\u021biunii care a provocat simptomul.<\/p>\n<p class=\"isSelectedEnd\">Evolu\u021bia difer\u0103 \u00een func\u021bie de diagnostic. Unele forme, precum VPPB, au un prognostic bun \u0219i permit recuperarea \u00eentr-un timp scurt, \u00een timp ce alte afec\u021biuni necesit\u0103 tratament \u0219i monitorizare pe termen mai lung. Cu un tratament adecvat, majoritatea pacien\u021bilor \u00ee\u0219i pot relua activit\u0103\u021bile obi\u0219nuite.<\/p>\n<p class=\"isSelectedEnd\">Medicii recomand\u0103, \u00een func\u021bie de cauza vertijului, respectarea tratamentului prescris, o hidratare corespunz\u0103toare \u0219i un program suficient de somn. De asemenea, sunt recomandate evitarea alcoolului \u0219i a cafelei, precum \u0219i controlul factorilor de risc cardiovasculari.<\/p>\n<p class=\"isSelectedEnd\">Aten\u021bia trebuie s\u0103 fie sporit\u0103 \u00een cazul persoanelor \u00een v\u00e2rst\u0103 \u0219i al pacien\u021bilor cu factori de risc cardiovascular. \u00cen aceste situa\u021bii, vertijul poate reprezenta, uneori, manifestarea unei afec\u021biuni neurologice grave, motiv pentru care apari\u021bia unor simptome asociate trebuie s\u0103 duc\u0103 la o evaluare medical\u0103 rapid\u0103.<\/p>\n<p class=\"isSelectedEnd\"><em>\u201eDe\u0219i majoritatea episoadelor de vertij sunt determinate de afec\u021biuni benigne ale urechii interne, \u00een anumite situa\u021bii vertijul poate fi manifestarea unei afec\u021biuni neurologice grave, mai ales la persoanele \u00een v\u00e2rst\u0103 sau cu factori de risc cardiovasculari\u201d,<\/em> subliniaz\u0103 dr. Simona Vlad.<\/p>\n<p class=\"isSelectedEnd\">Potrivit medicului, vertijul se num\u0103r\u0103 printre motivele frecvente pentru care pacien\u021bii se prezint\u0103 la serviciile de urgen\u021b\u0103. \u00cen aceste cazuri, una dintre principalele misiuni ale medicului este identificarea rapid\u0103 a situa\u021biilor \u00een care simptomul poate ascunde o problem\u0103 neurologic\u0103 sau vascular\u0103 grav\u0103.<\/p>\n<p><em>\u201eEvaluarea atent\u0103 \u0219i diferen\u021bierea \u00eentre cauzele periferice \u0219i cele centrale sunt esen\u021biale\u201d<\/em>, conchide Simona Vlad, medic specialist O.R.L. \u00een cadrul Spitalului Jude\u021bean de Urgen\u021b\u0103 Buz\u0103u.<\/p>\n<\/div>\n<p>[analyse_source url=&#8221;https:\/\/opiniabuzau.ro\/se-invarte-camera-medicii-de-la-spitalul-judetean-spun-cand-vertijul-poate-fi-periculos\/&#8221;]<\/p>\n","protected":false},"excerpt":{"rendered":"<p>[analyse_image type=&#8221;featured&#8221; src=&#8221;https:\/\/opiniabuzau.ro\/wp-content\/uploads\/2026\/08\/dr-Simona-Vlad-otita-2026-scaled.webp&#8221;] Dr. Simona Vlad, medic specialist O.R.L. \u00een cadrul Spitalului Jude\u021bean de Urgen\u021b\u0103 Buz\u0103u atrage aten\u021bia asupra vertijului, unul dintre motivele frecvente pentru care pacien\u021bii ajung la medic sau la camera de gard\u0103. De\u0219i, \u00een multe cazuri, senza\u021bia de ame\u021beal\u0103 \u0219i pierdere a echilibrului este provocat\u0103 de afec\u021biuni ale urechii interne \u0219i poate [&hellip;]<\/p>\n","protected":false},"author":1,"featured_media":0,"comment_status":"open","ping_status":"","sticky":false,"template":"","format":"standard","meta":{"footnotes":""},"categories":[2],"tags":[226,44],"class_list":["post-2119518","post","type-post","status-publish","format-standard","hentry","category-politics","tag-crawlmanager","tag-opiniabuzau-ro"],"_links":{"self":[{"href":"https:\/\/analyse.optim.biz\/index.php?rest_route=\/wp\/v2\/posts\/2119518","targetHints":{"allow":["GET"]}}],"collection":[{"href":"https:\/\/analyse.optim.biz\/index.php?rest_route=\/wp\/v2\/posts"}],"about":[{"href":"https:\/\/analyse.optim.biz\/index.php?rest_route=\/wp\/v2\/types\/post"}],"author":[{"embeddable":true,"href":"https:\/\/analyse.optim.biz\/index.php?rest_route=\/wp\/v2\/users\/1"}],"replies":[{"embeddable":true,"href":"https:\/\/analyse.optim.biz\/index.php?rest_route=%2Fwp%2Fv2%2Fcomments&post=2119518"}],"version-history":[{"count":0,"href":"https:\/\/analyse.optim.biz\/index.php?rest_route=\/wp\/v2\/posts\/2119518\/revisions"}],"wp:attachment":[{"href":"https:\/\/analyse.optim.biz\/index.php?rest_route=%2Fwp%2Fv2%2Fmedia&parent=2119518"}],"wp:term":[{"taxonomy":"category","embeddable":true,"href":"https:\/\/analyse.optim.biz\/index.php?rest_route=%2Fwp%2Fv2%2Fcategories&post=2119518"},{"taxonomy":"post_tag","embeddable":true,"href":"https:\/\/analyse.optim.biz\/index.php?rest_route=%2Fwp%2Fv2%2Ftags&post=2119518"}],"curies":[{"name":"wp","href":"https:\/\/api.w.org\/{rel}","templated":true}]}}