{"id":2119508,"date":"2026-08-30T15:27:55","date_gmt":"2026-08-30T12:27:55","guid":{"rendered":"https:\/\/analyse.optim.biz\/?p=2119508"},"modified":"2026-08-30T15:27:55","modified_gmt":"2026-08-30T12:27:55","slug":"un-director-a-evacuat-900-de-elevi-cu-cateva-minute-inainte-de-dezastrul-din-nepal","status":"publish","type":"post","link":"https:\/\/analyse.optim.biz\/?p=2119508","title":{"rendered":"Un director a evacuat 900 de elevi cu c\u00e2teva minute \u00eenainte de dezastrul din Nepal"},"content":{"rendered":"<p>[analyse_image type=&#8221;featured&#8221; src=&#8221;https:\/\/cdn.adh.reperio.news\/image-0\/0dea6fff-9f44-4653-a155-251a5a9007ef\/index.jpeg?p=f%3Djpeg%26w%3D1200%26h%3D630%26r%3Dcover&#8221;]<\/p>\n<article class=\"svelte-x63bga\">\n<nav>\n<ul class=\"breadcrump svelte-1pk9a69\">\n<li class=\"svelte-1pk9a69\"><a href=\"https:\/\/adevarul.ro\/\" title=\"Adev\u0103rul\" class=\"svelte-1pk9a69\">Home<\/a><\/li>\n<li class=\"svelte-1pk9a69\"><a href=\"https:\/\/adevarul.ro\/stiri-externe\" class=\"svelte-1pk9a69\">\u0218tiri Externe<\/a><\/li>\n<li class=\"svelte-1pk9a69\"><a href=\"https:\/\/adevarul.ro\/stiri-externe\/in-lume\" class=\"svelte-1pk9a69\">\u00cen lume<\/a><\/li>\n<li class=\"svelte-1pk9a69\"><a href=\"https:\/\/adevarul.ro\/stiri-externe\/in-lume\/un-director-a-evacuat-900-de-elevi-cu-cateva-2553007.html\" class=\"svelte-1pk9a69\">Un director a evacuat 900 de elevi cu c\u00e2teva minute \u00eenainte de dezastrul din Nepal<\/a><\/li>\n<\/ul>\n<\/nav>\n<p><main class=\"svelte-x63bga\"><\/p>\n<p>Un director de \u0219coal\u0103 din Nepal a luat decizia de a evacua aproximativ 900 de elevi dup\u0103 ce a primit mai multe avertismente privind riscul producerii unor inunda\u021bii. La scurt timp dup\u0103 evacuare, apele au inundat zona \u0219i au \u00eenghi\u021bit cl\u0103dirile din apropiere, iar decizia sa s-a dovedit esen\u021bial\u0103 pentru salvarea copiilor.<\/p>\n<div class=\"container-image  svelte-1xbw4f3\"><source type=\"image\/webp\" srcset=\"https:\/\/cdn.adh.reperio.news\/image-0\/0dea6fff-9f44-4653-a155-251a5a9007ef\/index.jpeg?p=a%3D1%26co%3D1.05%26w%3D1400%26h%3D750%26r%3Dcontain%26f%3Dwebp 1400w\" media=\"(min-width: 1400px)\" \/><\/p>\n<div class=\"caption svelte-1xbw4f3\"><span class=\"captionText svelte-1xbw4f3\">Un director a evacuat 900 de elevi cu c\u00e2teva minute \u00eenainte de dezastrul din Nepal. <span class=\"source svelte-1xbw4f3\">Foto: AFP<\/span><\/span><\/div>\n<\/div>\n<p>Rajendra Dawadi, directorul \u0218colii Gimnaziale Tribhuvan Trishuli din Nuwakot, care are peste 1.600 de elevi, spune c\u0103 a primit patru avertismente din partea unor persoane diferite. Printre informa\u021biile primite se num\u0103ra \u0219i faptul c\u0103 apele viiturii trecuser\u0103 deja prin localitatea Betrawati, aflat\u0103 \u00een amonte.<\/p>\n<p>Directorul a decis s\u0103 nu mai a\u0219tepte \u0219i s\u0103 evacueze elevii c\u0103tre o zon\u0103 mai sigur\u0103.<\/p>\n<p><i>\u201eAm hot\u0103r\u00e2t c\u0103 nu mai trebuie s\u0103 am\u00e2n. Chiar dac\u0103 viitura nu ar fi venit, era doar o chestiune de o singur\u0103 zi de cursuri\u201d<\/i>, a declarat Rajendra Dawadi pentru<a href=\"https:\/\/www.bbc.com\/news\/live\/cwrk34rzx3z2t\" rel=\"nofollow\"> BBC.<\/a><\/p>\n<p>\u00cen timp ce elevii \u0219i personalul \u0219colii se refugiau pe un teren mai \u00eenalt, directorul a v\u0103zut cum o cl\u0103dire aflat\u0103 la aproximativ 100 de metri de r\u00e2u era \u00eenghi\u021bit\u0103 de apele rev\u0103rsate.<\/p>\n<p><i>\u201eDac\u0103 am fi luat decizia cu 10 minute mai t\u00e2rziu, niciunul dintre noi, inclusiv elevii \u0219i cu mine, nu am mai fi putut vorbi cu dumneavoastr\u0103 ast\u0103zi\u201d, <\/i>a m\u0103rturisit directorul.<\/p>\n<p>Printre cei aproximativ 900 de elevi evacua\u021bi se num\u0103r\u0103 \u0219i Yunisha, o adolescent\u0103 de 16 ani. T\u00e2n\u0103ra spune c\u0103 ea \u0219i prietenii s\u0103i au reu\u0219it s\u0103 ajung\u0103 \u00eentr-un loc sigur cu doar c\u00e2teva secunde \u00eenainte ca viitura s\u0103 loveasc\u0103 zona.<\/p>\n<p><i>\u201eEu, \u00eempreun\u0103 cu prietenii mei, am sc\u0103pat cu doar 10 secunde \u00eenainte\u201d, <\/i>a povestit Yunisha pentru BBC.<\/p>\n<p>Adolescenta \u0219i-a amintit c\u0103 a fugit pe un drum \u00eengust \u0219i noroios din spatele \u0219colii, al\u0103turi de al\u021bi elevi. La scurt timp, apele au \u00eenceput s\u0103 m\u0103ture zona.<\/p>\n<p><i>\u201e\u00cen scurt timp, bazarul a fost m\u0103turat de ape chiar sub ochii mei\u201d,<\/i> a relatat t\u00e2n\u0103ra.<\/p>\n<p>Mama adolescentei, Sabina Shrestha, spune c\u0103 a tr\u0103it momente de panic\u0103 dup\u0103 ce a aflat despre dezastru \u0219i nu a reu\u0219it s\u0103 ia leg\u0103tura cu fiica sa.<\/p>\n<p><i>\u201eEram cuprins\u0103 de panic\u0103. Am \u00eencercat de mai multe ori s\u0103-mi sun fiica \u0219i pe tat\u0103l ei, dar nu i-am putut contacta pe niciunul dintre ei\u201d,<\/i> a povestit femeia.<\/p>\n<p>C\u00e2nd a reu\u0219it \u00een cele din urm\u0103 s\u0103 vorbeasc\u0103 cu Yunisha, mama sa a avut parte de o prim\u0103 veste bun\u0103. \u00cengrijorarea a continuat \u00eens\u0103 p\u00e2n\u0103 c\u00e2nd fata s-a \u00eentors acas\u0103, trei zile mai t\u00e2rziu.<\/p>\n<p><i>\u201eSunt at\u00e2t de fericit\u0103 \u0219i u\u0219urat\u0103. Dumnezeu mi-a salvat fata\u201d,<\/i> a spus mama adolescentei.<\/p>\n<h2>Bilan\u021bul inunda\u021biilor a dep\u0103\u0219it 780 de mor\u021bi<\/h2>\n<p><a href=\"https:\/\/adevarul.ro\/stiri-externe\/in-lume\/bilant-devastator-dupa-inundatiile-de-la-granita-2552981.html\">Inunda\u021biile \u0219i alunec\u0103rile de teren au provocat un dezastru de amploare \u00een Nepal \u0219i \u00een regiunile \u00eenvecinate. Potrivit datelor publicate duminic\u0103 de Poli\u021bia din Nepal, num\u0103rul cadavrelor recuperate \u00eencep\u00e2nd de miercuri a ajuns la 794.<\/a><\/p>\n<p>\u00centr-un comunicat separat, Autoritatea Na\u021bional\u0103 pentru Reducerea \u0219i Gestionarea Riscului de Dezastre a anun\u021bat c\u0103 781 de persoane \u0219i-au pierdut via\u021ba, \u00een timp ce alte 2.502 sunt \u00een continuare date disp\u0103rute.<\/p>\n<p>\u00cen Tibet, regiune aflat\u0103 sub administra\u021bia Chinei, bilan\u021bul oficial este de 16 mor\u021bi \u0219i 546 de persoane disp\u0103rute, potrivit presei de stat chineze.<\/p>\n<p>Printre persoanele disp\u0103rute se afl\u0103 \u0219i numero\u0219i turi\u0219ti str\u0103ini care se aflau \u00een Nepal pentru a vizita mun\u021bii \u0219i locurile sacre ale \u021b\u0103rii. India a raportat cel pu\u021bin 320 de cet\u0103\u021beni disp\u0103ru\u021bi, \u00een timp ce aproape 100 de cet\u0103\u021beni chinezi \u0219i 90 de americani sunt, de asemenea, da\u021bi disp\u0103ru\u021bi.<\/p>\n<p>Pe lista persoanelor disp\u0103rute se mai afl\u0103 62 de cet\u0103\u021beni ucraineni, 51 de malaezieni, 41 de australieni, 33 de britanici \u0219i 30 de canadieni. Autorit\u0103\u021bile au raportat, de asemenea, turi\u0219ti disp\u0103ru\u021bi din Coreea de Sud, Africa de Sud, Portugalia, \u021a\u0103rile de Jos \u0219i Noua Zeeland\u0103.<\/p>\n<p>\u00cen acest context, decizia directorului Rajendra Dawadi de a evacua rapid elevii a prevenit o posibil\u0103 tragedie, sute de copii reu\u0219ind s\u0103 ajung\u0103 \u00eentr-o zon\u0103 sigur\u0103 \u00eenainte ca viitura s\u0103 loveasc\u0103 \u0219coala \u0219i \u00eemprejurimile acesteia.<\/p>\n<p><\/main><\/p>\n<footer class=\"svelte-x63bga\">\n<div class=\"related-wrap related-footer svelte-78g0vl\"><span class=\"related-label svelte-78g0vl\">Cite\u0219te \u0219i<\/span><a class=\"related svelte-78g0vl\" data-gtrack=\"{&quot;event&quot;:&quot;utm_click&quot;,&quot;data&quot;:{&quot;event_category&quot;:&quot;article_related&quot;}}\" href=\"https:\/\/adevarul.ro\/stiri-externe\/in-lume\/de-ce-s-au-produs-atat-de-multe-cutremure-2552919.html\" title=\"Alt articol de interes pentru tine\"><img decoding=\"async\" class=\"thumb svelte-78g0vl\" src=\"https:\/\/cdn.adh.reperio.news\/image-a\/a0cd364c-353c-446a-a45d-6762fe5b44a6\/index.jpeg?p=f%3Dwebp%26w%3D120%26h%3D80%26r%3Dcover%26a%3D0\" alt loading=\"lazy\" width=\"80\" height=\"54\"><span class=\"title svelte-78g0vl\">De ce s-au produs at\u00e2t de multe cutremure puternice \u00een aceast\u0103 var\u0103. Explica\u021bia speciali\u0219tilor<\/span><\/a><a class=\"related svelte-78g0vl\" data-gtrack=\"{&quot;event&quot;:&quot;utm_click&quot;,&quot;data&quot;:{&quot;event_category&quot;:&quot;article_related&quot;}}\" href=\"https:\/\/adevarul.ro\/stiri-interne\/evenimente\/cum-a-inceput-dezastrul-din-nepal-si-tibet-noi-2552944.html\" title=\"Alt articol de interes pentru tine\"><img decoding=\"async\" class=\"thumb svelte-78g0vl\" src=\"https:\/\/cdn.adh.reperio.news\/image-2\/26b0ed3c-b5ea-44aa-b272-a1f23a04124a\/index.png?p=f%3Dwebp%26w%3D120%26h%3D80%26r%3Dcover%26a%3D0\" alt loading=\"lazy\" width=\"80\" height=\"54\"><span class=\"title svelte-78g0vl\">Cum a \u00eenceput dezastrul din Nepal \u0219i Tibet. Noi imagini surprind for\u021ba viiturilor<\/span><\/a><a class=\"related svelte-78g0vl\" data-gtrack=\"{&quot;event&quot;:&quot;utm_click&quot;,&quot;data&quot;:{&quot;event_category&quot;:&quot;article_related&quot;}}\" href=\"https:\/\/adevarul.ro\/stiri-externe\/in-lume\/bilant-devastator-dupa-inundatiile-de-la-granita-2552981.html\" title=\"Alt articol de interes pentru tine\"><img decoding=\"async\" class=\"thumb svelte-78g0vl\" src=\"https:\/\/cdn.adh.reperio.news\/image-0\/0dea6fff-9f44-4653-a155-251a5a9007ef\/index.jpeg?p=f%3Dwebp%26w%3D120%26h%3D80%26r%3Dcover%26a%3D0\" alt loading=\"lazy\" width=\"80\" height=\"54\"><span class=\"title svelte-78g0vl\">Bilan\u021b devastator dup\u0103 inunda\u021biile de la grani\u021ba Nepalului cu China: cel pu\u021bin 734 de mor\u021bi \u0219i peste 3.000 de persoane date disp\u0103rute<\/span><\/a><\/div>\n<div class=\"meta svelte-x63bga\">\n<div class=\"authors svelte-x63bga\"><span class=\"names svelte-x63bga\"><a href=\"https:\/\/adevarul.ro\/author\/1899\" rel=\"author\" class=\"svelte-x63bga\">Maria \u0162aga<\/a><\/span><\/p>\n<div class=\"_hydratable\" data-props=\"%7B%22showLive%22%3Atrue%7D\" data-context=\"%7B%22parentBlockColumnCount%22%3A%7B%22value%22%3A0%2C%22type%22%3A%22store%2Freadable%22%7D%2C%22parentBlockBackgroundColor%22%3A%7B%22type%22%3A%22store%2Freadable%22%7D%7D\" data-component=\"ShareButton\">\n<div class=\"shareButtons svelte-itwbrr\">\n<div class=\"liveSessions metaFont svelte-1maxmbf\"><span class=\"value svelte-1maxmbf\">1<\/span> live <\/div>\n<\/div>\n<\/div>\n<\/div>\n<div class=\"tags svelte-1l3vwp1\"><span class=\"tags-label metaFont svelte-1l3vwp1\">Cite\u0219te mai multe despre<\/span><\/p>\n<div class=\"tags-list svelte-1l3vwp1\"><a href=\"https:\/\/adevarul.ro\/tag\/nepal\" title=\"Ultimele \u0219tiri despre nepal\" class=\"tag-pill svelte-1l3vwp1\">nepal<\/a><a href=\"https:\/\/adevarul.ro\/tag\/copii%20salvati\" title=\"Ultimele \u0219tiri despre copii salvati\" class=\"tag-pill svelte-1l3vwp1\">copii salvati<\/a><\/div>\n<\/div>\n<\/div>\n<p><a class=\"moreFromCategory svelte-x63bga\" href=\"https:\/\/adevarul.ro\/stiri-externe\/in-lume\" title=\"\u00cen lume\">Mai multe din <strong class=\"svelte-x63bga\">\u00cen lume<\/strong> \u203a<\/a><\/footer>\n<\/article>\n<p>[analyse_source url=&#8221;https:\/\/adevarul.ro\/stiri-externe\/in-lume\/un-director-a-evacuat-900-de-elevi-cu-cateva-2553007.html&#8221;]<\/p>\n","protected":false},"excerpt":{"rendered":"<p>[analyse_image type=&#8221;featured&#8221; src=&#8221;https:\/\/cdn.adh.reperio.news\/image-0\/0dea6fff-9f44-4653-a155-251a5a9007ef\/index.jpeg?p=f%3Djpeg%26w%3D1200%26h%3D630%26r%3Dcover&#8221;] Home \u0218tiri Externe \u00cen lume Un director a evacuat 900 de elevi cu c\u00e2teva minute \u00eenainte de dezastrul din Nepal Un director de \u0219coal\u0103 din Nepal a luat decizia de a evacua aproximativ 900 de elevi dup\u0103 ce a primit mai multe avertismente privind riscul producerii unor inunda\u021bii. La scurt timp dup\u0103 [&hellip;]<\/p>\n","protected":false},"author":1,"featured_media":0,"comment_status":"open","ping_status":"","sticky":false,"template":"","format":"standard","meta":{"footnotes":""},"categories":[89],"tags":[19,226],"class_list":["post-2119508","post","type-post","status-publish","format-standard","hentry","category-romania","tag-adevarul","tag-crawlmanager"],"_links":{"self":[{"href":"https:\/\/analyse.optim.biz\/index.php?rest_route=\/wp\/v2\/posts\/2119508","targetHints":{"allow":["GET"]}}],"collection":[{"href":"https:\/\/analyse.optim.biz\/index.php?rest_route=\/wp\/v2\/posts"}],"about":[{"href":"https:\/\/analyse.optim.biz\/index.php?rest_route=\/wp\/v2\/types\/post"}],"author":[{"embeddable":true,"href":"https:\/\/analyse.optim.biz\/index.php?rest_route=\/wp\/v2\/users\/1"}],"replies":[{"embeddable":true,"href":"https:\/\/analyse.optim.biz\/index.php?rest_route=%2Fwp%2Fv2%2Fcomments&post=2119508"}],"version-history":[{"count":0,"href":"https:\/\/analyse.optim.biz\/index.php?rest_route=\/wp\/v2\/posts\/2119508\/revisions"}],"wp:attachment":[{"href":"https:\/\/analyse.optim.biz\/index.php?rest_route=%2Fwp%2Fv2%2Fmedia&parent=2119508"}],"wp:term":[{"taxonomy":"category","embeddable":true,"href":"https:\/\/analyse.optim.biz\/index.php?rest_route=%2Fwp%2Fv2%2Fcategories&post=2119508"},{"taxonomy":"post_tag","embeddable":true,"href":"https:\/\/analyse.optim.biz\/index.php?rest_route=%2Fwp%2Fv2%2Ftags&post=2119508"}],"curies":[{"name":"wp","href":"https:\/\/api.w.org\/{rel}","templated":true}]}}