{"id":2119476,"date":"2026-08-30T07:49:42","date_gmt":"2026-08-30T04:49:42","guid":{"rendered":"https:\/\/analyse.optim.biz\/?p=2119476"},"modified":"2026-08-30T07:49:42","modified_gmt":"2026-08-30T04:49:42","slug":"tump-vrea-lacul-america-canada-riposteaza-cu-un-panou-urias-va-ramane-lacul-ontario-si-dupa-ce-trump","status":"publish","type":"post","link":"https:\/\/analyse.optim.biz\/?p=2119476","title":{"rendered":"Tump vrea \u201eLacul America\u201d, Canada riposteaz\u0103 cu un panou uria\u0219: \u201eVa r\u0103m\u00e2ne Lacul Ontario \u0219i dup\u0103 ce Trump&#8230;"},"content":{"rendered":"<p>[analyse_image type=&#8221;featured&#8221; src=&#8221;https:\/\/cdn.adh.reperio.news\/image-1\/13a3e189-0e89-48ca-a77f-783ac8dd5158\/index.png?p=f%3Djpeg%26w%3D1200%26h%3D630%26r%3Dcover&#8221;]<\/p>\n<article class=\"svelte-x63bga\">\n<nav>\n<ul class=\"breadcrump svelte-1pk9a69\">\n<li class=\"svelte-1pk9a69\"><a href=\"https:\/\/adevarul.ro\/\" title=\"Adev\u0103rul\" class=\"svelte-1pk9a69\">Home<\/a><\/li>\n<li class=\"svelte-1pk9a69\"><a href=\"https:\/\/adevarul.ro\/stiri-externe\" class=\"svelte-1pk9a69\">\u0218tiri Externe<\/a><\/li>\n<li class=\"svelte-1pk9a69\"><a href=\"https:\/\/adevarul.ro\/stiri-externe\/in-lume\" class=\"svelte-1pk9a69\">\u00cen lume<\/a><\/li>\n<li class=\"svelte-1pk9a69\"><a href=\"https:\/\/adevarul.ro\/stiri-externe\/in-lume\/tump-vrea-lacul-america-canada-riposteaza-cu-un-2552929.html\" class=\"svelte-1pk9a69\">Tump vrea \u201eLacul America\u201d, Canada riposteaz\u0103 cu un panou uria\u0219: \u201eVa r\u0103m\u00e2ne Lacul Ontario \u0219i dup\u0103 ce Trump nu va mai fi\u201d<\/a><\/li>\n<\/ul>\n<\/nav>\n<p><main class=\"svelte-x63bga\"><\/p>\n<p>Premierul provinciei canadiene Ontario, Doug Ford, a r\u0103spuns ironic \u0219i sfid\u0103tor dup\u0103 ce pre\u0219edintele american Donald Trump a cerut autorit\u0103\u021bilor federale din Statele Unite s\u0103 foloseasc\u0103 denumirea <i>\u201eLacul America\u201d<\/i> pentru Lacul Ontario. Doug Ford a amplasat pe malul canadian al lacului un panou uria\u0219 cu mesajul<i> \u201eLake Ontario. Now and Always\u201d \u2013 \u201eLacul Ontario. Acum \u0219i \u00eentotdeauna\u201d.<\/i><\/p>\n<div class=\"container-image  svelte-1xbw4f3\"><source type=\"image\/webp\" srcset=\"https:\/\/cdn.adh.reperio.news\/image-1\/13a3e189-0e89-48ca-a77f-783ac8dd5158\/index.png?p=a%3D1%26co%3D1.05%26w%3D1400%26h%3D750%26r%3Dcontain%26f%3Dwebp 1400w\" media=\"(min-width: 1400px)\" \/><\/p>\n<div class=\"caption svelte-1xbw4f3\"><span class=\"captionText svelte-1xbw4f3\">Premierul provinciei canadiene Ontario, Doug Ford.  <span class=\"source svelte-1xbw4f3\">Foto: captur\u0103 video X\/@fordnation<\/span><\/span><\/div>\n<\/div>\n<p>Panoul, care are aproximativ 7,3 metri l\u0103\u021bime \u0219i 3,6 metri \u00een\u0103l\u021bime, a fost dezvelit s\u00e2mb\u0103t\u0103, \u00een apropiere de Grimsby, Ontario. Doug Ford a pozat \u00een fa\u021ba acestuia purt\u00e2nd un tricou al na\u021bionalei de fotbal a Canadei. Mesajul este afi\u0219at at\u00e2t \u00een limba englez\u0103, c\u00e2t \u0219i \u00een francez\u0103.<\/p>\n<p>Gestul premierului provinciei vine dup\u0103 ordinul executiv prin care Donald Trump le-a cerut agen\u021biilor federale americane s\u0103 numeasc\u0103 Lacul Ontario<i> \u201eLacul America\u201d.<\/i><\/p>\n<p>Ford a sugerat c\u0103 tentativa de schimbare a denumirii are leg\u0103tur\u0103 cu pozi\u021bia ferm\u0103 a Canadei \u00een rela\u021bia cu Statele Unite \u0219i a transmis c\u0103 numele tradi\u021bional al lacului va supravie\u021bui mandatului pre\u0219edintelui american.<\/p>\n<p><i>\u201eMult dup\u0103 ce pre\u0219edintele Trump nu va mai fi, se va numi \u00een continuare Lacul Ontario\u201d, <\/i>a declarat Doug Ford \u00eentr-un videoclip publicat pe re\u021belele sociale.<\/p>\n<div class=\"_hydratable\" data-props=\"%7B%22data%22%3A%7B%22caption%22%3A%22%22%2C%22embed%22%3A%22https%3A%2F%2Ftwitframe.reperio.news%3Furl%3Dhttps%3A%2F%2Ftwitter.com%2Ffordnation%2Fstatus%2F2093762126422700492%3Fs%3D20%22%2C%22height%22%3A300%2C%22measured_height%22%3A101%2C%22service%22%3A%22x%22%2C%22source%22%3A%22https%3A%2F%2Fx.com%2Ffordnation%2Fstatus%2F2093762126422700492%3Fs%3D20%22%2C%22width%22%3A600%7D%2C%22id%22%3A%22BbrYilDd0o%22%2C%22type%22%3A%22embed%22%2C%22lines%22%3A10%2C%22linesAbove%22%3A42%2C%22index%22%3A6%2C%22paragraphsAbove%22%3A5%2C%22percentage%22%3A0.328125%2C%22linesBellow%22%3A86%7D\" data-context=\"%7B%22parentBlockColumnCount%22%3A%7B%22value%22%3A0%2C%22type%22%3A%22store%2Freadable%22%7D%2C%22parentBlockBackgroundColor%22%3A%7B%22type%22%3A%22store%2Freadable%22%7D%7D\" data-component=\"EditorEmbedViewDefault\">\n<div class=\"container-embed svelte-1petmjv\"><\/div>\n<\/div>\n<h2>Liderii canadieni \u00eel ironizeaz\u0103 pe Trump<\/h2>\n<p>Doug Ford nu este singurul oficial canadian care a reac\u021bionat la ini\u021biativa pre\u0219edintelui american. Premierul provinciei Manitoba, Wab Kinew, a comparat tentativa de redenumire cu \u00eencercarea unei trupe rock care \u0219i-a dep\u0103\u0219it perioada de glorie de a readuce \u00een aten\u021bie un hit vechi, conform<a href=\"https:\/\/www.news.ro\/externe\/canada-instaleaza-un-panou-mare-cu-numele-lacului-ontario-o-noua-replica-la-adresa-sua-video-1922402130432026080522674661\" rel=\"nofollow\"> News.ro.<\/a><\/p>\n<p>Kinew a f\u0103cut referire \u0219i la decizia anterioar\u0103 a lui Trump de a redenumi Golful Mexic drept \u201eGolful Americii\u201d, afirm\u00e2nd c\u0103 pre\u0219edintele american \u00eencearc\u0103 s\u0103 <i>\u201ec\u00e2nte din nou hiturile\u201d<\/i> pentru baza sa electoral\u0103.<\/p>\n<p><i>\u201eCred c\u0103 toat\u0103 lumea de aici consider\u0103 c\u0103 este pu\u021bin trist \u0219i c\u0103 nu este cea mai bun\u0103 presta\u021bie a sa\u201d,<\/i> a spus Kinew.<\/p>\n<p>Istoricul canadian Robert Bothwell a avut o reac\u021bie \u0219i mai critic\u0103, \u00eentreb\u00e2ndu-se de ce<i> \u201ecea mai mare \u021bar\u0103 de pe P\u0103m\u00e2nt\u201d<\/i> ar lua \u00een serios o asemenea ini\u021biativ\u0103. El a avertizat \u00eens\u0103 c\u0103 disputa nu ar trebui privit\u0103 doar ca pe o glum\u0103, deoarece, \u00een opinia sa, obiectivul mai larg al lui Trump este s\u0103 subordoneze Canada sau chiar s\u0103 o integreze \u00een Statele Unite.<\/p>\n<p><a class=\"related-inline svelte-78g0vl\" data-gtrack=\"{&quot;event&quot;:&quot;utm_click&quot;,&quot;data&quot;:{&quot;event_category&quot;:&quot;article_related&quot;}}\" href=\"https:\/\/adevarul.ro\/economie\/venezuela-vrea-afara-din-organizatia-tarilor-2552820.html\" title=\"Alt articol de interes pentru tine\"><span class=\"inline-title svelte-78g0vl\">Venezuela vrea afar\u0103 din Organiza\u021bia \u021a\u0103rilor Exportatoare de Petrol. Cum poate schimba pia\u021ba mondial\u0103<\/span><\/a><\/p>\n<p>La r\u00e2ndul s\u0103u, Nelson Wiseman, profesor emerit la Universitatea din Toronto, a afirmat c\u0103 Trump \u0219i-ar dori ca Ottawa s\u0103 se comporte asemenea unui <i>\u201estat vasal\u201d, <\/i>iar refuzul Canadei de a face acest lucru \u00eel irit\u0103 pe pre\u0219edintele american.<\/p>\n<h2>Rela\u021biile dintre Ottawa \u0219i Washington, tot mai tensionate<\/h2>\n<p>Controversa privind numele Lacului Ontario are loc \u00eentr-un moment deosebit de tensionat \u00een rela\u021biile dintre Canada \u0219i Statele Unite.<\/p>\n<p>Negocierile comerciale dintre cele dou\u0103 \u021b\u0103ri au e\u0219uat s\u0103pt\u0103m\u00e2na trecut\u0103, guvernele de la Ottawa \u0219i Washington acuz\u00e2ndu-se reciproc c\u0103 au venit cu cerin\u021be de ultim moment. Canada a anun\u021bat, la r\u00e2ndul s\u0103u, noi tarife de retorsiune, care urmeaz\u0103 s\u0103 intre \u00een vigoare luna viitoare.<\/p>\n<p>Conflictul verbal dintre Donald Trump \u0219i Doug Ford s-a intensificat \u00een ultimele zile. \u00centr-un interviu acordat Associated Press, premierul Ontario a declarat c\u0103 fostul pre\u0219edinte american Ronald Reagan ar fi <i>\u201edezgustat\u201d <\/i>de politica tarifar\u0103 a actualei administra\u021bii.<\/p>\n<p>Trump i-a r\u0103spuns numindu-l pe Ford un simplu<i> \u201esubaltern\u201d<\/i> al premierului canadian Mark Carney \u0219i f\u0103c\u00e2nd referire la fratele acestuia, Rob Ford, fost primar al ora\u0219ului Toronto.<\/p>\n<p>Pre\u0219edintele american a continuat s\u00e2mb\u0103t\u0103 s\u0103 promoveze denumirea<i> \u201eLacul America\u201d,<\/i> distribuind inclusiv un meme \u00een care apar g\u00e2\u0219te canadiene desenate cu p\u0103r blond asem\u0103n\u0103tor celui al lui Trump \u0219i \u00eenarmate cu pu\u0219ti, prezentate drept <i>\u201eprotectoarele\u201d<\/i> lacului.<\/p>\n<p>Trump a folosit \u00een repetate r\u00e2nduri h\u0103r\u021bi \u0219i denumiri geografice pentru a-\u0219i sus\u021bine mesajele politice. O hart\u0103 pe care Golful Mexic ap\u0103rea sub denumirea <i>\u201eGulf of America\u201d <\/i>a fost expus\u0103 pentru o perioad\u0103 \u00een Biroul Oval, iar pre\u0219edintele american a publicat imagini care prezint\u0103 Canada ca parte a Statelor Unite sau drept al 51-lea stat.<\/p>\n<h2>\u201eLacul Ontario\u201d, un nume cu origini indigene<\/h2>\n<p>Dincolo de disputa politic\u0103, numele <i>\u201eLacul Ontario\u201d <\/i>are o istorie mult mai veche dec\u00e2t rela\u021bia dintre Canada \u0219i Statele Unite. Denumirea are origini indigene \u0219i provine dintr-un cuv\u00e2nt asociat popula\u021biei hurone, \u201eoniatar\u00ed:io\u201d, tradus prin \u201elac al apelor str\u0103lucitoare\u201d, potrivit\u00a0<a href=\"https:\/\/www.mediafax.ro\/externe\/lake-america-vs-lake-ontario-raspunsul-spectaculos-al-canadei-la-pretentia-lui-trump-de-a-schimba-denumirea-lacului-ontario-23798508\" rel=\"nofollow\">Mediafax.<\/a>\u00a0Provincia canadian\u0103 Ontario \u0219i-a preluat, la r\u00e2ndul s\u0103u, numele de la lac.<\/p>\n<p>Marele \u0218ef al Na\u021biunii Wendat, Pierre Picard, a criticat decizia administra\u021biei Trump, pe care a considerat-o o tentativ\u0103 de \u0219tergere a istoriei \u0219i identit\u0103\u021bii indigene.<\/p>\n<p><i>\u201eEste inacceptabil pentru noi, ca na\u021biune, s\u0103 avem un pre\u0219edinte care poate s\u0103 ne \u0219tearg\u0103 istoria, cultura \u0219i identitatea\u201d,<\/i> a declarat Picard.<\/p>\n<p><\/main><\/p>\n<footer class=\"svelte-x63bga\">\n<div class=\"related-wrap related-footer svelte-78g0vl\"><span class=\"related-label svelte-78g0vl\">Cite\u0219te \u0219i<\/span><a class=\"related svelte-78g0vl\" data-gtrack=\"{&quot;event&quot;:&quot;utm_click&quot;,&quot;data&quot;:{&quot;event_category&quot;:&quot;article_related&quot;}}\" href=\"https:\/\/adevarul.ro\/stiri-externe\/in-lume\/canadienii-boicoteaza-tot-ce-este-american-2552893.html\" title=\"Alt articol de interes pentru tine\"><img decoding=\"async\" class=\"thumb svelte-78g0vl\" src=\"https:\/\/cdn.adh.reperio.news\/image-f\/f56459a5-3174-4272-a783-80dd6117b7f1\/index.jpeg?p=f%3Dwebp%26w%3D120%26h%3D80%26r%3Dcover%26a%3D0\" alt loading=\"lazy\" width=\"80\" height=\"54\"><span class=\"title svelte-78g0vl\">Canadienii boicoteaz\u0103 tot ce este american. Amenin\u021b\u0103rile lui Trump au alimentat protestul<\/span><\/a><a class=\"related svelte-78g0vl\" data-gtrack=\"{&quot;event&quot;:&quot;utm_click&quot;,&quot;data&quot;:{&quot;event_category&quot;:&quot;article_related&quot;}}\" href=\"https:\/\/adevarul.ro\/stiri-externe\/in-lume\/semnal-de-alarma-in-orientul-mijlociu-iranul-isi-2552910.html\" title=\"Alt articol de interes pentru tine\"><img decoding=\"async\" class=\"thumb svelte-78g0vl\" src=\"https:\/\/cdn.adh.reperio.news\/image-3\/3a8d0710-e5f8-4149-8f44-335e0e0ccbdd\/index.jpeg?p=f%3Dwebp%26w%3D120%26h%3D80%26r%3Dcover%26a%3D0\" alt loading=\"lazy\" width=\"80\" height=\"54\"><span class=\"title svelte-78g0vl\">Semnal de alarm\u0103 \u00een Orientul Mijlociu: Iranul \u00ee\u0219i schimba conducerea \u0219i se preg\u0103te\u0219te de un r\u0103zboi de lung\u0103 durat\u0103 cu SUA<\/span><\/a><\/div>\n<div class=\"meta svelte-x63bga\">\n<div class=\"authors svelte-x63bga\"><span class=\"names svelte-x63bga\"><a href=\"https:\/\/adevarul.ro\/author\/2086\" rel=\"author\" class=\"svelte-x63bga\">Oana Ababei<\/a><\/span><\/p>\n<div class=\"_hydratable\" data-props=\"%7B%22showLive%22%3Atrue%7D\" data-context=\"%7B%22parentBlockColumnCount%22%3A%7B%22value%22%3A0%2C%22type%22%3A%22store%2Freadable%22%7D%2C%22parentBlockBackgroundColor%22%3A%7B%22type%22%3A%22store%2Freadable%22%7D%7D\" data-component=\"ShareButton\">\n<div class=\"shareButtons svelte-itwbrr\">\n<div class=\"liveSessions metaFont svelte-1maxmbf\"><span class=\"value svelte-1maxmbf\">1<\/span> live <\/div>\n<\/div>\n<\/div>\n<\/div>\n<div class=\"tags svelte-1l3vwp1\"><span class=\"tags-label metaFont svelte-1l3vwp1\">Cite\u0219te mai multe despre<\/span><\/p>\n<div class=\"tags-list svelte-1l3vwp1\"><a href=\"https:\/\/adevarul.ro\/tag\/sua\" title=\"Ultimele \u0219tiri despre sua\" class=\"tag-pill svelte-1l3vwp1\">sua<\/a><a href=\"https:\/\/adevarul.ro\/tag\/donald%20trump\" title=\"Ultimele \u0219tiri despre donald trump\" class=\"tag-pill svelte-1l3vwp1\">donald trump<\/a><a href=\"https:\/\/adevarul.ro\/tag\/canada\" title=\"Ultimele \u0219tiri despre canada\" class=\"tag-pill svelte-1l3vwp1\">canada<\/a><\/div>\n<\/div>\n<\/div>\n<p><a class=\"moreFromCategory svelte-x63bga\" href=\"https:\/\/adevarul.ro\/stiri-externe\/in-lume\" title=\"\u00cen lume\">Mai multe din <strong class=\"svelte-x63bga\">\u00cen lume<\/strong> \u203a<\/a><\/footer>\n<\/article>\n<p>[analyse_source url=&#8221;https:\/\/adevarul.ro\/stiri-externe\/in-lume\/tump-vrea-lacul-america-canada-riposteaza-cu-un-2552929.html&#8221;]<\/p>\n","protected":false},"excerpt":{"rendered":"<p>[analyse_image type=&#8221;featured&#8221; src=&#8221;https:\/\/cdn.adh.reperio.news\/image-1\/13a3e189-0e89-48ca-a77f-783ac8dd5158\/index.png?p=f%3Djpeg%26w%3D1200%26h%3D630%26r%3Dcover&#8221;] Home \u0218tiri Externe \u00cen lume Tump vrea \u201eLacul America\u201d, Canada riposteaz\u0103 cu un panou uria\u0219: \u201eVa r\u0103m\u00e2ne Lacul Ontario \u0219i dup\u0103 ce Trump nu va mai fi\u201d Premierul provinciei canadiene Ontario, Doug Ford, a r\u0103spuns ironic \u0219i sfid\u0103tor dup\u0103 ce pre\u0219edintele american Donald Trump a cerut autorit\u0103\u021bilor federale din Statele Unite s\u0103 [&hellip;]<\/p>\n","protected":false},"author":1,"featured_media":0,"comment_status":"open","ping_status":"","sticky":false,"template":"","format":"standard","meta":{"footnotes":""},"categories":[89],"tags":[19,226],"class_list":["post-2119476","post","type-post","status-publish","format-standard","hentry","category-romania","tag-adevarul","tag-crawlmanager"],"_links":{"self":[{"href":"https:\/\/analyse.optim.biz\/index.php?rest_route=\/wp\/v2\/posts\/2119476","targetHints":{"allow":["GET"]}}],"collection":[{"href":"https:\/\/analyse.optim.biz\/index.php?rest_route=\/wp\/v2\/posts"}],"about":[{"href":"https:\/\/analyse.optim.biz\/index.php?rest_route=\/wp\/v2\/types\/post"}],"author":[{"embeddable":true,"href":"https:\/\/analyse.optim.biz\/index.php?rest_route=\/wp\/v2\/users\/1"}],"replies":[{"embeddable":true,"href":"https:\/\/analyse.optim.biz\/index.php?rest_route=%2Fwp%2Fv2%2Fcomments&post=2119476"}],"version-history":[{"count":0,"href":"https:\/\/analyse.optim.biz\/index.php?rest_route=\/wp\/v2\/posts\/2119476\/revisions"}],"wp:attachment":[{"href":"https:\/\/analyse.optim.biz\/index.php?rest_route=%2Fwp%2Fv2%2Fmedia&parent=2119476"}],"wp:term":[{"taxonomy":"category","embeddable":true,"href":"https:\/\/analyse.optim.biz\/index.php?rest_route=%2Fwp%2Fv2%2Fcategories&post=2119476"},{"taxonomy":"post_tag","embeddable":true,"href":"https:\/\/analyse.optim.biz\/index.php?rest_route=%2Fwp%2Fv2%2Ftags&post=2119476"}],"curies":[{"name":"wp","href":"https:\/\/api.w.org\/{rel}","templated":true}]}}