{"id":2119472,"date":"2026-08-30T05:36:43","date_gmt":"2026-08-30T02:36:43","guid":{"rendered":"https:\/\/analyse.optim.biz\/?p=2119472"},"modified":"2026-08-30T05:36:43","modified_gmt":"2026-08-30T02:36:43","slug":"islandezii-au-respins-prin-referendum-reluarea-negocierilor-pentru-aderarea-la-ue","status":"publish","type":"post","link":"https:\/\/analyse.optim.biz\/?p=2119472","title":{"rendered":"Islandezii au respins prin referendum reluarea negocierilor pentru aderarea la UE"},"content":{"rendered":"<p>[analyse_image type=&#8221;featured&#8221; src=&#8221;https:\/\/cdn.adh.reperio.news\/image-f\/fd228a83-cfc9-4e9c-b495-a70e23d9a2f2\/index.jpeg?p=f%3Djpeg%26w%3D1200%26h%3D630%26r%3Dcover&#8221;]<\/p>\n<article class=\"svelte-x63bga\">\n<nav>\n<ul class=\"breadcrump svelte-1pk9a69\">\n<li class=\"svelte-1pk9a69\"><a href=\"https:\/\/adevarul.ro\/\" title=\"Adev\u0103rul\" class=\"svelte-1pk9a69\">Home<\/a><\/li>\n<li class=\"svelte-1pk9a69\"><a href=\"https:\/\/adevarul.ro\/stiri-externe\" class=\"svelte-1pk9a69\">\u0218tiri Externe<\/a><\/li>\n<li class=\"svelte-1pk9a69\"><a href=\"https:\/\/adevarul.ro\/stiri-externe\/europa\" class=\"svelte-1pk9a69\">Europa<\/a><\/li>\n<li class=\"svelte-1pk9a69\"><a href=\"https:\/\/adevarul.ro\/stiri-externe\/europa\/islanda-impartita-de-referendumul-privind-2552916.html\" class=\"svelte-1pk9a69\">Islandezii au respins prin referendum reluarea negocierilor pentru aderarea la UE<\/a><\/li>\n<\/ul>\n<\/nav>\n<p><main class=\"svelte-x63bga\"><\/p>\n<p>Islandezii au votat \u00eempotriva relu\u0103rii negocierilor de aderare la Uniunea European\u0103, potrivit rezultatelor par\u021biale centralizate de postul\u00a0<a href=\"https:\/\/www.ruv.is\/english\/2026-08-29-iceland-rejects-eu-accession-talks-485377\" rel=\"nofollow\">R\u00daV.\u00a0<\/a>Aleg\u0103torii s-au al\u0103turat astfel taberei care consider\u0103 c\u0103 protejarea apelor teritoriale \u0219i a industriei pescuitului este mai important\u0103 dec\u00e2t apropierea de Uniunea European\u0103.\u00a0\u00a0<\/p>\n<div class=\"container-image  svelte-1xbw4f3\"><source type=\"image\/webp\" srcset=\"https:\/\/cdn.adh.reperio.news\/image-f\/fd228a83-cfc9-4e9c-b495-a70e23d9a2f2\/index.jpeg?p=a%3D1%26co%3D1.05%26w%3D1400%26h%3D750%26r%3Dcontain%26f%3Dwebp 1400w\" media=\"(min-width: 1400px)\" \/><\/p>\n<div class=\"caption svelte-1xbw4f3\"><span class=\"captionText svelte-1xbw4f3\">Islanda face deja parte din pia\u021ba unic\u0103 european\u0103 prin SEE \u0219i Schengen. <span class=\"source svelte-1xbw4f3\">Foto: Shutterstock<\/span><\/span><\/div>\n<\/div>\n<h2>UPDATE 12.24 Islanda respinge negocierile de aderare la UE\u00a0<\/h2>\n<p>Islanda a respins propunerea guvernului de a relua discu\u021biile privind aderarea la Uniunea European\u0103, potrivit rezultatelor finale publicate duminic\u0103 de presa de stat islandez\u0103 \u0219i citate de\u00a0<a href=\"https:\/\/www.ruv.is\/english\/2026-08-29-iceland-rejects-eu-accession-talks-485377\" rel=\"nofollow\">R\u00daV.<\/a><\/p>\n<p>118.040 de aleg\u0103tori, respectiv 52,8%, au votat \u201eNu\u201d, \u00een timp ce 105.399 de persoane, adic\u0103 47,2%, au votat \u201eDa\u201d.<\/p>\n<p>La referendum au fost exprimate \u00een total 225.031 de voturi, iar prezen\u021ba la urne a fost de 82,5%, un nivel ridicat pentru un astfel de scrutin. Rezultatul confirm\u0103 astfel respingerea propunerii guvernului de la Reykjavik de a redeschide negocierile de aderare la Uniunea European\u0103.<\/p>\n<h2>UPDATE 11.45\u00a0Tab\u0103ra \u201eNu\u201d conduce deta\u0219at la referendum<\/h2>\n<p>Num\u0103rarea voturilor s-a \u00eencheiat \u00een aproape toate circumscrip\u021biile, iar rezultatul este considerat practic decis, de\u0219i mai sunt a\u0219teptate datele finale din circumscrip\u021bia Sud-Vest. <\/p>\n<p>P\u00e2n\u0103 \u00een prezent, 99.037 de islandezi, respectiv 52,5% dintre aleg\u0103tori, au votat \u201eNu\u201d, \u00een timp ce 89.459 de persoane, adic\u0103 47,5%, au votat \u201eDa\u201d. Alte aproximativ 1.200 de buletine au fost albe sau declarate nule.<\/p>\n<p>Diferen\u021ba dintre cele dou\u0103 tabere este de 9.578 de voturi, iar \u00een circumscrip\u021bia Sud-Vest ar urma s\u0103 mai fie num\u0103rate aproximativ 32.000 de buletine. <\/p>\n<p>Pentru ca tab\u0103ra \u201eDa\u201d s\u0103 \u00eentoarc\u0103 rezultatul, aceasta ar trebui s\u0103 ob\u021bin\u0103 aproximativ 65% dintre voturile r\u0103mase. R\u00daV consider\u0103 c\u0103 o asemenea r\u0103sturnare este \u201eaproape imposibil\u0103\u201d, astfel c\u0103 Islanda se \u00eendreapt\u0103 c\u0103tre confirmarea respingerii relu\u0103rii negocierilor cu UE.<\/p>\n<p>Islanda a \u00eenceput negocierile de aderare la UE \u00een 2009, \u00een urma crizei financiare \u0219i a colapsului sistemului bancar, \u00eens\u0103 procesul a fost suspendat \u00een 2013, dup\u0103 venirea la putere a unui guvern eurosceptic.<\/p>\n<h2>UPDATE 10.00 Num\u0103r\u0103toarea se apropie de sf\u00e2r\u015fit.\u00a0Votul \u201eNu\u201d conduce clasamentul<\/h2>\n<p>Votul \u201eNu\u201d conduce \u00een referendumul organizat s\u00e2mb\u0103t\u0103 \u00een Islanda privind reluarea negocierilor de aderare la Uniunea European\u0103, potrivit datelor publicate duminic\u0103, \u00een timp ce num\u0103rarea buletinelor se apropie de final. Dup\u0103 num\u0103rarea majorit\u0103\u021bii voturilor, 51,8% dintre aleg\u0103tori s-au pronun\u021bat \u00eempotriva relu\u0103rii negocierilor, \u00een timp ce 48,2% au votat \u201eDa\u201d, diferen\u021ba fiind de 3,6 puncte procentuale, relateaz\u0103 AFP.<\/p>\n<p>Mai sunt de num\u0103rat doar o parte dintre buletinele de vot din dou\u0103 dintre cele \u0219ase circumscrip\u021bii electorale ale Islandei, \u00eens\u0103 ambele se \u00eendreapt\u0103 \u00een prezent c\u0103tre tab\u0103ra \u201eNu\u201d. Rezultatul final urmeaz\u0103 s\u0103 confirme dac\u0103 aleg\u0103torii islandezi resping reluarea procesului de aderare la Uniunea European\u0103.<\/p>\n<h2>\u201eAr trebui Islanda s\u0103 reia negocierile de aderare la Uniunea European\u0103?\u201d<\/h2>\n<p>Dup\u0103 num\u0103rarea a 153.197 de voturi din cele aproximativ 270.000 de persoane cu drept de vot, 50,1% dintre aleg\u0103tori s-au pronun\u021bat \u00eempotriva propunerii guvernului, \u00een timp ce 49,9% au votat pentru, potrivit postului public de televiziune R\u00daV \u0219i\u00a0<a href=\"https:\/\/www.bbc.com\/news\/articles\/c70le8ed1plo\" rel=\"nofollow\">BBC.<\/a>\u00a0Diferen\u021ba era de numai 435 de voturi.<\/p>\n<p><a class=\"related-inline svelte-78g0vl\" data-gtrack=\"{&quot;event&quot;:&quot;utm_click&quot;,&quot;data&quot;:{&quot;event_category&quot;:&quot;article_related&quot;}}\" href=\"https:\/\/adevarul.ro\/securitate-si-aparare\/britanicii-tot-mai-tentati-de-ue-ce-ar-insemna-2552512.html\" title=\"Alt articol de interes pentru tine\"><span class=\"inline-title svelte-78g0vl\">Britanicii, tot mai tenta\u021bi de UE. Ce ar \u00eensemna pentru Rom\u00e2nia \u0219i Bruxelles<\/span><\/a><\/p>\n<p>\u00centrebarea adresat\u0103 aleg\u0103torilor a fost: <i>\u201eAr trebui Islanda s\u0103 reia negocierile de aderare la Uniunea European\u0103?\u201d<\/i><\/p>\n<p><a href=\"https:\/\/adevarul.ro\/stiri-externe\/europa\/islanda-decide-daca-revine-la-masa-negocierilor-2552807.html\">Referendumul a fost organizat mai devreme<\/a>\u00a0dec\u00e2t planificase ini\u021bial guvernul condus de premierul Kristr\u00fan Frostad\u00f3ttir. Executivul de centru-st\u00e2nga promisese organizarea unui astfel de scrutin p\u00e2n\u0103 \u00een 2027, \u00eens\u0103 a decis s\u0103 \u00eel devanseze pe fondul tensiunilor interna\u021bionale, inclusiv al declara\u021biilor pre\u0219edintelui american Donald Trump privind Groenlanda.<\/p>\n<p>\u00cen Islanda, \u021bar\u0103 cu aproape 400.000 de locuitori, campania electoral\u0103 s-a concentrat \u00eens\u0103 mai ales asupra industriei pescuitului. Resursele marine reprezint\u0103 un sector esen\u021bial pentru economia \u021b\u0103rii, iar produsele pesc\u0103re\u0219ti \u0219i industriile maritime genereaz\u0103 aproape 40% din exporturile Islandei.<\/p>\n<p>Oponen\u021bii relu\u0103rii negocierilor se tem c\u0103 aderarea la UE ar putea reduce controlul Islandei asupra propriilor zone de pescuit, prin aplicarea politicii comune a Uniunii Europene \u00een domeniul pescuitului.<\/p>\n<p>Islanda face deja parte din pia\u021ba unic\u0103 european\u0103 prin Spa\u021biul Economic European \u0219i din zona Schengen, \u00eens\u0103 aderarea la UE ar presupune, printre altele, intrarea \u00een uniunea vamal\u0103 \u0219i, \u00een cele din urm\u0103, adoptarea monedei euro.<\/p>\n<p>Reykjavik a depus prima cerere de aderare la Uniunea European\u0103 \u00een 2009, dup\u0103 criza financiar\u0103 care a dus la pr\u0103bu\u0219irea sistemului bancar islandez. Negocierile au avansat considerabil, \u00eens\u0103 au fost suspendate \u00een 2013, dup\u0103 venirea la putere a unui guvern eurosceptic. Pescuitul a reprezentat \u0219i atunci unul dintre principalele puncte de disput\u0103.<\/p>\n<p>Premierul Kristr\u00fan Frostad\u00f3ttir a declarat, dup\u0103 ce a votat \u00een capitala Reykjavik, c\u0103 referendumul reprezint\u0103 un moment important pentru \u021bar\u0103.<\/p>\n<p><i>\u201eEste o zi important\u0103. A\u0219tept\u0103m de ani de zile s\u0103 putem vota\u201d<\/i>, a spus premierul, ad\u0103ug\u00e2nd c\u0103 guvernul \u00ee\u0219i va continua activitatea indiferent de rezultatul scrutinului.<\/p>\n<p>Un eventual vot favorabil nu ar \u00eensemna automat aderarea Islandei la Uniunea European\u0103. El ar permite doar reluarea negocierilor de aderare. \u00cen cazul \u00een care negocierile s-ar \u00eencheia cu un acord, acesta ar trebui supus unui nou referendum. De asemenea, un eventual vot \u201eNu\u201d nu ar \u00eempiedica Islanda s\u0103 reia negocierile \u00een viitor.<\/p>\n<p>Pe l\u00e2ng\u0103 argumentele economice, \u00een campanie au fost abordate \u0219i problemele de securitate. Islanda este membr\u0103 fondatoare a NATO, \u00eens\u0103 nu are armat\u0103 proprie \u0219i se bazeaz\u0103 pe alia\u021bi pentru ap\u0103rare. Reykjavikul a sprijinit Ucraina dup\u0103 declan\u0219area invaziei ruse \u0219i \u0219i-a exprimat \u00eengrijorarea fa\u021b\u0103 de intensificarea activit\u0103\u021bilor maritime ale Rusiei \u00een apropierea insulei.<\/p>\n<p><a class=\"related-inline svelte-78g0vl\" data-gtrack=\"{&quot;event&quot;:&quot;utm_click&quot;,&quot;data&quot;:{&quot;event_category&quot;:&quot;article_related&quot;}}\" href=\"https:\/\/adevarul.ro\/stiri-externe\/europa\/islanda-decide-daca-revine-la-masa-negocierilor-2552807.html\" title=\"Alt articol de interes pentru tine\"><span class=\"inline-title svelte-78g0vl\">Islanda decide dac\u0103 revine la masa negocierilor pentru aderarea la UE. Referendumul care poate schimba direc\u021bia \u021b\u0103rii<\/span><\/a><\/p>\n<p>Declara\u021biile lui Donald Trump privind posibilitatea prelu\u0103rii Groenlandei de c\u0103tre Statele Unite au alimentat, de asemenea, dezbaterea privind securitatea \u0219i pozi\u021bionarea interna\u021bional\u0103 a Islandei.<\/p>\n<h2>Mize uria\u0219e \u0219i frica de a pierde controlul asupra pescuitului<\/h2>\n<p>Rom\u00e2nca Mirabela Blaga, avocat \u00een Islanda, explic\u0103 pentru <i>\u201eAdev\u0103rul\u201d<\/i> de ce votul este la limita imposibilului, ce mize financiare uria\u0219e sunt la mijloc \u0219i cum influen\u021beaz\u0103 costul vie\u021bii.<\/p>\n<p><i>\u201ePentru islandezi pescuitul nu e doar economie, e identitate, e o lupt\u0103 istoric\u0103 pentru apele lor. Al doilea e agricultura &#8211;\u00a0se tem\u00a0c\u0103 regulile comune ale UE le-ar afecta fermele, care oricum func\u021bioneaz\u0103 cu ajutorul unor subven\u021bii g\u00e2ndite pentru un climat foarte greu. Al treilea e frica general\u0103 de-a nu mai avea cuv\u00e2ntul decisiv &#8211; de\u0219i, ca s\u0103 fiu corect\u0103, tab\u0103ra pro-UE are un argument bun aici: Islanda oricum respect\u0103 majoritatea legilor europene prin acordul cu Spa\u021biul Economic European, doar c\u0103 nu are niciun vot la ele. Deci aderarea ar putea, de fapt, s\u0103 le dea mai mult\u0103 voce, nu mai pu\u021bin\u0103\u201d, <\/i>a declarat Mirabela Blaga. Interviul poate fi citit \u00een totalitate\u00a0<a href=\"https:\/\/adevarul.ro\/securitate-si-aparare\/islanda-decide-azi-daca-se-apropie-de-ue-vot-la-2552843.html\">AICI.<\/a><\/p>\n<p><\/main><\/p>\n<footer class=\"svelte-x63bga\">\n<div class=\"related-wrap related-footer svelte-78g0vl\"><span class=\"related-label svelte-78g0vl\">Cite\u0219te \u0219i<\/span><a class=\"related svelte-78g0vl\" data-gtrack=\"{&quot;event&quot;:&quot;utm_click&quot;,&quot;data&quot;:{&quot;event_category&quot;:&quot;article_related&quot;}}\" href=\"https:\/\/adevarul.ro\/stiri-externe\/europa\/panica-inainte-de-iarna-rezervele-de-gaze-ale-2552831.html\" title=\"Alt articol de interes pentru tine\"><img decoding=\"async\" class=\"thumb svelte-78g0vl\" src=\"https:\/\/cdn.adh.reperio.news\/image-f\/fa01b469-37f5-4cba-afab-7ee93302dac9\/index.jpeg?p=f%3Dwebp%26w%3D120%26h%3D80%26r%3Dcover%26a%3D0\" alt loading=\"lazy\" width=\"80\" height=\"54\"><span class=\"title svelte-78g0vl\">\u201ePanic\u0103 \u00eenainte de iarn\u0103\u201d: rezervele de gaze ale UE sunt la cel mai sc\u0103zut nivel din ultimii 13 ani<\/span><\/a><\/div>\n<div class=\"meta svelte-x63bga\">\n<div class=\"authors svelte-x63bga\"><span class=\"names svelte-x63bga\"><a href=\"https:\/\/adevarul.ro\/author\/2086\" rel=\"author\" class=\"svelte-x63bga\">Oana Ababei<\/a><\/span><\/p>\n<div class=\"_hydratable\" data-props=\"%7B%22showLive%22%3Atrue%7D\" data-context=\"%7B%22parentBlockColumnCount%22%3A%7B%22value%22%3A0%2C%22type%22%3A%22store%2Freadable%22%7D%2C%22parentBlockBackgroundColor%22%3A%7B%22type%22%3A%22store%2Freadable%22%7D%7D\" data-component=\"ShareButton\">\n<div class=\"shareButtons svelte-itwbrr\">\n<div class=\"liveSessions metaFont svelte-1maxmbf\"><span class=\"value svelte-1maxmbf\">1<\/span> live <\/div>\n<\/div>\n<\/div>\n<\/div>\n<div class=\"tags svelte-1l3vwp1\"><span class=\"tags-label metaFont svelte-1l3vwp1\">Cite\u0219te mai multe despre<\/span><\/p>\n<div class=\"tags-list svelte-1l3vwp1\"><a href=\"https:\/\/adevarul.ro\/tag\/aderare%20ue\" title=\"Ultimele \u0219tiri despre aderare ue\" class=\"tag-pill svelte-1l3vwp1\">aderare ue<\/a><a href=\"https:\/\/adevarul.ro\/tag\/reykjavik\" title=\"Ultimele \u0219tiri despre reykjavik\" class=\"tag-pill svelte-1l3vwp1\">reykjavik<\/a><a href=\"https:\/\/adevarul.ro\/tag\/donald%20trump%20groenlanda\" title=\"Ultimele \u0219tiri despre donald trump groenlanda\" class=\"tag-pill svelte-1l3vwp1\">donald trump groenlanda<\/a><a href=\"https:\/\/adevarul.ro\/tag\/negocieri%20de%20aderare\" title=\"Ultimele \u0219tiri despre negocieri de aderare\" class=\"tag-pill svelte-1l3vwp1\">negocieri de aderare<\/a><\/div>\n<\/div>\n<\/div>\n<p><a class=\"moreFromCategory svelte-x63bga\" href=\"https:\/\/adevarul.ro\/stiri-externe\/europa\" title=\"Europa\">Mai multe din <strong class=\"svelte-x63bga\">Europa<\/strong> \u203a<\/a><\/footer>\n<\/article>\n<p>[analyse_source url=&#8221;https:\/\/adevarul.ro\/stiri-externe\/europa\/islanda-impartita-de-referendumul-privind-2552916.html&#8221;]<\/p>\n","protected":false},"excerpt":{"rendered":"<p>[analyse_image type=&#8221;featured&#8221; src=&#8221;https:\/\/cdn.adh.reperio.news\/image-f\/fd228a83-cfc9-4e9c-b495-a70e23d9a2f2\/index.jpeg?p=f%3Djpeg%26w%3D1200%26h%3D630%26r%3Dcover&#8221;] Home \u0218tiri Externe Europa Islandezii au respins prin referendum reluarea negocierilor pentru aderarea la UE Islandezii au votat \u00eempotriva relu\u0103rii negocierilor de aderare la Uniunea European\u0103, potrivit rezultatelor par\u021biale centralizate de postul\u00a0R\u00daV.\u00a0Aleg\u0103torii s-au al\u0103turat astfel taberei care consider\u0103 c\u0103 protejarea apelor teritoriale \u0219i a industriei pescuitului este mai important\u0103 dec\u00e2t apropierea de [&hellip;]<\/p>\n","protected":false},"author":1,"featured_media":0,"comment_status":"open","ping_status":"","sticky":false,"template":"","format":"standard","meta":{"footnotes":""},"categories":[89],"tags":[19,226],"class_list":["post-2119472","post","type-post","status-publish","format-standard","hentry","category-romania","tag-adevarul","tag-crawlmanager"],"_links":{"self":[{"href":"https:\/\/analyse.optim.biz\/index.php?rest_route=\/wp\/v2\/posts\/2119472","targetHints":{"allow":["GET"]}}],"collection":[{"href":"https:\/\/analyse.optim.biz\/index.php?rest_route=\/wp\/v2\/posts"}],"about":[{"href":"https:\/\/analyse.optim.biz\/index.php?rest_route=\/wp\/v2\/types\/post"}],"author":[{"embeddable":true,"href":"https:\/\/analyse.optim.biz\/index.php?rest_route=\/wp\/v2\/users\/1"}],"replies":[{"embeddable":true,"href":"https:\/\/analyse.optim.biz\/index.php?rest_route=%2Fwp%2Fv2%2Fcomments&post=2119472"}],"version-history":[{"count":0,"href":"https:\/\/analyse.optim.biz\/index.php?rest_route=\/wp\/v2\/posts\/2119472\/revisions"}],"wp:attachment":[{"href":"https:\/\/analyse.optim.biz\/index.php?rest_route=%2Fwp%2Fv2%2Fmedia&parent=2119472"}],"wp:term":[{"taxonomy":"category","embeddable":true,"href":"https:\/\/analyse.optim.biz\/index.php?rest_route=%2Fwp%2Fv2%2Fcategories&post=2119472"},{"taxonomy":"post_tag","embeddable":true,"href":"https:\/\/analyse.optim.biz\/index.php?rest_route=%2Fwp%2Fv2%2Ftags&post=2119472"}],"curies":[{"name":"wp","href":"https:\/\/api.w.org\/{rel}","templated":true}]}}