{"id":2119470,"date":"2026-08-30T05:14:56","date_gmt":"2026-08-30T02:14:56","guid":{"rendered":"https:\/\/analyse.optim.biz\/?p=2119470"},"modified":"2026-08-30T05:14:56","modified_gmt":"2026-08-30T02:14:56","slug":"semnal-de-alarma-in-orientul-mijlociu-iranul-isi-schimba-conducerea-si-se-pregateste-de-un-razboi-de-lunga","status":"publish","type":"post","link":"https:\/\/analyse.optim.biz\/?p=2119470","title":{"rendered":"Semnal de alarm\u0103 \u00een Orientul Mijlociu: Iranul \u00ee\u0219i schimba conducerea \u0219i se preg\u0103te\u0219te de un r\u0103zboi de lung\u0103&#8230;"},"content":{"rendered":"<p>[analyse_image type=&#8221;featured&#8221; src=&#8221;https:\/\/cdn.adh.reperio.news\/image-3\/3a8d0710-e5f8-4149-8f44-335e0e0ccbdd\/index.jpeg?p=f%3Djpeg%26w%3D1200%26h%3D630%26r%3Dcover&#8221;]<\/p>\n<article class=\"svelte-x63bga\">\n<nav>\n<ul class=\"breadcrump svelte-1pk9a69\">\n<li class=\"svelte-1pk9a69\"><a href=\"https:\/\/adevarul.ro\/\" title=\"Adev\u0103rul\" class=\"svelte-1pk9a69\">Home<\/a><\/li>\n<li class=\"svelte-1pk9a69\"><a href=\"https:\/\/adevarul.ro\/stiri-externe\" class=\"svelte-1pk9a69\">\u0218tiri Externe<\/a><\/li>\n<li class=\"svelte-1pk9a69\"><a href=\"https:\/\/adevarul.ro\/stiri-externe\/in-lume\" class=\"svelte-1pk9a69\">\u00cen lume<\/a><\/li>\n<li class=\"svelte-1pk9a69\"><a href=\"https:\/\/adevarul.ro\/stiri-externe\/in-lume\/semnal-de-alarma-in-orientul-mijlociu-iranul-isi-2552910.html\" class=\"svelte-1pk9a69\">Semnal de alarm\u0103 \u00een Orientul Mijlociu: Iranul \u00ee\u0219i schimba conducerea \u0219i se preg\u0103te\u0219te de un r\u0103zboi de lung\u0103 durat\u0103 cu SUA<\/a><\/li>\n<\/ul>\n<\/nav>\n<p><main class=\"svelte-x63bga\"><\/p>\n<p>Dup\u0103 \u0219ase luni de r\u0103zboi, conducerea Iranului s-a regrupat \u00een jurul unui nucleu dur format din generali \u0219i clerici care fac parte de mult timp din teocra\u021bia aflat\u0103 la putere. Ace\u0219tia sunt preg\u0103ti\u021bi pentru o confruntare care s-ar putea prelungi cu SUA \u0219i sunt hot\u0103r\u00e2\u021bi s\u0103 \u00eempiedice izbucnirea unor tulbur\u0103ri interne.<\/p>\n<div class=\"container-image  svelte-1xbw4f3\"><source type=\"image\/webp\" srcset=\"https:\/\/cdn.adh.reperio.news\/image-3\/3a8d0710-e5f8-4149-8f44-335e0e0ccbdd\/index.jpeg?p=a%3D1%26co%3D1.05%26w%3D1400%26h%3D750%26r%3Dcontain%26f%3Dwebp 1400w\" media=\"(min-width: 1400px)\" \/><\/p>\n<div class=\"caption svelte-1xbw4f3\"><span class=\"captionText svelte-1xbw4f3\">Iranul se preg\u0103te\u0219te pentru un r\u0103zboi lung cu SUA  <span class=\"source svelte-1xbw4f3\">Foto: Shutterstock<\/span><\/span><\/div>\n<\/div>\n<p>Situa\u021bia este cu totul diferit\u0103 de <a href=\"https:\/\/adevarul.ro\/stiri-externe\/sua\/trump-pune-conditii-teheranului-noul-lider-2513552.html?utm_source=chatgpt.com\">speran\u021bele ini\u021biale ale pre\u0219edintelui american Donald Trump de a \u00eenl\u0103tura Republica Islamic\u0103<\/a> \u0219i de afirma\u021biile sale ulterioare potrivit c\u0103rora <i>\u201eschimbarea regimului\u201d<\/i> a adus \u00een prim-plan oficiali mai dispu\u0219i la compromis.<\/p>\n<p>Noii lideri ai Iranului manifest\u0103 pu\u021bin\u0103 \u00eencredere \u00eentr-un eventual acord cu Trump, dup\u0103 ce au fost ataca\u021bi de dou\u0103 ori \u00een timp ce purtau negocieri, \u0219i s-ar putea preg\u0103ti pentru un nou atac odat\u0103 ce SUA \u00ee\u0219i refac stocurile de interceptori, noteaz\u0103 <a href=\"https:\/\/apnews.com\/article\/iran-us-war-leadership-politics-khamenei-f2e45b2c77f5994ed9d9534ae988403b?utm_source=chatgpt.com\" rel=\"nofollow\">AP.<\/a><\/p>\n<p>De asemenea, ace\u0219tia au amenin\u021bat c\u0103 vor intensifica r\u0103zboiul, \u00een condi\u021biile \u00een care blocada american\u0103 continu\u0103, iar planurile lui Trump privind noi sanc\u021biuni amenin\u021b\u0103 s\u0103 sufoce economia deja grav afectat\u0103 a Iranului.<\/p>\n<p><i>\u201eDac\u0103 (Trump) vrea s\u0103 fac\u0103 ceva, vom riposta \u00eentr-un mod seismic\u201d<\/i>, a declarat weekendul trecut noul secretar al Consiliului Suprem de Securitate Na\u021bional\u0103 al Iranului, Mohsen Rezaei. \u00centr-o postare pe X, acesta a afirmat c\u0103 \u201edac\u0103 r\u0103zboiul economic continu\u0103, nici m\u0103car o pic\u0103tur\u0103 de petrol nu va mai fi exportat\u0103\u201d din Golful Persic.<\/p>\n<h2>Iranul este hot\u0103r\u00e2t s\u0103 \u00een\u0103bu\u0219e orice tulburare intern\u0103<\/h2>\n<p>Numirea lui Rezaei a f\u0103cut parte dintr-un set recent de decrete emise de liderul suprem, ayatolahul Mojtaba Khamenei, prin care a fost stabilit\u0103 oficial noua conducere de v\u00e2rf a Iranului, inclusiv ocupan\u021bii principalelor func\u021bii militare. Tat\u0103l lui Khamenei \u0219i o mare parte dintre membrii e\u0219aloanelor superioare ale conducerii au fost uci\u0219i \u00een campania de bombardamente lansat\u0103 de SUA \u0219i Israel pe 28 februarie.<\/p>\n<p>Poate cel mai gr\u0103itor indiciu este numirea noului \u0219ef al Basij, for\u021ba de voluntari a G\u0103rzii Revolu\u021bionare care ac\u021bioneaz\u0103 pe str\u0103zi \u0219i care a jucat un rol major \u00een reprimarea protestelor na\u021bionale din ianuarie, \u00een timpul c\u0103rora au fost ucise mii de persoane. Func\u021bia i-a revenit lui Hossein Taeb, un cleric ultraconservator \u0219i fost \u0219ef al serviciilor de informa\u021bii, care a condus una dintre primele mari represiuni \u00eempotriva protestelor, \u00een 2009.<\/p>\n<p>Numirea sa este considerat\u0103 un semnal c\u0103 liderii iranieni sunt hot\u0103r\u00e2\u021bi s\u0103 previn\u0103 izbucnirea unor noi tulbur\u0103ri, \u00een timp ce nemul\u021bumirea fa\u021b\u0103 de situa\u021bia economic\u0103 se extinde.<\/p>\n<p>Khamenei, \u00een v\u00e2rst\u0103 de 56 de ani, nu a mai fost v\u0103zut \u00een public \u0219i nici nu a ap\u0103rut \u00een \u00eenregistr\u0103ri video sau audio de c\u00e2nd atacurile israeliene l-au ucis pe tat\u0103l s\u0103u, ayatolahul Ali Khamenei, care fusese liderul suprem al Iranului timp de aproximativ 37 de ani. <a href=\"https:\/\/adevarul.ro\/stiri-externe\/in-lume\/iranul-neaga-ca-noul-lider-suprem-ar-fi-ranit-2515213.html\">Se crede c\u0103 t\u00e2n\u0103rul Khamenei a fost r\u0103nit \u00een urma atacurilor<\/a>. Absen\u021ba sa din spa\u021biul public ar putea reflecta nivelul ridicat de securitate care \u00eel \u00eenconjoar\u0103, \u00eentruc\u00e2t este probabil o \u021bint\u0103 a Israelului, sau gravitatea r\u0103nilor suferite.<\/p>\n<h2>Liderul suprem se \u00eenconjoar\u0103 de alia\u021bi ultraconservatori<\/h2>\n<p>Prin numirile anun\u021bate pe 11 \u0219i 12 august, Khamenei s-a \u00eenconjurat de alia\u021bi personali de lung\u0103 durat\u0103, precum Rezaei \u0219i Taeb.<\/p>\n<p>Ace\u0219tia sunt<i> \u201eun grup restr\u00e2ns de ofi\u021beri superiori \u00een v\u00e2rst\u0103, care au servit \u00eempreun\u0103 \u00een ultimele decenii\u201d<\/i>, a declarat Sascha Bruchmann, analist \u00een cadrul biroului pentru Orientul Mijlociu al Institutului Interna\u021bional pentru Studii Strategice din Bahrain.<\/p>\n<p>Rezaei, \u00een v\u00e2rst\u0103 de 71 de ani, a condus Garda Revolu\u021bionar\u0103 paramilitar\u0103 \u00een anii s\u0103i de formare, pe parcursul \u00eentregului r\u0103zboi dintre Iran \u0219i Irak, din 1980 p\u00e2n\u0103 \u00een 1988, \u0219i p\u00e2n\u0103 \u00een 1997. El a candidat de mai multe ori la pre\u0219edin\u021bie, \u00eencep\u00e2nd din 2009, ca reprezentant al taberei ultraconservatoare.<\/p>\n<p>Generalul de brigad\u0103 Ahmad Vahidi, \u00een v\u00e2rst\u0103 de 68 de ani, a fost confirmat \u00een func\u021bia de \u0219ef al G\u0103rzii Revolu\u021bionare, unde ocupa func\u021bia de comandant interimar dup\u0103 ce predecesorul s\u0103u a fost ucis \u00eempreun\u0103 cu ayatollahul Ali Khamenei. Au fost confirma\u021bi \u00een func\u021bii \u0219i comandantul interimar al for\u021belor navale ale G\u0103rzii, generalul Ali Ozmaei, precum \u0219i \u0219eful Statului Major al for\u021belor armate, generalul Ali Abdollahi.<\/p>\n<p><a class=\"related-inline svelte-78g0vl\" data-gtrack=\"{&quot;event&quot;:&quot;utm_click&quot;,&quot;data&quot;:{&quot;event_category&quot;:&quot;article_related&quot;}}\" href=\"https:\/\/adevarul.ro\/stiri-externe\/in-lume\/iranienii-de-rand-renunta-la-mancare-si-muncesc-2551570.html\" title=\"Alt articol de interes pentru tine\"><span class=\"inline-title svelte-78g0vl\">Iranienii de r\u00e2nd renun\u021b\u0103 la m\u00e2ncare \u015fi muncesc p\u00e2n\u0103 la epuizare. R\u0103zboiul i-a adus la limit\u0103, iar furia se \u00eendreapt\u0103 spre SUA \u0219i Israel<\/span><\/a><\/p>\n<p>Bruchmann, care a subliniat c\u0103 Rezaei i-a fost comandant lui Vahidi timp de mul\u021bi ani, a declarat c\u0103 accentul pare s\u0103 fie pus pe asigurarea unit\u0103\u021bii. <i>\u201ePare s\u0103 fie vorba despre coeziune intern\u0103, prin cooptarea oamenilor din nucleul dur \u00een cercul restr\u00e2ns al puterii\u201d<\/i>, a spus el.<\/p>\n<h2>Tab\u0103ra moderat\u0103 cere re\u021binere din cauza problemelor economice<\/h2>\n<p>Homayoun Falakshahi, principalul analist pe probleme petroliere al companiei globale de informa\u021bii comerciale Kpler, a scris c\u0103 numirile lui Rezaei \u0219i Vahidi indic\u0103 <i>\u201eo influen\u021b\u0103 mai mare pentru oficialii asocia\u021bi unei pozi\u021bii mai dure\u201d<\/i>.<\/p>\n<p>Totu\u0219i, escaladarea nu este inevitabil\u0103, iar Iranului i-ar putea fi dificil <i>\u201es\u0103 escaladeze suficient pentru a restabili descurajarea f\u0103r\u0103 a provoca o ripost\u0103 care s\u0103-i \u00eenr\u0103ut\u0103\u021beasc\u0103 situa\u021bia\u201d<\/i>, a spus el.<\/p>\n<p>Un acord de \u00eencetare a focului \u00eencheiat \u00een iunie s-a destr\u0103mat rapid pe fondul schimburilor de lovituri. Iranul a cerut deblocarea unor active \u00een valoare de miliarde de dolari, prev\u0103zut\u0103 \u00een cadrul acordului, precum \u0219i acordarea unei autorit\u0103\u021bi formale asupra Str\u00e2mtorii Ormuz.<\/p>\n<p>Pre\u0219edintele Masoud Pezeshkian este una dintre cele mai importante voci care pledeaz\u0103 \u00een continuare pentru o solu\u021bie negociat\u0103. Alia\u021bii s\u0103i sus\u021bin c\u0103 Iranul risc\u0103 s\u0103-\u0219i supraestimeze pozi\u021bia continu\u00e2nd r\u0103zboiul \u00een timp ce economia sa se deterioreaz\u0103.<\/p>\n<p><i>\u201eAr fi mai bine s\u0103 punem cap\u0103t r\u0103zboiului, \u00eentruc\u00e2t ast\u0103zi ne bucur\u0103m de putere \u0219i demnitate, iar \u00eentreaga lume ne-a recunoscut victoria, \u00een timp ce SUA sunt detestate\u201d<\/i>, a declarat Pezeshkian s\u0103pt\u0103m\u00e2na trecut\u0103. El a ap\u0103rat, de asemenea, acordul de \u00eencetare a focului din iunie \u00een fa\u021ba acuza\u021biilor formulate de ultraconservatori potrivit c\u0103rora Iranul ar fi f\u0103cut prea multe concesii.<\/p>\n<p>Spre deosebire de ultraconservatorii care resping orice negociere, Rezaei a l\u0103sat deschis\u0103 posibilitatea unui acord, dac\u0103 SUA renun\u021b\u0103 la pozi\u021bia actual\u0103. Luni, acesta i-a transmis mediatorului pakistanez, generalul Asim Munir, c\u0103 SUA ar trebui \u201es\u0103-\u0219i schimbe atitudinea \u0219i s\u0103 ia m\u0103suri concrete pentru aplicarea condi\u021biilor\u201d acordului de \u00eencetare a focului.<\/p>\n<p>Analistul politic Ahmad Zeidabadi, cu sediul la Teheran, a declarat c\u0103 exist\u0103 <i>\u201ediferen\u021be serioase cu privire la direc\u021bia pe care trebuie s\u0103 o urmeze \u021bara \u00een viitor\u201d.<\/i><\/p>\n<p>Ultraconservatorii se opun normaliz\u0103rii rela\u021biilor cu SUA deoarece <i>\u201esupravie\u021buirea lor depinde de existen\u021ba conflictului \u0219i a ostilit\u0103\u021bii\u201d<\/i>, a scris el \u00een ziarul Hammihan, care \u00eel sus\u021bine pe Pezeshkian.<\/p>\n<h2>Basij este condus de o figur\u0103 puternic\u0103<\/h2>\n<p>P\u00e2n\u0103 \u00een prezent, nu exist\u0103 semne ale unor noi proteste, chiar dac\u0103 iranienilor le este din ce \u00een ce mai greu s\u0103 \u00ee\u0219i permit\u0103 produsele de baz\u0103.<\/p>\n<p>Numirea lui Taeb \u00een fruntea Basij indic\u0103 faptul c\u0103 liderii iranieni vor s\u0103 previn\u0103 orice posibil\u0103 izbucnire a unor tulbur\u0103ri <i>\u201e\u00eenainte ca aceasta s\u0103 se manifeste\u201d<\/i>, a spus Bruchmann. <i>\u201eNumirea unei persoane cu experien\u021b\u0103 \u00een domeniul informa\u021biilor la conducerea celor care ar urma s\u0103 reprime protestele are sens\u201d<\/i>, a ad\u0103ugat el.<\/p>\n<p>Taeb, un cleric \u00een v\u00e2rst\u0103 de 63 de ani, a condus Basij atunci c\u00e2nd for\u021ba a jucat un rol-cheie \u00een reprimarea protestelor de amploare izbucnite \u00een 2009 \u00eempotriva realegerii pre\u0219edintelui ultraconservator Mahmoud Ahmadinejad. Zeci de persoane au fost ucise.<\/p>\n<p><a class=\"related-inline svelte-78g0vl\" data-gtrack=\"{&quot;event&quot;:&quot;utm_click&quot;,&quot;data&quot;:{&quot;event_category&quot;:&quot;article_related&quot;}}\" href=\"https:\/\/adevarul.ro\/securitate-si-aparare\/razboiul-din-iran-s-ar-putea-incheia-inaintea-2551844.html\" title=\"Alt articol de interes pentru tine\"><span class=\"inline-title svelte-78g0vl\">R\u0103zboiul din Iran s-ar putea \u00eencheia \u00eenaintea celui din Ucraina. Expert: Riscul ca cele dou\u0103 conflicte s\u0103 se uneasc\u0103 nu a disp\u0103rut<\/span><\/a><\/p>\n<p>La scurt timp dup\u0103 aceea, Taeb a fost numit \u0219ef al structurii de informa\u021bii a G\u0103rzii Revolu\u021bionare. El a condus aceast\u0103 agen\u021bie timp de aproape 13 ani, p\u00e2n\u0103 c\u00e2nd a fost \u00eenl\u0103turat \u00een 2022, \u00eentr-o remaniere despre care s-a relatat c\u0103 a avut loc \u00een urma succeselor ob\u021binute de serviciile de spionaj israeliene.<\/p>\n<p>Basij coordoneaz\u0103 o re\u021bea na\u021bional\u0103 de voluntari care men\u021bin o prezen\u021b\u0103 pe str\u0103zi, \u00een institu\u021biile guvernamentale \u0219i \u00een centrele culturale, cu scopul de a asigura loialitatea \u0219i puritatea ideologic\u0103 \u00een cadrul teocra\u021biei iraniene.<\/p>\n<p>\u00cen decretul prin care l-a numit pe Taeb, Khamenei i-a ordonat s\u0103 consolideze prezen\u021ba Basij \u00een via\u021ba social\u0103 a Iranului, s\u0103 utilizeze noile tehnologii \u0219i s\u0103 <i>\u201epromoveze Basij \u00een \u00eentreaga lume \u00eempotriva arogan\u021bei sionisto-americane\u201d<\/i>, ceea ce sugereaz\u0103 c\u0103 gruparea ar putea \u00eencepe s\u0103 dezvolte leg\u0103turi cu alia\u021bii Iranului din str\u0103in\u0103tate.<\/p>\n<p>Basij \u0219i-a intensificat prezen\u021ba \u00een timpul r\u0103zboiului, iar ultraconservatorii au organizat mitinguri nocturne la Teheran \u0219i \u00een alte ora\u0219e, mobiliz\u00e2nd sprijinul popula\u021biei \u0219i intimid\u00e2ndu-i pe cei care ar putea manifesta disiden\u021b\u0103. Nu este clar \u00een ce mod va spori Taeb rolul for\u021bei, \u00eens\u0103, \u00eentr-un discurs recent, el a p\u0103rut s\u0103 sugereze o intensificare a controlului asupra societ\u0103\u021bii.<\/p>\n<p>El a avertizat c\u0103 presiunile economice exercitate de SUA urm\u0103resc s\u0103 creeze diviziuni \u00een interiorul Iranului. \u201e<i>Dac\u0103 moscheea devine centrul cartierului, na\u021biunea \u00ee\u0219i va proteja unitatea, ceea ce va constitui un factor de descurajare mai puternic dec\u00e2t orice rachet\u0103.\u201d<\/i><\/p>\n<p><\/main><\/p>\n<footer class=\"svelte-x63bga\">\n<div class=\"related-wrap related-footer svelte-78g0vl\"><span class=\"related-label svelte-78g0vl\">Cite\u0219te \u0219i<\/span><a class=\"related svelte-78g0vl\" data-gtrack=\"{&quot;event&quot;:&quot;utm_click&quot;,&quot;data&quot;:{&quot;event_category&quot;:&quot;article_related&quot;}}\" href=\"https:\/\/adevarul.ro\/stiri-externe\/sua\/mesajele-contradictorii-despre-iran-erodeaza-2552561.html\" title=\"Alt articol de interes pentru tine\"><img decoding=\"async\" class=\"thumb svelte-78g0vl\" src=\"https:\/\/cdn.adh.reperio.news\/image-0\/0bc6ea2b-c989-475d-a22e-2f688c7242dc\/index.png?p=f%3Dwebp%26w%3D120%26h%3D80%26r%3Dcover%26a%3D0\" alt loading=\"lazy\" width=\"80\" height=\"54\"><span class=\"title svelte-78g0vl\">Mesajele contradictorii despre Iran erodeaz\u0103 credibilitatea lui Donald Trump. Analiz\u0103 EFE<\/span><\/a><\/div>\n<div class=\"meta svelte-x63bga\">\n<div class=\"authors svelte-x63bga\"><span class=\"names svelte-x63bga\"><a href=\"https:\/\/adevarul.ro\/author\/46\" rel=\"author\" class=\"svelte-x63bga\">Teodora Marinescu<\/a><\/span><\/p>\n<div class=\"_hydratable\" data-props=\"%7B%22showLive%22%3Atrue%7D\" data-context=\"%7B%22parentBlockColumnCount%22%3A%7B%22value%22%3A0%2C%22type%22%3A%22store%2Freadable%22%7D%2C%22parentBlockBackgroundColor%22%3A%7B%22type%22%3A%22store%2Freadable%22%7D%7D\" data-component=\"ShareButton\">\n<div class=\"shareButtons svelte-itwbrr\">\n<div class=\"liveSessions metaFont svelte-1maxmbf\"><span class=\"value svelte-1maxmbf\">1<\/span> live <\/div>\n<\/div>\n<\/div>\n<\/div>\n<div class=\"tags svelte-1l3vwp1\"><span class=\"tags-label metaFont svelte-1l3vwp1\">Cite\u0219te mai multe despre<\/span><\/p>\n<div class=\"tags-list svelte-1l3vwp1\"><a href=\"https:\/\/adevarul.ro\/tag\/sua\" title=\"Ultimele \u0219tiri despre sua\" class=\"tag-pill svelte-1l3vwp1\">sua<\/a><a href=\"https:\/\/adevarul.ro\/tag\/razboi\" title=\"Ultimele \u0219tiri despre razboi\" class=\"tag-pill svelte-1l3vwp1\">razboi<\/a><a href=\"https:\/\/adevarul.ro\/tag\/iran\" title=\"Ultimele \u0219tiri despre iran\" class=\"tag-pill svelte-1l3vwp1\">iran<\/a><\/div>\n<\/div>\n<\/div>\n<p><a class=\"moreFromCategory svelte-x63bga\" href=\"https:\/\/adevarul.ro\/stiri-externe\/in-lume\" title=\"\u00cen lume\">Mai multe din <strong class=\"svelte-x63bga\">\u00cen lume<\/strong> \u203a<\/a><\/footer>\n<\/article>\n<p>[analyse_source url=&#8221;https:\/\/adevarul.ro\/stiri-externe\/in-lume\/semnal-de-alarma-in-orientul-mijlociu-iranul-isi-2552910.html&#8221;]<\/p>\n","protected":false},"excerpt":{"rendered":"<p>[analyse_image type=&#8221;featured&#8221; src=&#8221;https:\/\/cdn.adh.reperio.news\/image-3\/3a8d0710-e5f8-4149-8f44-335e0e0ccbdd\/index.jpeg?p=f%3Djpeg%26w%3D1200%26h%3D630%26r%3Dcover&#8221;] Home \u0218tiri Externe \u00cen lume Semnal de alarm\u0103 \u00een Orientul Mijlociu: Iranul \u00ee\u0219i schimba conducerea \u0219i se preg\u0103te\u0219te de un r\u0103zboi de lung\u0103 durat\u0103 cu SUA Dup\u0103 \u0219ase luni de r\u0103zboi, conducerea Iranului s-a regrupat \u00een jurul unui nucleu dur format din generali \u0219i clerici care fac parte de mult timp din [&hellip;]<\/p>\n","protected":false},"author":1,"featured_media":0,"comment_status":"open","ping_status":"","sticky":false,"template":"","format":"standard","meta":{"footnotes":""},"categories":[89],"tags":[19,226],"class_list":["post-2119470","post","type-post","status-publish","format-standard","hentry","category-romania","tag-adevarul","tag-crawlmanager"],"_links":{"self":[{"href":"https:\/\/analyse.optim.biz\/index.php?rest_route=\/wp\/v2\/posts\/2119470","targetHints":{"allow":["GET"]}}],"collection":[{"href":"https:\/\/analyse.optim.biz\/index.php?rest_route=\/wp\/v2\/posts"}],"about":[{"href":"https:\/\/analyse.optim.biz\/index.php?rest_route=\/wp\/v2\/types\/post"}],"author":[{"embeddable":true,"href":"https:\/\/analyse.optim.biz\/index.php?rest_route=\/wp\/v2\/users\/1"}],"replies":[{"embeddable":true,"href":"https:\/\/analyse.optim.biz\/index.php?rest_route=%2Fwp%2Fv2%2Fcomments&post=2119470"}],"version-history":[{"count":0,"href":"https:\/\/analyse.optim.biz\/index.php?rest_route=\/wp\/v2\/posts\/2119470\/revisions"}],"wp:attachment":[{"href":"https:\/\/analyse.optim.biz\/index.php?rest_route=%2Fwp%2Fv2%2Fmedia&parent=2119470"}],"wp:term":[{"taxonomy":"category","embeddable":true,"href":"https:\/\/analyse.optim.biz\/index.php?rest_route=%2Fwp%2Fv2%2Fcategories&post=2119470"},{"taxonomy":"post_tag","embeddable":true,"href":"https:\/\/analyse.optim.biz\/index.php?rest_route=%2Fwp%2Fv2%2Ftags&post=2119470"}],"curies":[{"name":"wp","href":"https:\/\/api.w.org\/{rel}","templated":true}]}}