{"id":2119469,"date":"2026-08-29T19:10:34","date_gmt":"2026-08-29T16:10:34","guid":{"rendered":"https:\/\/analyse.optim.biz\/?p=2119469"},"modified":"2026-08-29T19:10:34","modified_gmt":"2026-08-29T16:10:34","slug":"somalia-si-turcia-au-recuperat-o-nava-deturnata-14-pirati-au-fost-ucisi-in-timpul-interventiei-la-bord","status":"publish","type":"post","link":"https:\/\/analyse.optim.biz\/?p=2119469","title":{"rendered":"Somalia \u0219i Turcia au recuperat o nav\u0103 deturnat\u0103. 14 pira\u021bi au fost uci\u0219i \u00een timpul interven\u021biei. La bord&#8230;"},"content":{"rendered":"<p>[analyse_image type=&#8221;featured&#8221; src=&#8221;https:\/\/cdn.adh.reperio.news\/image-4\/418811d8-42c5-4310-b298-d67ffeddc2b9\/index.jpeg?p=f%3Djpeg%26w%3D1200%26h%3D630%26r%3Dcover&#8221;]<\/p>\n<article class=\"svelte-x63bga\">\n<nav>\n<ul class=\"breadcrump svelte-1pk9a69\">\n<li class=\"svelte-1pk9a69\"><a href=\"https:\/\/adevarul.ro\/\" title=\"Adev\u0103rul\" class=\"svelte-1pk9a69\">Home<\/a><\/li>\n<li class=\"svelte-1pk9a69\"><a href=\"https:\/\/adevarul.ro\/stiri-externe\" class=\"svelte-1pk9a69\">\u0218tiri Externe<\/a><\/li>\n<li class=\"svelte-1pk9a69\"><a href=\"https:\/\/adevarul.ro\/stiri-externe\/in-lume\" class=\"svelte-1pk9a69\">\u00cen lume<\/a><\/li>\n<li class=\"svelte-1pk9a69\"><a href=\"https:\/\/adevarul.ro\/stiri-externe\/in-lume\/somalia-si-turcia-au-recuperat-o-nava-deturnata-2552908.html\" class=\"svelte-1pk9a69\">Somalia \u0219i Turcia au recuperat o nav\u0103 deturnat\u0103. 14 pira\u021bi au fost uci\u0219i \u00een timpul interven\u021biei. La bord s-ar fi aflat armament turcesc<\/a><\/li>\n<\/ul>\n<\/nav>\n<p><main class=\"svelte-x63bga\"><\/p>\n<p>Autorit\u0103\u021bile din Somalia au anun\u021bat c\u0103 o nav\u0103 deturnat\u0103 de pira\u021bi \u00een largul coastelor regiunii Puntland a fost eliberat\u0103 \u00een urma unei opera\u021biuni comune desf\u0103\u0219urate de for\u021bele somaleze \u0219i turce.<\/p>\n<div class=\"container-image  svelte-1xbw4f3\"><source type=\"image\/webp\" srcset=\"https:\/\/cdn.adh.reperio.news\/image-4\/418811d8-42c5-4310-b298-d67ffeddc2b9\/index.jpeg?p=a%3D1%26co%3D1.05%26w%3D1400%26h%3D750%26r%3Dcontain%26f%3Dwebp 1400w\" media=\"(min-width: 1400px)\" \/><\/p>\n<div class=\"caption svelte-1xbw4f3\"><span class=\"captionText svelte-1xbw4f3\">Nava ar fi fost \u00eenc\u0103rcat\u0103 cu armament turcesc  <span class=\"source svelte-1xbw4f3\">Foto: Shutterstock<\/span><\/span><\/div>\n<\/div>\n<p>Potrivit guvernului de la Mogadiscio, interven\u021bia a durat zece zile \u0219i s-a \u00eencheiat cu uciderea a 14 <a href=\"https:\/\/adevarul.ro\/stiri-externe\/in-lume\/reuters-marina-sua-a-verificat-daca-nava-care-a-2319623.html\">pira\u021bi,<\/a> potrivit AFP, citat\u0103 de <a href=\"https:\/\/www.agerpres.ro\/politic-ex\/2026\/08\/29\/somalia-si-turcia-au-eliberat-o-nava-ocupata-de-pirati-somalezi-14-pirati-au-fost-ucisi-guvernul-somalez--1723636\" rel=\"nofollow\">Agerpres<\/a>.<\/p>\n<p>Ministerul somalez al Ap\u0103r\u0103rii a precizat c\u0103, pe parcursul opera\u021biunii, au fost distruse patru ambarca\u021biuni folosite de atacatori. Oficialii sus\u021bin c\u0103 presiunea militar\u0103 exercitat\u0103 constant asupra grupului i-a determinat \u00een cele din urm\u0103 pe pira\u021bi s\u0103 abandoneze nava capturat\u0103.<\/p>\n<p>Cargoul eliberat, identificat ca MV LATUF, navigheaz\u0103 sub pavilion camerunez. <\/p>\n<p>Potrivit datelor furnizate de platforma de monitorizare maritim\u0103 Marine Traffic, nava plecase din Turcia la sf\u00e2r\u0219itul lunii iulie \u0219i se \u00eendrepta c\u0103tre portul Dar es Salaam din Tanzania.<\/p>\n<p>Mai multe publica\u021bii interna\u021bionale au relatat c\u0103 la bord s-ar fi aflat armament turcesc. Informa\u021bia nu a fost \u00eens\u0103 confirmat\u0103 de autorit\u0103\u021bile federale somaleze \u0219i nici de administra\u021bia regional\u0103 din Puntland.<\/p>\n<p>Dup\u0103 redob\u00e2ndirea controlului asupra navei, for\u021bele turce au securizat cargoul, care \u0219i-a reluat c\u0103l\u0103toria \u00een condi\u021bii de siguran\u021b\u0103, potrivit comunicatului autorit\u0103\u021bilor somaleze.<\/p>\n<p>Incidentul are loc pe fondul unei <a href=\"https:\/\/adevarul.ro\/stiri-externe\/in-lume\/danemarca-a-eliberat-pe-mare-trei-pirati-nigerieni-2142762.html\">reapari\u021bii a pirateriei \u00ee<\/a>n Cornul Africii. Potrivit datelor Organiza\u021biei Maritime Interna\u021bionale, de la \u00eenceputul anului au fost raportate cel pu\u021bin 15 atacuri asupra navelor \u00een largul Somaliei, cel mai ridicat num\u0103r \u00eenregistrat din 2013. \u00cen prezent, cel pu\u021bin cinci nave se afl\u0103 \u00eenc\u0103 \u00een m\u00e2inile pira\u021bilor somalezi, cea mai recent\u0103 captur\u0103 fiind raportat\u0103 pe 20 august, \u00een apropierea coastelor Yemenului.<\/p>\n<p><\/main><\/p>\n<footer class=\"svelte-x63bga\">\n<div class=\"related-wrap related-footer svelte-78g0vl\"><span class=\"related-label svelte-78g0vl\">Cite\u0219te \u0219i<\/span><a class=\"related svelte-78g0vl\" data-gtrack=\"{&quot;event&quot;:&quot;utm_click&quot;,&quot;data&quot;:{&quot;event_category&quot;:&quot;article_related&quot;}}\" href=\"https:\/\/adevarul.ro\/stiri-externe\/in-lume\/alerta-in-largul-yemenului-nava-atacata-de-circa-2262308.html\" title=\"Alt articol de interes pentru tine\"><img decoding=\"async\" class=\"thumb svelte-78g0vl\" src=\"https:\/\/cdn.adh.reperio.news\/image-6\/62bb8f55-a7d7-498e-b772-5595226c04b3\/index.jpeg?p=f%3Dwebp%26w%3D120%26h%3D80%26r%3Dcover%26a%3D0\" alt loading=\"lazy\" width=\"80\" height=\"54\"><span class=\"title svelte-78g0vl\">Alert\u0103 \u00een largul Yemenului. Nav\u0103 atacat\u0103 de circa 12 pira\u021bi<\/span><\/a><a class=\"related svelte-78g0vl\" data-gtrack=\"{&quot;event&quot;:&quot;utm_click&quot;,&quot;data&quot;:{&quot;event_category&quot;:&quot;article_related&quot;}}\" href=\"https:\/\/adevarul.ro\/stiri-externe\/in-lume\/reuters-marina-sua-a-verificat-daca-nava-care-a-2319623.html\" title=\"Alt articol de interes pentru tine\"><img decoding=\"async\" class=\"thumb svelte-78g0vl\" src=\"https:\/\/cdn.adh.reperio.news\/image-4\/4f3f361b-7f39-447f-96f8-146dace2b1bf\/index.png?p=f%3Dwebp%26w%3D120%26h%3D80%26r%3Dcover%26a%3D0\" alt loading=\"lazy\" width=\"80\" height=\"54\"><span class=\"title svelte-78g0vl\">Reuters: Marina SUA a verificat dac\u0103 nava care a trimis apelul de urgen\u021b\u0103, Central Park, este \u00een siguran\u021b\u0103<\/span><\/a><a class=\"related svelte-78g0vl\" data-gtrack=\"{&quot;event&quot;:&quot;utm_click&quot;,&quot;data&quot;:{&quot;event_category&quot;:&quot;article_related&quot;}}\" href=\"https:\/\/adevarul.ro\/stil-de-viata\/calatorii\/pasagerii-unei-nave-de-croaziera-avertizati-sa-2431497.html\" title=\"Alt articol de interes pentru tine\"><img decoding=\"async\" class=\"thumb svelte-78g0vl\" src=\"https:\/\/cdn.adh.reperio.news\/image-d\/d8b7a5a0-eb60-4af9-aa9e-a4d930febb79\/index.jpeg?p=f%3Dwebp%26w%3D120%26h%3D80%26r%3Dcover%26a%3D0\" alt loading=\"lazy\" width=\"80\" height=\"54\"><span class=\"title svelte-78g0vl\">Tensiune pe mare. Motivul pentru care pasagerii unei nave de croazier\u0103 au fost avertiza\u021bi s\u0103 sting\u0103 luminile<\/span><\/a><\/div>\n<div class=\"meta svelte-x63bga\">\n<div class=\"authors svelte-x63bga\"><span class=\"names svelte-x63bga\"><a href=\"https:\/\/adevarul.ro\/author\/1228\" rel=\"author\" class=\"svelte-x63bga\">Cristina Stancu<\/a><\/span><\/p>\n<div class=\"_hydratable\" data-props=\"%7B%22showLive%22%3Atrue%7D\" data-context=\"%7B%22parentBlockColumnCount%22%3A%7B%22value%22%3A0%2C%22type%22%3A%22store%2Freadable%22%7D%2C%22parentBlockBackgroundColor%22%3A%7B%22type%22%3A%22store%2Freadable%22%7D%7D\" data-component=\"ShareButton\">\n<div class=\"shareButtons svelte-itwbrr\">\n<div class=\"liveSessions metaFont svelte-1maxmbf\"><span class=\"value svelte-1maxmbf\">1<\/span> live <\/div>\n<\/div>\n<\/div>\n<\/div>\n<div class=\"tags svelte-1l3vwp1\"><span class=\"tags-label metaFont svelte-1l3vwp1\">Cite\u0219te mai multe despre<\/span><\/p>\n<div class=\"tags-list svelte-1l3vwp1\"><a href=\"https:\/\/adevarul.ro\/tag\/turcia\" title=\"Ultimele \u0219tiri despre turcia\" class=\"tag-pill svelte-1l3vwp1\">turcia<\/a><a href=\"https:\/\/adevarul.ro\/tag\/armament\" title=\"Ultimele \u0219tiri despre armament\" class=\"tag-pill svelte-1l3vwp1\">armament<\/a><a href=\"https:\/\/adevarul.ro\/tag\/pirati\" title=\"Ultimele \u0219tiri despre pirati\" class=\"tag-pill svelte-1l3vwp1\">pirati<\/a><a href=\"https:\/\/adevarul.ro\/tag\/somalia\" title=\"Ultimele \u0219tiri despre somalia\" class=\"tag-pill svelte-1l3vwp1\">somalia<\/a><a href=\"https:\/\/adevarul.ro\/tag\/nava%20capturata\" title=\"Ultimele \u0219tiri despre nava capturata\" class=\"tag-pill svelte-1l3vwp1\">nava capturata<\/a><\/div>\n<\/div>\n<\/div>\n<p><a class=\"moreFromCategory svelte-x63bga\" href=\"https:\/\/adevarul.ro\/stiri-externe\/in-lume\" title=\"\u00cen lume\">Mai multe din <strong class=\"svelte-x63bga\">\u00cen lume<\/strong> \u203a<\/a><\/footer>\n<\/article>\n<p>[analyse_source url=&#8221;https:\/\/adevarul.ro\/stiri-externe\/in-lume\/somalia-si-turcia-au-recuperat-o-nava-deturnata-2552908.html&#8221;]<\/p>\n","protected":false},"excerpt":{"rendered":"<p>[analyse_image type=&#8221;featured&#8221; src=&#8221;https:\/\/cdn.adh.reperio.news\/image-4\/418811d8-42c5-4310-b298-d67ffeddc2b9\/index.jpeg?p=f%3Djpeg%26w%3D1200%26h%3D630%26r%3Dcover&#8221;] Home \u0218tiri Externe \u00cen lume Somalia \u0219i Turcia au recuperat o nav\u0103 deturnat\u0103. 14 pira\u021bi au fost uci\u0219i \u00een timpul interven\u021biei. La bord s-ar fi aflat armament turcesc Autorit\u0103\u021bile din Somalia au anun\u021bat c\u0103 o nav\u0103 deturnat\u0103 de pira\u021bi \u00een largul coastelor regiunii Puntland a fost eliberat\u0103 \u00een urma unei opera\u021biuni comune [&hellip;]<\/p>\n","protected":false},"author":1,"featured_media":0,"comment_status":"open","ping_status":"","sticky":false,"template":"","format":"standard","meta":{"footnotes":""},"categories":[89],"tags":[19,226],"class_list":["post-2119469","post","type-post","status-publish","format-standard","hentry","category-romania","tag-adevarul","tag-crawlmanager"],"_links":{"self":[{"href":"https:\/\/analyse.optim.biz\/index.php?rest_route=\/wp\/v2\/posts\/2119469","targetHints":{"allow":["GET"]}}],"collection":[{"href":"https:\/\/analyse.optim.biz\/index.php?rest_route=\/wp\/v2\/posts"}],"about":[{"href":"https:\/\/analyse.optim.biz\/index.php?rest_route=\/wp\/v2\/types\/post"}],"author":[{"embeddable":true,"href":"https:\/\/analyse.optim.biz\/index.php?rest_route=\/wp\/v2\/users\/1"}],"replies":[{"embeddable":true,"href":"https:\/\/analyse.optim.biz\/index.php?rest_route=%2Fwp%2Fv2%2Fcomments&post=2119469"}],"version-history":[{"count":0,"href":"https:\/\/analyse.optim.biz\/index.php?rest_route=\/wp\/v2\/posts\/2119469\/revisions"}],"wp:attachment":[{"href":"https:\/\/analyse.optim.biz\/index.php?rest_route=%2Fwp%2Fv2%2Fmedia&parent=2119469"}],"wp:term":[{"taxonomy":"category","embeddable":true,"href":"https:\/\/analyse.optim.biz\/index.php?rest_route=%2Fwp%2Fv2%2Fcategories&post=2119469"},{"taxonomy":"post_tag","embeddable":true,"href":"https:\/\/analyse.optim.biz\/index.php?rest_route=%2Fwp%2Fv2%2Ftags&post=2119469"}],"curies":[{"name":"wp","href":"https:\/\/api.w.org\/{rel}","templated":true}]}}