{"id":2119465,"date":"2026-08-29T15:45:48","date_gmt":"2026-08-29T12:45:48","guid":{"rendered":"https:\/\/analyse.optim.biz\/?p=2119465"},"modified":"2026-08-29T15:45:48","modified_gmt":"2026-08-29T12:45:48","slug":"turcia-il-convoaca-pe-ambasadorul-ucrainei-dupa-ce-doua-nave-turcesti-au-fost-atacate-in-marea-neagra","status":"publish","type":"post","link":"https:\/\/analyse.optim.biz\/?p=2119465","title":{"rendered":"Turcia \u00eel convoac\u0103 pe ambasadorul Ucrainei dup\u0103 ce dou\u0103 nave turce\u0219ti au fost atacate \u00een Marea Neagr\u0103"},"content":{"rendered":"<p>[analyse_image type=&#8221;featured&#8221; src=&#8221;https:\/\/cdn.adh.reperio.news\/image-9\/97f4d915-b1e0-4b29-b347-33e615be9db0\/index.jpeg?p=f%3Djpeg%26w%3D1200%26h%3D630%26r%3Dcover&#8221;]<\/p>\n<article class=\"svelte-x63bga\">\n<nav>\n<ul class=\"breadcrump svelte-1pk9a69\">\n<li class=\"svelte-1pk9a69\"><a href=\"https:\/\/adevarul.ro\/\" title=\"Adev\u0103rul\" class=\"svelte-1pk9a69\">Home<\/a><\/li>\n<li class=\"svelte-1pk9a69\"><a href=\"https:\/\/adevarul.ro\/stiri-externe\" class=\"svelte-1pk9a69\">\u0218tiri Externe<\/a><\/li>\n<li class=\"svelte-1pk9a69\"><a href=\"https:\/\/adevarul.ro\/stiri-externe\/europa\" class=\"svelte-1pk9a69\">Europa<\/a><\/li>\n<li class=\"svelte-1pk9a69\"><a href=\"https:\/\/adevarul.ro\/stiri-externe\/europa\/turcia-il-convoaca-pe-ambasadorul-ucrainei-dupa-ce-2552879.html\" class=\"svelte-1pk9a69\">Turcia \u00eel convoac\u0103 pe ambasadorul Ucrainei dup\u0103 ce dou\u0103 nave turce\u0219ti au fost atacate \u00een Marea Neagr\u0103<\/a><\/li>\n<\/ul>\n<\/nav>\n<p><main class=\"svelte-x63bga\"><\/p>\n<p>Ministerul turc de Externe l-a convocat pe ambasadorul Ucrainei la Ankara \u00een urma atacurilor care au vizat, \u00een aceast\u0103 s\u0103pt\u0103m\u00e2n\u0103, dou\u0103 nave turce\u0219ti aflate \u00een Marea Neagr\u0103. Potrivit autorit\u0103\u021bilor turce, incidentele s-au produs \u00een zilele de 26 \u0219i 27 august.<\/p>\n<div class=\"container-image  svelte-1xbw4f3\"><source type=\"image\/webp\" srcset=\"https:\/\/cdn.adh.reperio.news\/image-9\/97f4d915-b1e0-4b29-b347-33e615be9db0\/index.jpeg?p=a%3D1%26co%3D1.05%26w%3D1400%26h%3D750%26r%3Dcontain%26f%3Dwebp 1400w\" media=\"(min-width: 1400px)\" \/><\/p>\n<div class=\"caption svelte-1xbw4f3\"><span class=\"captionText svelte-1xbw4f3\">Marea Neagr\u0103, o zon\u0103 esen\u021bial\u0103 pentru transportul de m\u0103rfuri <span class=\"source svelte-1xbw4f3\">Foto: Shutterstock<\/span><\/span><\/div>\n<\/div>\n<p>\u00cen cadrul \u00eentrevederii, Ankara a transmis un mesaj ferm privind necesitatea protej\u0103rii naviga\u021biei \u0219i a infrastructurii maritime din regiune, potrivit AFP, citat\u0103 de<a href=\"https:\/\/www.agerpres.ro\/politic-ex\/2026\/08\/29\/atacuri-in-marea-neagra-turcia-il-convoaca-pe-ambasadorul-ucrainei--1723611\" rel=\"nofollow\"> Agerpres.<\/a><\/p>\n<p><i>\u201e\u00cen cursul acestei \u00eentrevederi, Turcia \u015fi-a exprimat avertismentele privind necesitatea imperativ\u0103 de a asigura securitatea persoanelor, bunurilor, naviga\u0163iei \u015fi mediului \u00een Marea Neagr\u0103\u201d<\/i>, a precizat Ministerul turc al Afacerilor Externe.<\/p>\n<p>Potrivit autorit\u0103\u021bilor de la Ankara, nava turceasc\u0103 \u201eLider Bordo Mavi\u201d a fost lovit\u0103 pe 27 august \u00een apropierea ora\u0219ului rus Tuapse, la Marea Neagr\u0103. O zi mai t\u00e2rziu, \u0219i vasul \u201eLider Kocatepe\u201d, trimis pentru remorcarea navei avariate, a fost vizat de un atac.<\/p>\n<p>Ministerul turc nu a oferit informa\u021bii privind eventuale victime. Potrivit presei locale, nava avariat\u0103 a fost remorcat\u0103 \u00een siguran\u021b\u0103 p\u00e2n\u0103 \u00een portul Samsun, \u00een nordul Turciei.<\/p>\n<p>Incidentul a avut loc \u00een contextul \u00een care Ankara a cerut \u00een repetate r\u00e2nduri Moscovei \u0219i Kievului s\u0103 instituie un moratoriu asupra atacurilor \u00eempotriva navelor comerciale care opereaz\u0103 \u00een Marea Neagr\u0103, o zon\u0103 esen\u021bial\u0103 pentru transportul de m\u0103rfuri, cereale \u0219i energie.<\/p>\n<p>Mai multe nave comerciale care apar\u021bin unor armatori turci sau navigheaz\u0103 sub diferite pavilioane au fost vizate \u00een ultimii ani de <a href=\"https:\/\/adevarul.ro\/stiri-externe\/europa\/tensiuni-in-marea-neagra-turcia-restrictioneaza-2548579.html\">atacuri cu drone atribuite Ucrainei<\/a>, \u00een cadrul eforturilor Kievului de a perturba transporturile considerate favorabile Rusiei.<\/p>\n<p><a href=\"https:\/\/adevarul.ro\/stiri-externe\/europa\/odesa-atacata-de-rusi-cu-rachete-kinzhal-trei-2494034.html\">Turcia, care men\u021bine rela\u021bii at\u00e2t cu Ucraina, c\u00e2t \u0219i cu Rusia,<\/a> nu s-a al\u0103turat sanc\u021biunilor comerciale occidentale impuse Moscovei dup\u0103 declan\u0219area r\u0103zboiului.<\/p>\n<h2>\u201eAcum, atac\u0103 toate navele comerciale, f\u0103r\u0103 nicio distinc\u0163ie\u201d\u00a0<\/h2>\n<p>Pe 8 august, ministrul turc de Externe, Hakan Fidan, a avertizat c\u0103 situa\u021bia de securitate din zon\u0103 se deterioreaz\u0103.<\/p>\n<p><i>\u201eConflictul s-a extins \u00een toat\u0103 Marea Neagr\u0103. La \u00eenceput, vizau porturile \u015fi navele militare. Acum, atac\u0103 toate navele comerciale, f\u0103r\u0103 nicio distinc\u0163ie\u201d<\/i>, a declarat Fidan, ad\u0103ug\u00e2nd c\u0103 <i>\u201enave apar\u0163in\u00e2nd unor turci sau sub pavilion turc sunt de asemenea vizate\u201d.<\/i><\/p>\n<p><\/main><\/p>\n<footer class=\"svelte-x63bga\">\n<div class=\"related-wrap related-footer svelte-78g0vl\"><span class=\"related-label svelte-78g0vl\">Cite\u0219te \u0219i<\/span><a class=\"related svelte-78g0vl\" data-gtrack=\"{&quot;event&quot;:&quot;utm_click&quot;,&quot;data&quot;:{&quot;event_category&quot;:&quot;article_related&quot;}}\" href=\"https:\/\/adevarul.ro\/economie\/razboiul-tacut-dintre-rusia-si-turcia-bancile-1675425.html\" title=\"Alt articol de interes pentru tine\"><img decoding=\"async\" class=\"thumb svelte-78g0vl\" src=\"https:\/\/cdn.adh.reperio.news\/image-3\/3c784de2-6658-4fd4-8a33-8d60b482745e\/index.jpeg?p=f%3Dwebp%26w%3D120%26h%3D80%26r%3Dcover%26a%3D0\" alt loading=\"lazy\" width=\"80\" height=\"54\"><span class=\"title svelte-78g0vl\">\u201eR\u0103zboiul t\u0103cut\u201c dintre Rusia \u015fi Turcia. B\u0103ncile turce\u015fti, vizate de un raid al serviciilor de securitate pentru sp\u0103lare de bani. Turcia a blocat nave ruse\u015fti<\/span><\/a><a class=\"related svelte-78g0vl\" data-gtrack=\"{&quot;event&quot;:&quot;utm_click&quot;,&quot;data&quot;:{&quot;event_category&quot;:&quot;article_related&quot;}}\" href=\"https:\/\/adevarul.ro\/stiri-externe\/sua\/sua-renunta-la-desfasurarea-a-doua-nave-de-razboi-2089571.html\" title=\"Alt articol de interes pentru tine\"><img decoding=\"async\" class=\"thumb svelte-78g0vl\" src=\"https:\/\/cdn.adh.reperio.news\/image-e\/ec4635ba-5148-46c1-98b4-f67e8966eee3\/index.jpeg?p=f%3Dwebp%26w%3D120%26h%3D80%26r%3Dcover%26a%3D0\" alt loading=\"lazy\" width=\"80\" height=\"54\"><span class=\"title svelte-78g0vl\">SUA renun\u0163\u0103 la desf\u0103\u015furarea a dou\u0103 nave de r\u0103zboi \u00een Marea Neagr\u0103, dar vor anun\u0163a sanc\u0163iuni la adresa Rusiei<\/span><\/a><a class=\"related svelte-78g0vl\" data-gtrack=\"{&quot;event&quot;:&quot;utm_click&quot;,&quot;data&quot;:{&quot;event_category&quot;:&quot;article_related&quot;}}\" href=\"https:\/\/adevarul.ro\/stiri-externe\/europa\/odesa-atacata-de-rusi-cu-rachete-kinzhal-trei-2494034.html\" title=\"Alt articol de interes pentru tine\"><img decoding=\"async\" class=\"thumb svelte-78g0vl\" src=\"https:\/\/cdn.adh.reperio.news\/image-4\/40c1f483-50c0-44d7-bf31-6771b607bb20\/index.webp?p=f%3Dwebp%26w%3D120%26h%3D80%26r%3Dcover%26a%3D0\" alt loading=\"lazy\" width=\"80\" height=\"54\"><span class=\"title svelte-78g0vl\">Odesa, atacat\u0103 de ru\u0219i cu rachete \u201eKinzhal\u201d: trei nave turce\u0219ti avariate. Putin \u00eel ignor\u0103 pe Erdogan<\/span><\/a><\/div>\n<div class=\"meta svelte-x63bga\">\n<div class=\"tags svelte-1l3vwp1\"><span class=\"tags-label metaFont svelte-1l3vwp1\">Cite\u0219te mai multe despre<\/span><\/p>\n<div class=\"tags-list svelte-1l3vwp1\"><a href=\"https:\/\/adevarul.ro\/tag\/cristina%20stancu\" title=\"Ultimele \u0219tiri despre cristina stancu\" class=\"tag-pill svelte-1l3vwp1\">cristina stancu<\/a><\/div>\n<\/div>\n<\/div>\n<p><a class=\"moreFromCategory svelte-x63bga\" href=\"https:\/\/adevarul.ro\/stiri-externe\/europa\" title=\"Europa\">Mai multe din <strong class=\"svelte-x63bga\">Europa<\/strong> \u203a<\/a><\/footer>\n<\/article>\n<p>[analyse_source url=&#8221;https:\/\/adevarul.ro\/stiri-externe\/europa\/turcia-il-convoaca-pe-ambasadorul-ucrainei-dupa-ce-2552879.html&#8221;]<\/p>\n","protected":false},"excerpt":{"rendered":"<p>[analyse_image type=&#8221;featured&#8221; src=&#8221;https:\/\/cdn.adh.reperio.news\/image-9\/97f4d915-b1e0-4b29-b347-33e615be9db0\/index.jpeg?p=f%3Djpeg%26w%3D1200%26h%3D630%26r%3Dcover&#8221;] Home \u0218tiri Externe Europa Turcia \u00eel convoac\u0103 pe ambasadorul Ucrainei dup\u0103 ce dou\u0103 nave turce\u0219ti au fost atacate \u00een Marea Neagr\u0103 Ministerul turc de Externe l-a convocat pe ambasadorul Ucrainei la Ankara \u00een urma atacurilor care au vizat, \u00een aceast\u0103 s\u0103pt\u0103m\u00e2n\u0103, dou\u0103 nave turce\u0219ti aflate \u00een Marea Neagr\u0103. Potrivit autorit\u0103\u021bilor turce, incidentele [&hellip;]<\/p>\n","protected":false},"author":1,"featured_media":0,"comment_status":"open","ping_status":"","sticky":false,"template":"","format":"standard","meta":{"footnotes":""},"categories":[89],"tags":[19,226],"class_list":["post-2119465","post","type-post","status-publish","format-standard","hentry","category-romania","tag-adevarul","tag-crawlmanager"],"_links":{"self":[{"href":"https:\/\/analyse.optim.biz\/index.php?rest_route=\/wp\/v2\/posts\/2119465","targetHints":{"allow":["GET"]}}],"collection":[{"href":"https:\/\/analyse.optim.biz\/index.php?rest_route=\/wp\/v2\/posts"}],"about":[{"href":"https:\/\/analyse.optim.biz\/index.php?rest_route=\/wp\/v2\/types\/post"}],"author":[{"embeddable":true,"href":"https:\/\/analyse.optim.biz\/index.php?rest_route=\/wp\/v2\/users\/1"}],"replies":[{"embeddable":true,"href":"https:\/\/analyse.optim.biz\/index.php?rest_route=%2Fwp%2Fv2%2Fcomments&post=2119465"}],"version-history":[{"count":0,"href":"https:\/\/analyse.optim.biz\/index.php?rest_route=\/wp\/v2\/posts\/2119465\/revisions"}],"wp:attachment":[{"href":"https:\/\/analyse.optim.biz\/index.php?rest_route=%2Fwp%2Fv2%2Fmedia&parent=2119465"}],"wp:term":[{"taxonomy":"category","embeddable":true,"href":"https:\/\/analyse.optim.biz\/index.php?rest_route=%2Fwp%2Fv2%2Fcategories&post=2119465"},{"taxonomy":"post_tag","embeddable":true,"href":"https:\/\/analyse.optim.biz\/index.php?rest_route=%2Fwp%2Fv2%2Ftags&post=2119465"}],"curies":[{"name":"wp","href":"https:\/\/api.w.org\/{rel}","templated":true}]}}