{"id":2119463,"date":"2026-08-29T15:18:14","date_gmt":"2026-08-29T12:18:14","guid":{"rendered":"https:\/\/analyse.optim.biz\/?p=2119463"},"modified":"2026-08-29T15:18:14","modified_gmt":"2026-08-29T12:18:14","slug":"statele-de-la-marea-baltica-pregatesc-o-forta-comuna-de-aparare-anti-drone-anuntul-facut-de-germania","status":"publish","type":"post","link":"https:\/\/analyse.optim.biz\/?p=2119463","title":{"rendered":"Statele de la Marea Baltic\u0103 preg\u0103tesc o for\u021b\u0103 comun\u0103 de ap\u0103rare anti-drone. Anun\u021bul f\u0103cut de Germania"},"content":{"rendered":"<p>[analyse_image type=&#8221;featured&#8221; src=&#8221;https:\/\/cdn.adh.reperio.news\/image-d\/d4e0b7ec-8d98-496a-baea-b39fd69ffb7c\/index.jpeg?p=f%3Djpeg%26w%3D1200%26h%3D630%26r%3Dcover&#8221;]<\/p>\n<article class=\"svelte-x63bga\">\n<nav>\n<ul class=\"breadcrump svelte-1pk9a69\">\n<li class=\"svelte-1pk9a69\"><a href=\"https:\/\/adevarul.ro\/\" title=\"Adev\u0103rul\" class=\"svelte-1pk9a69\">Home<\/a><\/li>\n<li class=\"svelte-1pk9a69\"><a href=\"https:\/\/adevarul.ro\/stiri-externe\" class=\"svelte-1pk9a69\">\u0218tiri Externe<\/a><\/li>\n<li class=\"svelte-1pk9a69\"><a href=\"https:\/\/adevarul.ro\/stiri-externe\/europa\" class=\"svelte-1pk9a69\">Europa<\/a><\/li>\n<li class=\"svelte-1pk9a69\"><a href=\"https:\/\/adevarul.ro\/stiri-externe\/europa\/statele-de-la-marea-baltica-pregatesc-o-forta-2552877.html\" class=\"svelte-1pk9a69\">Statele de la Marea Baltic\u0103 preg\u0103tesc o for\u021b\u0103 comun\u0103 de ap\u0103rare anti-drone. Anun\u021bul f\u0103cut de Germania<\/a><\/li>\n<\/ul>\n<\/nav>\n<p><main class=\"svelte-x63bga\"><\/p>\n<p>\u021a\u0103rile riverane M\u0103rii Baltice inten\u021bioneaz\u0103 s\u0103 \u00eenfiin\u021beze o for\u021b\u0103 comun\u0103 pentru ap\u0103rarea \u00eempotriva dronelor, \u00een contextul preocup\u0103rilor tot mai mari privind atacurile hibride \u0219i actele de sabotaj care vizeaz\u0103 infrastructura critic\u0103 din regiune.<\/p>\n<div class=\"container-image  svelte-1xbw4f3\"><source type=\"image\/webp\" srcset=\"https:\/\/cdn.adh.reperio.news\/image-d\/d4e0b7ec-8d98-496a-baea-b39fd69ffb7c\/index.jpeg?p=a%3D1%26co%3D1.05%26w%3D1400%26h%3D750%26r%3Dcontain%26f%3Dwebp 1400w\" media=\"(min-width: 1400px)\" \/><\/p>\n<div class=\"caption svelte-1xbw4f3\"><span class=\"captionText svelte-1xbw4f3\">Nave NATO in Marea Baltic\u0103  <span class=\"source svelte-1xbw4f3\">Foto: arhiv\u0103 navylive.dodlive.mil<\/span><\/span><\/div>\n<\/div>\n<p>Anun\u021bul a fost f\u0103cut de ministrul german de Interne, Alexander Dobrindt, \u00eenaintea unei reuniuni desf\u0103\u0219urate la Flensburg, \u00een nordul Germaniei, potrivit <a href=\"https:\/\/www.reuters.com\/business\/aerospace-defense\/baltic-sea-nations-plan-drone-defence-task-force-germany-says-2026-08-28\/?utm_source=chatgpt.com\" rel=\"nofollow\">Reuters.<\/a><\/p>\n<p>Potrivit oficialului german, principalul obiectiv al noii structuri este crearea unui mecanism care s\u0103 permit\u0103 schimbul rapid de informa\u021bii \u0219i reac\u021bii coordonate \u00een cazul unor amenin\u021b\u0103ri de securitate. <\/p>\n<p>Alexander Dobrindt avertizeaz\u0103 c\u0103 atacurile hibride reprezint\u0103 o amenin\u021bare permanent\u0103 \u0219i ar putea c\u0103p\u0103ta o amploare \u0219i mai mare \u00een lunile urm\u0103toare.<\/p>\n<p>Ini\u021biativa vine pe fondul numeroaselor <a href=\"https:\/\/adevarul.ro\/securitate-si-aparare\/planul-secret-pentru-santinela-nato-la-marea-2545300.html\">incidente investigate \u00een ultimii ani \u00een Marea Baltic\u0103,<\/a> inclusiv avarii suspecte la cabluri submarine \u0219i conducte de gaze. Regiunea este considerat\u0103 una sensibil\u0103 din punct de vedere strategic, fiind m\u0103rginit\u0103 opt <a href=\"https:\/\/adevarul.ro\/stiri-externe\/europa\/tensiuni-in-marea-baltica-suedia-a-interceptat-de-2536278.html\">state membre NATO<\/a> \u0219i cu Rusia.<\/p>\n<p>Germania \u0219i-a sporit m\u0103surile de securitate \u00een special dup\u0103 descoperirea, la \u00eenceputul lunii august, a unei drone care transporta explozibili \u00een apropierea aeroportului Leipzig\/Halle, un important nod logistic militar. <\/p>\n<p>Autorit\u0103\u021bile germane nu au atribuit oficial incidentul vreunui stat str\u0103in, \u00eens\u0103 unii parlamentari au indicat Rusia drept posibil responsabil. Moscova a respins acuza\u021biile \u0219i a catalogat incidentul drept o <i>\u201eprovocare fabricat\u0103\u201d.<\/i><\/p>\n<p><\/main><\/p>\n<footer class=\"svelte-x63bga\">\n<div class=\"related-wrap related-footer svelte-78g0vl\"><span class=\"related-label svelte-78g0vl\">Cite\u0219te \u0219i<\/span><a class=\"related svelte-78g0vl\" data-gtrack=\"{&quot;event&quot;:&quot;utm_click&quot;,&quot;data&quot;:{&quot;event_category&quot;:&quot;article_related&quot;}}\" href=\"https:\/\/adevarul.ro\/stiri-interne\/evenimente\/raspuns-la-amenintari-miruta-promite-cea-mai-2533212.html\" title=\"Alt articol de interes pentru tine\"><img decoding=\"async\" class=\"thumb svelte-78g0vl\" src=\"https:\/\/cdn.adh.reperio.news\/image-6\/65082777-8ed4-4639-8918-fcfa2fe24974\/index.jpeg?p=f%3Dwebp%26w%3D120%26h%3D80%26r%3Dcover%26a%3D0\" alt loading=\"lazy\" width=\"80\" height=\"54\"><span class=\"title svelte-78g0vl\">R\u0103spuns la amenin\u021b\u0103ri: Miru\u021b\u0103 promite \u201ecea mai modern\u0103 ap\u0103rare anti-dron\u0103 din lume\u201d. MAI anun\u021b\u0103 noile achizi\u021bii prin SAFE, inclusiv un tren de interven\u021bie<\/span><\/a><a class=\"related svelte-78g0vl\" data-gtrack=\"{&quot;event&quot;:&quot;utm_click&quot;,&quot;data&quot;:{&quot;event_category&quot;:&quot;article_related&quot;}}\" href=\"https:\/\/adevarul.ro\/securitate-si-aparare\/planul-secret-pentru-santinela-nato-la-marea-2545300.html\" title=\"Alt articol de interes pentru tine\"><img decoding=\"async\" class=\"thumb svelte-78g0vl\" src=\"https:\/\/cdn.adh.reperio.news\/image-5\/5a462ebe-f520-4752-9a31-7b46c5dcfd6c\/index.jpeg?p=f%3Dwebp%26w%3D120%26h%3D80%26r%3Dcover%26a%3D0\" alt loading=\"lazy\" width=\"80\" height=\"54\"><span class=\"title svelte-78g0vl\">Planul secret pentru \u201eSantinela NATO\u201d la Marea Neagr\u0103. Obstacolul nea\u0219teptat \u00een calea Rom\u00e2niei<\/span><\/a><a class=\"related svelte-78g0vl\" data-gtrack=\"{&quot;event&quot;:&quot;utm_click&quot;,&quot;data&quot;:{&quot;event_category&quot;:&quot;article_related&quot;}}\" href=\"https:\/\/adevarul.ro\/blogurile-adevarul\/de-la-kill-chain-la-kill-web-nato-2550061.html\" title=\"Alt articol de interes pentru tine\"><img decoding=\"async\" class=\"thumb svelte-78g0vl\" src=\"https:\/\/cdn.adh.reperio.news\/image-2\/2b2b1c5b-b031-4300-a297-53e189f1b1d3\/index.png?p=f%3Dwebp%26w%3D120%26h%3D80%26r%3Dcover%26a%3D0\" alt loading=\"lazy\" width=\"80\" height=\"54\"><span class=\"title svelte-78g0vl\">De la \u201ekill chain\u201d la \u201ekill web\u201d: NATO construie\u0219te re\u021beaua, Rom\u00e2nia descoper\u0103 g\u0103urile<\/span><\/a><\/div>\n<div class=\"meta svelte-x63bga\">\n<div class=\"authors svelte-x63bga\"><span class=\"names svelte-x63bga\"><a href=\"https:\/\/adevarul.ro\/author\/1228\" rel=\"author\" class=\"svelte-x63bga\">Cristina Stancu<\/a><\/span><\/p>\n<div class=\"_hydratable\" data-props=\"%7B%22showLive%22%3Atrue%7D\" data-context=\"%7B%22parentBlockColumnCount%22%3A%7B%22value%22%3A0%2C%22type%22%3A%22store%2Freadable%22%7D%2C%22parentBlockBackgroundColor%22%3A%7B%22type%22%3A%22store%2Freadable%22%7D%7D\" data-component=\"ShareButton\">\n<div class=\"shareButtons svelte-itwbrr\">\n<div class=\"liveSessions metaFont svelte-1maxmbf\"><span class=\"value svelte-1maxmbf\">1<\/span> live <\/div>\n<\/div>\n<\/div>\n<\/div>\n<div class=\"tags svelte-1l3vwp1\"><span class=\"tags-label metaFont svelte-1l3vwp1\">Cite\u0219te mai multe despre<\/span><\/p>\n<div class=\"tags-list svelte-1l3vwp1\"><a href=\"https:\/\/adevarul.ro\/tag\/germania\" title=\"Ultimele \u0219tiri despre germania\" class=\"tag-pill svelte-1l3vwp1\">germania<\/a><a href=\"https:\/\/adevarul.ro\/tag\/amenin%C8%9Bare\" title=\"Ultimele \u0219tiri despre amenin\u021bare\" class=\"tag-pill svelte-1l3vwp1\">amenin\u021bare<\/a><a href=\"https:\/\/adevarul.ro\/tag\/marea%20baltica\" title=\"Ultimele \u0219tiri despre marea baltica\" class=\"tag-pill svelte-1l3vwp1\">marea baltica<\/a><\/div>\n<\/div>\n<\/div>\n<p><a class=\"moreFromCategory svelte-x63bga\" href=\"https:\/\/adevarul.ro\/stiri-externe\/europa\" title=\"Europa\">Mai multe din <strong class=\"svelte-x63bga\">Europa<\/strong> \u203a<\/a><\/footer>\n<\/article>\n<p>[analyse_source url=&#8221;https:\/\/adevarul.ro\/stiri-externe\/europa\/statele-de-la-marea-baltica-pregatesc-o-forta-2552877.html&#8221;]<\/p>\n","protected":false},"excerpt":{"rendered":"<p>[analyse_image type=&#8221;featured&#8221; src=&#8221;https:\/\/cdn.adh.reperio.news\/image-d\/d4e0b7ec-8d98-496a-baea-b39fd69ffb7c\/index.jpeg?p=f%3Djpeg%26w%3D1200%26h%3D630%26r%3Dcover&#8221;] Home \u0218tiri Externe Europa Statele de la Marea Baltic\u0103 preg\u0103tesc o for\u021b\u0103 comun\u0103 de ap\u0103rare anti-drone. Anun\u021bul f\u0103cut de Germania \u021a\u0103rile riverane M\u0103rii Baltice inten\u021bioneaz\u0103 s\u0103 \u00eenfiin\u021beze o for\u021b\u0103 comun\u0103 pentru ap\u0103rarea \u00eempotriva dronelor, \u00een contextul preocup\u0103rilor tot mai mari privind atacurile hibride \u0219i actele de sabotaj care vizeaz\u0103 infrastructura critic\u0103 din [&hellip;]<\/p>\n","protected":false},"author":1,"featured_media":0,"comment_status":"open","ping_status":"","sticky":false,"template":"","format":"standard","meta":{"footnotes":""},"categories":[89],"tags":[19,226],"class_list":["post-2119463","post","type-post","status-publish","format-standard","hentry","category-romania","tag-adevarul","tag-crawlmanager"],"_links":{"self":[{"href":"https:\/\/analyse.optim.biz\/index.php?rest_route=\/wp\/v2\/posts\/2119463","targetHints":{"allow":["GET"]}}],"collection":[{"href":"https:\/\/analyse.optim.biz\/index.php?rest_route=\/wp\/v2\/posts"}],"about":[{"href":"https:\/\/analyse.optim.biz\/index.php?rest_route=\/wp\/v2\/types\/post"}],"author":[{"embeddable":true,"href":"https:\/\/analyse.optim.biz\/index.php?rest_route=\/wp\/v2\/users\/1"}],"replies":[{"embeddable":true,"href":"https:\/\/analyse.optim.biz\/index.php?rest_route=%2Fwp%2Fv2%2Fcomments&post=2119463"}],"version-history":[{"count":0,"href":"https:\/\/analyse.optim.biz\/index.php?rest_route=\/wp\/v2\/posts\/2119463\/revisions"}],"wp:attachment":[{"href":"https:\/\/analyse.optim.biz\/index.php?rest_route=%2Fwp%2Fv2%2Fmedia&parent=2119463"}],"wp:term":[{"taxonomy":"category","embeddable":true,"href":"https:\/\/analyse.optim.biz\/index.php?rest_route=%2Fwp%2Fv2%2Fcategories&post=2119463"},{"taxonomy":"post_tag","embeddable":true,"href":"https:\/\/analyse.optim.biz\/index.php?rest_route=%2Fwp%2Fv2%2Ftags&post=2119463"}],"curies":[{"name":"wp","href":"https:\/\/api.w.org\/{rel}","templated":true}]}}