{"id":2119461,"date":"2026-08-29T15:01:57","date_gmt":"2026-08-29T12:01:57","guid":{"rendered":"https:\/\/analyse.optim.biz\/?p=2119461"},"modified":"2026-08-29T15:01:57","modified_gmt":"2026-08-29T12:01:57","slug":"un-alpinist-blocat-pe-o-cornisa-de-15-centimetri-la-3000-de-metri-altitudine-in-muntii-sierra-nevada","status":"publish","type":"post","link":"https:\/\/analyse.optim.biz\/?p=2119461","title":{"rendered":"Un alpinist blocat pe o corni\u0219\u0103 de 15 centimetri, la 3000 de metri altitudine, \u00een Mun\u021bii Sierra Nevada,&#8230;"},"content":{"rendered":"<p>[analyse_image type=&#8221;featured&#8221; src=&#8221;https:\/\/cdn.adh.reperio.news\/image-a\/a2a02aba-a023-403a-be11-af52634539b6\/index.jpeg?p=f%3Djpeg%26w%3D1200%26h%3D630%26r%3Dcover&#8221;]<\/p>\n<article class=\"svelte-x63bga\">\n<nav>\n<ul class=\"breadcrump svelte-1pk9a69\">\n<li class=\"svelte-1pk9a69\"><a href=\"https:\/\/adevarul.ro\/\" title=\"Adev\u0103rul\" class=\"svelte-1pk9a69\">Home<\/a><\/li>\n<li class=\"svelte-1pk9a69\"><a href=\"https:\/\/adevarul.ro\/stiri-externe\" class=\"svelte-1pk9a69\">\u0218tiri Externe<\/a><\/li>\n<li class=\"svelte-1pk9a69\"><a href=\"https:\/\/adevarul.ro\/stiri-externe\/sua\" class=\"svelte-1pk9a69\">SUA<\/a><\/li>\n<li class=\"svelte-1pk9a69\"><a href=\"https:\/\/adevarul.ro\/stiri-externe\/sua\/un-alpinist-blocat-pe-o-cornisa-de-15-centimetri-2552873.html\" class=\"svelte-1pk9a69\">Un alpinist blocat pe o corni\u0219\u0103 de 15 centimetri, la 3000 de metri altitudine, \u00een Mun\u021bii Sierra Nevada, salvat dup\u0103 o opera\u021biune dramatic\u0103 de 9 ore<\/a><\/li>\n<\/ul>\n<\/nav>\n<p><main class=\"svelte-x63bga\"><\/p>\n<p>Un alpinist a fost salvat dup\u0103 ce a petrecut nou\u0103 ore blocat pe o corni\u0219\u0103 \u00eengust\u0103, de aproximativ 15 centimetri l\u0103\u021bime, pe muntele Laurel din <a href=\"https:\/\/adevarul.ro\/stiri-locale\/targoviste\/doi-alpinisti-romani-au-cucerit-cordiliera-nord-2292370.html\">lan\u021bul Sierra Nevada,<\/a> \u00een California (SUA). Interven\u021bia a fost una extrem de dificil\u0103 \u0219i s-a desf\u0103\u0219urat pe parcursul nop\u021bii, \u00een condi\u021bii care au f\u0103cut imposibil\u0103 utilizarea unui elicopter.<\/p>\n<div class=\"container-image  svelte-1xbw4f3\"><source type=\"image\/webp\" srcset=\"https:\/\/cdn.adh.reperio.news\/image-a\/a2a02aba-a023-403a-be11-af52634539b6\/index.jpeg?p=a%3D1%26co%3D1.05%26w%3D1400%26h%3D750%26r%3Dcontain%26f%3Dwebp 1400w\" media=\"(min-width: 1400px)\" \/><\/p>\n<div class=\"caption svelte-1xbw4f3\"><span class=\"captionText svelte-1xbw4f3\">Interven\u021bia a durat 9 ore <span class=\"source svelte-1xbw4f3\">Foto: FB Mono County Sheriff Search and Rescue Team<\/span><\/span><\/div>\n<\/div>\n<p>Potrivit echipei Mono County Sheriff Search and Rescue, apelul de urgen\u021b\u0103 a fost primit \u00een dup\u0103-amiaza zilei de 22 august, dup\u0103 ce alpinistul a ie\u0219it de pe traseul Mendenhall Couloir, o rut\u0103 alpin\u0103 cunoscut\u0103 pentru terenul abrupt, st\u00e2ncile instabile \u0219i gradul ridicat de dificultate, relateaz\u0103\u00a0<a href=\"https:\/\/eu.usatoday.com\/story\/news\/nation\/california\/2026\/08\/27\/stranded-climber-rescued-after-9-hours-on-sierra-nevada-ledge\/91496717007\/\" rel=\"nofollow\">USA Today<\/a>.<\/p>\n<p>Salvatorii spun c\u0103 b\u0103rbatul, descris ca un alpinist experimentat, urca \u00eempreun\u0103 cu un partener, \u00eens\u0103 cei doi avansau \u00een ritmuri diferite. La un moment dat, acesta a r\u0103mas singur \u0219i a deviat f\u0103r\u0103 s\u0103 \u00ee\u0219i dea seama de la traseul corect, intr\u00e2nd \u00eentr-o zon\u0103 extrem de periculoas\u0103.<\/p>\n<p>Dup\u0103 aproximativ 30 de metri parcur\u0219i pe culoarul gre\u0219it, alpinistul \u0219i-a dat seama c\u0103 nu mai poate \u00eenainta \u0219i nici cobor\u00ee \u00een siguran\u021b\u0103. Sub el se afla un versant abrupt, iar orice alunecare ar fi avut consecin\u021be tragice.<\/p>\n<div class=\"raw-block\"><iframe loading=\"lazy\" src=\"https:\/\/www.facebook.com\/plugins\/post.php?href=https%3A%2F%2Fwww.facebook.com%2Fmonosearchandrescue%2Fposts%2Fpfbid02WbjcX5YsmiXK7C8q4e66cJTQ7n9JG87ZrEv1Jxav9ezJcWJxxjkuUeN8szaemaufl&amp;show_text=true&amp;width=390\" width=\"500\" height=\"787\" frameborder allowfullscreen=\"true\" allow=\"autoplay; clipboard-write; encrypted-media; picture-in-picture; web-share\" class=\"facebook-iframe\"><\/iframe><\/div>\n<p>Pentru a supravie\u021bui, b\u0103rbatul s-a pozi\u021bionat pe o corni\u0219\u0103 foarte \u00eengust\u0103 \u0219i a trimis un semnal SOS prin intermediul dispozitivului s\u0103u Garmin InReach.<\/p>\n<p>Opera\u021biunea de salvare a fost complicat\u0103 de condi\u021biile meteo. Din cauza v\u00e2ntului puternic \u0219i a temperaturilor ridicate, elicopterele nu au putut interveni, astfel c\u0103 salvatorii au fost transporta\u021bi la peste 3.300 de metri altitudine \u0219i au continuat deplasarea pe jos p\u00e2n\u0103 \u00een zona \u00een care se afla victima.<\/p>\n<p>Dup\u0103 ce au ajuns pe v\u00e2rful muntelui, membrii echipei de interven\u021bie au cobor\u00e2t prin terenul dificil al traseului \u0219i au reu\u0219it s\u0103 stabileasc\u0103 leg\u0103tura vizual\u0103 \u0219i verbal\u0103 cu alpinistul. Observ\u00e2nd c\u0103 acesta \u00ee\u0219i schimba constant greutatea de pe un picior pe altul, salvatorii au concluzionat c\u0103 oboseala \u0219i crampele \u00eei puneau tot mai mult via\u021ba \u00een pericol.<\/p>\n<p>Interven\u021bia propriu-zis\u0103 a \u00eenceput odat\u0103 cu l\u0103sarea \u00eentunericului. Salvatorii au instalat un sistem de corzi deasupra b\u0103rbatului \u0219i au cobor\u00e2t unul dintre colegi p\u00e2n\u0103 la pozi\u021bia acestuia. Dup\u0103 ce l-au asigurat, cei doi au cobor\u00e2t \u00eempreun\u0103 pe o platform\u0103 mai sigur\u0103. Ulterior, echipa a montat un al doilea sistem de siguran\u021b\u0103 \u0219i a reu\u0219it s\u0103 \u00eei readuc\u0103 pe to\u021bi la creasta muntelui.<\/p>\n<p>Misiunea s-a \u00eencheiat la ora 4:43 diminea\u021ba, c\u00e2nd alpinistul \u0219i salvatorii au ajuns la vehiculele care \u00eei a\u0219teptau la baza traseului.<\/p>\n<p>Reprezentan\u021bii echipei de salvare au descris opera\u021biunea drept una dintre cele mai serioase \u0219i mai rare interven\u021bii desf\u0103\u0219urate \u00een zon\u0103.\u00a0<\/p>\n<p>Amintim c\u0103, \u00een urm\u0103 cu 4 ani, Geo Badea, alpinist \u015fi salvamontist din D\u00e2mbovi\u0163a, s-a \u00eentors cu bine din aventura pe Mun\u0163ii Himalaya, <a href=\"https:\/\/adevarul.ro\/stiri-locale\/targoviste\/cum-am-fost-salvat-din-creasta-mortii-aventura-2194087.html\">de unde a fost salvat de c\u00e2\u0163iva str\u0103ini, in urma unei accident\u0103ri.<\/a><\/p>\n<p><\/main><\/p>\n<footer class=\"svelte-x63bga\">\n<div class=\"related-wrap related-footer svelte-78g0vl\"><span class=\"related-label svelte-78g0vl\">Cite\u0219te \u0219i<\/span><a class=\"related svelte-78g0vl\" data-gtrack=\"{&quot;event&quot;:&quot;utm_click&quot;,&quot;data&quot;:{&quot;event_category&quot;:&quot;article_related&quot;}}\" href=\"https:\/\/adevarul.ro\/stiri-locale\/cluj-napoca\/video-alpinist-salvat-cu-ajutorul-elicopterului-2022953.html\" title=\"Alt articol de interes pentru tine\"><img decoding=\"async\" class=\"thumb svelte-78g0vl\" src=\"https:\/\/cdn.adh.reperio.news\/image-6\/69b309e3-7071-4b63-8e08-ef3c1e0551bb\/index.png?p=f%3Dwebp%26w%3D120%26h%3D80%26r%3Dcover%26a%3D0\" alt loading=\"lazy\" width=\"80\" height=\"54\"><span class=\"title svelte-78g0vl\">VIDEO Alpinist\u00a0 salvat cu ajutorul elicopterului SMURD. A c\u0103zut de la peste 20 de metri \u00een\u0103l\u0163ime<\/span><\/a><a class=\"related svelte-78g0vl\" data-gtrack=\"{&quot;event&quot;:&quot;utm_click&quot;,&quot;data&quot;:{&quot;event_category&quot;:&quot;article_related&quot;}}\" href=\"https:\/\/adevarul.ro\/stiri-locale\/targoviste\/cum-am-fost-salvat-din-creasta-mortii-aventura-2194087.html\" title=\"Alt articol de interes pentru tine\"><img decoding=\"async\" class=\"thumb svelte-78g0vl\" src=\"https:\/\/cdn.adh.reperio.news\/image-c\/ccff23bc-714e-4ebd-865c-535b23a8f6e9\/index.jpeg?p=f%3Dwebp%26w%3D120%26h%3D80%26r%3Dcover%26a%3D0\" alt loading=\"lazy\" width=\"80\" height=\"54\"><span class=\"title svelte-78g0vl\">\u201eCum am fost salvat din creasta mor\u0163ii\u201c. Aventura alpinistului rom\u00e2n Geo Badea \u00een Himalaya VIDEO<\/span><\/a><a class=\"related svelte-78g0vl\" data-gtrack=\"{&quot;event&quot;:&quot;utm_click&quot;,&quot;data&quot;:{&quot;event_category&quot;:&quot;article_related&quot;}}\" href=\"https:\/\/adevarul.ro\/stiri-locale\/targoviste\/doi-alpinisti-romani-au-cucerit-cordiliera-nord-2292370.html\" title=\"Alt articol de interes pentru tine\"><img decoding=\"async\" class=\"thumb svelte-78g0vl\" src=\"https:\/\/cdn.adh.reperio.news\/image-8\/8dec8b04-a0e4-44ab-be79-e0256e8d77b6\/index.jpeg?p=f%3Dwebp%26w%3D120%26h%3D80%26r%3Dcover%26a%3D0\" alt loading=\"lazy\" width=\"80\" height=\"54\"><span class=\"title svelte-78g0vl\">Doi alpini\u0219ti rom\u00e2ni au cucerit Cordiliera Nord American\u0103: \u201ePiscurile seme\u021be ale Sierrei te las\u0103 f\u0103r\u0103 glas\u201c<\/span><\/a><\/div>\n<div class=\"meta svelte-x63bga\">\n<div class=\"authors svelte-x63bga\"><span class=\"names svelte-x63bga\"><a href=\"https:\/\/adevarul.ro\/author\/1228\" rel=\"author\" class=\"svelte-x63bga\">Cristina Stancu<\/a><\/span><\/p>\n<div class=\"_hydratable\" data-props=\"%7B%22showLive%22%3Atrue%7D\" data-context=\"%7B%22parentBlockColumnCount%22%3A%7B%22value%22%3A0%2C%22type%22%3A%22store%2Freadable%22%7D%2C%22parentBlockBackgroundColor%22%3A%7B%22type%22%3A%22store%2Freadable%22%7D%7D\" data-component=\"ShareButton\">\n<div class=\"shareButtons svelte-itwbrr\">\n<div class=\"liveSessions metaFont svelte-1maxmbf\"><span class=\"value svelte-1maxmbf\">1<\/span> live <\/div>\n<\/div>\n<\/div>\n<\/div>\n<div class=\"tags svelte-1l3vwp1\"><span class=\"tags-label metaFont svelte-1l3vwp1\">Cite\u0219te mai multe despre<\/span><\/p>\n<div class=\"tags-list svelte-1l3vwp1\"><a href=\"https:\/\/adevarul.ro\/tag\/california\" title=\"Ultimele \u0219tiri despre california\" class=\"tag-pill svelte-1l3vwp1\">california<\/a><a href=\"https:\/\/adevarul.ro\/tag\/sierra%20nevada\" title=\"Ultimele \u0219tiri despre sierra nevada\" class=\"tag-pill svelte-1l3vwp1\">sierra nevada<\/a><\/div>\n<\/div>\n<\/div>\n<p><a class=\"moreFromCategory svelte-x63bga\" href=\"https:\/\/adevarul.ro\/stiri-externe\/sua\" title=\"S.U.A\">Mai multe din <strong class=\"svelte-x63bga\">SUA<\/strong> \u203a<\/a><\/footer>\n<\/article>\n<p>[analyse_source url=&#8221;https:\/\/adevarul.ro\/stiri-externe\/sua\/un-alpinist-blocat-pe-o-cornisa-de-15-centimetri-2552873.html&#8221;]<\/p>\n","protected":false},"excerpt":{"rendered":"<p>[analyse_image type=&#8221;featured&#8221; src=&#8221;https:\/\/cdn.adh.reperio.news\/image-a\/a2a02aba-a023-403a-be11-af52634539b6\/index.jpeg?p=f%3Djpeg%26w%3D1200%26h%3D630%26r%3Dcover&#8221;] Home \u0218tiri Externe SUA Un alpinist blocat pe o corni\u0219\u0103 de 15 centimetri, la 3000 de metri altitudine, \u00een Mun\u021bii Sierra Nevada, salvat dup\u0103 o opera\u021biune dramatic\u0103 de 9 ore Un alpinist a fost salvat dup\u0103 ce a petrecut nou\u0103 ore blocat pe o corni\u0219\u0103 \u00eengust\u0103, de aproximativ 15 centimetri l\u0103\u021bime, pe [&hellip;]<\/p>\n","protected":false},"author":1,"featured_media":0,"comment_status":"open","ping_status":"","sticky":false,"template":"","format":"standard","meta":{"footnotes":""},"categories":[89],"tags":[19,226],"class_list":["post-2119461","post","type-post","status-publish","format-standard","hentry","category-romania","tag-adevarul","tag-crawlmanager"],"_links":{"self":[{"href":"https:\/\/analyse.optim.biz\/index.php?rest_route=\/wp\/v2\/posts\/2119461","targetHints":{"allow":["GET"]}}],"collection":[{"href":"https:\/\/analyse.optim.biz\/index.php?rest_route=\/wp\/v2\/posts"}],"about":[{"href":"https:\/\/analyse.optim.biz\/index.php?rest_route=\/wp\/v2\/types\/post"}],"author":[{"embeddable":true,"href":"https:\/\/analyse.optim.biz\/index.php?rest_route=\/wp\/v2\/users\/1"}],"replies":[{"embeddable":true,"href":"https:\/\/analyse.optim.biz\/index.php?rest_route=%2Fwp%2Fv2%2Fcomments&post=2119461"}],"version-history":[{"count":0,"href":"https:\/\/analyse.optim.biz\/index.php?rest_route=\/wp\/v2\/posts\/2119461\/revisions"}],"wp:attachment":[{"href":"https:\/\/analyse.optim.biz\/index.php?rest_route=%2Fwp%2Fv2%2Fmedia&parent=2119461"}],"wp:term":[{"taxonomy":"category","embeddable":true,"href":"https:\/\/analyse.optim.biz\/index.php?rest_route=%2Fwp%2Fv2%2Fcategories&post=2119461"},{"taxonomy":"post_tag","embeddable":true,"href":"https:\/\/analyse.optim.biz\/index.php?rest_route=%2Fwp%2Fv2%2Ftags&post=2119461"}],"curies":[{"name":"wp","href":"https:\/\/api.w.org\/{rel}","templated":true}]}}