{"id":2119459,"date":"2026-08-29T13:56:47","date_gmt":"2026-08-29T10:56:47","guid":{"rendered":"https:\/\/analyse.optim.biz\/?p=2119459"},"modified":"2026-08-29T13:56:47","modified_gmt":"2026-08-29T10:56:47","slug":"cresc-tensiunile-intre-europa-si-rusia-germania-se-pregateste-sa-acuze-moscova-pentru-atacul-cu-drona-de","status":"publish","type":"post","link":"https:\/\/analyse.optim.biz\/?p=2119459","title":{"rendered":"Cresc tensiunile \u00eentre Europa \u0219i Rusia. Germania se preg\u0103te\u0219te s\u0103 acuze Moscova pentru atacul cu dron\u0103 de&#8230;"},"content":{"rendered":"<p>[analyse_image type=&#8221;featured&#8221; src=&#8221;https:\/\/cdn.adh.reperio.news\/image-d\/d195ed68-fa83-4795-8925-f59e285f95e3\/index.jpeg?p=f%3Djpeg%26w%3D1200%26h%3D630%26r%3Dcover&#8221;]<\/p>\n<article class=\"svelte-x63bga\">\n<nav>\n<ul class=\"breadcrump svelte-1pk9a69\">\n<li class=\"svelte-1pk9a69\"><a href=\"https:\/\/adevarul.ro\/\" title=\"Adev\u0103rul\" class=\"svelte-1pk9a69\">Home<\/a><\/li>\n<li class=\"svelte-1pk9a69\"><a href=\"https:\/\/adevarul.ro\/stiri-externe\" class=\"svelte-1pk9a69\">\u0218tiri Externe<\/a><\/li>\n<li class=\"svelte-1pk9a69\"><a href=\"https:\/\/adevarul.ro\/stiri-externe\/europa\" class=\"svelte-1pk9a69\">Europa<\/a><\/li>\n<li class=\"svelte-1pk9a69\"><a href=\"https:\/\/adevarul.ro\/stiri-externe\/europa\/cresc-tensiunile-intre-europa-si-rusia-germania-2552869.html\" class=\"svelte-1pk9a69\">Cresc tensiunile \u00eentre Europa \u0219i Rusia. Germania se preg\u0103te\u0219te s\u0103 acuze Moscova pentru atacul cu dron\u0103 de la Leipzig<\/a><\/li>\n<\/ul>\n<\/nav>\n<p><main class=\"svelte-x63bga\"><\/p>\n<p>Cancelarul german Friedrich Merz se preg\u0103te\u0219te s\u0103 acuze Rusia pentru tentativa de atac cu dron\u0103 de la Leipzig \u0219i s\u0103 anun\u021be sanc\u021biuni <i>\u201eample\u201d<\/i>, \u00eentr-o nou\u0103 \u00een\u0103sprire a pozi\u021biei Berlinului fa\u021b\u0103 de Moscova.<\/p>\n<div class=\"container-image  svelte-1xbw4f3\"><source type=\"image\/webp\" srcset=\"https:\/\/cdn.adh.reperio.news\/image-d\/d195ed68-fa83-4795-8925-f59e285f95e3\/index.jpeg?p=a%3D1%26co%3D1.05%26w%3D1400%26h%3D750%26r%3Dcontain%26f%3Dwebp 1400w\" media=\"(min-width: 1400px)\" \/><\/p>\n<div class=\"caption svelte-1xbw4f3\"><span class=\"captionText svelte-1xbw4f3\">Cancelarul Germaniei, Friedrich Merz  <span class=\"source svelte-1xbw4f3\">Foto: EPA-EFE<\/span><\/span><\/div>\n<\/div>\n<p>Planul guvernului german ar urma s\u0103 includ\u0103 m\u0103suri directe \u00eempotriva unor entit\u0103\u021bi ruse\u0219ti, \u00een timp ce UE \u00eenainteaz\u0103 cu un nou pachet de sanc\u021biuni, preg\u0103tit \u00een paralel la Bruxelles, au declarat pentru <a href=\"https:\/\/www.politico.eu\/article\/friedrich-merz-berlin-sanctions-russia-vladimir-putin-leipzig-attach-ascalate\/\" rel=\"nofollow\">POLITICO<\/a> \u0219i pentru <a href=\"https:\/\/www.welt.de\/politik\/ausland\/plus6a92a1bf518a586e1855c46f\/drohne-in-leipzig-zeitenwende-2-0-berlin-bereitet-umfassendes-massnahmenpaket-gegen-moskau-vor.html\" rel=\"nofollow\">WELT AM SONNTAG<\/a> trei oficiali familiariza\u021bi cu situa\u021bia, c\u0103rora li s-a acordat anonimatul pentru a putea discuta despre acest subiect sensibil.<\/p>\n<p>Anun\u021bul este programat pentru \u00eenceputul s\u0103pt\u0103m\u00e2nii viitoare, \u00een contextul reuniunii mini\u0219trilor de Externe ai UE care va avea loc mar\u021bi \u00een Irlanda, \u00eens\u0103 ar putea fi f\u0103cut mai devreme, \u00een func\u021bie de decizia lui Merz, au precizat doi dintre oficiali.<\/p>\n<p>Unul dintre oficialii familiariza\u021bi cu situa\u021bia a declarat c\u0103, \u00een urma incidentului cu drona de la Leipzig, nu mai este suficient\u0103 expulzarea unor diploma\u021bi ru\u0219i sau \u00eenchiderea Casei Ruse din Berlin. Cei trei oficiali au refuzat s\u0103 ofere detalii despre m\u0103surile exacte pe care Merz inten\u021bioneaz\u0103 s\u0103 le anun\u021be.<\/p>\n<p>Nu este clar \u00een ce m\u0103sur\u0103 Berlinul inten\u021bioneaz\u0103 s\u0103 atribuie responsabilitatea pentru tentativa de atac cu dron\u0103 unor persoane sau entit\u0103\u021bi ruse\u0219ti individuale ori guvernului rus. Germania se preg\u0103te\u0219te deja pentru o reac\u021bie dur\u0103 din partea Moscovei, oficialii afirm\u00e2nd c\u0103 Berlinul trebuie s\u0103 fie preg\u0103tit pentru eventuale m\u0103suri punitive din partea Rusiei.<\/p>\n<p>M\u0103sura planificat\u0103 este anun\u021bat\u0103 \u00eentr-un moment de tensiuni ridicate cu Rusia, pe fondul unei serii de incidente produse pe teritoriul european \u0219i descrise de oficiali de rang \u00eenalt drept <i>\u201er\u0103zboi hibrid\u201d<\/i>. Mar\u021bi, <a href=\"https:\/\/adevarul.ro\/stiri-externe\/europa\/secretul-vizitei-directorului-cia-la-moscova-2552187.html\">directorul CIA, John Ratcliffe, a efectuat o vizit\u0103-surpriz\u0103 la Moscova<\/a>, unde a avertizat guvernul rus s\u0103 nu escaladeze tensiunile cu NATO.<\/p>\n<h2>Miza politic\u0103 intern\u0103<\/h2>\n<p>Momentul \u00een care este a\u0219teptat anun\u021bul lui Merz este \u00eens\u0103 sensibil \u0219i din punct de vedere politic intern. Duminica viitoare vor avea loc alegeri \u00een landul german Saxonia-Anhalt, urmate, dou\u0103 s\u0103pt\u0103m\u00e2ni mai t\u00e2rziu, de alegeri \u00een Mecklenburg-Pomerania de Vest \u0219i Berlin. <\/p>\n<p>\u00cen Saxonia-Anhalt \u0219i Mecklenburg-Pomerania de Vest, partidul de extrem\u0103 dreapta <a href=\"https:\/\/adevarul.ro\/stiri-externe\/europa\/membrii-partidului-german-de-extrema-dreapta-afd-2496313.html\">Alternativa pentru Germania (AfD), cunoscut pentru pozi\u021bia sa favorabil\u0103 Rusiei<\/a>, conduce \u00een sondaje.<\/p>\n<p>Merz anun\u021base deja mar\u021bi c\u0103 incidentul de la Leipzig va avea consecin\u021be severe, f\u0103r\u0103 s\u0103 indice \u00eens\u0103 \u00een mod explicit cine va fi vizat.<\/p>\n<p><i>\u201eAtacul cu dron\u0103 de la Leipzig, printre altele, arat\u0103 c\u0103 ne confrunt\u0103m \u0219i cu amenin\u021b\u0103ri foarte reale\u201d<\/i>, a declarat el.<i> \u201eGuvernul federal \u00eei va face pe autorii atacurilor hibride s\u0103 pl\u0103teasc\u0103 un pre\u021b. Vor pl\u0103ti pentru asta.\u201d<\/i><\/p>\n<p>\u00centrebat de POLITICO despre planul Germaniei de a atribui direct responsabilitatea Rusiei, un purt\u0103tor de cuv\u00e2nt al guvernului a declarat: <i>\u201eCancelaria nu face specula\u021bii. Singurul lucru care conteaz\u0103 este atribuirea oficial\u0103 f\u0103cut\u0103 de guvernul federal, la propria discre\u021bie \u0219i dup\u0103 evaluarea tuturor rezultatelor anchetei.\u201d<\/i><\/p>\n<h2>Berlinul preg\u0103te\u0219te m\u0103suri mai dure \u00eempotriva Moscovei<\/h2>\n<p>Tentativa de atac <a href=\"https:\/\/adevarul.ro\/stiri-externe\/europa\/serviciile-de-informatii-americane-cred-ca-drona-2548602.html\">dejucat\u0103 la aeroportul Leipzig\/Halle a fost deja asociat\u0103 \u00een mod puternic cu Rusia<\/a> \u00een urma unor investiga\u021bii jurnalistice. Potrivit unei relat\u0103ri publicate de institu\u021bii de pres\u0103 germane, drona, care fusese echipat\u0103 cu explozibili, era destinat\u0103 s\u0103 loveasc\u0103 un avion cargo Antonov ucrainean, utilizat \u0219i pentru transportul de echipamente militare. <\/p>\n<p><a class=\"related-inline svelte-78g0vl\" data-gtrack=\"{&quot;event&quot;:&quot;utm_click&quot;,&quot;data&quot;:{&quot;event_category&quot;:&quot;article_related&quot;}}\" href=\"https:\/\/adevarul.ro\/politica\/romania-tinta-principala-a-razboiului-politic-2551241.html\" title=\"Alt articol de interes pentru tine\"><span class=\"inline-title svelte-78g0vl\">Rom\u00e2nia, \u201e\u021bint\u0103 principal\u0103\u201d a r\u0103zboiului politic dus de Rusia. Raport prezentat \u00een Congresul SUA<\/span><\/a><\/p>\n<p>Wall Street Journal a relatat c\u0103 evalu\u0103rile serviciilor de informa\u021bii americane au atribuit \u00een mod direct Rusiei responsabilitatea pentru dron\u0103.<\/p>\n<p>Exist\u0103, de asemenea, asem\u0103n\u0103ri cu o serie de atacuri de sabotaj asupra transporturilor aeriene de marf\u0103 din Europa, produse \u00een 2024 \u0219i despre care se suspecteaz\u0103 c\u0103 ar fi fost comise de serviciile de informa\u021bii ruse. Moscova a negat orice implicare.<\/p>\n<p>Deocamdat\u0103, nu este clar ce informa\u021bii noi au determinat Berlinul s\u0103 atribuie direct Rusiei responsabilitatea. Pragul probatoriu necesar pentru o atribuire oficial\u0103 este ridicat, iar \u00een trecut autorit\u0103\u021bile germane au evitat astfel de acuza\u021bii. Ministrul german de Interne, Alexander Dobrindt, declara la \u00eenceputul acestei luni c\u0103 <i>\u201eimportant este s\u0103 existe dovezile necesare sau o suspiciune foarte puternic\u0103\u201d.<\/i><\/p>\n<p>Doi dintre oficiali au descris m\u0103sura care urmeaz\u0103 s\u0103 fie anun\u021bat\u0103 drept <i>\u201eZeitenwende 2.0\u201d<\/i>, cu referire la schimbarea istoric\u0103 de paradigm\u0103 \u00een domeniul ap\u0103r\u0103rii anun\u021bat\u0103 de fostul cancelar Olaf Scholz ca reac\u021bie la invazia pe scar\u0103 larg\u0103 a Ucrainei de c\u0103tre Rusia, \u00een 2022.<\/p>\n<p>Descoperirea unui depozit de arme \u00een apropiere de Berlin a contribuit, de asemenea, la schimbarea de pozi\u021bie a Germaniei. \u00centr-o zon\u0103 \u00eemp\u0103durit\u0103 din apropierea lacului M\u00fcggelsee, agen\u021bi ai serviciului german de informa\u021bii interne au descoperit un depozit subteran \u00een care se aflau dou\u0103 arme semiautomate. <\/p>\n<p>Cazul a fost f\u0103cut public \u00een urma unei investiga\u021bii realizate de consor\u021biul format din institu\u021biile media germane NDR, WDR \u0219i S\u00fcddeutsche Zeitung, de\u0219i descoperirea fusese f\u0103cut\u0103 \u00een octombrie anul trecut.<\/p>\n<p>Potrivit relat\u0103rii, cele dou\u0103 arme erau depozitate \u00een recipiente rezistente la intemperii \u0219i se aflau \u00eentr-o stare aproape nou\u0103. Depozitul con\u021binea \u0219i o cantitate neobi\u0219nuit de mare de muni\u021bie. Armele ar fi fost preg\u0103tite pentru a fi folosite imediat. <\/p>\n<p>Procurorul general federal al Germaniei ancheteaz\u0103 acum cazul, exist\u00e2nd suspiciuni privind preg\u0103tirea unei fapte grave de violen\u021b\u0103 care ar putea amenin\u021ba statul.<\/p>\n<p>\u00cen ultimele s\u0103pt\u0103m\u00e2ni, \u00een \u021b\u0103rile membre NATO au avut loc o serie de incidente legate de securitate. \u00cen Rom\u00e2nia, o dron\u0103 maritim\u0103 \u00eenc\u0103rcat\u0103 cu explozibili a fost <a href=\"https:\/\/adevarul.ro\/stiri-interne\/evenimente\/momentul-in-care-un-f-16-romanesc-distruge-drona-2551121.html\">descoperit\u0103 la c\u00e2teva sute de metri de proiectul de exploatare a gazelor Neptun Deep<\/a> din Marea Neagr\u0103 \u0219i neutralizat\u0103 de for\u021bele armate rom\u00e2ne. Pre\u0219edintele Nicu\u0219or Dan a acuzat explicit Rusia pentru incident, aminte\u0219te POLITICO.<\/p>\n<p><a class=\"related-inline svelte-78g0vl\" data-gtrack=\"{&quot;event&quot;:&quot;utm_click&quot;,&quot;data&quot;:{&quot;event_category&quot;:&quot;article_related&quot;}}\" href=\"https:\/\/adevarul.ro\/stiri-externe\/europa\/cat-de-pregatita-este-europa-pentru-razboiul-din-2552265.html\" title=\"Alt articol de interes pentru tine\"><span class=\"inline-title svelte-78g0vl\">C\u00e2t de preg\u0103tit\u0103 este Europa pentru r\u0103zboiul din umbr\u0103 al Rusiei. Scenariile prin care Putin poate lovi Occidentul<\/span><\/a><\/p>\n<h2>UE preg\u0103te\u0219te un nou pachet de sanc\u021biuni<\/h2>\n<p>\u00cen acest context, la nivelul UE este preg\u0103tit un nou pachet amplu de sanc\u021biuni \u00eempotriva Rusiei.<\/p>\n<p>Acesta urmeaz\u0103 s\u0103 fie discutat la reuniunea informal\u0103 a mini\u0219trilor de Externe ai UE, programat\u0103 mar\u021bi \u0219i miercuri la Wicklow, \u00een Irlanda, potrivit a trei diploma\u021bi europeni care cunosc direct discu\u021biile \u0219i c\u0103rora li s-a acordat anonimatul pentru a putea vorbi deschis despre acest subiect confiden\u021bial.<\/p>\n<p>Potrivit unuia dintre diploma\u021bi, \u00een prezent sunt analizate 1.600 de propuneri de includere pe listele de sanc\u021biuni, dintre care 800 vizeaz\u0103 persoane \u0219i alte 800 companii din Rusia. Sanc\u021biunile ar urma s\u0103 fie adoptate la jum\u0103tatea lunii octombrie.<\/p>\n<p>Un alt diplomat a declarat c\u0103 este din nou discutat\u0103 utilizarea activelor bancare ruse\u0219ti de stat \u00eenghe\u021bate, de\u0219i acest proces este unul de durat\u0103 \u0219i va necesita eforturi pentru a convinge Belgia, care s-a opus mult timp acestei idei. Cea mai mare parte a rezervelor B\u0103ncii Centrale a Rusiei \u00eenghe\u021bate \u00een UE se afl\u0103 la Euroclear, cu sediul la Bruxelles. <\/p>\n<p>Compania financiar\u0103 belgian\u0103 este unul dintre cele mai importante depozitare centrale de valori mobiliare, iar guvernul condus de Bart De Wever este \u00eengrijorat de posibilitatea unor represalii din partea Rusiei.<\/p>\n<p>To\u021bi cei trei diploma\u021bi au vorbit despre o extindere semnificativ\u0103 a sanc\u021biunilor actuale \u00eempotriva Rusiei.<\/p>\n<p><i>\u201eStrategia este s\u0103 folosim toate mijloacele disponibile. Aplic\u0103m fiecare regim de sanc\u021biuni posibil\u201d<\/i>, a declarat primul diplomat european.<\/p>\n<p><\/main><\/p>\n<footer class=\"svelte-x63bga\">\n<div class=\"related-wrap related-footer svelte-78g0vl\"><span class=\"related-label svelte-78g0vl\">Cite\u0219te \u0219i<\/span><a class=\"related svelte-78g0vl\" data-gtrack=\"{&quot;event&quot;:&quot;utm_click&quot;,&quot;data&quot;:{&quot;event_category&quot;:&quot;article_related&quot;}}\" href=\"https:\/\/adevarul.ro\/stiri-externe\/europa\/rusia-ameninta-ca-ar-putea-lovi-tinte-militare-2552472.html\" title=\"Alt articol de interes pentru tine\"><img decoding=\"async\" class=\"thumb svelte-78g0vl\" src=\"https:\/\/cdn.adh.reperio.news\/image-2\/2c0a4c9b-9efd-4fc4-a694-d8dd52b32eda\/index.jpeg?p=f%3Dwebp%26w%3D120%26h%3D80%26r%3Dcover%26a%3D0\" alt loading=\"lazy\" width=\"80\" height=\"54\"><span class=\"title svelte-78g0vl\">Rusia amenin\u021b\u0103 c\u0103 ar putea lovi \u021binte militare britanice: \u201eMarea Britanie \u0219i Fran\u021ba se joac\u0103 cu focul\u201d<\/span><\/a><\/div>\n<div class=\"meta svelte-x63bga\">\n<div class=\"authors svelte-x63bga\"><span class=\"names svelte-x63bga\"><a href=\"https:\/\/adevarul.ro\/author\/46\" rel=\"author\" class=\"svelte-x63bga\">Teodora Marinescu<\/a><\/span><\/p>\n<div class=\"_hydratable\" data-props=\"%7B%22showLive%22%3Atrue%7D\" data-context=\"%7B%22parentBlockColumnCount%22%3A%7B%22value%22%3A0%2C%22type%22%3A%22store%2Freadable%22%7D%2C%22parentBlockBackgroundColor%22%3A%7B%22type%22%3A%22store%2Freadable%22%7D%7D\" data-component=\"ShareButton\">\n<div class=\"shareButtons svelte-itwbrr\">\n<div class=\"liveSessions metaFont svelte-1maxmbf\"><span class=\"value svelte-1maxmbf\">1<\/span> live <\/div>\n<\/div>\n<\/div>\n<\/div>\n<div class=\"tags svelte-1l3vwp1\"><span class=\"tags-label metaFont svelte-1l3vwp1\">Cite\u0219te mai multe despre<\/span><\/p>\n<div class=\"tags-list svelte-1l3vwp1\"><a href=\"https:\/\/adevarul.ro\/tag\/rusia\" title=\"Ultimele \u0219tiri despre rusia\" class=\"tag-pill svelte-1l3vwp1\">rusia<\/a><a href=\"https:\/\/adevarul.ro\/tag\/germania\" title=\"Ultimele \u0219tiri despre germania\" class=\"tag-pill svelte-1l3vwp1\">germania<\/a><a href=\"https:\/\/adevarul.ro\/tag\/europa\" title=\"Ultimele \u0219tiri despre europa\" class=\"tag-pill svelte-1l3vwp1\">europa<\/a><a href=\"https:\/\/adevarul.ro\/tag\/sanctiuni\" title=\"Ultimele \u0219tiri despre sanctiuni\" class=\"tag-pill svelte-1l3vwp1\">sanctiuni<\/a><a href=\"https:\/\/adevarul.ro\/tag\/tensiuni\" title=\"Ultimele \u0219tiri despre tensiuni\" class=\"tag-pill svelte-1l3vwp1\">tensiuni<\/a><a href=\"https:\/\/adevarul.ro\/tag\/friedrich%20merz\" title=\"Ultimele \u0219tiri despre friedrich merz\" class=\"tag-pill svelte-1l3vwp1\">friedrich merz<\/a><a href=\"https:\/\/adevarul.ro\/tag\/leipzig\" title=\"Ultimele \u0219tiri despre leipzig\" class=\"tag-pill svelte-1l3vwp1\">leipzig<\/a><\/div>\n<\/div>\n<\/div>\n<p><a class=\"moreFromCategory svelte-x63bga\" href=\"https:\/\/adevarul.ro\/stiri-externe\/europa\" title=\"Europa\">Mai multe din <strong class=\"svelte-x63bga\">Europa<\/strong> \u203a<\/a><\/footer>\n<\/article>\n<p>[analyse_source url=&#8221;https:\/\/adevarul.ro\/stiri-externe\/europa\/cresc-tensiunile-intre-europa-si-rusia-germania-2552869.html&#8221;]<\/p>\n","protected":false},"excerpt":{"rendered":"<p>[analyse_image type=&#8221;featured&#8221; src=&#8221;https:\/\/cdn.adh.reperio.news\/image-d\/d195ed68-fa83-4795-8925-f59e285f95e3\/index.jpeg?p=f%3Djpeg%26w%3D1200%26h%3D630%26r%3Dcover&#8221;] Home \u0218tiri Externe Europa Cresc tensiunile \u00eentre Europa \u0219i Rusia. Germania se preg\u0103te\u0219te s\u0103 acuze Moscova pentru atacul cu dron\u0103 de la Leipzig Cancelarul german Friedrich Merz se preg\u0103te\u0219te s\u0103 acuze Rusia pentru tentativa de atac cu dron\u0103 de la Leipzig \u0219i s\u0103 anun\u021be sanc\u021biuni \u201eample\u201d, \u00eentr-o nou\u0103 \u00een\u0103sprire a pozi\u021biei Berlinului [&hellip;]<\/p>\n","protected":false},"author":1,"featured_media":0,"comment_status":"open","ping_status":"","sticky":false,"template":"","format":"standard","meta":{"footnotes":""},"categories":[89],"tags":[19,226],"class_list":["post-2119459","post","type-post","status-publish","format-standard","hentry","category-romania","tag-adevarul","tag-crawlmanager"],"_links":{"self":[{"href":"https:\/\/analyse.optim.biz\/index.php?rest_route=\/wp\/v2\/posts\/2119459","targetHints":{"allow":["GET"]}}],"collection":[{"href":"https:\/\/analyse.optim.biz\/index.php?rest_route=\/wp\/v2\/posts"}],"about":[{"href":"https:\/\/analyse.optim.biz\/index.php?rest_route=\/wp\/v2\/types\/post"}],"author":[{"embeddable":true,"href":"https:\/\/analyse.optim.biz\/index.php?rest_route=\/wp\/v2\/users\/1"}],"replies":[{"embeddable":true,"href":"https:\/\/analyse.optim.biz\/index.php?rest_route=%2Fwp%2Fv2%2Fcomments&post=2119459"}],"version-history":[{"count":0,"href":"https:\/\/analyse.optim.biz\/index.php?rest_route=\/wp\/v2\/posts\/2119459\/revisions"}],"wp:attachment":[{"href":"https:\/\/analyse.optim.biz\/index.php?rest_route=%2Fwp%2Fv2%2Fmedia&parent=2119459"}],"wp:term":[{"taxonomy":"category","embeddable":true,"href":"https:\/\/analyse.optim.biz\/index.php?rest_route=%2Fwp%2Fv2%2Fcategories&post=2119459"},{"taxonomy":"post_tag","embeddable":true,"href":"https:\/\/analyse.optim.biz\/index.php?rest_route=%2Fwp%2Fv2%2Ftags&post=2119459"}],"curies":[{"name":"wp","href":"https:\/\/api.w.org\/{rel}","templated":true}]}}