{"id":2119457,"date":"2026-08-29T13:54:32","date_gmt":"2026-08-29T10:54:32","guid":{"rendered":"https:\/\/analyse.optim.biz\/?p=2119457"},"modified":"2026-08-29T13:54:32","modified_gmt":"2026-08-29T10:54:32","slug":"panica-in-ungaria-un-barbat-a-furat-un-avion-si-a-zburat-spre-centrala-nucleara-paks","status":"publish","type":"post","link":"https:\/\/analyse.optim.biz\/?p=2119457","title":{"rendered":"Panic\u0103 \u00een Ungaria. Un b\u0103rbat a furat un avion \u0219i a zburat spre centrala nuclear\u0103 Paks"},"content":{"rendered":"<p>[analyse_image type=&#8221;featured&#8221; src=&#8221;https:\/\/cdn.adh.reperio.news\/image-d\/dde97fdc-2559-41f9-b997-b490ca1d2b12\/index.jpeg?p=f%3Djpeg%26w%3D1200%26h%3D630%26r%3Dcover&#8221;]<\/p>\n<article class=\"svelte-x63bga\">\n<nav>\n<ul class=\"breadcrump svelte-1pk9a69\">\n<li class=\"svelte-1pk9a69\"><a href=\"https:\/\/adevarul.ro\/\" title=\"Adev\u0103rul\" class=\"svelte-1pk9a69\">Home<\/a><\/li>\n<li class=\"svelte-1pk9a69\"><a href=\"https:\/\/adevarul.ro\/stiri-externe\" class=\"svelte-1pk9a69\">\u0218tiri Externe<\/a><\/li>\n<li class=\"svelte-1pk9a69\"><a href=\"https:\/\/adevarul.ro\/stiri-externe\/europa\" class=\"svelte-1pk9a69\">Europa<\/a><\/li>\n<li class=\"svelte-1pk9a69\"><a href=\"https:\/\/adevarul.ro\/stiri-externe\/europa\/panica-in-ungaria-un-barbat-a-furat-un-avion-si-a-2552866.html\" class=\"svelte-1pk9a69\">Panic\u0103 \u00een Ungaria. Un b\u0103rbat a furat un avion \u0219i a zburat spre centrala nuclear\u0103 Paks<\/a><\/li>\n<\/ul>\n<\/nav>\n<p><main class=\"svelte-x63bga\"><\/p>\n<p>For\u021bele Aeriene Ungare au ridicat de la sol dou\u0103 avioane de lupt\u0103 Gripen dup\u0103 ce o aeronav\u0103 u\u0219oar\u0103, despre care autorit\u0103\u021bile sus\u021bin c\u0103 a fost furat\u0103 de pe aerodromul din Kalocsa, s-a \u00eendreptat spre zona centralei nucleare de la Paks, unul dintre cele mai bine protejate obiective strategice ale Ungariei.<\/p>\n<div class=\"container-image  svelte-1xbw4f3\"><source type=\"image\/webp\" srcset=\"https:\/\/cdn.adh.reperio.news\/image-d\/dde97fdc-2559-41f9-b997-b490ca1d2b12\/index.jpeg?p=a%3D1%26co%3D1.05%26w%3D1400%26h%3D750%26r%3Dcontain%26c%3D0%252C0.276%252C0.954%252C0.637%26f%3Dwebp 1400w\" media=\"(min-width: 1400px)\" \/><\/p>\n<div class=\"caption svelte-1xbw4f3\"><span class=\"captionText svelte-1xbw4f3\">Armata ungar\u0103 a ridicat de la sol aeronave Gripen <span class=\"source svelte-1xbw4f3\">Foto: FB Dr. Ruszin-Szendi Romulusz<\/span><\/span><\/div>\n<\/div>\n<p>Potrivit ministrului Ap\u0103r\u0103rii, Romulusz Ruszin-Szendi, aeronava a fost detectat\u0103 de radarele militare la scurt timp dup\u0103 decolare, iar armata a dispus imediat interven\u021bia unei perechi de avioane Gripen<\/p>\n<div class=\"raw-block\"><iframe loading=\"lazy\" src=\"https:\/\/www.facebook.com\/plugins\/post.php?href=https%3A%2F%2Fwww.facebook.com%2Fruszinszendiromulusz%2Fposts%2Fpfbid0KdUjCo1AMzY1pveNvaUaKZgkUJa64pBvRPRbjP8jjv4CnPE1XTDobdAyWSmMZMs9l&amp;show_text=true&amp;width=390\" width=\"500\" height=\"250\" frameborder allowfullscreen=\"true\" allow=\"autoplay; clipboard-write; encrypted-media; picture-in-picture; web-share\" class=\"facebook-iframe\"><\/iframe><\/div>\n<p>Incidentul s-a \u00eencheiat dup\u0103 c\u00e2teva minute, c\u00e2nd avionul de mici dimensiuni a efectuat o aterizare de urgen\u021b\u0103 \u00een apropierea localit\u0103\u021bii Gerjen, relateaz\u0103\u00a0<a href=\"https:\/\/dailynewshungary.com\/hungarian-gripen-man-steal-aircraft-paks\/\" rel=\"nofollow\">Daily News Hungary<\/a><\/p>\n<p>Avioanele militare au localizat aeronava \u0219i au r\u0103mas \u00een zon\u0103 p\u00e2n\u0103 la sosirea elicopterului de salvare \u0219i a echipajelor de interven\u021bie de la sol.<\/p>\n<p>La fa\u021ba locului au ajuns \u0219i poli\u021bi\u0219tii, care au demarat o anchet\u0103 pentru stabilirea circumstan\u021belor incidentului.<\/p>\n<p>Potrivit informa\u021biilor comunicate de autorit\u0103\u021bi, nicio persoan\u0103 nu a fost r\u0103nit\u0103.<\/p>\n<p>Centrala Nuclear\u0103 Paks beneficiaz\u0103 de restric\u021bii stricte de zbor. Aeronavelor civile le este interzis accesul \u00eentr-un perimetru de trei kilometri \u00een jurul instala\u021biei, la altitudini sub 6.000 de metri, motiv pentru care apropierea aparatului de zbor a declan\u0219at o reac\u021bie rapid\u0103 din partea autorit\u0103\u021bilor.<\/p>\n<p>Presa maghiar\u0103 relateaz\u0103 c\u0103 aeronava implicat\u0103 este un Cessna 172, care ar fi fost luat f\u0103r\u0103 autorizare de pe aeroportul din Kalocsa de un b\u0103rbat \u00een v\u00e2rst\u0103 de 24 de ani. Acesta ar fi aterizat pe un teren agricol din apropierea satului Gerjen. <\/p>\n<p>Aparatul a fost avariat la aterizare, trenul de aterizare fiind distrus, iar avionul oprindu-se \u00eenclinat pe o arip\u0103.<\/p>\n<p>Pompierii \u0219i un elicopter de salvare au intervenit \u00een zon\u0103, \u00eens\u0103 autorit\u0103\u021bile nu au oferit deocamdat\u0103 informa\u021bii suplimentare despre persoana care s-ar afla \u00een spatele incidentului.<\/p>\n<p>Ministrul ungar al Ap\u0103r\u0103rii a descris situa\u021bia drept o alert\u0103 neobi\u0219nuit\u0103, subliniind c\u0103 interven\u021bia a demonstrat capacitatea de reac\u021bie a sistemului de ap\u0103rare aerian\u0103 al \u021b\u0103rii.<\/p>\n<p> Ancheta privind furtul aeronavei \u0219i zborul c\u0103tre zona centralei nucleare este \u00een desf\u0103\u0219urare.<\/p>\n<p>Amintim c\u0103, \u00een iunie,\u00a0<a href=\"https:\/\/adevarul.ro\/stiri-externe\/europa\/alerta-in-spatiul-aerian-al-ungariei-avion-de-2535924.html\">dou\u0103 avioane de lupt\u0103 Gripen au fost ridicate de urgen\u021b\u0103 de la sol<\/a> dup\u0103 ce un avion de pasageri care zbura de la Tel Aviv la Praga a \u00eentrerupt leg\u0103tura cu controlul traficului aerian. Alerta a fost declan\u0219at\u0103 la<a href=\"https:\/\/adevarul.ro\/stiri-externe\/in-lume\/de-ce-o-tara-aliata-nato-a-ales-avioanele-suedeze-2487973.html\"> solicitarea NATO,<\/a> iar aeronava a fost interceptat\u0103 deasupra Ungariei.<\/p>\n<p><\/main><\/p>\n<footer class=\"svelte-x63bga\">\n<div class=\"related-wrap related-footer svelte-78g0vl\"><span class=\"related-label svelte-78g0vl\">Cite\u0219te \u0219i<\/span><a class=\"related svelte-78g0vl\" data-gtrack=\"{&quot;event&quot;:&quot;utm_click&quot;,&quot;data&quot;:{&quot;event_category&quot;:&quot;article_related&quot;}}\" href=\"https:\/\/adevarul.ro\/stiri-externe\/europa\/ucraina-ar-putea-primi-pe-langa-avioane-gripen-si-2506307.html\" title=\"Alt articol de interes pentru tine\"><img decoding=\"async\" class=\"thumb svelte-78g0vl\" src=\"https:\/\/cdn.adh.reperio.news\/image-1\/1a847caa-bfb2-4661-858c-ca35179c38ef\/index.jpeg?p=f%3Dwebp%26w%3D120%26h%3D80%26r%3Dcover%26a%3D0\" alt loading=\"lazy\" width=\"80\" height=\"54\"><span class=\"title svelte-78g0vl\">Ucraina ar putea primi pe l\u00e2ng\u0103 avioane Gripen \u0219i cea mai performant\u0103 rachet\u0103 aer-aer a Europei<\/span><\/a><a class=\"related svelte-78g0vl\" data-gtrack=\"{&quot;event&quot;:&quot;utm_click&quot;,&quot;data&quot;:{&quot;event_category&quot;:&quot;article_related&quot;}}\" href=\"https:\/\/adevarul.ro\/stiri-externe\/europa\/alerta-in-spatiul-aerian-al-ungariei-avion-de-2535924.html\" title=\"Alt articol de interes pentru tine\"><img decoding=\"async\" class=\"thumb svelte-78g0vl\" src=\"https:\/\/cdn.adh.reperio.news\/image-1\/1a847caa-bfb2-4661-858c-ca35179c38ef\/index.jpeg?p=f%3Dwebp%26w%3D120%26h%3D80%26r%3Dcover%26a%3D0\" alt loading=\"lazy\" width=\"80\" height=\"54\"><span class=\"title svelte-78g0vl\">Alert\u0103 \u00een spa\u021biul aerian al Ungariei. Avion de pasageri interceptat la solicitarea NATO, dup\u0103 ce a \u00eentrerupt comunica\u021biile<\/span><\/a><a class=\"related svelte-78g0vl\" data-gtrack=\"{&quot;event&quot;:&quot;utm_click&quot;,&quot;data&quot;:{&quot;event_category&quot;:&quot;article_related&quot;}}\" href=\"https:\/\/adevarul.ro\/stiri-interne\/evenimente\/un-avion-de-vanatoare-gripen-al-ungariei-s-a-2551730.html\" title=\"Alt articol de interes pentru tine\"><img decoding=\"async\" class=\"thumb svelte-78g0vl\" src=\"https:\/\/cdn.adh.reperio.news\/image-9\/95f4fe05-0d7a-4332-af88-8d74880565fe\/index.jpeg?p=f%3Dwebp%26w%3D120%26h%3D80%26r%3Dcover%26a%3D0\" alt loading=\"lazy\" width=\"80\" height=\"54\"><span class=\"title svelte-78g0vl\">Un avion de v\u00e2n\u0103toare Gripen al Ungariei s-a pr\u0103bu\u0219it l\u00e2ng\u0103 Szolnok. Pilotul s-a catapultat<\/span><\/a><\/div>\n<div class=\"meta svelte-x63bga\">\n<div class=\"authors svelte-x63bga\"><span class=\"names svelte-x63bga\"><a href=\"https:\/\/adevarul.ro\/author\/1228\" rel=\"author\" class=\"svelte-x63bga\">Cristina Stancu<\/a><\/span><\/p>\n<div class=\"_hydratable\" data-props=\"%7B%22showLive%22%3Atrue%7D\" data-context=\"%7B%22parentBlockColumnCount%22%3A%7B%22value%22%3A0%2C%22type%22%3A%22store%2Freadable%22%7D%2C%22parentBlockBackgroundColor%22%3A%7B%22type%22%3A%22store%2Freadable%22%7D%7D\" data-component=\"ShareButton\">\n<div class=\"shareButtons svelte-itwbrr\">\n<div class=\"liveSessions metaFont svelte-1maxmbf\"><span class=\"value svelte-1maxmbf\">1<\/span> live <\/div>\n<\/div>\n<\/div>\n<\/div>\n<div class=\"tags svelte-1l3vwp1\"><span class=\"tags-label metaFont svelte-1l3vwp1\">Cite\u0219te mai multe despre<\/span><\/p>\n<div class=\"tags-list svelte-1l3vwp1\"><a href=\"https:\/\/adevarul.ro\/tag\/alerta\" title=\"Ultimele \u0219tiri despre alerta\" class=\"tag-pill svelte-1l3vwp1\">alerta<\/a><a href=\"https:\/\/adevarul.ro\/tag\/gripen\" title=\"Ultimele \u0219tiri despre gripen\" class=\"tag-pill svelte-1l3vwp1\">gripen<\/a><\/div>\n<\/div>\n<\/div>\n<p><a class=\"moreFromCategory svelte-x63bga\" href=\"https:\/\/adevarul.ro\/stiri-externe\/europa\" title=\"Europa\">Mai multe din <strong class=\"svelte-x63bga\">Europa<\/strong> \u203a<\/a><\/footer>\n<\/article>\n<p>[analyse_source url=&#8221;https:\/\/adevarul.ro\/stiri-externe\/europa\/panica-in-ungaria-un-barbat-a-furat-un-avion-si-a-2552866.html&#8221;]<\/p>\n","protected":false},"excerpt":{"rendered":"<p>[analyse_image type=&#8221;featured&#8221; src=&#8221;https:\/\/cdn.adh.reperio.news\/image-d\/dde97fdc-2559-41f9-b997-b490ca1d2b12\/index.jpeg?p=f%3Djpeg%26w%3D1200%26h%3D630%26r%3Dcover&#8221;] Home \u0218tiri Externe Europa Panic\u0103 \u00een Ungaria. Un b\u0103rbat a furat un avion \u0219i a zburat spre centrala nuclear\u0103 Paks For\u021bele Aeriene Ungare au ridicat de la sol dou\u0103 avioane de lupt\u0103 Gripen dup\u0103 ce o aeronav\u0103 u\u0219oar\u0103, despre care autorit\u0103\u021bile sus\u021bin c\u0103 a fost furat\u0103 de pe aerodromul din Kalocsa, s-a [&hellip;]<\/p>\n","protected":false},"author":1,"featured_media":0,"comment_status":"open","ping_status":"","sticky":false,"template":"","format":"standard","meta":{"footnotes":""},"categories":[89],"tags":[19,226],"class_list":["post-2119457","post","type-post","status-publish","format-standard","hentry","category-romania","tag-adevarul","tag-crawlmanager"],"_links":{"self":[{"href":"https:\/\/analyse.optim.biz\/index.php?rest_route=\/wp\/v2\/posts\/2119457","targetHints":{"allow":["GET"]}}],"collection":[{"href":"https:\/\/analyse.optim.biz\/index.php?rest_route=\/wp\/v2\/posts"}],"about":[{"href":"https:\/\/analyse.optim.biz\/index.php?rest_route=\/wp\/v2\/types\/post"}],"author":[{"embeddable":true,"href":"https:\/\/analyse.optim.biz\/index.php?rest_route=\/wp\/v2\/users\/1"}],"replies":[{"embeddable":true,"href":"https:\/\/analyse.optim.biz\/index.php?rest_route=%2Fwp%2Fv2%2Fcomments&post=2119457"}],"version-history":[{"count":0,"href":"https:\/\/analyse.optim.biz\/index.php?rest_route=\/wp\/v2\/posts\/2119457\/revisions"}],"wp:attachment":[{"href":"https:\/\/analyse.optim.biz\/index.php?rest_route=%2Fwp%2Fv2%2Fmedia&parent=2119457"}],"wp:term":[{"taxonomy":"category","embeddable":true,"href":"https:\/\/analyse.optim.biz\/index.php?rest_route=%2Fwp%2Fv2%2Fcategories&post=2119457"},{"taxonomy":"post_tag","embeddable":true,"href":"https:\/\/analyse.optim.biz\/index.php?rest_route=%2Fwp%2Fv2%2Ftags&post=2119457"}],"curies":[{"name":"wp","href":"https:\/\/api.w.org\/{rel}","templated":true}]}}