{"id":2119428,"date":"2026-08-30T17:20:55","date_gmt":"2026-08-30T14:20:55","guid":{"rendered":"https:\/\/analyse.optim.biz\/?p=2119428"},"modified":"2026-08-30T17:20:55","modified_gmt":"2026-08-30T14:20:55","slug":"motogp-2026-gp-di-spagna-ad-aragon-pedro-acosta-2-posto-con-coraggio-il-sorpasso-una-manovra-rischiosa-contando-la-velocita-con-cui-stavo-arrivando","status":"publish","type":"post","link":"https:\/\/analyse.optim.biz\/?p=2119428","title":{"rendered":"MotoGP 2026. GP di Spagna ad Aragon. Pedro Acosta, 2\u00b0 posto con coraggio: &#8220;Il sorpasso? Una manovra rischiosa, contando la velocit\u00e0 con cui stavo arrivando&#8221;"},"content":{"rendered":"<div class=\"atxt atxt--first \" id=\"part-1650378\">\n<p><strong><span class=\"atxt-dropcap\">P<\/span>edro Acosta<\/strong> si prende con coraggio il\u00a0<strong>secondo posto\u00a0ad Aragon<\/strong>, al termine di una gara solida e costruita anche grazie a una <strong>spettacolare staccata<\/strong> su Marco Bezzecchi.<\/p>\n<p>Il pilota KTM ha approfittato della <a href=\"https:\/\/www.moto.it\/MotoGP\/motogp-2026-gp-spagna-aragon-marc-marquez-sfida-marco-bezzecchi-madre-cane-frenare-tardi.html\">bagarre tra Marc Marquez e l\u2019italiano<\/a> per rimanere agganciato alla lotta per il podio, prima di piazzare la zampata decisiva. Un risultato che conferma il grande talento\u00a0dello spagnolo,\u00a0anche se <strong>la prima\u00a0vittoria<\/strong> resta ancora un obiettivo da raggiungere.<\/p>\n<p>Acosta ha analizzato il suo weekend durante la conferenza stampa, insieme a Marco Bezzecchi e Marc Marquez:<\/p>\n<p><strong>Sul rendimento&#8230;<\/strong><\/p>\n<p>&#8220;Penso che stiamo facendo la cosa corretta, sentivo che stavamo facendo uno step indietro con tutti i problemi di affidabilit\u00e0 durante la prima parte dell&#8217;anno e il terzo posto nel campionato stava andando via. Sembra che stia funzionando, stiamo facendo buone gare. Siamo lontani dal vincere, ma stiamo ottenendo costanza nella top 5 e per questo dobbiamo essere soddisfatti&#8221;<\/p>\n<p><strong>Com&#8217;era la battaglia tra Marc e Marco dalla tua prospettiva?<\/strong><\/p>\n<p>&#8220;Era il mio momento per cercare di prenderli e guidare con loro. Marco aveva un ottimo passo a inizio gara e Marc anche per riuscire a riprenderlo. Cercavo di seguire il passo, sapevo che Marc aveva qualcosa per fine gara, da dietro sembrava davvero rilassato. Cercavo di seguire e vedere dove finivo. Non siamo finiti lontano ma c&#8217;\u00e8 ancora molto da fare&#8221;<\/p>\n<p><strong>Puoi parlare un po\u2019 di pi\u00f9 del sorpasso? In TV \u00e8 sembrato spettacolare. \u00c8 stato un po\u2019 spaventoso? Hai calcolato tutto alla perfezione? Com\u2019\u00e8 andata?<\/strong><\/p>\n<p>&#8220;Alla fine erano in\u00a0due sulla sinistra e io ci ho semplicemente provato. Ero un po\u2019 in scia, poi sono andato verso destra. Alla fine ero nella posizione giusta, anche se ho dovuto usare un po\u2019 il cordolo. Direi che \u00e8 stata una manovra rischiosa, considerando la velocit\u00e0 con cui stavo arrivando&#8221;<\/p>\n<p><strong>So che vuoi vincere, ma questa pu\u00f2 essere stata la tua miglior gara in MotoGP?<\/strong><\/p>\n<p>&#8220;Direi Silverstone, due settimane fa. Sai che normalmente faccio molta fatica sui circuiti pi\u00f9 duri, che non sono molto scorrevoli, e quella \u00e8 stata quasi la prima volta in cui sono arrivato alla fine di una gara essendo abbastanza competitivo su una pista del genere, anche considerando il degrado degli pneumatici che abbiamo avuto. Penso che Silverstone sia stata la mia miglior gara finora, persino migliore di alcune gare in cui ho ottenuto dei risultati migliori&#8221;<\/p>\n<p><strong>Quali sono i tre circuiti rimanenti che ritenete i migliori per voi?<\/strong><\/p>\n<p>&#8220;Normalmente per me il Giappone, l&#8217;Indonesia e magari la Malesia sono buone. Spero in qualche gara con la pioggia per essere pi\u00f9 competitivo in altre&#8221;<\/p>\n<p><strong>Cosa pensi che ti manca sulla moto per lottare per la vittoria?<\/strong><\/p>\n<p>&#8220;Mi mancano molte cose ma per ora voglio concentrarmi sulle cose che ho. Alla fine, mi manca molto nella breve distanza, in qualifica fatico ad essere in prima fila che normalmente ti aiuta ad inizio gara. Come ho detto, al momento voglio essere concentrato sulle cose che possono farmi vincere una gara e non sulle cose che non ho&#8221;<\/p>\n<p><strong>Sembra che a inizio anno avessi pi\u00f9 problemi con il consumo delle gomme, utilizzando maggiormente quella posteriore. Cosa hai cambiato o come hai trovato questo miglioramento?<\/strong><\/p>\n<p>&#8220;Sto cercando anche di cambiare il mio stile di guida. Normalmente sono quello che entra sempre pi\u00f9 stretto nelle curve e utilizza pi\u00f9 gomma di tutti gli altri. Ora sto cercando di cambiare un po\u2019 il mio stile. Alla fine, se voglio essere pronto quando arriver\u00e0 il mio momento, devo iniziare a vedere altre opzioni e trovare altri modi di correre&#8221;<\/p>\n<\/div>\n<div class=\"atxt  \" id=\"part-1650385\">\n<p><span class=\"cms-first-letter\">I<\/span>ntervistato da\u00a0<em>Sky<\/em>, il classe 2004 ha aggiunto:\u00a0<\/p>\n<p><strong>Penso che se oggi tu avessi avuto dei giri motori in pi\u00f9 forse te la giocavi di pi\u00f9, sbaglio o no?<\/strong><\/p>\n<p>&#8220;Difficile da dire, dobbiamo essere contenti per il podio, e per esser stati\u00a0competitivi. Non siamo stati lontani dal primo, dobbiamo continuare a lavorare cos\u00ec perch\u00e8 \u00e8 l&#8217;unico modo\u00a0per vedere se pu\u00f2 arrivare la prima vittoria con la KTM&#8221;<\/p>\n<p><strong>Oggi hai trovato una velocit\u00e0 che negli altri giorni non abbiamo visto. Erano le condizioni o avete cambiato un po&#8217; la moto?<\/strong><\/p>\n<p>&#8220;Abbiamo cambiato tanto la moto prima della Sprint. Normalmente il mio punto forte \u00e8 la frenata,\u00a0qui mi mancava tantissimo,\u00a0la curva 12 \u00e8 delicata e\u00a0facevo tanta fatica. Nella Sprint sono migliorato e a fine gara il passo era molto buono e oggi abbiamo fatto qualcosa a livello di elettronica e setting. Io sono veramente concentrato nel prendere tutta l&#8217;esperienza possibile sul setting, elettronica e tutto per essere preparato per l&#8217;anno prossimo, quindi penso che stiamo facendo un buon lavoro&#8221;<\/p>\n<p><strong>Qualche volta ci pensi all&#8217;anno prossimo o sei fedele a quello che vivi fino all&#8217;ultimo giorno?<\/strong><\/p>\n<p>&#8220;No, penso a cosa posso fare oggi e non a quello che devo fare a novembre. Penso che stiamo facendo un bel lavoro, l&#8217;anno scorso abbiamo fatto tanti errori mentre quest&#8217;anno siamo quasi sempre in top 5. Penso che devo continuare cos\u00ec, l&#8217;anno prossimo vediamo&#8221;<\/p>\n<\/div>\n","protected":false},"excerpt":{"rendered":"<p>Pedro Acosta si prende con coraggio il\u00a0secondo posto\u00a0ad Aragon, al termine di una gara solida e costruita anche grazie a una spettacolare staccata su Marco Bezzecchi. Il pilota KTM ha approfittato della bagarre tra Marc Marquez e l\u2019italiano per rimanere agganciato alla lotta per il podio, prima di piazzare la zampata decisiva. Un risultato che [&hellip;]<\/p>\n","protected":false},"author":1,"featured_media":0,"comment_status":"open","ping_status":"","sticky":false,"template":"","format":"standard","meta":{"footnotes":""},"categories":[1],"tags":[226,238],"class_list":["post-2119428","post","type-post","status-publish","format-standard","hentry","category-uncategorized","tag-crawlmanager","tag-moto-it"],"_links":{"self":[{"href":"https:\/\/analyse.optim.biz\/index.php?rest_route=\/wp\/v2\/posts\/2119428","targetHints":{"allow":["GET"]}}],"collection":[{"href":"https:\/\/analyse.optim.biz\/index.php?rest_route=\/wp\/v2\/posts"}],"about":[{"href":"https:\/\/analyse.optim.biz\/index.php?rest_route=\/wp\/v2\/types\/post"}],"author":[{"embeddable":true,"href":"https:\/\/analyse.optim.biz\/index.php?rest_route=\/wp\/v2\/users\/1"}],"replies":[{"embeddable":true,"href":"https:\/\/analyse.optim.biz\/index.php?rest_route=%2Fwp%2Fv2%2Fcomments&post=2119428"}],"version-history":[{"count":0,"href":"https:\/\/analyse.optim.biz\/index.php?rest_route=\/wp\/v2\/posts\/2119428\/revisions"}],"wp:attachment":[{"href":"https:\/\/analyse.optim.biz\/index.php?rest_route=%2Fwp%2Fv2%2Fmedia&parent=2119428"}],"wp:term":[{"taxonomy":"category","embeddable":true,"href":"https:\/\/analyse.optim.biz\/index.php?rest_route=%2Fwp%2Fv2%2Fcategories&post=2119428"},{"taxonomy":"post_tag","embeddable":true,"href":"https:\/\/analyse.optim.biz\/index.php?rest_route=%2Fwp%2Fv2%2Ftags&post=2119428"}],"curies":[{"name":"wp","href":"https:\/\/api.w.org\/{rel}","templated":true}]}}