{"id":2119425,"date":"2026-08-30T16:14:49","date_gmt":"2026-08-30T13:14:49","guid":{"rendered":"https:\/\/analyse.optim.biz\/?p=2119425"},"modified":"2026-08-30T16:14:49","modified_gmt":"2026-08-30T13:14:49","slug":"motogp-2026-gp-di-spagna-ad-aragon-marco-bezzecchi-3-un-weekend-fantastico-mi-sarebbe-piaciuto-battagliare-di-piu-con-pedro-acosta","status":"publish","type":"post","link":"https:\/\/analyse.optim.biz\/?p=2119425","title":{"rendered":"MotoGP 2026. GP di Spagna ad Aragon. Marco Bezzecchi, 3\u00b0: &#8220;Un weekend fantastico. Mi sarebbe piaciuto battagliare di pi\u00f9 con Pedro Acosta&#8221;"},"content":{"rendered":"<div class=\"atxt atxt--first \" id=\"part-1650347\">\n<p><strong><span class=\"atxt-dropcap\">M<\/span>arco Bezzecchi<\/strong> lascia Aragon con il sorriso dopo il <a href=\"https:\/\/www.moto.it\/MotoGP\/motogp-2026-gp-di-spagna-ad-aragon-marc-marquez-vince-nonostante-la-strategia-curva-1-non-abbia-funzionato-per-un-problema-classifica-e-video.html\">terzo posto conquistato nel GP<\/a>.<\/p>\n<p>Il pilota Aprilia, con il podio ottenuto anche nella Sprint\u00a0completa\u00a0un fine settimana che lui stesso ha definito \u201cfantastico\u201d. Al comando per qualche giro,\u00a0il romagnolo non \u00e8 riuscito a resistere a\u00a0<strong>Marc Marquez<\/strong>, cedendo\u00a0poi anche ad una grande staccata di\u00a0<strong>Pedro Acosta<\/strong>, con il quale avrebbe voluto battagliare di pi\u00f9.<\/p>\n<p>Ai microfoni di <em>Sky<\/em>, Bezzecchi ha analizzato il suo weekend, le difficolt\u00e0 incontrate\u00a0e i <strong>disturbi aerodinamici<\/strong> avvertiti nel momento del sorpasso del 93.<\/p>\n<p><strong>Quanto sei soddisfatto di questo doppio podio e quanto dispiaciuto di aver perso la seconda posizione nel Mondiale?<\/strong><\/p>\n<p>&#8220;In realt\u00e0 sono contento, un weekend fantastico. Sono arrivato qua dove l&#8217;anno scorso abbiamo faticato tantissimo e sapevo che sarebbe stata una pista ostica, invece ho lavorato da dio e siamo sempre stati veloci. Vero che nelle prove con pi\u00f9 fresco son riuscito ad andare meglio rispetto alle gare con pi\u00f9 caldo, per\u00f2 sono molto contento. Due gare dove ho dato tutto, ho portato a casa il massimo, la pole position&#8230; Quindi un bel weekend, andiamo avanti cos\u00ec&#8221;<\/p>\n<p><strong>Oggi andavi un po&#8217; meno del passo che hai fatto vedere ieri mattina, a cosa \u00e8 dovuto?<\/strong><\/p>\n<p>&#8220;Fisicamente sto soffrendo ma non penso sia questa la causa primaria, nel pomeriggio sono stato pi\u00f9 lento, sia ieri che oggi. Dobbiamo cercare di lavorare meglio e capire come fare per mantenere lo stesso passo fatto nelle prove&#8221;<\/p>\n<p><strong>Sui distubi aerodinamici vicino a Marc&#8230;<\/strong><\/p>\n<p>&#8220;Diciamo che quando mi son trovato di fianco a Marc era come una molla, io volevo allontanarmi e venivo tirato dentro. Mi avvicinavo e allontanavo senza volerlo del tutto, poi mi son trovato troppo sulla sinistra e non sono riuscito a staccare come avrei voluto e Acosta mi ha fregato l\u00ec. Onestamente penso che Pedro fosse pi\u00f9 veloce di me, giro dopo giro lo vedevo andar via.\u00a0Mi sarebbe piaciuto battagliare di pi\u00f9 e rendergliela pi\u00f9 dura ma penso avrebbe avuto la meglio&#8221;<\/p>\n<\/div>\n<div class=\"atxt  \" id=\"part-1650356\">\n<p><span class=\"cms-first-letter\">I<\/span>l 72 ha anche preso parte alla conferenza stampa insieme a Marc Marquez e Pedro Acosta. Ecco cosa ha aggiunto:<\/p>\n<p><strong>Era il massimo che potevi fare oggi?<\/strong><\/p>\n<p>&#8220;Penso di si, una gara tosta e lunga, molto caldo. Sin dall&#8217;inizio, anche quand&#8217;ero al comando ho visto che il mio passo non era il migliore, non era come mi immaginavo. Quindi ho provato a fare del mio meglio per creare distacco, ma sapevo che Marc sarebbe arrivato. Volevo rendergli la vita difficile, anche a Pedro, ma in un paio di secondi ho perso due posizioni. Mi sono divertito molto, un gran weekend. Lo scorso anno partivo ultimo, quest&#8217;anno ho fatto la pole e un doppio podio. Sono soddisfatto&#8221;<\/p>\n<p><strong>Cosa pensi sul momento nel rettilineo con Marc e Pedro?<\/strong><\/p>\n<p>&#8220;Dura, ho cercato di chiudere la linea in curva 15 quando mi ha passato ma quando siamo arrivati ad essere vicini l&#8217;aria faceva qualcosa di strano. Volevo andare lontano ma in qualche modo mi avvicinavo. Ho frenato prima e Pedro \u00e8 arrivato con la giusta quantit\u00e0 di velocit\u00e0 e ho perso le posizioni. Un momento divertente&#8221;<\/p>\n<p><strong>Cosa ti \u00e8 mancato?<\/strong><\/p>\n<p>&#8220;Penso che con queste temperature pi\u00f9 calde ho fatto pi\u00f9 fatica rispetto alle prove, cercheremo di lavorare duramente per capire cosa fare per migliorare&#8221;<\/p>\n<p><strong>Se pensi ai problemi che hai avuto nella pausa estiva, questi podi sono meglio di quanto ti aspettavi?<\/strong><\/p>\n<p>&#8220;A Silverstone non mi aspettavo per niente il podio. Onestamente nemmeno qui, \u00e8 una pista dove storicamente facciamo fatica, Aprilia non \u00e8 mai stata veramente competitiva. Lo scorso anno sono stato veloce ma il weekend \u00e8 stato molto duro. Questi due weekend sono stati fantastici, ma ora devo provare ad essere pi\u00f9 in forma perch\u00e8 per combattere con questi ragazzi devi esserlo davvero&#8221;<\/p>\n<p><strong>Come stavi oggi prima della gara?<\/strong><\/p>\n<p>&#8220;Oggi c&#8217;\u00e8 stato un miglioramento sicuramente rispetto a Silverstone, qui con molte curve a sinistra, pi\u00f9 che altro con il ginocchio sto facendo fatica. Dovr\u00f2 vivere con questo per un po&#8217;, sar\u00e0 lunga prima di stare meglio. La cosa migliore che posso fare \u00e8 mettere muscolo e forza nella parte sinistra del mio corpo e compensare cos\u00ec&#8221;<\/p>\n<\/div>\n","protected":false},"excerpt":{"rendered":"<p>Marco Bezzecchi lascia Aragon con il sorriso dopo il terzo posto conquistato nel GP. Il pilota Aprilia, con il podio ottenuto anche nella Sprint\u00a0completa\u00a0un fine settimana che lui stesso ha definito \u201cfantastico\u201d. Al comando per qualche giro,\u00a0il romagnolo non \u00e8 riuscito a resistere a\u00a0Marc Marquez, cedendo\u00a0poi anche ad una grande staccata di\u00a0Pedro Acosta, con il [&hellip;]<\/p>\n","protected":false},"author":1,"featured_media":0,"comment_status":"open","ping_status":"","sticky":false,"template":"","format":"standard","meta":{"footnotes":""},"categories":[1],"tags":[226,238],"class_list":["post-2119425","post","type-post","status-publish","format-standard","hentry","category-uncategorized","tag-crawlmanager","tag-moto-it"],"_links":{"self":[{"href":"https:\/\/analyse.optim.biz\/index.php?rest_route=\/wp\/v2\/posts\/2119425","targetHints":{"allow":["GET"]}}],"collection":[{"href":"https:\/\/analyse.optim.biz\/index.php?rest_route=\/wp\/v2\/posts"}],"about":[{"href":"https:\/\/analyse.optim.biz\/index.php?rest_route=\/wp\/v2\/types\/post"}],"author":[{"embeddable":true,"href":"https:\/\/analyse.optim.biz\/index.php?rest_route=\/wp\/v2\/users\/1"}],"replies":[{"embeddable":true,"href":"https:\/\/analyse.optim.biz\/index.php?rest_route=%2Fwp%2Fv2%2Fcomments&post=2119425"}],"version-history":[{"count":0,"href":"https:\/\/analyse.optim.biz\/index.php?rest_route=\/wp\/v2\/posts\/2119425\/revisions"}],"wp:attachment":[{"href":"https:\/\/analyse.optim.biz\/index.php?rest_route=%2Fwp%2Fv2%2Fmedia&parent=2119425"}],"wp:term":[{"taxonomy":"category","embeddable":true,"href":"https:\/\/analyse.optim.biz\/index.php?rest_route=%2Fwp%2Fv2%2Fcategories&post=2119425"},{"taxonomy":"post_tag","embeddable":true,"href":"https:\/\/analyse.optim.biz\/index.php?rest_route=%2Fwp%2Fv2%2Ftags&post=2119425"}],"curies":[{"name":"wp","href":"https:\/\/api.w.org\/{rel}","templated":true}]}}