{"id":2119417,"date":"2026-08-30T15:37:00","date_gmt":"2026-08-30T12:37:00","guid":{"rendered":"https:\/\/analyse.optim.biz\/?p=2119417"},"modified":"2026-08-30T15:37:00","modified_gmt":"2026-08-30T12:37:00","slug":"canicula-si-ploi-torentiale-pana-duminica-seara-avertizare-anm-pentru-vaslui","status":"publish","type":"post","link":"https:\/\/analyse.optim.biz\/?p=2119417","title":{"rendered":"Canicul\u0103 \u0219i ploi toren\u021biale p\u00e2n\u0103 duminic\u0103 seara, avertizare ANM pentru Vaslui"},"content":{"rendered":"<p>[analyse_image type=&#8221;featured&#8221; src=&#8221;https:\/\/news-vaslui.ro\/wp-content\/uploads\/2026\/08\/featured-image-1788104216594.jpg&#8221;]<\/p>\n<div class=\"tdb-block-inner td-fix-index\"><a class=\"tdb-logo-a\" href=\"https:\/\/news-vaslui.ro\/\" title=\"logo\"><span class=\"tdb-logo-img-wrap\"><img decoding=\"async\" class=\"tdb-logo-img td-retina-data\" data-retina=\"https:\/\/news-vaslui.ro\/wp-content\/uploads\/2025\/12\/FACT-CHECKED-NEWS-VASLUI-2-300x85.png\" src=\"https:\/\/news-vaslui.ro\/wp-content\/uploads\/2025\/12\/FACT-CHECKED-NEWS-VASLUI-2-300x85.png\" alt=\"logo\" title=\"logo\"><\/span><\/a><\/div>\n<div class=\"tdb-block-inner td-fix-index\"><a class=\"tdb-logo-a\" href=\"https:\/\/news-vaslui.ro\/\" title=\"logo\"><span class=\"tdb-logo-img-wrap\"><img decoding=\"async\" class=\"tdb-logo-img td-retina-data\" data-retina=\"https:\/\/news-vaslui.ro\/wp-content\/uploads\/2025\/12\/FACT-CHECKED-NEWS-VASLUI-2-300x85.png\" src=\"https:\/\/news-vaslui.ro\/wp-content\/uploads\/2025\/12\/FACT-CHECKED-NEWS-VASLUI-2-300x85.png\" alt=\"logo\" title=\"logo\"><\/span><\/a><\/div>\n<div class=\"tdb-block-inner td-fix-index\"><a class=\"tdb-logo-a\" href=\"https:\/\/news-vaslui.ro\/\" title=\"logo\"><span class=\"tdb-logo-img-wrap\"><img decoding=\"async\" class=\"tdb-logo-img td-retina-data\" data-retina=\"https:\/\/news-vaslui.ro\/wp-content\/uploads\/2025\/12\/FACT-CHECKED-NEWS-VASLUI-2-300x85.png\" src=\"https:\/\/news-vaslui.ro\/wp-content\/uploads\/2025\/12\/FACT-CHECKED-NEWS-VASLUI-2-300x85.png\" alt=\"logo\" title=\"logo\"><\/span><\/a><\/div>\n<div class=\"tdb-block-inner td-fix-index\">\n<div class=\"tdb-head-date-txt\">duminic\u0103, august 30, 2026<\/div>\n<\/div>\n<div class=\"tdb-block-inner td-fix-index\">\n<div class=\"tdb-weather-deg-wrap\" data-block-uid=\"tdb_header_weather_uid\"><span class=\"tdb-weather-deg\">29.5<\/span><span class=\"tdb-weather-unit\">C<\/span><\/div>\n<div class=\"tdb-weather-city\">Vaslui<\/div>\n<\/div>\n<div class=\"tdb-block-inner td-fix-index\">\n<div class=\"tdb-drop-down-search\" aria-labelledby=\"td-header-search-button\">\n<div class=\"tdb-drop-down-search-inner\">\n<div class=\"tdb-search-form-inner\">\n<div class=\"tdb-head-search-placeholder\">type here&#8230;<\/div>\n<\/div>\n<\/div>\n<\/div>\n<\/div>\n<div class=\"tdb-block-inner td-fix-index\"><a class=\"tdb-logo-a\" href=\"https:\/\/news-vaslui.ro\/\" title=\"logo\"><span class=\"tdb-logo-img-wrap\"><img decoding=\"async\" class=\"tdb-logo-img td-retina-data\" data-retina=\"https:\/\/news-vaslui.ro\/wp-content\/uploads\/2025\/12\/FACT-CHECKED-NEWS-VASLUI-2-300x85.png\" src=\"https:\/\/news-vaslui.ro\/wp-content\/uploads\/2025\/12\/FACT-CHECKED-NEWS-VASLUI-2-300x85.png\" alt=\"Vaslui News\" title=\"logo\"><\/span><\/a><\/div>\n<div class=\"tdb-block-inner td-fix-index\"><img loading=\"lazy\" decoding=\"async\" width=\"1068\" height=\"712\" class=\"entry-thumb\" src=\"https:\/\/news-vaslui.ro\/wp-content\/uploads\/2026\/08\/featured-image-1788104216594-1068x712.jpg\" alt title=\"Featured Image\"><\/div>\n<div class=\"tdb-block-inner td-fix-index\"><span class=\"reading-time-number\">1<\/span><span class=\"tdb-minute-text\"> min.<\/span><span class=\"tdb-add-text\">Read<\/span><\/div>\n<div class=\"tdb-block-inner td-fix-index\">\n<h1 class=\"tdb-title-text\">Canicul\u0103 \u0219i ploi toren\u021biale p\u00e2n\u0103 duminic\u0103 seara, avertizare ANM pentru Vaslui<\/h1>\n<\/div>\n<div class=\"tdb-block-inner td-fix-index\"><a class=\"tdb-author-photo\" href=\"https:\/\/news-vaslui.ro\/author\/vasluidev\/\" title=\"News Vaslui\"><img decoding=\"async\" alt=\"News Vaslui\" src=\"https:\/\/secure.gravatar.com\/avatar\/7cd75f71af07ac3deeb6cda7fa3e40e8f10cbbf011f111ff652b3ec2cc663f22?s=96&amp;d=mm&amp;r=g\" class=\"avatar avatar-96 photo\" height=\"96\" width=\"96\" loading=\"lazy\"><\/a><\/p>\n<div class=\"tdb-author-name-wrap\"><span class=\"tdb-author-by\">By<\/span><a class=\"tdb-author-name\" href=\"https:\/\/news-vaslui.ro\/author\/vasluidev\/\">News Vaslui<\/a><\/div>\n<\/div>\n<div class=\"tdb-block-inner td-fix-index\"><time class=\"entry-date updated td-module-date\" datetime=\"2026-08-30T15:37:00+00:00\">30 august 2026<\/time><\/div>\n<div class=\"td_block_wrap tdb_single_content tdi_103 td-pb-border-top td_block_template_1 td-post-content tagdiv-type\" data-td-block-uid=\"tdi_103\">\n<div class=\"tdb-block-inner td-fix-index\">\n<div class=\"post-sources-section\">\n<h3>Surse<\/h3>\n<div class=\"sources-list\"><a href=\"https:\/\/vremeanoua.ro\/canicula-si-ploi-torentiale-in-unele-zone-pana-duminica-seara-cum-va-fi-vremea-saptamana-viitoare\" target=\"_blank\" rel=\"noopener\" class=\"source-item\"><\/p>\n<div class=\"source-thumb\"><img decoding=\"async\" src=\"https:\/\/news-vaslui.ro\/wp-content\/uploads\/2025\/12\/vremeanoua.png\" alt=\"Canicul\u0103 \u0219i ploi toren\u021biale \u00een unele zone p\u00e2n\u0103 duminic\u0103 sear\u0103. Cum va...\" class=\"td-animation-stack-type0-2\"><\/div>\n<div class=\"source-info\"><span class=\"source-publication\">Vremea Noua<\/span><span class=\"source-title\">Canicul\u0103 \u0219i ploi toren\u021biale \u00een unele zone p\u00e2n\u0103 duminic\u0103 sear\u0103. Cum va&#8230;<\/span><\/p>\n<p class=\"source-date\">29\/08\/2026<\/p>\n<\/div>\n<p><\/a><\/div>\n<\/div>\n<p>ANM a emis o avertizare meteo valabil\u0103 p\u00e2n\u0103 duminic\u0103 seara, ora 21:00, anun\u021b\u00e2nd vreme canicular\u0103 \u00een cea mai mare parte a \u021b\u0103rii, urmat\u0103 de perioade cu instabilitate atmosferic\u0103 \u0219i averse toren\u021biale. \u00cen Vaslui, meteorologii estimeaz\u0103 valori maxime de aproximativ 30-33\u00b0C, cu umiditate ridicat\u0103, ceea ce va amplifica disconfortul, \u00een special \u00een orele amiezii.<\/p>\n<p>\u00cen regiunile vestice, temperaturile pot atinge 35-36\u00b0C, iar indicele temperatur\u0103-umezeal\u0103 ar putea dep\u0103\u0219i pragul de 80 de unit\u0103\u021bi \u00een Banat \u0219i Cri\u0219ana. ANM subliniaz\u0103 c\u0103 vremea va deveni treptat c\u0103lduroas\u0103 \u00een cea mai mare parte a \u021b\u0103rii, \u00eens\u0103 instabilitatea se va manifesta \u00een timpul zilei de s\u00e2mb\u0103t\u0103 \u00een sud-vest, iar noaptea spre duminic\u0103 \u00een centru \u0219i nord-est, inclusiv \u00een zonele montane.<\/p>\n<p>\u00cen aceste intervale, averse toren\u021biale moderate cantitativ, \u00eenso\u021bite de desc\u0103rc\u0103ri electrice, pot avea impact local; duminic\u0103 dup\u0103-amiaz\u0103 \u0219i seara, fenomenele pot fi prezente \u0219i \u00een Carpa\u021bii Orientali \u0219i Meridionali, iar \u00een Moldova pot ap\u0103rea ploi \u00een intervalele cele mai calde ale zilei. Recomand\u0103rile speciali\u0219tilor, axate pe protec\u021bia \u00eempotriva caniculei \u0219i a ploilor, includ hidratare constant\u0103, haine lejere, protec\u021bie solar\u0103 \u0219i evitarea deplas\u0103rilor \u00een averse intense.<\/p>\n<p>Pentru agricultori, se recomand\u0103 monitorizarea rigolelor de iriga\u021bii \u0219i protejarea culturilor sensibile. Prognoza se poate modifica \u00een func\u021bie de evolu\u021bia sistemelor atmosferice, iar autorit\u0103\u021bile locale vor comunica m\u0103suri suplimentare \u00een timp real.<\/p>\n<p>R\u0103m\u00e2ne\u021bi conecta\u021bi la canalele ANM \u0219i la portalul local pentru actualiz\u0103ri despre vremea \u00een Vaslui.<\/p>\n<\/div>\n<\/div>\n<div class=\"tdb-block-inner td-fix-index\">\n<div class=\"post-sources-section\">\n<h3>Surse<\/h3>\n<div class=\"sources-list\"><a href=\"https:\/\/vremeanoua.ro\/canicula-si-ploi-torentiale-in-unele-zone-pana-duminica-seara-cum-va-fi-vremea-saptamana-viitoare\" target=\"_blank\" rel=\"noopener\" class=\"source-item\"><\/p>\n<div class=\"source-thumb\"><img decoding=\"async\" src=\"https:\/\/news-vaslui.ro\/wp-content\/uploads\/2025\/12\/vremeanoua.png\" alt=\"Canicul\u0103 \u0219i ploi toren\u021biale \u00een unele zone p\u00e2n\u0103 duminic\u0103 sear\u0103. Cum va...\" class=\"td-animation-stack-type0-2\"><\/div>\n<div class=\"source-info\"><span class=\"source-publication\">Vremea Noua<\/span><span class=\"source-title\">Canicul\u0103 \u0219i ploi toren\u021biale \u00een unele zone p\u00e2n\u0103 duminic\u0103 sear\u0103. Cum va&#8230;<\/span><\/p>\n<p class=\"source-date\">29\/08\/2026<\/p>\n<\/div>\n<p><\/a><\/div>\n<\/div>\n<p>ANM a emis o avertizare meteo valabil\u0103 p\u00e2n\u0103 duminic\u0103 seara, ora 21:00, anun\u021b\u00e2nd vreme canicular\u0103 \u00een cea mai mare parte a \u021b\u0103rii, urmat\u0103 de perioade cu instabilitate atmosferic\u0103 \u0219i averse toren\u021biale. \u00cen Vaslui, meteorologii estimeaz\u0103 valori maxime de aproximativ 30-33\u00b0C, cu umiditate ridicat\u0103, ceea ce va amplifica disconfortul, \u00een special \u00een orele amiezii.<\/p>\n<p>\u00cen regiunile vestice, temperaturile pot atinge 35-36\u00b0C, iar indicele temperatur\u0103-umezeal\u0103 ar putea dep\u0103\u0219i pragul de 80 de unit\u0103\u021bi \u00een Banat \u0219i Cri\u0219ana. ANM subliniaz\u0103 c\u0103 vremea va deveni treptat c\u0103lduroas\u0103 \u00een cea mai mare parte a \u021b\u0103rii, \u00eens\u0103 instabilitatea se va manifesta \u00een timpul zilei de s\u00e2mb\u0103t\u0103 \u00een sud-vest, iar noaptea spre duminic\u0103 \u00een centru \u0219i nord-est, inclusiv \u00een zonele montane.<\/p>\n<p>\u00cen aceste intervale, averse toren\u021biale moderate cantitativ, \u00eenso\u021bite de desc\u0103rc\u0103ri electrice, pot avea impact local; duminic\u0103 dup\u0103-amiaz\u0103 \u0219i seara, fenomenele pot fi prezente \u0219i \u00een Carpa\u021bii Orientali \u0219i Meridionali, iar \u00een Moldova pot ap\u0103rea ploi \u00een intervalele cele mai calde ale zilei. Recomand\u0103rile speciali\u0219tilor, axate pe protec\u021bia \u00eempotriva caniculei \u0219i a ploilor, includ hidratare constant\u0103, haine lejere, protec\u021bie solar\u0103 \u0219i evitarea deplas\u0103rilor \u00een averse intense.<\/p>\n<p>Pentru agricultori, se recomand\u0103 monitorizarea rigolelor de iriga\u021bii \u0219i protejarea culturilor sensibile. Prognoza se poate modifica \u00een func\u021bie de evolu\u021bia sistemelor atmosferice, iar autorit\u0103\u021bile locale vor comunica m\u0103suri suplimentare \u00een timp real.<\/p>\n<p>R\u0103m\u00e2ne\u021bi conecta\u021bi la canalele ANM \u0219i la portalul local pentru actualiz\u0103ri despre vremea \u00een Vaslui.<\/p>\n<\/div>\n<div class=\"tdb-block-inner td-fix-index\">\n<div class=\"tdb-next-post tdb-next-post-bg tdb-post-prev\"><span>Articolul precedent<\/span><\/p>\n<div class=\"td-module-container\">\n<div class=\"td-image-container\"><a class=\"td-image-wrap\" href=\"https:\/\/news-vaslui.ro\/mondo-shop-din-hp-central-promite-rechizite-pentru-toate-buzunarele-in-2026-ce-oferte-pregateste-magazinul-pentru-inceperea-anului-scolar\/\"><img decoding=\"async\" class=\"td-next-prev-image td-fix-index\" src=\"https:\/\/news-vaslui.ro\/wp-content\/uploads\/2026\/08\/featured-image-1788017904464-1068x712.jpg\"><\/a><\/div>\n<div class=\"next-prev-title\"><a href=\"https:\/\/news-vaslui.ro\/mondo-shop-din-hp-central-promite-rechizite-pentru-toate-buzunarele-in-2026-ce-oferte-pregateste-magazinul-pentru-inceperea-anului-scolar\/\">Mondo Shop din HP Central promite rechizite pentru toate buzunarele \u00een 2026 \u2014 ce oferte preg\u0103te\u0219te magazinul pentru \u00eenceperea anului \u0219colar<\/a><\/div>\n<\/div>\n<\/div>\n<div class=\"tdb-next-post tdb-next-post-bg tdb-post-next\"><span>Articolul urm\u0103tor<\/span><\/p>\n<div class=\"td-module-container\">\n<div class=\"td-image-container\"><a class=\"td-image-wrap\" href=\"https:\/\/news-vaslui.ro\/se-deschid-parcarile-si-zona-de-servicii-de-pe-centura-barladului-dar-controversele-legate-de-isctr-ridica-intrebari\/\"><img decoding=\"async\" class=\"td-next-prev-image td-fix-index\" src=\"https:\/\/news-vaslui.ro\/wp-content\/uploads\/2026\/08\/featured-image-1788104226253-1068x712.jpg\"><\/a><\/div>\n<div class=\"next-prev-title\"><a href=\"https:\/\/news-vaslui.ro\/se-deschid-parcarile-si-zona-de-servicii-de-pe-centura-barladului-dar-controversele-legate-de-isctr-ridica-intrebari\/\">Se deschid parc\u0103rile \u0219i zona de servicii de pe Centura B\u00e2rladului, dar controversele legate de ISCTR ridic\u0103 \u00eentreb\u0103ri<\/a><\/div>\n<\/div>\n<\/div>\n<\/div>\n<div class=\"tdb-block-inner td-fix-index\"><a class=\"tdb-logo-a\" href=\"https:\/\/news-vaslui.ro\/\" title=\"logo\"><span class=\"tdb-logo-img-wrap\"><img decoding=\"async\" class=\"tdb-logo-img td-retina-data\" data-retina=\"https:\/\/news-vaslui.ro\/wp-content\/uploads\/2025\/12\/FACT-CHECKED-NEWS-VASLUI-2-300x85.png\" src=\"https:\/\/news-vaslui.ro\/wp-content\/uploads\/2025\/12\/FACT-CHECKED-NEWS-VASLUI-2-300x85.png\" alt=\"logo\" title=\"logo\"><\/span><\/a><\/div>\n<p>[analyse_source url=&#8221;https:\/\/news-vaslui.ro\/canicula-si-ploi-torentiale-pana-duminica-seara-avertizare-anm-pentru-vaslui\/#new_tab&#8221;]<\/p>\n","protected":false},"excerpt":{"rendered":"<p>[analyse_image type=&#8221;featured&#8221; src=&#8221;https:\/\/news-vaslui.ro\/wp-content\/uploads\/2026\/08\/featured-image-1788104216594.jpg&#8221;] duminic\u0103, august 30, 2026 29.5C Vaslui type here&#8230; 1 min.Read Canicul\u0103 \u0219i ploi toren\u021biale p\u00e2n\u0103 duminic\u0103 seara, avertizare ANM pentru Vaslui ByNews Vaslui 30 august 2026 Surse Vremea NouaCanicul\u0103 \u0219i ploi toren\u021biale \u00een unele zone p\u00e2n\u0103 duminic\u0103 sear\u0103. Cum va&#8230; 29\/08\/2026 ANM a emis o avertizare meteo valabil\u0103 p\u00e2n\u0103 duminic\u0103 seara, ora [&hellip;]<\/p>\n","protected":false},"author":1,"featured_media":0,"comment_status":"open","ping_status":"","sticky":false,"template":"","format":"standard","meta":{"footnotes":""},"categories":[89],"tags":[226,217],"class_list":["post-2119417","post","type-post","status-publish","format-standard","hentry","category-romania","tag-crawlmanager","tag-vaslui-robo-stiri-ro"],"_links":{"self":[{"href":"https:\/\/analyse.optim.biz\/index.php?rest_route=\/wp\/v2\/posts\/2119417","targetHints":{"allow":["GET"]}}],"collection":[{"href":"https:\/\/analyse.optim.biz\/index.php?rest_route=\/wp\/v2\/posts"}],"about":[{"href":"https:\/\/analyse.optim.biz\/index.php?rest_route=\/wp\/v2\/types\/post"}],"author":[{"embeddable":true,"href":"https:\/\/analyse.optim.biz\/index.php?rest_route=\/wp\/v2\/users\/1"}],"replies":[{"embeddable":true,"href":"https:\/\/analyse.optim.biz\/index.php?rest_route=%2Fwp%2Fv2%2Fcomments&post=2119417"}],"version-history":[{"count":0,"href":"https:\/\/analyse.optim.biz\/index.php?rest_route=\/wp\/v2\/posts\/2119417\/revisions"}],"wp:attachment":[{"href":"https:\/\/analyse.optim.biz\/index.php?rest_route=%2Fwp%2Fv2%2Fmedia&parent=2119417"}],"wp:term":[{"taxonomy":"category","embeddable":true,"href":"https:\/\/analyse.optim.biz\/index.php?rest_route=%2Fwp%2Fv2%2Fcategories&post=2119417"},{"taxonomy":"post_tag","embeddable":true,"href":"https:\/\/analyse.optim.biz\/index.php?rest_route=%2Fwp%2Fv2%2Ftags&post=2119417"}],"curies":[{"name":"wp","href":"https:\/\/api.w.org\/{rel}","templated":true}]}}