{"id":2119411,"date":"2026-08-30T15:37:08","date_gmt":"2026-08-30T12:37:08","guid":{"rendered":"https:\/\/analyse.optim.biz\/?p=2119411"},"modified":"2026-08-30T15:37:08","modified_gmt":"2026-08-30T12:37:08","slug":"se-deschid-parcarile-si-zona-de-servicii-de-pe-centura-barladului-dar-controversele-legate-de-isctr-ridica-intrebari","status":"publish","type":"post","link":"https:\/\/analyse.optim.biz\/?p=2119411","title":{"rendered":"Se deschid parc\u0103rile \u0219i zona de servicii de pe Centura B\u00e2rladului, dar controversele legate de ISCTR ridic\u0103 \u00eentreb\u0103ri"},"content":{"rendered":"<p>[analyse_image type=&#8221;featured&#8221; src=&#8221;https:\/\/news-vaslui.ro\/wp-content\/uploads\/2026\/08\/featured-image-1788104226253.jpg&#8221;]<\/p>\n<div class=\"tdb-block-inner td-fix-index\"><a class=\"tdb-logo-a\" href=\"https:\/\/news-vaslui.ro\/\" title=\"logo\"><span class=\"tdb-logo-img-wrap\"><img decoding=\"async\" class=\"tdb-logo-img td-retina-data\" data-retina=\"https:\/\/news-vaslui.ro\/wp-content\/uploads\/2025\/12\/FACT-CHECKED-NEWS-VASLUI-2-300x85.png\" src=\"https:\/\/news-vaslui.ro\/wp-content\/uploads\/2025\/12\/FACT-CHECKED-NEWS-VASLUI-2-300x85.png\" alt=\"logo\" title=\"logo\"><\/span><\/a><\/div>\n<div class=\"tdb-block-inner td-fix-index\"><a class=\"tdb-logo-a\" href=\"https:\/\/news-vaslui.ro\/\" title=\"logo\"><span class=\"tdb-logo-img-wrap\"><img decoding=\"async\" class=\"tdb-logo-img td-retina-data\" data-retina=\"https:\/\/news-vaslui.ro\/wp-content\/uploads\/2025\/12\/FACT-CHECKED-NEWS-VASLUI-2-300x85.png\" src=\"https:\/\/news-vaslui.ro\/wp-content\/uploads\/2025\/12\/FACT-CHECKED-NEWS-VASLUI-2-300x85.png\" alt=\"logo\" title=\"logo\"><\/span><\/a><\/div>\n<div class=\"tdb-block-inner td-fix-index\"><a class=\"tdb-logo-a\" href=\"https:\/\/news-vaslui.ro\/\" title=\"logo\"><span class=\"tdb-logo-img-wrap\"><img decoding=\"async\" class=\"tdb-logo-img td-retina-data\" data-retina=\"https:\/\/news-vaslui.ro\/wp-content\/uploads\/2025\/12\/FACT-CHECKED-NEWS-VASLUI-2-300x85.png\" src=\"https:\/\/news-vaslui.ro\/wp-content\/uploads\/2025\/12\/FACT-CHECKED-NEWS-VASLUI-2-300x85.png\" alt=\"logo\" title=\"logo\"><\/span><\/a><\/div>\n<div class=\"tdb-block-inner td-fix-index\">\n<div class=\"tdb-head-date-txt\">duminic\u0103, august 30, 2026<\/div>\n<\/div>\n<div class=\"tdb-block-inner td-fix-index\">\n<div class=\"tdb-weather-deg-wrap\" data-block-uid=\"tdb_header_weather_uid\"><span class=\"tdb-weather-deg\">29.5<\/span><span class=\"tdb-weather-unit\">C<\/span><\/div>\n<div class=\"tdb-weather-city\">Vaslui<\/div>\n<\/div>\n<div class=\"tdb-block-inner td-fix-index\">\n<div class=\"tdb-drop-down-search\" aria-labelledby=\"td-header-search-button\">\n<div class=\"tdb-drop-down-search-inner\">\n<div class=\"tdb-search-form-inner\">\n<div class=\"tdb-head-search-placeholder\">type here&#8230;<\/div>\n<\/div>\n<\/div>\n<\/div>\n<\/div>\n<div class=\"tdb-block-inner td-fix-index\"><a class=\"tdb-logo-a\" href=\"https:\/\/news-vaslui.ro\/\" title=\"logo\"><span class=\"tdb-logo-img-wrap\"><img decoding=\"async\" class=\"tdb-logo-img td-retina-data\" data-retina=\"https:\/\/news-vaslui.ro\/wp-content\/uploads\/2025\/12\/FACT-CHECKED-NEWS-VASLUI-2-300x85.png\" src=\"https:\/\/news-vaslui.ro\/wp-content\/uploads\/2025\/12\/FACT-CHECKED-NEWS-VASLUI-2-300x85.png\" alt=\"Vaslui News\" title=\"logo\"><\/span><\/a><\/div>\n<div class=\"tdb-block-inner td-fix-index\"><img loading=\"lazy\" decoding=\"async\" width=\"1068\" height=\"712\" class=\"entry-thumb\" src=\"https:\/\/news-vaslui.ro\/wp-content\/uploads\/2026\/08\/featured-image-1788104226253-1068x712.jpg\" alt title=\"Featured Image\"><\/div>\n<div class=\"tdb-block-inner td-fix-index\"><span class=\"reading-time-number\">Less than 1<\/span><span class=\"tdb-minute-text\"> min.<\/span><span class=\"tdb-add-text\">Read<\/span><\/div>\n<div class=\"tdb-block-inner td-fix-index\">\n<h1 class=\"tdb-title-text\">Se deschid parc\u0103rile \u0219i zona de servicii de pe Centura B\u00e2rladului, dar controversele legate de ISCTR ridic\u0103 \u00eentreb\u0103ri<\/h1>\n<\/div>\n<div class=\"tdb-block-inner td-fix-index\"><a class=\"tdb-author-photo\" href=\"https:\/\/news-vaslui.ro\/author\/vasluidev\/\" title=\"News Vaslui\"><img decoding=\"async\" alt=\"News Vaslui\" src=\"https:\/\/secure.gravatar.com\/avatar\/7cd75f71af07ac3deeb6cda7fa3e40e8f10cbbf011f111ff652b3ec2cc663f22?s=96&amp;d=mm&amp;r=g\" class=\"avatar avatar-96 photo\" height=\"96\" width=\"96\" loading=\"lazy\"><\/a><\/p>\n<div class=\"tdb-author-name-wrap\"><span class=\"tdb-author-by\">By<\/span><a class=\"tdb-author-name\" href=\"https:\/\/news-vaslui.ro\/author\/vasluidev\/\">News Vaslui<\/a><\/div>\n<\/div>\n<div class=\"tdb-block-inner td-fix-index\"><time class=\"entry-date updated td-module-date\" datetime=\"2026-08-30T15:37:08+00:00\">30 august 2026<\/time><\/div>\n<div class=\"td_block_wrap tdb_single_content tdi_103 td-pb-border-top td_block_template_1 td-post-content tagdiv-type\" data-td-block-uid=\"tdi_103\">\n<div class=\"tdb-block-inner td-fix-index\">\n<div class=\"post-sources-section\">\n<h3>Surse<\/h3>\n<div class=\"sources-list\"><a href=\"https:\/\/vremeanoua.ro\/se-vor-da-drumul-la-parcarile-si-zona-de-servicii-de-pe-centura-barladului-vestea-proasta-e-ca-ceterasii-vor-fi-permanent-cu-cantarul-la-datorie\" target=\"_blank\" rel=\"noopener\" class=\"source-item\"><\/p>\n<div class=\"source-thumb\"><img decoding=\"async\" src=\"https:\/\/news-vaslui.ro\/wp-content\/uploads\/2025\/12\/vremeanoua.png\" alt=\"Se vor deschide parc\u0103rile \u0219i zona de servicii de pe Centura B\u00e2rladului....\" class=\"td-animation-stack-type0-2\"><\/div>\n<div class=\"source-info\"><span class=\"source-publication\">Vremea Noua<\/span><span class=\"source-title\">Se vor deschide parc\u0103rile \u0219i zona de servicii de pe Centura B\u00e2rladului&#8230;.<\/span><\/p>\n<p class=\"source-date\">29\/08\/2026<\/p>\n<\/div>\n<p><\/a><\/div>\n<\/div>\n<p>Pe 29 august se \u00eemplinesc doi ani de la inaugurarea Variantei Ocolitoare a B\u00e2rladului, iar traficul pe Centura continu\u0103 s\u0103 creasc\u0103, cu sute de vehicule zilnic. \u00cens\u0103 spa\u021biile de servicii \u0219i parc\u0103rile din zona respectiv\u0103 r\u0103m\u00e2n \u00eenchise, ceea ce provoac\u0103 nemul\u021bumiri \u00een r\u00e2ndul \u0219oferilor \u0219i al locuitorilor din Vaslui.<\/p>\n<p>\u00cen contextul acestei stagn\u0103ri, Adrian Cov\u0103snianu, fost consilier al ministrului Transporturilor \u0219i actualmente vicepre\u0219edinte al Asocia\u021biei \u201eMoldova vrea Autostrad\u0103\u201d, a atras aten\u021bia asupra lipsei de solu\u021bii pentru deschiderea spa\u021biilor. Ovidiu Mugurel Laicu, \u0219eful Regionalei de Drumuri \u0219i Poduri Ia\u0219i, sus\u021bine \u00eens\u0103 c\u0103 s-a ajuns la o solu\u021bie practic\u0103: un parteneriat cu ISCTR, prin care cetera\u0219ii vor c\u00e2nt\u0103ri vehiculele \u0219i se vor ocupa de \u00eentre\u021binerea parc\u0103rilor, \u00een schimbul responsabilit\u0103\u021bilor de control.<\/p>\n<p>Aceast\u0103 variant\u0103 este prezentat\u0103 ca fiind menit\u0103 s\u0103 pun\u0103 cap\u0103t stagn\u0103rii, s\u0103 asigure cur\u0103\u021benia \u0219i s\u0103 securizeze spa\u021biile, f\u0103r\u0103 a cre\u0219te poverile bugetare ale autorit\u0103\u021bilor.<\/p>\n<\/div>\n<\/div>\n<div class=\"tdb-block-inner td-fix-index\">\n<div class=\"post-sources-section\">\n<h3>Surse<\/h3>\n<div class=\"sources-list\"><a href=\"https:\/\/vremeanoua.ro\/se-vor-da-drumul-la-parcarile-si-zona-de-servicii-de-pe-centura-barladului-vestea-proasta-e-ca-ceterasii-vor-fi-permanent-cu-cantarul-la-datorie\" target=\"_blank\" rel=\"noopener\" class=\"source-item\"><\/p>\n<div class=\"source-thumb\"><img decoding=\"async\" src=\"https:\/\/news-vaslui.ro\/wp-content\/uploads\/2025\/12\/vremeanoua.png\" alt=\"Se vor deschide parc\u0103rile \u0219i zona de servicii de pe Centura B\u00e2rladului....\" class=\"td-animation-stack-type0-2\"><\/div>\n<div class=\"source-info\"><span class=\"source-publication\">Vremea Noua<\/span><span class=\"source-title\">Se vor deschide parc\u0103rile \u0219i zona de servicii de pe Centura B\u00e2rladului&#8230;.<\/span><\/p>\n<p class=\"source-date\">29\/08\/2026<\/p>\n<\/div>\n<p><\/a><\/div>\n<\/div>\n<p>Pe 29 august se \u00eemplinesc doi ani de la inaugurarea Variantei Ocolitoare a B\u00e2rladului, iar traficul pe Centura continu\u0103 s\u0103 creasc\u0103, cu sute de vehicule zilnic. \u00cens\u0103 spa\u021biile de servicii \u0219i parc\u0103rile din zona respectiv\u0103 r\u0103m\u00e2n \u00eenchise, ceea ce provoac\u0103 nemul\u021bumiri \u00een r\u00e2ndul \u0219oferilor \u0219i al locuitorilor din Vaslui.<\/p>\n<p>\u00cen contextul acestei stagn\u0103ri, Adrian Cov\u0103snianu, fost consilier al ministrului Transporturilor \u0219i actualmente vicepre\u0219edinte al Asocia\u021biei \u201eMoldova vrea Autostrad\u0103\u201d, a atras aten\u021bia asupra lipsei de solu\u021bii pentru deschiderea spa\u021biilor. Ovidiu Mugurel Laicu, \u0219eful Regionalei de Drumuri \u0219i Poduri Ia\u0219i, sus\u021bine \u00eens\u0103 c\u0103 s-a ajuns la o solu\u021bie practic\u0103: un parteneriat cu ISCTR, prin care cetera\u0219ii vor c\u00e2nt\u0103ri vehiculele \u0219i se vor ocupa de \u00eentre\u021binerea parc\u0103rilor, \u00een schimbul responsabilit\u0103\u021bilor de control.<\/p>\n<p>Aceast\u0103 variant\u0103 este prezentat\u0103 ca fiind menit\u0103 s\u0103 pun\u0103 cap\u0103t stagn\u0103rii, s\u0103 asigure cur\u0103\u021benia \u0219i s\u0103 securizeze spa\u021biile, f\u0103r\u0103 a cre\u0219te poverile bugetare ale autorit\u0103\u021bilor.<\/p>\n<\/div>\n<div class=\"tdb-block-inner td-fix-index\">\n<div class=\"tdb-next-post tdb-next-post-bg tdb-post-prev\"><span>Articolul precedent<\/span><\/p>\n<div class=\"td-module-container\">\n<div class=\"td-image-container\"><a class=\"td-image-wrap\" href=\"https:\/\/news-vaslui.ro\/canicula-si-ploi-torentiale-pana-duminica-seara-avertizare-anm-pentru-vaslui\/\"><img decoding=\"async\" class=\"td-next-prev-image td-fix-index\" src=\"https:\/\/news-vaslui.ro\/wp-content\/uploads\/2026\/08\/featured-image-1788104216594-1068x712.jpg\"><\/a><\/div>\n<div class=\"next-prev-title\"><a href=\"https:\/\/news-vaslui.ro\/canicula-si-ploi-torentiale-pana-duminica-seara-avertizare-anm-pentru-vaslui\/\">Canicul\u0103 \u0219i ploi toren\u021biale p\u00e2n\u0103 duminic\u0103 seara, avertizare ANM pentru Vaslui<\/a><\/div>\n<\/div>\n<\/div>\n<div class=\"tdb-next-post tdb-next-post-bg tdb-post-next\"><span>Articolul urm\u0103tor<\/span><\/p>\n<div class=\"td-module-container\">\n<div class=\"td-image-container\"><a class=\"td-image-wrap\" href=\"https:\/\/news-vaslui.ro\/contractul-auto-se-schimba-in-2026-ce-trebuie-sa-stie-cumparatorii-de-masini-second-hand\/\"><img decoding=\"async\" class=\"td-next-prev-image td-fix-index\" src=\"https:\/\/news-vaslui.ro\/wp-content\/uploads\/2026\/08\/featured-image-1788104233046-1068x712.jpg\"><\/a><\/div>\n<div class=\"next-prev-title\"><a href=\"https:\/\/news-vaslui.ro\/contractul-auto-se-schimba-in-2026-ce-trebuie-sa-stie-cumparatorii-de-masini-second-hand\/\">Contractul auto se schimb\u0103 \u00een 2026: ce trebuie s\u0103 \u0219tie cump\u0103r\u0103torii de ma\u0219ini second-hand<\/a><\/div>\n<\/div>\n<\/div>\n<\/div>\n<div class=\"tdb-block-inner td-fix-index\"><a class=\"tdb-logo-a\" href=\"https:\/\/news-vaslui.ro\/\" title=\"logo\"><span class=\"tdb-logo-img-wrap\"><img decoding=\"async\" class=\"tdb-logo-img td-retina-data\" data-retina=\"https:\/\/news-vaslui.ro\/wp-content\/uploads\/2025\/12\/FACT-CHECKED-NEWS-VASLUI-2-300x85.png\" src=\"https:\/\/news-vaslui.ro\/wp-content\/uploads\/2025\/12\/FACT-CHECKED-NEWS-VASLUI-2-300x85.png\" alt=\"logo\" title=\"logo\"><\/span><\/a><\/div>\n<p>[analyse_source url=&#8221;https:\/\/news-vaslui.ro\/se-deschid-parcarile-si-zona-de-servicii-de-pe-centura-barladului-dar-controversele-legate-de-isctr-ridica-intrebari\/#new_tab&#8221;]<\/p>\n","protected":false},"excerpt":{"rendered":"<p>[analyse_image type=&#8221;featured&#8221; src=&#8221;https:\/\/news-vaslui.ro\/wp-content\/uploads\/2026\/08\/featured-image-1788104226253.jpg&#8221;] duminic\u0103, august 30, 2026 29.5C Vaslui type here&#8230; Less than 1 min.Read Se deschid parc\u0103rile \u0219i zona de servicii de pe Centura B\u00e2rladului, dar controversele legate de ISCTR ridic\u0103 \u00eentreb\u0103ri ByNews Vaslui 30 august 2026 Surse Vremea NouaSe vor deschide parc\u0103rile \u0219i zona de servicii de pe Centura B\u00e2rladului&#8230;. 29\/08\/2026 Pe 29 [&hellip;]<\/p>\n","protected":false},"author":1,"featured_media":0,"comment_status":"open","ping_status":"","sticky":false,"template":"","format":"standard","meta":{"footnotes":""},"categories":[89],"tags":[226,217],"class_list":["post-2119411","post","type-post","status-publish","format-standard","hentry","category-romania","tag-crawlmanager","tag-vaslui-robo-stiri-ro"],"_links":{"self":[{"href":"https:\/\/analyse.optim.biz\/index.php?rest_route=\/wp\/v2\/posts\/2119411","targetHints":{"allow":["GET"]}}],"collection":[{"href":"https:\/\/analyse.optim.biz\/index.php?rest_route=\/wp\/v2\/posts"}],"about":[{"href":"https:\/\/analyse.optim.biz\/index.php?rest_route=\/wp\/v2\/types\/post"}],"author":[{"embeddable":true,"href":"https:\/\/analyse.optim.biz\/index.php?rest_route=\/wp\/v2\/users\/1"}],"replies":[{"embeddable":true,"href":"https:\/\/analyse.optim.biz\/index.php?rest_route=%2Fwp%2Fv2%2Fcomments&post=2119411"}],"version-history":[{"count":0,"href":"https:\/\/analyse.optim.biz\/index.php?rest_route=\/wp\/v2\/posts\/2119411\/revisions"}],"wp:attachment":[{"href":"https:\/\/analyse.optim.biz\/index.php?rest_route=%2Fwp%2Fv2%2Fmedia&parent=2119411"}],"wp:term":[{"taxonomy":"category","embeddable":true,"href":"https:\/\/analyse.optim.biz\/index.php?rest_route=%2Fwp%2Fv2%2Fcategories&post=2119411"},{"taxonomy":"post_tag","embeddable":true,"href":"https:\/\/analyse.optim.biz\/index.php?rest_route=%2Fwp%2Fv2%2Ftags&post=2119411"}],"curies":[{"name":"wp","href":"https:\/\/api.w.org\/{rel}","templated":true}]}}