{"id":2119398,"date":"2026-08-30T15:51:25","date_gmt":"2026-08-30T12:51:25","guid":{"rendered":"https:\/\/analyse.optim.biz\/?p=2119398"},"modified":"2026-08-30T15:51:25","modified_gmt":"2026-08-30T12:51:25","slug":"presedintele-psd-teleorman-facut-cetatean-de-onoare-al-alexandriei-gadea-a-acceptat-propunerea-lui","status":"publish","type":"post","link":"https:\/\/analyse.optim.biz\/?p=2119398","title":{"rendered":"Pre\u0219edintele PSD Teleorman, f\u0103cut cet\u0103\u021bean de onoare al Alexandriei. G\u00e2dea a acceptat propunerea lui"},"content":{"rendered":"<p>[analyse_image type=&#8221;featured&#8221; src=&#8221;https:\/\/liberinteleorman.ro\/wp-content\/uploads\/2026\/08\/adrian-gadea.jpg&#8221;]<\/p>\n<div class=\"entry-content single56__content single56__post_content single56__body_area\">\n<p><strong>Pre\u0219edintele Consiliului Jude\u021bean Teleorman, Adrian-Ionu\u021b G\u00e2dea, a devenit cet\u0103\u021bean de onoare al municipiului Alexandria. Titlul i-a fost acordat \u00een cadrul unei \u0219edin\u021be festive organizate la Centrul Multifunc\u021bional pentru Tineri, dup\u0103 propunerea primarului Victor Dr\u0103gu\u0219in. Cei doi sunt colegi de partid: Dr\u0103gu\u0219in conduce organiza\u021bia PSD Alexandria, iar G\u00e2dea este pre\u0219edintele PSD Teleorman.<\/strong><\/p>\n<h3 class=\"wp-block-heading\">G\u00e2dea a acceptat distinc\u021bia<\/h3>\n<p>Adrian-Ionu\u021b G\u00e2dea a acceptat propunerea de a deveni cet\u0103\u021bean de onoare al Alexandriei, de\u0219i, potrivit unor persoane care \u00eel cunosc, exista a\u0219teptarea ca acesta s\u0103 refuze distinc\u021bia venit\u0103 din partea primarului Victor Dr\u0103gu\u0219in.<\/p>\n<p>Ceremonia a avut loc \u00een sala ro\u0219ie a Centrului Multifunc\u021bional pentru Tineri din Alexandria. Cu aceast\u0103 ocazie, Victor Dr\u0103gu\u0219in a publicat pe Facebook un mesaj dedicat pre\u0219edintelui CJ Teleorman, \u00een care a explicat motivele pentru care consider\u0103 c\u0103 G\u00e2dea merit\u0103 aceast\u0103 distinc\u021bie.<\/p>\n<p>\u201eAceast\u0103 distinc\u021bie nu este despre o func\u021bie, despre o carier\u0103 sau despre un bilan\u021b de activitate. Este despre o contribu\u021bie. Este despre o viziune. Este despre o responsabilitate asumat\u0103\u201d, a scris Victor Dr\u0103gu\u0219in.<\/p>\n<h3 class=\"wp-block-heading\">Primarul: \u201eO investi\u021bie \u00eentr-un spital este o investi\u021bie \u00een via\u021b\u0103\u201d<\/h3>\n<p>\u00cen mesajul s\u0103u, primarul Alexandriei vorbe\u0219te despre proiectele \u0219i investi\u021biile despre care spune c\u0103 au contribuit la dezvoltarea municipiului \u0219i le leag\u0103 de activitatea lui Adrian-Ionu\u021b G\u00e2dea.<\/p>\n<p>\u201eC\u00e2nd vorbim despre contribu\u021bia lui Adrian-Ionu\u021b G\u00e2dea la dezvoltarea Alexandriei, nu trebuie s\u0103 privim doar c\u0103tre ceea ce se vede. Trebuie s\u0103 privim \u0219i c\u0103tre ceea ce a f\u0103cut posibil ceea ce se vede. Un drum modernizat nu este doar asfalt \u0219i infrastructur\u0103. Este timp c\u00e2\u0219tigat. Este siguran\u021b\u0103. Este mobilitate. Este o condi\u021bie pentru dezvoltare.<\/p>\n<p>O cl\u0103dire public\u0103 modernizat\u0103 nu este doar beton \u0219i arhitectur\u0103. Este respect pentru cet\u0103\u021bean. Este func\u021bionalitate. Este demnitate institu\u021bional\u0103.<\/p>\n<p>O investi\u021bie \u00eentr-un spital nu este doar o investi\u021bie \u00eentr-o infrastructur\u0103 medical\u0103. Este o investi\u021bie \u00een via\u021b\u0103.<\/p>\n<p>Iar o investi\u021bie \u00een cultur\u0103 nu este o cheltuial\u0103 care produce doar evenimente. Este o investi\u021bie \u00een memoria unei comunit\u0103\u021bi \u0219i \u00een felul \u00een care o genera\u021bie se raporteaz\u0103 la propriile sale r\u0103d\u0103cini.<\/p>\n<p>Aceasta este perspectiva \u00een care trebuie privit\u0103 contribu\u021bia domnului Adrian-Ionu\u021b G\u00e2dea la dezvoltarea Alexandriei.<\/p>\n<p>V\u0103 mul\u021bumim pentru anii \u00een care a\u021bi pus experien\u021ba, energia \u0219i responsabilitatea dumneavoastr\u0103 \u00een slujba comunit\u0103\u021bii!\u201d, a transmis Victor Dr\u0103gu\u0219in pe Facebook.<\/p>\n<figure class=\"wp-block-gallery has-nested-images columns-default is-cropped wp-block-gallery-1 is-layout-flex wp-block-gallery-is-layout-flex\">\n<figure class=\"wp-block-image size-large\"><a href=\"https:\/\/liberinteleorman.ro\/wp-content\/uploads\/2026\/08\/789060213_18479502211110066_560095750115015464_n.jpg\"><img decoding=\"async\" loading=\"lazy\" width=\"900\" height=\"506\" data-id=\"43079\" src=\"https:\/\/liberinteleorman.ro\/wp-content\/uploads\/2026\/08\/789060213_18479502211110066_560095750115015464_n.jpg\" alt class=\"wp-image-43079\"><\/a><\/figure>\n<figure class=\"wp-block-image size-large\"><a href=\"https:\/\/liberinteleorman.ro\/wp-content\/uploads\/2026\/08\/790317499_18479502307110066_8238072769142845618_n.jpg\"><img decoding=\"async\" loading=\"lazy\" width=\"900\" height=\"506\" data-id=\"43080\" src=\"https:\/\/liberinteleorman.ro\/wp-content\/uploads\/2026\/08\/790317499_18479502307110066_8238072769142845618_n.jpg\" alt class=\"wp-image-43080\"><\/a><\/figure>\n<figure class=\"wp-block-image size-large\"><a href=\"https:\/\/liberinteleorman.ro\/wp-content\/uploads\/2026\/08\/790667914_18479502295110066_117871302022358768_n.jpg\"><img decoding=\"async\" loading=\"lazy\" width=\"900\" height=\"506\" data-id=\"43077\" src=\"https:\/\/liberinteleorman.ro\/wp-content\/uploads\/2026\/08\/790667914_18479502295110066_117871302022358768_n.jpg\" alt class=\"wp-image-43077\"><\/a><\/figure>\n<figure class=\"wp-block-image size-large\"><a href=\"https:\/\/liberinteleorman.ro\/wp-content\/uploads\/2026\/08\/791110365_18479502298110066_5366624670463262220_n.jpg\"><img decoding=\"async\" loading=\"lazy\" width=\"900\" height=\"506\" data-id=\"43078\" src=\"https:\/\/liberinteleorman.ro\/wp-content\/uploads\/2026\/08\/791110365_18479502298110066_5366624670463262220_n.jpg\" alt class=\"wp-image-43078\"><\/a><\/figure>\n<\/figure>\n<\/div>\n<p>[analyse_source url=&#8221;https:\/\/liberinteleorman.ro\/presedintele-psd-teleorman-facut-cetatean-de-onoare-al-alexandriei-gadea-a-acceptat-propunerea-lui-dragusin\/&#8221;]<\/p>\n","protected":false},"excerpt":{"rendered":"<p>[analyse_image type=&#8221;featured&#8221; src=&#8221;https:\/\/liberinteleorman.ro\/wp-content\/uploads\/2026\/08\/adrian-gadea.jpg&#8221;] Pre\u0219edintele Consiliului Jude\u021bean Teleorman, Adrian-Ionu\u021b G\u00e2dea, a devenit cet\u0103\u021bean de onoare al municipiului Alexandria. Titlul i-a fost acordat \u00een cadrul unei \u0219edin\u021be festive organizate la Centrul Multifunc\u021bional pentru Tineri, dup\u0103 propunerea primarului Victor Dr\u0103gu\u0219in. Cei doi sunt colegi de partid: Dr\u0103gu\u0219in conduce organiza\u021bia PSD Alexandria, iar G\u00e2dea este pre\u0219edintele PSD Teleorman. G\u00e2dea [&hellip;]<\/p>\n","protected":false},"author":1,"featured_media":0,"comment_status":"open","ping_status":"","sticky":false,"template":"","format":"standard","meta":{"footnotes":""},"categories":[89],"tags":[226,181],"class_list":["post-2119398","post","type-post","status-publish","format-standard","hentry","category-romania","tag-crawlmanager","tag-liberinteleorman-ro"],"_links":{"self":[{"href":"https:\/\/analyse.optim.biz\/index.php?rest_route=\/wp\/v2\/posts\/2119398","targetHints":{"allow":["GET"]}}],"collection":[{"href":"https:\/\/analyse.optim.biz\/index.php?rest_route=\/wp\/v2\/posts"}],"about":[{"href":"https:\/\/analyse.optim.biz\/index.php?rest_route=\/wp\/v2\/types\/post"}],"author":[{"embeddable":true,"href":"https:\/\/analyse.optim.biz\/index.php?rest_route=\/wp\/v2\/users\/1"}],"replies":[{"embeddable":true,"href":"https:\/\/analyse.optim.biz\/index.php?rest_route=%2Fwp%2Fv2%2Fcomments&post=2119398"}],"version-history":[{"count":0,"href":"https:\/\/analyse.optim.biz\/index.php?rest_route=\/wp\/v2\/posts\/2119398\/revisions"}],"wp:attachment":[{"href":"https:\/\/analyse.optim.biz\/index.php?rest_route=%2Fwp%2Fv2%2Fmedia&parent=2119398"}],"wp:term":[{"taxonomy":"category","embeddable":true,"href":"https:\/\/analyse.optim.biz\/index.php?rest_route=%2Fwp%2Fv2%2Fcategories&post=2119398"},{"taxonomy":"post_tag","embeddable":true,"href":"https:\/\/analyse.optim.biz\/index.php?rest_route=%2Fwp%2Fv2%2Ftags&post=2119398"}],"curies":[{"name":"wp","href":"https:\/\/api.w.org\/{rel}","templated":true}]}}