{"id":2119392,"date":"2026-08-30T13:57:57","date_gmt":"2026-08-30T10:57:57","guid":{"rendered":"https:\/\/analyse.optim.biz\/?p=2119392"},"modified":"2026-08-30T13:57:57","modified_gmt":"2026-08-30T10:57:57","slug":"presedintele-cj-suceava-gheorghe-soldan-prezent-la-hramul-manastirii-sihastria-rascai-a-primit-ordinul-sfantul-mucenic-ioan-cel-nou-de-la-suceava","status":"publish","type":"post","link":"https:\/\/analyse.optim.biz\/?p=2119392","title":{"rendered":"Pre\u0219edintele CJ Suceava, Gheorghe \u0218oldan, prezent la hramul M\u0103n\u0103stirii Sih\u0103stria R\u00e2\u0219c\u0103i. A primit Ordinul \u201eSf\u00e2ntul Mucenic Ioan cel Nou de la Suceava\u201d"},"content":{"rendered":"<p>[analyse_image type=&#8221;featured&#8221; src=&#8221;https:\/\/www.newsbucovina.ro\/wp-content\/uploads\/2026\/08\/788530381_4428148704074752_498289340239309704_n.jpghttps:\/\/cdn.newsbucovina.ro\/wp-content\/uploads\/2026\/08\/788530381_4428148704074752_498289340239309704_n.jpg&#8221;]<\/p>\n<div class=\"td-post-content tagdiv-type\">\n<div class=\"td-a-rec td-a-rec-id-content_top  tdi_3 td_block_template_1\">\n<div class=\"nb-social-buttons\"><a class=\"nb-social-btn nb-social-youtube\" href=\"https:\/\/www.youtube.com\/@ZiarulNewsBucovina?sub_confirmation=1\" target=\"_blank\" rel=\"noopener external\" title=\"Aboneaz\u0103-te la NewsBucovina pe YouTube\"><span class=\"nb-social-text\"><strong>Aboneaz\u0103-te pe YouTube<\/strong><small>NewsBucovina<\/small><\/span><\/a><a class=\"nb-social-btn nb-social-telegram\" href=\"https:\/\/t.me\/+TH8wcfnp8fw5NWI0\" target=\"_blank\" rel=\"noopener external\" title=\"Intr\u0103 \u00een grupul Telegram News Bucovina\"><span class=\"nb-social-text\"><strong>Intr\u0103 pe Telegram<\/strong><small>Grupul News Bucovina<\/small><\/span><\/a><a class=\"nb-social-btn nb-social-google\" href=\"https:\/\/www.google.com\/preferences\/source?q=newsbucovina.ro\" target=\"_blank\" rel=\"noopener external\" title=\"Adaug\u0103 NewsBucovina ca surs\u0103 preferat\u0103 \u00een Google\"><span class=\"nb-social-text\"><strong>Adaug\u0103 NewsBucovina<\/strong><small>Surs\u0103 preferat\u0103 \u00een Google<\/small><\/span><\/a><\/div>\n<\/div>\n<p class=\"wp-block-paragraph\">Pre\u0219edintele Consiliului Jude\u021bean Suceava, Gheorghe \u0218oldan, a participat duminic\u0103, 30 august 2026, la hramul M\u0103n\u0103stirii Sih\u0103stria R\u00e2\u0219c\u0103i, al\u0103turi de mii de credincio\u0219i veni\u021bi la slujb\u0103.<\/p>\n<figure class=\"wp-block-image size-large\"><a href=\"https:\/\/cdn.newsbucovina.ro\/wp-content\/uploads\/2026\/08\/788530381_4428148704074752_498289340239309704_n.jpg\"><img loading=\"lazy\" decoding=\"async\" width=\"1024\" height=\"682\" src=\"https:\/\/cdn.newsbucovina.ro\/wp-content\/uploads\/2026\/08\/788530381_4428148704074752_498289340239309704_n-1024x682.jpg\" alt class=\"wp-image-448131\"><\/a><\/figure>\n<p class=\"wp-block-paragraph\">Pre\u0219edintele \u0218oldan a fost prezent la Sf\u00e2nta Liturghie Arhiereasc\u0103, \u00eempreun\u0103 cu mai mul\u021bi primari \u0219i conduc\u0103tori de institu\u021bii din jude\u021b.<\/p>\n<p class=\"wp-block-paragraph\">La finalul slujbei, Gheorghe \u0218oldan a primit Ordinul \u201eSf\u00e2ntul Mucenic Ioan cel Nou de la Suceava\u201d, distinc\u021bie ce a fost oferit\u0103, \u00een aceea\u0219i zi, mai multor persoane care au contribuit la ceea ce este ast\u0103zi m\u0103n\u0103stirea.<\/p>\n<p class=\"wp-block-paragraph\">\u201eM-am num\u0103rat ast\u0103zi printre miile de credincio\u0219i veni\u021bi la hramul M\u0103n\u0103stirii Sih\u0103stria R\u00e2\u0219c\u0103i. E unul dintre locurile dragi sufletului meu, nu doar pentru frumuse\u021bea l\u0103ca\u0219ului \u0219i a picturii sale, ci mai ales pentru omul care a transformat un vis \u00eentr-una dintre cele mai frumoase m\u0103n\u0103stiri ale jude\u021bului nostru: p\u0103rintele arhimandrit Mihail\u201d, a scris pre\u0219edintele Consiliului Jude\u021bean.<\/p>\n<p class=\"wp-block-paragraph\">\u0218oldan a spus c\u0103 \u00eel onoreaz\u0103 recunoa\u0219terea, mai ales c\u0103 a fost acordat\u0103 celor care au stat al\u0103turi de a\u0219ez\u0103m\u00e2nt. Privind biserica pictat\u0103 \u0219i poiana din fa\u021ba m\u0103n\u0103stirii, unde se aflau alte c\u00e2teva mii de credincio\u0219i, a vorbit despre \u00eentoarcerea oamenilor la Biseric\u0103, indiferent de drumurile pe care le urmeaz\u0103.<\/p>\n<p class=\"wp-block-paragraph\">\u201eVenim s\u0103 mul\u021bumim c\u00e2nd ne este bine \u0219i, mai ales, s\u0103 ne \u00eent\u0103rim sufletul atunci c\u00e2nd ne este mai greu. Aici ne reg\u0103sim \u0219i \u00een\u021belegem c\u0103 nu suntem singuri. Ne avem aproape \u0219i, mai presus de toate, \u00cel avem pe Dumnezeu\u201d, a ad\u0103ugat Gheorghe \u0218oldan.<\/p>\n<div class=\"td-a-rec td-a-rec-id-content_bottom  tdi_4 td_block_template_1\"><strong>Intr\u0103 acum \u0219i \u00een grupul de <\/p>\n<div class=\"wp-block-button\"><a class=\"wp-block-button__link wp-element-button\" href=\"https:\/\/t.me\/+TH8wcfnp8fw5NWI0\">Telegram News Bucovina<\/a><\/div>\n<p><\/strong><\/div>\n<\/div>\n<div class=\"td-post-content tagdiv-type\">\n<div class=\"td-a-rec td-a-rec-id-content_top  tdi_3 td_block_template_1\">\n<div class=\"nb-social-buttons\"><a class=\"nb-social-btn nb-social-youtube\" href=\"https:\/\/www.youtube.com\/@ZiarulNewsBucovina?sub_confirmation=1\" target=\"_blank\" rel=\"noopener external\" title=\"Aboneaz\u0103-te la NewsBucovina pe YouTube\"><span class=\"nb-social-text\"><strong>Aboneaz\u0103-te pe YouTube<\/strong><small>NewsBucovina<\/small><\/span><\/a><a class=\"nb-social-btn nb-social-telegram\" href=\"https:\/\/t.me\/+TH8wcfnp8fw5NWI0\" target=\"_blank\" rel=\"noopener external\" title=\"Intr\u0103 \u00een grupul Telegram News Bucovina\"><span class=\"nb-social-text\"><strong>Intr\u0103 pe Telegram<\/strong><small>Grupul News Bucovina<\/small><\/span><\/a><a class=\"nb-social-btn nb-social-google\" href=\"https:\/\/www.google.com\/preferences\/source?q=newsbucovina.ro\" target=\"_blank\" rel=\"noopener external\" title=\"Adaug\u0103 NewsBucovina ca surs\u0103 preferat\u0103 \u00een Google\"><span class=\"nb-social-text\"><strong>Adaug\u0103 NewsBucovina<\/strong><small>Surs\u0103 preferat\u0103 \u00een Google<\/small><\/span><\/a><\/div>\n<\/div>\n<p class=\"wp-block-paragraph\">Pre\u0219edintele Consiliului Jude\u021bean Suceava, Gheorghe \u0218oldan, a participat duminic\u0103, 30 august 2026, la hramul M\u0103n\u0103stirii Sih\u0103stria R\u00e2\u0219c\u0103i, al\u0103turi de mii de credincio\u0219i veni\u021bi la slujb\u0103.<\/p>\n<figure class=\"wp-block-image size-large\"><a href=\"https:\/\/cdn.newsbucovina.ro\/wp-content\/uploads\/2026\/08\/788530381_4428148704074752_498289340239309704_n.jpg\"><img loading=\"lazy\" decoding=\"async\" width=\"1024\" height=\"682\" src=\"https:\/\/cdn.newsbucovina.ro\/wp-content\/uploads\/2026\/08\/788530381_4428148704074752_498289340239309704_n-1024x682.jpg\" alt class=\"wp-image-448131\"><\/a><\/figure>\n<p class=\"wp-block-paragraph\">Pre\u0219edintele \u0218oldan a fost prezent la Sf\u00e2nta Liturghie Arhiereasc\u0103, \u00eempreun\u0103 cu mai mul\u021bi primari \u0219i conduc\u0103tori de institu\u021bii din jude\u021b.<\/p>\n<p class=\"wp-block-paragraph\">La finalul slujbei, Gheorghe \u0218oldan a primit Ordinul \u201eSf\u00e2ntul Mucenic Ioan cel Nou de la Suceava\u201d, distinc\u021bie ce a fost oferit\u0103, \u00een aceea\u0219i zi, mai multor persoane care au contribuit la ceea ce este ast\u0103zi m\u0103n\u0103stirea.<\/p>\n<p class=\"wp-block-paragraph\">\u201eM-am num\u0103rat ast\u0103zi printre miile de credincio\u0219i veni\u021bi la hramul M\u0103n\u0103stirii Sih\u0103stria R\u00e2\u0219c\u0103i. E unul dintre locurile dragi sufletului meu, nu doar pentru frumuse\u021bea l\u0103ca\u0219ului \u0219i a picturii sale, ci mai ales pentru omul care a transformat un vis \u00eentr-una dintre cele mai frumoase m\u0103n\u0103stiri ale jude\u021bului nostru: p\u0103rintele arhimandrit Mihail\u201d, a scris pre\u0219edintele Consiliului Jude\u021bean.<\/p>\n<p class=\"wp-block-paragraph\">\u0218oldan a spus c\u0103 \u00eel onoreaz\u0103 recunoa\u0219terea, mai ales c\u0103 a fost acordat\u0103 celor care au stat al\u0103turi de a\u0219ez\u0103m\u00e2nt. Privind biserica pictat\u0103 \u0219i poiana din fa\u021ba m\u0103n\u0103stirii, unde se aflau alte c\u00e2teva mii de credincio\u0219i, a vorbit despre \u00eentoarcerea oamenilor la Biseric\u0103, indiferent de drumurile pe care le urmeaz\u0103.<\/p>\n<p class=\"wp-block-paragraph\">\u201eVenim s\u0103 mul\u021bumim c\u00e2nd ne este bine \u0219i, mai ales, s\u0103 ne \u00eent\u0103rim sufletul atunci c\u00e2nd ne este mai greu. Aici ne reg\u0103sim \u0219i \u00een\u021belegem c\u0103 nu suntem singuri. Ne avem aproape \u0219i, mai presus de toate, \u00cel avem pe Dumnezeu\u201d, a ad\u0103ugat Gheorghe \u0218oldan.<\/p>\n<div class=\"td-a-rec td-a-rec-id-content_bottom  tdi_4 td_block_template_1\"><strong>Intr\u0103 acum \u0219i \u00een grupul de <\/p>\n<div class=\"wp-block-button\"><a class=\"wp-block-button__link wp-element-button\" href=\"https:\/\/t.me\/+TH8wcfnp8fw5NWI0\">Telegram News Bucovina<\/a><\/div>\n<p><\/strong><\/div>\n<\/div>\n<p>[analyse_source url=&#8221;https:\/\/www.newsbucovina.ro\/actualitate\/448130\/presedintele-cj-suceava-gheorghe-soldan-prezent-la-hramul-manastirii-sihastria-rascai-a-primit-ordinul-sfantul-mucenic-ioan-cel-nou-de-la-suceava&#8221;]<\/p>\n","protected":false},"excerpt":{"rendered":"<p>[analyse_image type=&#8221;featured&#8221; src=&#8221;https:\/\/www.newsbucovina.ro\/wp-content\/uploads\/2026\/08\/788530381_4428148704074752_498289340239309704_n.jpghttps:\/\/cdn.newsbucovina.ro\/wp-content\/uploads\/2026\/08\/788530381_4428148704074752_498289340239309704_n.jpg&#8221;] Aboneaz\u0103-te pe YouTubeNewsBucovinaIntr\u0103 pe TelegramGrupul News BucovinaAdaug\u0103 NewsBucovinaSurs\u0103 preferat\u0103 \u00een Google Pre\u0219edintele Consiliului Jude\u021bean Suceava, Gheorghe \u0218oldan, a participat duminic\u0103, 30 august 2026, la hramul M\u0103n\u0103stirii Sih\u0103stria R\u00e2\u0219c\u0103i, al\u0103turi de mii de credincio\u0219i veni\u021bi la slujb\u0103. Pre\u0219edintele \u0218oldan a fost prezent la Sf\u00e2nta Liturghie Arhiereasc\u0103, \u00eempreun\u0103 cu mai mul\u021bi primari \u0219i conduc\u0103tori [&hellip;]<\/p>\n","protected":false},"author":1,"featured_media":0,"comment_status":"open","ping_status":"","sticky":false,"template":"","format":"standard","meta":{"footnotes":""},"categories":[89],"tags":[226,165],"class_list":["post-2119392","post","type-post","status-publish","format-standard","hentry","category-romania","tag-crawlmanager","tag-newsbucovina-ro"],"_links":{"self":[{"href":"https:\/\/analyse.optim.biz\/index.php?rest_route=\/wp\/v2\/posts\/2119392","targetHints":{"allow":["GET"]}}],"collection":[{"href":"https:\/\/analyse.optim.biz\/index.php?rest_route=\/wp\/v2\/posts"}],"about":[{"href":"https:\/\/analyse.optim.biz\/index.php?rest_route=\/wp\/v2\/types\/post"}],"author":[{"embeddable":true,"href":"https:\/\/analyse.optim.biz\/index.php?rest_route=\/wp\/v2\/users\/1"}],"replies":[{"embeddable":true,"href":"https:\/\/analyse.optim.biz\/index.php?rest_route=%2Fwp%2Fv2%2Fcomments&post=2119392"}],"version-history":[{"count":0,"href":"https:\/\/analyse.optim.biz\/index.php?rest_route=\/wp\/v2\/posts\/2119392\/revisions"}],"wp:attachment":[{"href":"https:\/\/analyse.optim.biz\/index.php?rest_route=%2Fwp%2Fv2%2Fmedia&parent=2119392"}],"wp:term":[{"taxonomy":"category","embeddable":true,"href":"https:\/\/analyse.optim.biz\/index.php?rest_route=%2Fwp%2Fv2%2Fcategories&post=2119392"},{"taxonomy":"post_tag","embeddable":true,"href":"https:\/\/analyse.optim.biz\/index.php?rest_route=%2Fwp%2Fv2%2Ftags&post=2119392"}],"curies":[{"name":"wp","href":"https:\/\/api.w.org\/{rel}","templated":true}]}}