{"id":2119389,"date":"2026-08-30T13:50:22","date_gmt":"2026-08-30T10:50:22","guid":{"rendered":"https:\/\/analyse.optim.biz\/?p=2119389"},"modified":"2026-08-30T13:50:22","modified_gmt":"2026-08-30T10:50:22","slug":"aur-mondial-la-amsterdam-pentru-romania-in-81-mixt-in-barca-trei-canotori-suceveni-stefan-berariu-florin-lehaci-si-ciprian-tudosa-simona-radis-si-adriana-adam-performanta-unica-in-istoria-mond","status":"publish","type":"post","link":"https:\/\/analyse.optim.biz\/?p=2119389","title":{"rendered":"Aur mondial la Amsterdam pentru Rom\u00e2nia, \u00een 8+1 mixt. \u00cen barc\u0103, trei canotori suceveni: \u0218tefan Berariu, Florin Lehaci \u0219i Ciprian Tudos\u0103. Simona Radi\u0219 \u0219i Adriana Adam, performan\u021b\u0103 unic\u0103 \u00een istoria Mondialelor"},"content":{"rendered":"<p>[analyse_image type=&#8221;featured&#8221; src=&#8221;https:\/\/www.newsbucovina.ro\/wp-content\/uploads\/2026\/08\/788461521_897799079798896_4470559690615882735_n.jpghttps:\/\/cdn.newsbucovina.ro\/wp-content\/uploads\/2026\/08\/788461521_897799079798896_4470559690615882735_n.jpg&#8221;]<\/p>\n<div class=\"td-post-content tagdiv-type\">\n<div class=\"td-a-rec td-a-rec-id-content_top  tdi_3 td_block_template_1\">\n<div class=\"nb-social-buttons\"><a class=\"nb-social-btn nb-social-youtube\" href=\"https:\/\/www.youtube.com\/@ZiarulNewsBucovina?sub_confirmation=1\" target=\"_blank\" rel=\"noopener external\" title=\"Aboneaz\u0103-te la NewsBucovina pe YouTube\"><span class=\"nb-social-text\"><strong>Aboneaz\u0103-te pe YouTube<\/strong><small>NewsBucovina<\/small><\/span><\/a><a class=\"nb-social-btn nb-social-telegram\" href=\"https:\/\/t.me\/+TH8wcfnp8fw5NWI0\" target=\"_blank\" rel=\"noopener external\" title=\"Intr\u0103 \u00een grupul Telegram News Bucovina\"><span class=\"nb-social-text\"><strong>Intr\u0103 pe Telegram<\/strong><small>Grupul News Bucovina<\/small><\/span><\/a><a class=\"nb-social-btn nb-social-google\" href=\"https:\/\/www.google.com\/preferences\/source?q=newsbucovina.ro\" target=\"_blank\" rel=\"noopener external\" title=\"Adaug\u0103 NewsBucovina ca surs\u0103 preferat\u0103 \u00een Google\"><span class=\"nb-social-text\"><strong>Adaug\u0103 NewsBucovina<\/strong><small>Surs\u0103 preferat\u0103 \u00een Google<\/small><\/span><\/a><\/div>\n<\/div>\n<p class=\"wp-block-paragraph\">Rom\u00e2nia a cucerit duminic\u0103, 30 august 2026, medalia de aur \u00een proba de 8+1 mixt (Mix8+) la Campionatele Mondiale de Canotaj de la Amsterdam. Echipajul tricolor a luptat p\u00e2n\u0103 la cap\u0103t \u0219i a urcat pe cea mai \u00eenalt\u0103 treapt\u0103 a podiumului, \u00eentr-o zi de v\u00e2rf pentru canotajul rom\u00e2nesc.<\/p>\n<figure class=\"wp-block-image size-large\"><a href=\"https:\/\/cdn.newsbucovina.ro\/wp-content\/uploads\/2026\/08\/788461521_897799079798896_4470559690615882735_n.jpg\"><img loading=\"lazy\" decoding=\"async\" width=\"1024\" height=\"823\" src=\"https:\/\/cdn.newsbucovina.ro\/wp-content\/uploads\/2026\/08\/788461521_897799079798896_4470559690615882735_n-1024x823.jpg\" alt class=\"wp-image-448135\"><\/a><\/figure>\n<p class=\"wp-block-paragraph\">\u00cen barc\u0103 au v\u00e2slit Cristina Drug\u0103, Amalia Chelaru, Adriana Adam, Florin Lehaci, Cosmin Iulian Ple\u0219escu, Ciprian Tudos\u0103, \u0218tefan Berariu \u0219i Simona Radi\u0219, cu Victoria Petreanu la c\u00e2rm\u0103. Dintre ei, trei sunt sportivi cu r\u0103d\u0103cini \u00een jude\u021bul Suceava: \u0218tefan Berariu, Florin Lehaci \u0219i Ciprian Tudos\u0103. Pentru cei trei, aurul de la Amsterdam vine dup\u0103 o s\u0103pt\u0103m\u00e2n\u0103 intens\u0103 pe canalul Bosbaan, \u00een care Berariu \u0219i Lehaci au \u00eencheiat pe locul 4 la dublu rame masculin.<\/p>\n<p class=\"wp-block-paragraph\">Este a treia medalie de aur a Rom\u00e2niei la aceast\u0103 edi\u021bie \u0219i o zi istoric\u0103 pentru Simona Radi\u0219 \u0219i Adriana Adam. Cele dou\u0103 au devenit primele sportive din istoria Campionatelor Mondiale de Canotaj care cuceresc trei titluri mondiale la aceea\u0219i edi\u021bie: aur la dublu rame feminin, aur la 8+1 feminin (cu record mondial) \u0219i aur la 8+1 mixt.<\/p>\n<p class=\"wp-block-paragraph\">Vineri, Radi\u0219 \u0219i Adam au c\u00e2\u0219tigat dublul rame feminin \u0219i au dobor\u00e2t recordul mondial de\u021binut din 2014 de britanicele Helen Glover \u0219i Heather Stanning, tot pe lacul Bosbaan. Duminic\u0103, \u00eenaintea probei mixte, echipajul feminin de 8+1 \u2013 din care au f\u0103cut parte \u0219i Cristina Drug\u0103, Amalia Chelaru, Adriana Adam, Simona Radi\u0219 \u0219i c\u00e2rmaciul Victoria Petreanu \u2013 a luat aurul \u0219i a stabilit un nou record mondial, 5:51.88.<\/p>\n<p class=\"wp-block-paragraph\">Pentru jude\u021bul Suceava, podiumul de la Amsterdam confirm\u0103 \u00eenc\u0103 o dat\u0103 locul canotajului local \u00een elita na\u021bional\u0103. Berariu, Lehaci \u0219i Tudos\u0103 au dus din nou numele Bucovinei pe cea mai \u00eenalt\u0103 treapt\u0103 a lumii, \u00eentr-o prob\u0103 mixt\u0103 \u00een care Rom\u00e2nia a scris o pagin\u0103 nou\u0103.<\/p>\n<div class=\"td-a-rec td-a-rec-id-content_bottom  tdi_4 td_block_template_1\"><strong>Intr\u0103 acum \u0219i \u00een grupul de <\/p>\n<div class=\"wp-block-button\"><a class=\"wp-block-button__link wp-element-button\" href=\"https:\/\/t.me\/+TH8wcfnp8fw5NWI0\">Telegram News Bucovina<\/a><\/div>\n<p><\/strong><\/div>\n<\/div>\n<div class=\"td-post-content tagdiv-type\">\n<div class=\"td-a-rec td-a-rec-id-content_top  tdi_3 td_block_template_1\">\n<div class=\"nb-social-buttons\"><a class=\"nb-social-btn nb-social-youtube\" href=\"https:\/\/www.youtube.com\/@ZiarulNewsBucovina?sub_confirmation=1\" target=\"_blank\" rel=\"noopener external\" title=\"Aboneaz\u0103-te la NewsBucovina pe YouTube\"><span class=\"nb-social-text\"><strong>Aboneaz\u0103-te pe YouTube<\/strong><small>NewsBucovina<\/small><\/span><\/a><a class=\"nb-social-btn nb-social-telegram\" href=\"https:\/\/t.me\/+TH8wcfnp8fw5NWI0\" target=\"_blank\" rel=\"noopener external\" title=\"Intr\u0103 \u00een grupul Telegram News Bucovina\"><span class=\"nb-social-text\"><strong>Intr\u0103 pe Telegram<\/strong><small>Grupul News Bucovina<\/small><\/span><\/a><a class=\"nb-social-btn nb-social-google\" href=\"https:\/\/www.google.com\/preferences\/source?q=newsbucovina.ro\" target=\"_blank\" rel=\"noopener external\" title=\"Adaug\u0103 NewsBucovina ca surs\u0103 preferat\u0103 \u00een Google\"><span class=\"nb-social-text\"><strong>Adaug\u0103 NewsBucovina<\/strong><small>Surs\u0103 preferat\u0103 \u00een Google<\/small><\/span><\/a><\/div>\n<\/div>\n<p class=\"wp-block-paragraph\">Rom\u00e2nia a cucerit duminic\u0103, 30 august 2026, medalia de aur \u00een proba de 8+1 mixt (Mix8+) la Campionatele Mondiale de Canotaj de la Amsterdam. Echipajul tricolor a luptat p\u00e2n\u0103 la cap\u0103t \u0219i a urcat pe cea mai \u00eenalt\u0103 treapt\u0103 a podiumului, \u00eentr-o zi de v\u00e2rf pentru canotajul rom\u00e2nesc.<\/p>\n<figure class=\"wp-block-image size-large\"><a href=\"https:\/\/cdn.newsbucovina.ro\/wp-content\/uploads\/2026\/08\/788461521_897799079798896_4470559690615882735_n.jpg\"><img loading=\"lazy\" decoding=\"async\" width=\"1024\" height=\"823\" src=\"https:\/\/cdn.newsbucovina.ro\/wp-content\/uploads\/2026\/08\/788461521_897799079798896_4470559690615882735_n-1024x823.jpg\" alt class=\"wp-image-448135\"><\/a><\/figure>\n<p class=\"wp-block-paragraph\">\u00cen barc\u0103 au v\u00e2slit Cristina Drug\u0103, Amalia Chelaru, Adriana Adam, Florin Lehaci, Cosmin Iulian Ple\u0219escu, Ciprian Tudos\u0103, \u0218tefan Berariu \u0219i Simona Radi\u0219, cu Victoria Petreanu la c\u00e2rm\u0103. Dintre ei, trei sunt sportivi cu r\u0103d\u0103cini \u00een jude\u021bul Suceava: \u0218tefan Berariu, Florin Lehaci \u0219i Ciprian Tudos\u0103. Pentru cei trei, aurul de la Amsterdam vine dup\u0103 o s\u0103pt\u0103m\u00e2n\u0103 intens\u0103 pe canalul Bosbaan, \u00een care Berariu \u0219i Lehaci au \u00eencheiat pe locul 4 la dublu rame masculin.<\/p>\n<p class=\"wp-block-paragraph\">Este a treia medalie de aur a Rom\u00e2niei la aceast\u0103 edi\u021bie \u0219i o zi istoric\u0103 pentru Simona Radi\u0219 \u0219i Adriana Adam. Cele dou\u0103 au devenit primele sportive din istoria Campionatelor Mondiale de Canotaj care cuceresc trei titluri mondiale la aceea\u0219i edi\u021bie: aur la dublu rame feminin, aur la 8+1 feminin (cu record mondial) \u0219i aur la 8+1 mixt.<\/p>\n<p class=\"wp-block-paragraph\">Vineri, Radi\u0219 \u0219i Adam au c\u00e2\u0219tigat dublul rame feminin \u0219i au dobor\u00e2t recordul mondial de\u021binut din 2014 de britanicele Helen Glover \u0219i Heather Stanning, tot pe lacul Bosbaan. Duminic\u0103, \u00eenaintea probei mixte, echipajul feminin de 8+1 \u2013 din care au f\u0103cut parte \u0219i Cristina Drug\u0103, Amalia Chelaru, Adriana Adam, Simona Radi\u0219 \u0219i c\u00e2rmaciul Victoria Petreanu \u2013 a luat aurul \u0219i a stabilit un nou record mondial, 5:51.88.<\/p>\n<p class=\"wp-block-paragraph\">Pentru jude\u021bul Suceava, podiumul de la Amsterdam confirm\u0103 \u00eenc\u0103 o dat\u0103 locul canotajului local \u00een elita na\u021bional\u0103. Berariu, Lehaci \u0219i Tudos\u0103 au dus din nou numele Bucovinei pe cea mai \u00eenalt\u0103 treapt\u0103 a lumii, \u00eentr-o prob\u0103 mixt\u0103 \u00een care Rom\u00e2nia a scris o pagin\u0103 nou\u0103.<\/p>\n<div class=\"td-a-rec td-a-rec-id-content_bottom  tdi_4 td_block_template_1\"><strong>Intr\u0103 acum \u0219i \u00een grupul de <\/p>\n<div class=\"wp-block-button\"><a class=\"wp-block-button__link wp-element-button\" href=\"https:\/\/t.me\/+TH8wcfnp8fw5NWI0\">Telegram News Bucovina<\/a><\/div>\n<p><\/strong><\/div>\n<\/div>\n<p>[analyse_source url=&#8221;https:\/\/www.newsbucovina.ro\/actualitate\/448127\/aur-mondial-la-amsterdam-pentru-romania-in-81-mixt-in-barca-trei-canotori-suceveni-stefan-berariu-florin-lehaci-si-ciprian-tudosa-simona-radis-si-adriana-adam-performanta-unica-in-istoria-mond&#8221;]<\/p>\n","protected":false},"excerpt":{"rendered":"<p>[analyse_image type=&#8221;featured&#8221; src=&#8221;https:\/\/www.newsbucovina.ro\/wp-content\/uploads\/2026\/08\/788461521_897799079798896_4470559690615882735_n.jpghttps:\/\/cdn.newsbucovina.ro\/wp-content\/uploads\/2026\/08\/788461521_897799079798896_4470559690615882735_n.jpg&#8221;] Aboneaz\u0103-te pe YouTubeNewsBucovinaIntr\u0103 pe TelegramGrupul News BucovinaAdaug\u0103 NewsBucovinaSurs\u0103 preferat\u0103 \u00een Google Rom\u00e2nia a cucerit duminic\u0103, 30 august 2026, medalia de aur \u00een proba de 8+1 mixt (Mix8+) la Campionatele Mondiale de Canotaj de la Amsterdam. Echipajul tricolor a luptat p\u00e2n\u0103 la cap\u0103t \u0219i a urcat pe cea mai \u00eenalt\u0103 treapt\u0103 a podiumului, [&hellip;]<\/p>\n","protected":false},"author":1,"featured_media":0,"comment_status":"open","ping_status":"","sticky":false,"template":"","format":"standard","meta":{"footnotes":""},"categories":[89],"tags":[226,165],"class_list":["post-2119389","post","type-post","status-publish","format-standard","hentry","category-romania","tag-crawlmanager","tag-newsbucovina-ro"],"_links":{"self":[{"href":"https:\/\/analyse.optim.biz\/index.php?rest_route=\/wp\/v2\/posts\/2119389","targetHints":{"allow":["GET"]}}],"collection":[{"href":"https:\/\/analyse.optim.biz\/index.php?rest_route=\/wp\/v2\/posts"}],"about":[{"href":"https:\/\/analyse.optim.biz\/index.php?rest_route=\/wp\/v2\/types\/post"}],"author":[{"embeddable":true,"href":"https:\/\/analyse.optim.biz\/index.php?rest_route=\/wp\/v2\/users\/1"}],"replies":[{"embeddable":true,"href":"https:\/\/analyse.optim.biz\/index.php?rest_route=%2Fwp%2Fv2%2Fcomments&post=2119389"}],"version-history":[{"count":0,"href":"https:\/\/analyse.optim.biz\/index.php?rest_route=\/wp\/v2\/posts\/2119389\/revisions"}],"wp:attachment":[{"href":"https:\/\/analyse.optim.biz\/index.php?rest_route=%2Fwp%2Fv2%2Fmedia&parent=2119389"}],"wp:term":[{"taxonomy":"category","embeddable":true,"href":"https:\/\/analyse.optim.biz\/index.php?rest_route=%2Fwp%2Fv2%2Fcategories&post=2119389"},{"taxonomy":"post_tag","embeddable":true,"href":"https:\/\/analyse.optim.biz\/index.php?rest_route=%2Fwp%2Fv2%2Ftags&post=2119389"}],"curies":[{"name":"wp","href":"https:\/\/api.w.org\/{rel}","templated":true}]}}