{"id":2119386,"date":"2026-08-30T13:48:17","date_gmt":"2026-08-30T10:48:17","guid":{"rendered":"https:\/\/analyse.optim.biz\/?p=2119386"},"modified":"2026-08-30T13:48:17","modified_gmt":"2026-08-30T10:48:17","slug":"aur-si-record-mondial-la-amsterdam-pentru-echipajul-feminin-de-81-al-romaniei-trei-canotoare-din-judetul-suceava-in-barca-de-aur-ancuta-bodnar-maria-lehaci-si-magdalena-rusu","status":"publish","type":"post","link":"https:\/\/analyse.optim.biz\/?p=2119386","title":{"rendered":"Aur \u0219i record mondial la Amsterdam pentru echipajul feminin de 8+1 al Rom\u00e2niei. Trei canotoare din jude\u021bul Suceava \u00een barca de aur: Ancu\u021ba Bodnar, Maria Lehaci \u0219i Magdalena Rusu"},"content":{"rendered":"<p>[analyse_image type=&#8221;featured&#8221; src=&#8221;https:\/\/www.newsbucovina.ro\/wp-content\/uploads\/2026\/08\/788259868_1630361655271704_2969614931931974168_n.jpghttps:\/\/cdn.newsbucovina.ro\/wp-content\/uploads\/2026\/08\/788259868_1630361655271704_2969614931931974168_n.jpg&#8221;]<\/p>\n<div class=\"td-post-content tagdiv-type\">\n<div class=\"td-a-rec td-a-rec-id-content_top  tdi_3 td_block_template_1\">\n<div class=\"nb-social-buttons\"><a class=\"nb-social-btn nb-social-youtube\" href=\"https:\/\/www.youtube.com\/@ZiarulNewsBucovina?sub_confirmation=1\" target=\"_blank\" rel=\"noopener external\" title=\"Aboneaz\u0103-te la NewsBucovina pe YouTube\"><span class=\"nb-social-text\"><strong>Aboneaz\u0103-te pe YouTube<\/strong><small>NewsBucovina<\/small><\/span><\/a><a class=\"nb-social-btn nb-social-telegram\" href=\"https:\/\/t.me\/+TH8wcfnp8fw5NWI0\" target=\"_blank\" rel=\"noopener external\" title=\"Intr\u0103 \u00een grupul Telegram News Bucovina\"><span class=\"nb-social-text\"><strong>Intr\u0103 pe Telegram<\/strong><small>Grupul News Bucovina<\/small><\/span><\/a><a class=\"nb-social-btn nb-social-google\" href=\"https:\/\/www.google.com\/preferences\/source?q=newsbucovina.ro\" target=\"_blank\" rel=\"noopener external\" title=\"Adaug\u0103 NewsBucovina ca surs\u0103 preferat\u0103 \u00een Google\"><span class=\"nb-social-text\"><strong>Adaug\u0103 NewsBucovina<\/strong><small>Surs\u0103 preferat\u0103 \u00een Google<\/small><\/span><\/a><\/div>\n<\/div>\n<p class=\"wp-block-paragraph\">Rom\u00e2nia a cucerit duminic\u0103, 30 august 2026, medalia de aur \u00een proba de 8+1 feminin (W8+) la Campionatele Mondiale de Canotaj de la Amsterdam \u0219i a stabilit un nou record mondial. Echipajul tricolor a \u00eencheiat cursa \u00een 5 minute, 51 de secunde \u0219i 88 de sutimi.<\/p>\n<figure class=\"wp-block-image size-large\"><a href=\"https:\/\/cdn.newsbucovina.ro\/wp-content\/uploads\/2026\/08\/788259868_1630361655271704_2969614931931974168_n.jpg\"><img loading=\"lazy\" decoding=\"async\" width=\"1024\" height=\"680\" src=\"https:\/\/cdn.newsbucovina.ro\/wp-content\/uploads\/2026\/08\/788259868_1630361655271704_2969614931931974168_n-1024x680.jpg\" alt class=\"wp-image-448125\"><\/a><\/figure>\n<p class=\"wp-block-paragraph\">\u00cen barc\u0103 au v\u00e2slit Cristina Drug\u0103, Geanina Juncanariu, Ancu\u021ba Bodnar, Maria Lehaci, Magdalena Rusu, Amalia Chelaru, Adriana Adam \u0219i Simona Radi\u0219, cu Victoria Petreanu la c\u00e2rm\u0103. Trei dintre ele sunt din jude\u021bul Suceava: Ancu\u021ba Bodnar, Maria Lehaci \u0219i Magdalena Rusu.<\/p>\n<p class=\"wp-block-paragraph\">Sportivele au impus ritmul \u00eenc\u0103 de la start, au controlat cursa de la un cap\u0103t la altul \u0219i au trecut primele linia de sosire pe canalul Bosbaan. Performan\u021ba le aduce Rom\u00e2niei un aur de greutate \u0219i confirm\u0103, \u00eenc\u0103 o dat\u0103, for\u021ba probei de 8+1 feminin.<\/p>\n<p class=\"wp-block-paragraph\">Pentru Simona Radi\u0219 \u0219i Adriana Adam, titlul de duminic\u0103 este al doilea aur la aceast\u0103 edi\u021bie, dup\u0103 victoria de vineri de la dublu rame feminin, unde au dobor\u00e2t \u0219i acolo recordul mondial. Mai t\u00e2rziu, tot duminic\u0103, cele dou\u0103 au urcat \u0219i \u00een barca de 8+1 mixt.<\/p>\n<p class=\"wp-block-paragraph\">Ancu\u021ba Bodnar, Maria Lehaci \u0219i Magdalena Rusu duc astfel numele jude\u021bului Suceava pe cea mai \u00eenalt\u0103 treapt\u0103 a lumii, \u00eentr-o zi \u00een care Rom\u00e2nia a scris istorie la Amsterdam. Aurul \u0219i recordul de 5:51.88 r\u0103m\u00e2n, pentru Bucovina, o m\u00e2ndrie a canotajului local.<\/p>\n<div class=\"td-a-rec td-a-rec-id-content_bottom  tdi_4 td_block_template_1\"><strong>Intr\u0103 acum \u0219i \u00een grupul de <\/p>\n<div class=\"wp-block-button\"><a class=\"wp-block-button__link wp-element-button\" href=\"https:\/\/t.me\/+TH8wcfnp8fw5NWI0\">Telegram News Bucovina<\/a><\/div>\n<p><\/strong><\/div>\n<\/div>\n<div class=\"td-post-content tagdiv-type\">\n<div class=\"td-a-rec td-a-rec-id-content_top  tdi_3 td_block_template_1\">\n<div class=\"nb-social-buttons\"><a class=\"nb-social-btn nb-social-youtube\" href=\"https:\/\/www.youtube.com\/@ZiarulNewsBucovina?sub_confirmation=1\" target=\"_blank\" rel=\"noopener external\" title=\"Aboneaz\u0103-te la NewsBucovina pe YouTube\"><span class=\"nb-social-text\"><strong>Aboneaz\u0103-te pe YouTube<\/strong><small>NewsBucovina<\/small><\/span><\/a><a class=\"nb-social-btn nb-social-telegram\" href=\"https:\/\/t.me\/+TH8wcfnp8fw5NWI0\" target=\"_blank\" rel=\"noopener external\" title=\"Intr\u0103 \u00een grupul Telegram News Bucovina\"><span class=\"nb-social-text\"><strong>Intr\u0103 pe Telegram<\/strong><small>Grupul News Bucovina<\/small><\/span><\/a><a class=\"nb-social-btn nb-social-google\" href=\"https:\/\/www.google.com\/preferences\/source?q=newsbucovina.ro\" target=\"_blank\" rel=\"noopener external\" title=\"Adaug\u0103 NewsBucovina ca surs\u0103 preferat\u0103 \u00een Google\"><span class=\"nb-social-text\"><strong>Adaug\u0103 NewsBucovina<\/strong><small>Surs\u0103 preferat\u0103 \u00een Google<\/small><\/span><\/a><\/div>\n<\/div>\n<p class=\"wp-block-paragraph\">Rom\u00e2nia a cucerit duminic\u0103, 30 august 2026, medalia de aur \u00een proba de 8+1 feminin (W8+) la Campionatele Mondiale de Canotaj de la Amsterdam \u0219i a stabilit un nou record mondial. Echipajul tricolor a \u00eencheiat cursa \u00een 5 minute, 51 de secunde \u0219i 88 de sutimi.<\/p>\n<figure class=\"wp-block-image size-large\"><a href=\"https:\/\/cdn.newsbucovina.ro\/wp-content\/uploads\/2026\/08\/788259868_1630361655271704_2969614931931974168_n.jpg\"><img loading=\"lazy\" decoding=\"async\" width=\"1024\" height=\"680\" src=\"https:\/\/cdn.newsbucovina.ro\/wp-content\/uploads\/2026\/08\/788259868_1630361655271704_2969614931931974168_n-1024x680.jpg\" alt class=\"wp-image-448125\"><\/a><\/figure>\n<p class=\"wp-block-paragraph\">\u00cen barc\u0103 au v\u00e2slit Cristina Drug\u0103, Geanina Juncanariu, Ancu\u021ba Bodnar, Maria Lehaci, Magdalena Rusu, Amalia Chelaru, Adriana Adam \u0219i Simona Radi\u0219, cu Victoria Petreanu la c\u00e2rm\u0103. Trei dintre ele sunt din jude\u021bul Suceava: Ancu\u021ba Bodnar, Maria Lehaci \u0219i Magdalena Rusu.<\/p>\n<p class=\"wp-block-paragraph\">Sportivele au impus ritmul \u00eenc\u0103 de la start, au controlat cursa de la un cap\u0103t la altul \u0219i au trecut primele linia de sosire pe canalul Bosbaan. Performan\u021ba le aduce Rom\u00e2niei un aur de greutate \u0219i confirm\u0103, \u00eenc\u0103 o dat\u0103, for\u021ba probei de 8+1 feminin.<\/p>\n<p class=\"wp-block-paragraph\">Pentru Simona Radi\u0219 \u0219i Adriana Adam, titlul de duminic\u0103 este al doilea aur la aceast\u0103 edi\u021bie, dup\u0103 victoria de vineri de la dublu rame feminin, unde au dobor\u00e2t \u0219i acolo recordul mondial. Mai t\u00e2rziu, tot duminic\u0103, cele dou\u0103 au urcat \u0219i \u00een barca de 8+1 mixt.<\/p>\n<p class=\"wp-block-paragraph\">Ancu\u021ba Bodnar, Maria Lehaci \u0219i Magdalena Rusu duc astfel numele jude\u021bului Suceava pe cea mai \u00eenalt\u0103 treapt\u0103 a lumii, \u00eentr-o zi \u00een care Rom\u00e2nia a scris istorie la Amsterdam. Aurul \u0219i recordul de 5:51.88 r\u0103m\u00e2n, pentru Bucovina, o m\u00e2ndrie a canotajului local.<\/p>\n<div class=\"td-a-rec td-a-rec-id-content_bottom  tdi_4 td_block_template_1\"><strong>Intr\u0103 acum \u0219i \u00een grupul de <\/p>\n<div class=\"wp-block-button\"><a class=\"wp-block-button__link wp-element-button\" href=\"https:\/\/t.me\/+TH8wcfnp8fw5NWI0\">Telegram News Bucovina<\/a><\/div>\n<p><\/strong><\/div>\n<\/div>\n<p>[analyse_source url=&#8221;https:\/\/www.newsbucovina.ro\/actualitate\/448124\/aur-si-record-mondial-la-amsterdam-pentru-echipajul-feminin-de-81-al-romaniei-trei-canotoare-din-judetul-suceava-in-barca-de-aur-ancuta-bodnar-maria-lehaci-si-magdalena-rusu&#8221;]<\/p>\n","protected":false},"excerpt":{"rendered":"<p>[analyse_image type=&#8221;featured&#8221; src=&#8221;https:\/\/www.newsbucovina.ro\/wp-content\/uploads\/2026\/08\/788259868_1630361655271704_2969614931931974168_n.jpghttps:\/\/cdn.newsbucovina.ro\/wp-content\/uploads\/2026\/08\/788259868_1630361655271704_2969614931931974168_n.jpg&#8221;] Aboneaz\u0103-te pe YouTubeNewsBucovinaIntr\u0103 pe TelegramGrupul News BucovinaAdaug\u0103 NewsBucovinaSurs\u0103 preferat\u0103 \u00een Google Rom\u00e2nia a cucerit duminic\u0103, 30 august 2026, medalia de aur \u00een proba de 8+1 feminin (W8+) la Campionatele Mondiale de Canotaj de la Amsterdam \u0219i a stabilit un nou record mondial. Echipajul tricolor a \u00eencheiat cursa \u00een 5 minute, 51 de [&hellip;]<\/p>\n","protected":false},"author":1,"featured_media":0,"comment_status":"open","ping_status":"","sticky":false,"template":"","format":"standard","meta":{"footnotes":""},"categories":[89],"tags":[226,165],"class_list":["post-2119386","post","type-post","status-publish","format-standard","hentry","category-romania","tag-crawlmanager","tag-newsbucovina-ro"],"_links":{"self":[{"href":"https:\/\/analyse.optim.biz\/index.php?rest_route=\/wp\/v2\/posts\/2119386","targetHints":{"allow":["GET"]}}],"collection":[{"href":"https:\/\/analyse.optim.biz\/index.php?rest_route=\/wp\/v2\/posts"}],"about":[{"href":"https:\/\/analyse.optim.biz\/index.php?rest_route=\/wp\/v2\/types\/post"}],"author":[{"embeddable":true,"href":"https:\/\/analyse.optim.biz\/index.php?rest_route=\/wp\/v2\/users\/1"}],"replies":[{"embeddable":true,"href":"https:\/\/analyse.optim.biz\/index.php?rest_route=%2Fwp%2Fv2%2Fcomments&post=2119386"}],"version-history":[{"count":0,"href":"https:\/\/analyse.optim.biz\/index.php?rest_route=\/wp\/v2\/posts\/2119386\/revisions"}],"wp:attachment":[{"href":"https:\/\/analyse.optim.biz\/index.php?rest_route=%2Fwp%2Fv2%2Fmedia&parent=2119386"}],"wp:term":[{"taxonomy":"category","embeddable":true,"href":"https:\/\/analyse.optim.biz\/index.php?rest_route=%2Fwp%2Fv2%2Fcategories&post=2119386"},{"taxonomy":"post_tag","embeddable":true,"href":"https:\/\/analyse.optim.biz\/index.php?rest_route=%2Fwp%2Fv2%2Ftags&post=2119386"}],"curies":[{"name":"wp","href":"https:\/\/api.w.org\/{rel}","templated":true}]}}