{"id":2119382,"date":"2026-08-30T07:41:03","date_gmt":"2026-08-30T04:41:03","guid":{"rendered":"https:\/\/analyse.optim.biz\/?p=2119382"},"modified":"2026-08-30T07:41:03","modified_gmt":"2026-08-30T04:41:03","slug":"video-casa-unei-familii-din-california-s-a-facut-scrum-din-cauza-unei-baterii-de-trotineta-electrica","status":"publish","type":"post","link":"https:\/\/analyse.optim.biz\/?p=2119382","title":{"rendered":"VIDEO | Casa unei familii din California s-a f\u0103cut scrum din cauza unei baterii de trotinet\u0103 electric\u0103"},"content":{"rendered":"<p>[analyse_image type=&#8221;featured&#8221; src=&#8221;https:\/\/r3media.ro\/wp-content\/uploads\/2026\/08\/pompieri-in-actiune-in-sua-scaled-e1788079464197.jpghttps:\/\/r3media.ro\/wp-content\/uploads\/2026\/08\/pompieri-in-actiune-in-sua-scaled-e1788079464197.jpg&#8221;]<\/p>\n<article id=\"template-id-109\" class=\"post-109 tdb_templates type-tdb_templates status-publish post\">\n<div id=\"tdi_2\" class=\"tdc-zone\">\n<div class=\"tdc_zone tdi_3  wpb_row td-pb-row\">\n<div id=\"tdi_4\" class=\"tdc-row\">\n<div class=\"vc_row tdi_5  wpb_row td-pb-row\">\n<div class=\"vc_column tdi_7  wpb_column vc_column_container tdc-column td-pb-span8\">\n<div class=\"wpb_wrapper\">\n<div class=\"td_block_wrap tdb_breadcrumbs tdi_8 td-pb-border-top td_block_template_1 tdb-breadcrumbs \" data-td-block-uid=\"tdi_8\">\n<div class=\"tdb-block-inner td-fix-index\"><span><a title=\"Vede\u021bi toate articolele \u00een FEATURED\" class=\"tdb-entry-crumb\" href=\"https:\/\/r3media.ro\/category\/featured\/\">FEATURED<\/a><\/span><span class=\"tdb-bred-no-url-last\">VIDEO | Casa unei familii din California s-a f\u0103cut scrum din cauza&#8230;<\/span><\/div>\n<\/div>\n<div class=\"td_block_wrap tdb_single_categories tdi_9 td-pb-border-top td_block_template_1 \" data-td-block-uid=\"tdi_9\">\n<div class=\"tdb-category td-fix-index\"><a class=\"tdb-entry-category\" href=\"https:\/\/r3media.ro\/category\/featured\/\">FEATURED<\/a><a class=\"tdb-entry-category\" href=\"https:\/\/r3media.ro\/category\/stiri\/\">\u0218TIRI<\/a><\/div>\n<\/div>\n<div class=\"td_block_wrap tdb_title tdi_10 tdb-single-title td-pb-border-top td_block_template_1\" data-td-block-uid=\"tdi_10\">\n<div class=\"tdb-block-inner td-fix-index\">\n<h1 class=\"tdb-title-text\">VIDEO | Casa unei familii din California s-a f\u0103cut scrum din cauza unei baterii de trotinet\u0103 electric\u0103<\/h1>\n<\/div>\n<\/div>\n<div class=\"vc_row_inner tdi_12  vc_row vc_inner wpb_row td-pb-row\">\n<div class=\"vc_column_inner tdi_14  wpb_column vc_column_container tdc-inner-column td-pb-span12\">\n<div class=\"vc_column-inner\">\n<div class=\"wpb_wrapper\">\n<div class=\"td_block_wrap tdb_single_author tdi_15 td-pb-border-top td_block_template_1 tdb-post-meta\" data-td-block-uid=\"tdi_15\">\n<div class=\"tdb-block-inner td-fix-index\">\n<div class=\"tdb-author-name-wrap\"><a class=\"tdb-author-name\" href=\"https:\/\/r3media.ro\/author\/oana\/\">Oana Ivan<\/a><\/div>\n<\/div>\n<\/div>\n<div class=\"td_block_wrap tdb_single_date tdi_16 td-pb-border-top td_block_template_1 tdb-post-meta\" data-td-block-uid=\"tdi_16\">\n<div class=\"tdb-block-inner td-fix-index\"><time class=\"entry-date updated td-module-date\" datetime=\"2026-08-30T10:41:03+03:00\">30\/08\/2026<\/time><\/div>\n<\/div>\n<\/div>\n<\/div>\n<\/div>\n<\/div>\n<div class=\"td_block_wrap tdb_single_featured_image tdi_17 tdb-content-horiz-left td-pb-border-top td_block_template_1\" data-td-block-uid=\"tdi_17\">\n<div class=\"tdb-block-inner td-fix-index\">\n<figure><figcaption class=\"tdb-caption-text\">Surs\u0103 &#8211; Unsplash<\/figcaption><\/figure>\n<\/div>\n<\/div>\n<div class=\"wpb_wrapper td_block_wrap vc_raw_html tdi_19 \">\n<div class=\"td-fix-index\"><a href=\"https:\/\/www.google.com\/preferences\/source?q=r3media.ro\" target=\"_blank\" rel=\"noopener nofollow\">Ad\u0103uga\u021bi R3media la sursele preferate din Google<\/a><\/div>\n<\/div>\n<div class=\"td_block_wrap tdb_single_content tdi_20 td-pb-border-top td_block_template_1 td-post-content tagdiv-type\" data-td-block-uid=\"tdi_20\">\n<div class=\"tdb-block-inner td-fix-index\">\n<p><strong>O familie de opt persoane din centrul ora\u0219ului Fresno, California, \u00eencearc\u0103 s\u0103 reconstruiasc\u0103 locuin\u021ba dup\u0103 ce un incendiu declan\u0219at de o baterie de <a href=\"https:\/\/r3media.ro\/tag\/trotinete-electrice\/\" target=\"_blank\" rel=\"noopener\">trotinet\u0103 electrc\u0103<\/a> a distrus interiorul casei, conform <a href=\"https:\/\/abc30.com\/post\/fresno-family-displaced-electric-scooter-battery-fire-destroys-home\/19761384\/\" target=\"_blank\" rel=\"noopener\">abc30<\/a>.<\/strong><\/p>\n<p>Departamentul de Pompieri din Fresno a publicat imagini din timpul opera\u021biunii. Salvatorii sunt surprin\u0219i \u00een timp ce se lupt\u0103 cu fl\u0103c\u0103rile.<\/p>\n<p>\u201eSo\u021bul meu f\u0103cea ceva \u0219i, dintr-o dat\u0103, l-am auzit strig\u00e2nd. Mi-a spus: \u00abIe\u0219i afar\u0103, casa arde\u00bb\u201d, a spus proprietara locuin\u021bei, Adelina Velazquez. Velazquez a spus c\u0103 incendiul s-a r\u0103sp\u00e2ndit rapid, l\u0103s\u00e2nd pu\u021bin timp de reac\u021bie.<\/p>\n<p>\u201eA \u00eencercat s\u0103-l sting\u0103 cu o p\u0103tur\u0103, pentru c\u0103 acesta a fost primul lucru care i-a venit \u00een minte. Apoi a \u00eencercat s\u0103 arunce ap\u0103 pe el, dar era deja prea t\u00e2rziu. Fl\u0103c\u0103rile erau deja prea mari\u201d, a spus ea.<\/p>\n<p>Velazquez, so\u021bul ei \u0219i una dintre fiicele lor au reu\u0219it s\u0103 scape \u00een siguran\u021b\u0103. Din fericire, nicio persoan\u0103 nu a fost r\u0103nit\u0103.<\/p>\n<h2><strong>Incendiul a provenit de la o baterie litiu-ion de trotinet\u0103 electric\u0103<\/strong><\/h2>\n<p>\u00a0<\/p>\n<p>Potrivit oficialilor de la Pompieri din Fresno, anchetatorii au stabilit c\u0103 incendiul a fost cauzat de o baterie litiu-ion deteriorat\u0103 de la o trotinet\u0103 electric\u0103. Fiul lui Velazquez a spus c\u0103 a cump\u0103rat trotineta la m\u00e2na a doua.<\/p>\n<p>\u201eC\u00e2nd \u00eencep s\u0103 se \u00eenc\u0103lzeasc\u0103 sau sunt deteriorate, pot intra \u00eentr-o situa\u021bie numit\u0103 \u201efuga termic\u0103\u201d. Ele continu\u0103 s\u0103 genereze energie, iar acea energie creeaz\u0103 un fel de scurtcircuit \u00eenapoi \u00een dispozitiv, ceea ce provoac\u0103 aceast\u0103 generare de c\u0103ldur\u0103 sc\u0103pat\u0103\u201d, a declarat \u0219eful echipei de pompieri din Fresno, Lawrence French.<\/p>\n<p>\u00cen urma incendiului, o mare parte din casa \u0219i bunurile familiei au fost distruse. Obiectele adunate cu trud\u0103 de-a lungul a 35 de ani s-au f\u0103cut scrum.<\/p>\n<p>\u201eM\u0103 simt groaznic. Sunt trist\u0103 pentru c\u0103 peste noapte am r\u0103mas f\u0103r\u0103 nimic\u201d, a spus Velazquez.<\/p>\n<p>Printre resturi, \u00eens\u0103, dou\u0103 portrete de familie au supravie\u021buit incendiului. Velazquez le-a descris ca o amintire a faptului c\u0103 familia a sc\u0103pat nev\u0103t\u0103mat\u0103.<\/p>\n<h2><strong>Un astfel de incendiu s-a produs \u0219i \u00een Rom\u00e2nia<\/strong><\/h2>\n<p>\u00a0<\/p>\n<p>\u00cen luna mai a acestui an, o trotinet\u0103 electric\u0103 l\u0103sat\u0103 la \u00eenc\u0103rcat <a href=\"https:\/\/r3media.ro\/trotineta-electrica-lasata-incarcat-noapte-provocat-incendiu-violent-locuinta-proprietari-evacuati\/\" target=\"_blank\" rel=\"noopener\"><strong>a provocat un incendiu<\/strong><\/a> cu pagube \u00eensemnate la o cas\u0103 din ora\u0219ul Curtici. Incidentul a avut loc \u00een timp ce trotineta se afla la \u00eenc\u0103rcat \u00eentr-o anex\u0103. Din fericire, nu au existat victime, pentru c\u0103 proprietarii locuin\u021bei s-au evacuat la timp.<\/p>\n<p>Dup\u0103 ce acumulatorul \u00eencins a luat foc, incendiul s-a extins \u0219i la cas\u0103. La fa\u021ba locului au intervenit pompierii militari din Arad, ajuta\u021bi de pompierii voluntari din Curtici, dar acoperi\u0219ul casei era deja cuprins de fl\u0103c\u0103ri.<\/p>\n<p>Din cauza bateriilor litiu-ion, \u0219i <a href=\"https:\/\/r3media.ro\/tag\/masini-electrice\/\" target=\"_blank\" rel=\"noopener\"><strong>ma\u0219inile electrice<\/strong><\/a> se confrunt\u0103 cu aceea\u0219i problem\u0103. \u00cen ultimii ani au existat numeroase cazuri de vehicule care au luat foc din senin sau \u00een timp ce se aflau la \u00eenc\u0103rcat. \u00cen urm\u0103 cu dou\u0103 luni, Kia a lansat o <a href=\"https:\/\/r3media.ro\/kia-recheama-service-prima-generatie-masini-electrice-e-niro-risc-incendiu\/\" target=\"_blank\" rel=\"noopener\"><strong>rechemare global\u0103<\/strong><\/a> pentru prima genera\u021bie e-Niro. Campania de rechemare are leg\u0103tur\u0103 cu monitorizarea insuficient\u0103 a bateriei, care ar putea cre\u0219te riscul de incendiu<\/p>\n<blockquote class=\"twitter-tweet\" data-width=\"550\" data-dnt=\"true\">\n<p lang=\"en\" dir=\"ltr\">Four people are now without a home after a late-night backyard fire spread into the attic of a house and caused major damage on Tuesday.<br \/>VIDEO: <a href=\"https:\/\/t.co\/86vZQlkydF\">https:\/\/t.co\/86vZQlkydF<\/a><br \/>(Video: Fresno Fire Department) <a href=\"https:\/\/t.co\/FYM6M2Dxhu\">pic.twitter.com\/FYM6M2Dxhu<\/a><\/p>\n<p>\u2014 FOX26 News (@KMPHFOX26) <a href=\"https:\/\/x.com\/KMPHFOX26\/status\/2092949110810726895?ref_src=twsrc%5Etfw\">August 27, 2026<\/a><\/p>\n<\/blockquote>\n<div class=\"crp_related     crp-masonry\">\n<h2>\u00ceN CONTEXT<\/h2>\n<ul>\n<li><a href=\"https:\/\/r3media.ro\/noi-reguli-paris-utilizatori-trotinete-electrice-accidente-grave\/\" target=\"_blank\" class=\"crp_link post-121282\"><span class=\"crp_title\">Noi reguli \u00een Paris pentru utilizatorii de trotinete electrice, din cauza num\u0103rului mare de\u2026<\/span><\/a><\/li>\n<\/ul>\n<\/div>\n<\/div>\n<\/div>\n<div class=\"td_block_wrap tdb_single_tags tdi_21 td-pb-border-top td_block_template_1\" data-td-block-uid=\"tdi_21\">\n<div class=\"tdb-block-inner td-fix-index\">\n<ul class=\"tdb-tags\">\n<li><span>SUBIECTE FIERBIN\u021aI<\/span><\/li>\n<li><a href=\"https:\/\/r3media.ro\/tag\/california\/\">california<\/a><\/li>\n<li><a href=\"https:\/\/r3media.ro\/tag\/trotinete-electrice\/\">trotinete electrice<\/a><\/li>\n<\/ul>\n<\/div>\n<\/div>\n<div class=\"td_block_wrap td_block_9 tdi_22 td_with_ajax_pagination td-pb-border-top td_block_template_1 td-column-2 td_block_padding td_block_bot_line\" data-td-block-uid=\"tdi_22\">\n<div class=\"td-block-title-wrap\">\n<h4 class=\"block-title td-block-title\"><span class=\"td-pulldown-size\">CITE\u0218TE MAI MULT<\/span><\/h4>\n<\/div>\n<div id=\"tdi_22\" class=\"td_block_inner\">\n<div class=\"td-block-row\">\n<div class=\"td-block-span6\">\n<div class=\"td_module_8 td_module_wrap\">\n<div class=\"item-details\">\n<h3 class=\"entry-title td-module-title\"><a href=\"https:\/\/r3media.ro\/america-implicare-capete-razboiul-din-iugoslavia\/\" rel=\"bookmark\" title=\"Cum a jucat America la toate capetele r\u0103zboiului din fosta Iugoslavie\">Cum a jucat America la toate capetele r\u0103zboiului din fosta Iugoslavie<\/a><\/h3>\n<div class=\"td-module-meta-info\"><a href=\"https:\/\/r3media.ro\/category\/actualitate\/\" class=\"td-post-category\">ACTUALITATE<\/a><span class=\"td-post-author-name\"><a href=\"https:\/\/r3media.ro\/author\/radu_ursan\/\">Radu Ursan<\/a><span>&#8211;<\/span><\/span><span class=\"td-post-date\"><time class=\"entry-date updated td-module-date\" datetime=\"2026-08-26T19:58:22+03:00\">26\/08\/2026<\/time><\/span><\/div>\n<\/div>\n<\/div>\n<\/div>\n<div class=\"td-block-span6\">\n<div class=\"td_module_8 td_module_wrap\">\n<div class=\"item-details\">\n<h3 class=\"entry-title td-module-title\"><a href=\"https:\/\/r3media.ro\/jurnalista-liliana-ruse-digi24-cancer-tratament-povara-financiara\/\" rel=\"bookmark\" title=\"Jurnalista Liliana Ruse de la Digi24 se lupt\u0103 cu o form\u0103 de cancer \u0219i \u00ee\u0219i procur\u0103 singur\u0103 tratamentul: Nu mi se pare normal s\u0103 mai suport o asemenea povar\u0103 financiar\u0103\">Jurnalista Liliana Ruse de la Digi24 se lupt\u0103 cu o form\u0103 de cancer \u0219i&#8230;<\/a><\/h3>\n<div class=\"td-module-meta-info\"><a href=\"https:\/\/r3media.ro\/category\/actualitate\/\" class=\"td-post-category\">ACTUALITATE<\/a><span class=\"td-post-author-name\"><a href=\"https:\/\/r3media.ro\/author\/oana\/\">Oana Ivan<\/a><span>&#8211;<\/span><\/span><span class=\"td-post-date\"><time class=\"entry-date updated td-module-date\" datetime=\"2026-08-26T11:35:58+03:00\">26\/08\/2026<\/time><\/span><\/div>\n<\/div>\n<\/div>\n<\/div>\n<\/div>\n<div class=\"td-block-row\">\n<div class=\"td-block-span6\">\n<div class=\"td_module_8 td_module_wrap\">\n<div class=\"item-details\">\n<h3 class=\"entry-title td-module-title\"><a href=\"https:\/\/r3media.ro\/asociatia-parakletos-ong-banci-franci-elvetieni\/\" rel=\"bookmark\" title=\"Asocia\u021bia Parakletos a disp\u0103rut, oficial. ONG-ul a fost distrus de procesul contra b\u0103ncilor care oferiser\u0103 credite \u00een franci elve\u021bieni\">Asocia\u021bia Parakletos a disp\u0103rut, oficial. ONG-ul a fost distrus de procesul contra b\u0103ncilor care&#8230;<\/a><\/h3>\n<div class=\"td-module-meta-info\"><a href=\"https:\/\/r3media.ro\/category\/actualitate\/\" class=\"td-post-category\">ACTUALITATE<\/a><span class=\"td-post-author-name\"><a href=\"https:\/\/r3media.ro\/author\/redactia\/\">Redac\u021bia<\/a><span>&#8211;<\/span><\/span><span class=\"td-post-date\"><time class=\"entry-date updated td-module-date\" datetime=\"2026-08-24T11:50:15+03:00\">24\/08\/2026<\/time><\/span><\/div>\n<\/div>\n<\/div>\n<\/div>\n<div class=\"td-block-span6\">\n<div class=\"td_module_8 td_module_wrap\">\n<div class=\"item-details\">\n<h3 class=\"entry-title td-module-title\"><a href=\"https:\/\/r3media.ro\/drona-aeriana-incarcata-explozibil-ajunsa-plaja-tuzla-ucraineana\/\" rel=\"bookmark\" title=\"VIDEO | O dron\u0103 aerian\u0103 \u00eenc\u0103rcat\u0103 cu explozibil \u0219i ajuns\u0103 pe plaja Tuzla s-a dovedit a fi ucrainean\u0103\">VIDEO | O dron\u0103 aerian\u0103 \u00eenc\u0103rcat\u0103 cu explozibil \u0219i ajuns\u0103 pe plaja Tuzla s-a&#8230;<\/a><\/h3>\n<div class=\"td-module-meta-info\"><a href=\"https:\/\/r3media.ro\/category\/actualitate\/\" class=\"td-post-category\">ACTUALITATE<\/a><span class=\"td-post-author-name\"><a href=\"https:\/\/r3media.ro\/author\/oana\/\">Oana Ivan<\/a><span>&#8211;<\/span><\/span><span class=\"td-post-date\"><time class=\"entry-date updated td-module-date\" datetime=\"2026-08-22T21:13:17+03:00\">22\/08\/2026<\/time><\/span><\/div>\n<\/div>\n<\/div>\n<\/div>\n<\/div>\n<div class=\"td-block-row\">\n<div class=\"td-block-span6\">\n<div class=\"td_module_8 td_module_wrap\">\n<div class=\"item-details\">\n<h3 class=\"entry-title td-module-title\"><a href=\"https:\/\/r3media.ro\/stapanul-ineleor-inelele-puterii-producator-patrick-mckay-public\/\" rel=\"bookmark\" title=\"St\u0103p\u00e2nul Inelelor: Inelele Puterii. Produc\u0103torul Patrick McKay: Nu cred c\u0103 publicul este cu adev\u0103rat preg\u0103tit pentru ceea ce urmeaz\u0103 de data aceasta\">St\u0103p\u00e2nul Inelelor: Inelele Puterii. Produc\u0103torul Patrick McKay: Nu cred c\u0103 publicul este cu adev\u0103rat&#8230;<\/a><\/h3>\n<div class=\"td-module-meta-info\"><a href=\"https:\/\/r3media.ro\/category\/actualitate\/\" class=\"td-post-category\">ACTUALITATE<\/a><span class=\"td-post-author-name\"><a href=\"https:\/\/r3media.ro\/author\/oana\/\">Oana Ivan<\/a><span>&#8211;<\/span><\/span><span class=\"td-post-date\"><time class=\"entry-date updated td-module-date\" datetime=\"2026-08-21T23:24:20+03:00\">21\/08\/2026<\/time><\/span><\/div>\n<\/div>\n<\/div>\n<\/div>\n<div class=\"td-block-span6\">\n<div class=\"td_module_8 td_module_wrap\">\n<div class=\"item-details\">\n<h3 class=\"entry-title td-module-title\"><a href=\"https:\/\/r3media.ro\/ultimul-climat\/\" rel=\"bookmark\" title=\"Ultimul climat\u00a0\u00a0\u00a0\u00a0\u00a0\">Ultimul climat\u00a0\u00a0\u00a0\u00a0\u00a0<\/a><\/h3>\n<div class=\"td-module-meta-info\"><a href=\"https:\/\/r3media.ro\/category\/opinii\/\" class=\"td-post-category\">OPINII<\/a><span class=\"td-post-author-name\"><a href=\"https:\/\/r3media.ro\/author\/tru\/\">TRU (Traian Ungureanu)<\/a><span>&#8211;<\/span><\/span><span class=\"td-post-date\"><time class=\"entry-date updated td-module-date\" datetime=\"2026-08-20T19:12:13+03:00\">20\/08\/2026<\/time><\/span><\/div>\n<\/div>\n<\/div>\n<\/div>\n<\/div>\n<div class=\"td-block-row\">\n<div class=\"td-block-span6\">\n<div class=\"td_module_8 td_module_wrap\">\n<div class=\"item-details\">\n<h3 class=\"entry-title td-module-title\"><a href=\"https:\/\/r3media.ro\/presedintele-serbiei-razboiul-din-ucraina\/\" rel=\"bookmark\" title=\"Pre\u0219edintele Serbiei nu crede c\u0103 r\u0103zboiul din Ucraina se termin\u0103 cur\u00e2nd: Cred c\u0103 ne afl\u0103m la \u00eenceputul unui r\u0103zboi mult, mult mai mare\">Pre\u0219edintele Serbiei nu crede c\u0103 r\u0103zboiul din Ucraina se termin\u0103 cur\u00e2nd: Cred c\u0103 ne&#8230;<\/a><\/h3>\n<div class=\"td-module-meta-info\"><a href=\"https:\/\/r3media.ro\/category\/actualitate\/\" class=\"td-post-category\">ACTUALITATE<\/a><span class=\"td-post-author-name\"><a href=\"https:\/\/r3media.ro\/author\/teodor_stan\/\">Teodor Stan<\/a><span>&#8211;<\/span><\/span><span class=\"td-post-date\"><time class=\"entry-date updated td-module-date\" datetime=\"2026-08-10T12:22:44+03:00\">10\/08\/2026<\/time><\/span><\/div>\n<\/div>\n<\/div>\n<\/div>\n<div class=\"td-block-span6\">\n<div class=\"td_module_8 td_module_wrap\">\n<div class=\"item-details\">\n<h3 class=\"entry-title td-module-title\"><a href=\"https:\/\/r3media.ro\/fara-apa-fara-curent-fara-viitor-cum-au-sacrificat-pro-europenii-romania-pe-altarul-ecologiei-ieftine\/\" rel=\"bookmark\" title=\"F\u0103r\u0103 ap\u0103, f\u0103r\u0103 curent, f\u0103r\u0103 viitor: cum au sacrificat pro-europenii Rom\u00e2nia pe altarul ecologiei ieftine\">F\u0103r\u0103 ap\u0103, f\u0103r\u0103 curent, f\u0103r\u0103 viitor: cum au sacrificat pro-europenii Rom\u00e2nia pe altarul ecologiei&#8230;<\/a><\/h3>\n<div class=\"td-module-meta-info\"><a href=\"https:\/\/r3media.ro\/category\/actualitate\/\" class=\"td-post-category\">ACTUALITATE<\/a><span class=\"td-post-author-name\"><a href=\"https:\/\/r3media.ro\/author\/paul_lazar\/\">Paul-Daniel Laz\u0103r<\/a><span>&#8211;<\/span><\/span><span class=\"td-post-date\"><time class=\"entry-date updated td-module-date\" datetime=\"2026-08-08T22:30:54+03:00\">08\/08\/2026<\/time><\/span><\/div>\n<\/div>\n<\/div>\n<\/div>\n<\/div>\n<div class=\"td-block-row\">\n<div class=\"td-block-span6\">\n<div class=\"td_module_8 td_module_wrap\">\n<div class=\"item-details\">\n<h3 class=\"entry-title td-module-title\"><a href=\"https:\/\/r3media.ro\/show-iluzie-si-realitate-de-la-the-truman-show-la-son-of-a-rich\/\" rel=\"bookmark\" title=\"Show, iluzie \u0219i realitate: de la The Truman Show la Son of a Rich\">Show, iluzie \u0219i realitate: de la The Truman Show la Son of a Rich<\/a><\/h3>\n<div class=\"td-module-meta-info\"><a href=\"https:\/\/r3media.ro\/category\/actualitate\/\" class=\"td-post-category\">ACTUALITATE<\/a><span class=\"td-post-author-name\"><a href=\"https:\/\/r3media.ro\/author\/costi_balasoiu\/\">Constantin B\u0103l\u0103\u0219oiu<\/a><span>&#8211;<\/span><\/span><span class=\"td-post-date\"><time class=\"entry-date updated td-module-date\" datetime=\"2026-08-08T15:30:25+03:00\">08\/08\/2026<\/time><\/span><\/div>\n<\/div>\n<\/div>\n<\/div>\n<div class=\"td-block-span6\">\n<div class=\"td_module_8 td_module_wrap\">\n<div class=\"item-details\">\n<h3 class=\"entry-title td-module-title\"><a href=\"https:\/\/r3media.ro\/fani-stapanul-inelelor-surpriza-sezonul-3-sauron\/\" rel=\"bookmark\" title=\"Fanii \u201eSt\u0103p\u00e2nul Inelelor\u201c ar putea avea o surpriz\u0103 \u00een sezonul 3 din serialul \u201eInelele Puterii\u201c. Sauron se va confrunta cu o creatur\u0103 de temut\">Fanii \u201eSt\u0103p\u00e2nul Inelelor\u201c ar putea avea o surpriz\u0103 \u00een sezonul 3 din serialul \u201eInelele&#8230;<\/a><\/h3>\n<div class=\"td-module-meta-info\"><a href=\"https:\/\/r3media.ro\/category\/actualitate\/\" class=\"td-post-category\">ACTUALITATE<\/a><span class=\"td-post-author-name\"><a href=\"https:\/\/r3media.ro\/author\/oana\/\">Oana Ivan<\/a><span>&#8211;<\/span><\/span><span class=\"td-post-date\"><time class=\"entry-date updated td-module-date\" datetime=\"2026-08-08T00:19:31+03:00\">08\/08\/2026<\/time><\/span><\/div>\n<\/div>\n<\/div>\n<\/div>\n<\/div>\n<div class=\"td-block-row\">\n<div class=\"td-block-span6\">\n<div class=\"td_module_8 td_module_wrap\">\n<div class=\"item-details\">\n<h3 class=\"entry-title td-module-title\"><a href=\"https:\/\/r3media.ro\/david-popovici-fair-play-sportivi-rusi-competitii\/\" rel=\"bookmark\" title=\"David Popovici, fair-play la revenirea sportivilor ru\u0219i \u00een competi\u021bii: Le urez succes, sper s\u0103 fiu mai bun dec\u00e2t ei\">David Popovici, fair-play la revenirea sportivilor ru\u0219i \u00een competi\u021bii: Le urez succes, sper s\u0103&#8230;<\/a><\/h3>\n<div class=\"td-module-meta-info\"><a href=\"https:\/\/r3media.ro\/category\/actualitate\/\" class=\"td-post-category\">ACTUALITATE<\/a><span class=\"td-post-author-name\"><a href=\"https:\/\/r3media.ro\/author\/redactia\/\">Redac\u021bia<\/a><span>&#8211;<\/span><\/span><span class=\"td-post-date\"><time class=\"entry-date updated td-module-date\" datetime=\"2026-08-07T15:07:51+03:00\">07\/08\/2026<\/time><\/span><\/div>\n<\/div>\n<\/div>\n<\/div>\n<div class=\"td-block-span6\">\n<div class=\"td_module_8 td_module_wrap\">\n<div class=\"item-details\">\n<h3 class=\"entry-title td-module-title\"><a href=\"https:\/\/r3media.ro\/kia-recheama-service-prima-generatie-masini-electrice-e-niro-risc-incendiu\/\" rel=\"bookmark\" title=\"Kia recheam\u0103 \u00een service prima genera\u021bie de ma\u0219ini electrice e-Niro din cauza riscului de incendiu\">Kia recheam\u0103 \u00een service prima genera\u021bie de ma\u0219ini electrice e-Niro din cauza riscului de&#8230;<\/a><\/h3>\n<div class=\"td-module-meta-info\"><a href=\"https:\/\/r3media.ro\/category\/actualitate\/\" class=\"td-post-category\">ACTUALITATE<\/a><span class=\"td-post-author-name\"><a href=\"https:\/\/r3media.ro\/author\/oana\/\">Oana Ivan<\/a><span>&#8211;<\/span><\/span><span class=\"td-post-date\"><time class=\"entry-date updated td-module-date\" datetime=\"2026-08-06T17:07:42+03:00\">06\/08\/2026<\/time><\/span><\/div>\n<\/div>\n<\/div>\n<\/div>\n<\/div>\n<\/div>\n<div class=\"td-load-more-wrap td-load-more-infinite-wrap\" id=\"infinite-lm-tdi_22\"><a href=\"https:\/\/r3media.ro\/casa-familie-california-incendiu-baterie-trotineta-electrica\/\" class=\"td_ajax_load_more td_ajax_load_more_js\" aria-label=\"\u00cenc\u0103rca\u021bi mai multe\" id=\"next-page-tdi_22\" data-td_block_id=\"tdi_22\">\u00cenc\u0103rca\u021bi mai multe<\/a><\/div>\n<\/div>\n<div class=\"td_block_wrap tdb_single_comments tdi_23 tdb-comm-layout2 td-pb-border-top td_block_template_1\" data-td-block-uid=\"tdi_23\">\n<div class=\"tdb-block-inner td-fix-index\">\n<div class=\"comments\" id=\"comments\">\n<div id=\"respond\" class=\"comment-respond\">\n<h3 id=\"reply-title\" class=\"comment-reply-title\">AI CEVA DE SPUS? <small><a rel=\"nofollow\" id=\"cancel-comment-reply-link\" href=\"https:\/\/r3media.ro\/casa-familie-california-incendiu-baterie-trotineta-electrica\/#respond\">Renun\u021ba\u021bi la r\u0103spuns<\/a><\/small><\/h3>\n<div class=\"comment-form-input-wrap td-form-comment\">\n<div class=\"td-warning-comment\">V\u0103 rug\u0103m s\u0103 introduce\u021bi comentariul dvs.!<\/div>\n<\/div>\n<div class=\"comment-form-input-wrap td-form-author\">\n<div class=\"td-warning-author\">Introduce\u021bi aici numele dvs.<\/div>\n<\/div>\n<div class=\"comment-form-input-wrap td-form-email\">\n<div class=\"td-warning-email-error\">A\u021bi introdus o adres\u0103 de e-mail incorect\u0103!<\/div>\n<div class=\"td-warning-email\">V\u0103 rug\u0103m s\u0103 introduce\u021bi adresa dvs. de e-mail aici<\/div>\n<\/div>\n<\/div>\n<\/div>\n<\/div>\n<\/div>\n<\/div>\n<\/div>\n<div class=\"vc_column tdi_25  wpb_column vc_column_container tdc-column td-pb-span4 td-is-sticky\">\n<div class=\"wpb_wrapper\" data-sticky-enabled-on=\"W3RydWUsdHJ1ZSx0cnVlLHRydWVd\" data-sticky-offset=\"20\" data-sticky-is-width-auto=\"W2ZhbHNlLGZhbHNlLGZhbHNlLGZhbHNlXQ==\">\n<div class=\"wpb_wrapper td_block_wrap vc_widget_sidebar tdi_27 \">\n<div class=\"td_block_wrap td_block_7 td_block_widget tdi_28 td-pb-border-top td_block_template_1 td-column-1 td_block_padding\" data-td-block-uid=\"tdi_28\">\n<div class=\"td-block-title-wrap\">\n<h4 class=\"block-title td-block-title\"><span class=\"td-pulldown-size\">Articole RELA\u021aIONATE<\/span><\/h4>\n<\/div>\n<div id=\"tdi_28\" class=\"td_block_inner\">\n<div class=\"td-block-span12\">\n<div class=\"td_module_6 td_module_wrap td-animation-stack\">\n<div class=\"td-module-thumb\"><a href=\"https:\/\/r3media.ro\/popor-islanda-referendum-aderare-uniunea-europeana\/\" rel=\"bookmark\" class=\"td-image-wrap \" title=\"Poporul din Islanda a decis la referendum c\u0103 nu vrea reluarea discu\u021biilor de aderare la Uniunea European\u0103\"><img loading=\"lazy\" decoding=\"async\" class=\"entry-thumb\" src=\"https:\/\/r3media.ro\/wp-content\/uploads\/2026\/08\/harta-islandei-100x70.jpg\" alt title=\"Poporul din Islanda a decis la referendum c\u0103 nu vrea reluarea discu\u021biilor de aderare la Uniunea European\u0103\" width=\"100\" height=\"70\"><\/a><\/div>\n<div class=\"item-details\">\n<h3 class=\"entry-title td-module-title\"><a href=\"https:\/\/r3media.ro\/popor-islanda-referendum-aderare-uniunea-europeana\/\" rel=\"bookmark\" title=\"Poporul din Islanda a decis la referendum c\u0103 nu vrea reluarea discu\u021biilor de aderare la Uniunea European\u0103\">Poporul din Islanda a decis la referendum c\u0103 nu vrea reluarea&#8230;<\/a><\/h3>\n<div class=\"td-module-meta-info\"><span class=\"td-post-date\"><time class=\"entry-date updated td-module-date\" datetime=\"2026-08-30T10:42:06+03:00\">30\/08\/2026<\/time><\/span><\/div>\n<\/div>\n<\/div>\n<\/div>\n<div class=\"td-block-span12\">\n<div class=\"td_module_6 td_module_wrap td-animation-stack\">\n<div class=\"td-module-thumb\"><a href=\"https:\/\/r3media.ro\/donald-trump-ordin-infiintare-academie-spatiala-sua\/\" rel=\"bookmark\" class=\"td-image-wrap \" title=\"Donald Trump a semnat un Ordin pentru a \u00eenfiin\u021ba prima Academie Spa\u021bial\u0103 a Statelor Unite ale Americii\"><img loading=\"lazy\" decoding=\"async\" class=\"entry-thumb\" src=\"https:\/\/r3media.ro\/wp-content\/uploads\/2025\/01\/donaldjtrump-100x70.jpg\" alt title=\"Donald Trump a semnat un Ordin pentru a \u00eenfiin\u021ba prima Academie Spa\u021bial\u0103 a Statelor Unite ale Americii\" width=\"100\" height=\"70\"><\/a><\/div>\n<div class=\"item-details\">\n<h3 class=\"entry-title td-module-title\"><a href=\"https:\/\/r3media.ro\/donald-trump-ordin-infiintare-academie-spatiala-sua\/\" rel=\"bookmark\" title=\"Donald Trump a semnat un Ordin pentru a \u00eenfiin\u021ba prima Academie Spa\u021bial\u0103 a Statelor Unite ale Americii\">Donald Trump a semnat un Ordin pentru a \u00eenfiin\u021ba prima Academie&#8230;<\/a><\/h3>\n<div class=\"td-module-meta-info\"><span class=\"td-post-date\"><time class=\"entry-date updated td-module-date\" datetime=\"2026-08-30T10:22:35+03:00\">30\/08\/2026<\/time><\/span><\/div>\n<\/div>\n<\/div>\n<\/div>\n<div class=\"td-block-span12\">\n<div class=\"td_module_6 td_module_wrap td-animation-stack\">\n<div class=\"td-module-thumb\"><a href=\"https:\/\/r3media.ro\/stat-american-illinois-sprijina-utilizarea-numerarului\/\" rel=\"bookmark\" class=\"td-image-wrap \" title=\"Statul american Illinois a decis s\u0103 sprijine masiv utilizarea numerarului\"><img loading=\"lazy\" decoding=\"async\" class=\"entry-thumb\" src=\"https:\/\/r3media.ro\/wp-content\/uploads\/2026\/08\/numerar-dolari-100x70.jpg\" alt title=\"Statul american Illinois a decis s\u0103 sprijine masiv utilizarea numerarului\" width=\"100\" height=\"70\"><\/a><\/div>\n<div class=\"item-details\">\n<h3 class=\"entry-title td-module-title\"><a href=\"https:\/\/r3media.ro\/stat-american-illinois-sprijina-utilizarea-numerarului\/\" rel=\"bookmark\" title=\"Statul american Illinois a decis s\u0103 sprijine masiv utilizarea numerarului\">Statul american Illinois a decis s\u0103 sprijine masiv utilizarea numerarului<\/a><\/h3>\n<div class=\"td-module-meta-info\"><span class=\"td-post-date\"><time class=\"entry-date updated td-module-date\" datetime=\"2026-08-30T10:03:20+03:00\">30\/08\/2026<\/time><\/span><\/div>\n<\/div>\n<\/div>\n<\/div>\n<div class=\"td-block-span12\">\n<div class=\"td_module_6 td_module_wrap td-animation-stack\">\n<div class=\"td-module-thumb\"><a href=\"https:\/\/r3media.ro\/polonezi-white-lives-matter-zid-sunt-cautati-autoritati-inchisoare-mesaj-rasist\/\" rel=\"bookmark\" class=\"td-image-wrap \" title=\"Ni\u0219te polonezi care au scris \u201eWhite Lives Matter\u201d pe un zid sunt c\u0103uta\u021bi de autorit\u0103\u021bi \u0219i risc\u0103 \u00eenchisoarea. Mesajul e considerat rasist\"><img loading=\"lazy\" decoding=\"async\" class=\"entry-thumb\" src=\"https:\/\/r3media.ro\/wp-content\/uploads\/2026\/08\/white-lives-matter-100x70.jpg\" alt title=\"Ni\u0219te polonezi care au scris \u201eWhite Lives Matter\u201d pe un zid sunt c\u0103uta\u021bi de autorit\u0103\u021bi \u0219i risc\u0103 \u00eenchisoarea. Mesajul e considerat rasist\" width=\"100\" height=\"70\"><\/a><\/div>\n<div class=\"item-details\">\n<h3 class=\"entry-title td-module-title\"><a href=\"https:\/\/r3media.ro\/polonezi-white-lives-matter-zid-sunt-cautati-autoritati-inchisoare-mesaj-rasist\/\" rel=\"bookmark\" title=\"Ni\u0219te polonezi care au scris \u201eWhite Lives Matter\u201d pe un zid sunt c\u0103uta\u021bi de autorit\u0103\u021bi \u0219i risc\u0103 \u00eenchisoarea. Mesajul e considerat rasist\">Ni\u0219te polonezi care au scris \u201eWhite Lives Matter\u201d pe un zid&#8230;<\/a><\/h3>\n<div class=\"td-module-meta-info\"><span class=\"td-post-date\"><time class=\"entry-date updated td-module-date\" datetime=\"2026-08-30T09:34:54+03:00\">30\/08\/2026<\/time><\/span><\/div>\n<\/div>\n<\/div>\n<\/div>\n<div class=\"td-block-span12\">\n<div class=\"td_module_6 td_module_wrap td-animation-stack\">\n<div class=\"td-module-thumb\"><a href=\"https:\/\/r3media.ro\/muzicantii-din-bremen-1819-no-country-for-old-men\/\" rel=\"bookmark\" class=\"td-image-wrap \" title=\"Muzican\u021bii din Bremen (1819) este \u201eNo country for old men\u201d pentru cei mici, pus\u0103 \u00eentr-o cheie optimist\u0103\"><img loading=\"lazy\" decoding=\"async\" class=\"entry-thumb\" src=\"https:\/\/r3media.ro\/wp-content\/uploads\/2026\/08\/muzicantii-din-bremen-100x70.jpg\" alt title=\"Muzican\u021bii din Bremen (1819) este \u201eNo country for old men\u201d pentru cei mici, pus\u0103 \u00eentr-o cheie optimist\u0103\" width=\"100\" height=\"70\"><\/a><\/div>\n<div class=\"item-details\">\n<h3 class=\"entry-title td-module-title\"><a href=\"https:\/\/r3media.ro\/muzicantii-din-bremen-1819-no-country-for-old-men\/\" rel=\"bookmark\" title=\"Muzican\u021bii din Bremen (1819) este \u201eNo country for old men\u201d pentru cei mici, pus\u0103 \u00eentr-o cheie optimist\u0103\">Muzican\u021bii din Bremen (1819) este \u201eNo country for old men\u201d pentru&#8230;<\/a><\/h3>\n<div class=\"td-module-meta-info\"><span class=\"td-post-date\"><time class=\"entry-date updated td-module-date\" datetime=\"2026-08-29T12:19:32+03:00\">29\/08\/2026<\/time><\/span><\/div>\n<\/div>\n<\/div>\n<\/div>\n<div class=\"td-block-span12\">\n<div class=\"td_module_6 td_module_wrap td-animation-stack\">\n<div class=\"td-module-thumb\"><a href=\"https:\/\/r3media.ro\/video-stefan-popescu-romania-romani-geografia-umana\/\" rel=\"bookmark\" class=\"td-image-wrap \" title=\"VIDEO | \u0218tefan Popescu spune c\u0103 Rom\u00e2nia trebuie repopulat\u0103 cu rom\u00e2ni: S\u0103 evit\u0103m ca geografia noastr\u0103 uman\u0103 s\u0103 arate precum cea a Fran\u021bei, Germaniei sau Marii Britanii\"><img loading=\"lazy\" decoding=\"async\" class=\"entry-thumb\" src=\"https:\/\/r3media.ro\/wp-content\/uploads\/2023\/07\/franta-schimbare-e1689443658181-100x70.jpg\" alt title=\"VIDEO | \u0218tefan Popescu spune c\u0103 Rom\u00e2nia trebuie repopulat\u0103 cu rom\u00e2ni: S\u0103 evit\u0103m ca geografia noastr\u0103 uman\u0103 s\u0103 arate precum cea a Fran\u021bei, Germaniei sau Marii Britanii\" width=\"100\" height=\"70\"><\/a><\/div>\n<div class=\"item-details\">\n<h3 class=\"entry-title td-module-title\"><a href=\"https:\/\/r3media.ro\/video-stefan-popescu-romania-romani-geografia-umana\/\" rel=\"bookmark\" title=\"VIDEO | \u0218tefan Popescu spune c\u0103 Rom\u00e2nia trebuie repopulat\u0103 cu rom\u00e2ni: S\u0103 evit\u0103m ca geografia noastr\u0103 uman\u0103 s\u0103 arate precum cea a Fran\u021bei, Germaniei sau Marii Britanii\">VIDEO | \u0218tefan Popescu spune c\u0103 Rom\u00e2nia trebuie repopulat\u0103 cu rom\u00e2ni:&#8230;<\/a><\/h3>\n<div class=\"td-module-meta-info\"><span class=\"td-post-date\"><time class=\"entry-date updated td-module-date\" datetime=\"2026-08-28T23:09:11+03:00\">28\/08\/2026<\/time><\/span><\/div>\n<\/div>\n<\/div>\n<\/div>\n<div class=\"td-block-span12\">\n<div class=\"td_module_6 td_module_wrap td-animation-stack\">\n<div class=\"td-module-thumb\"><a href=\"https:\/\/r3media.ro\/29-august-taierea-capului-sf-ioan-botezatorul-post\/\" rel=\"bookmark\" class=\"td-image-wrap \" title=\"Calendarul zilei: 29 august, T\u0103ierea capului Sf. Ioan Botez\u0103torul (Post)\"><img loading=\"lazy\" decoding=\"async\" class=\"entry-thumb\" src=\"https:\/\/r3media.ro\/wp-content\/uploads\/2021\/08\/taierea-capului-sfantului-ioan-botezatorul-29-august-100x70.jpg\" alt title=\"Calendarul zilei: 29 august, T\u0103ierea capului Sf. Ioan Botez\u0103torul (Post)\" width=\"100\" height=\"70\"><\/a><\/div>\n<div class=\"item-details\">\n<h3 class=\"entry-title td-module-title\"><a href=\"https:\/\/r3media.ro\/29-august-taierea-capului-sf-ioan-botezatorul-post\/\" rel=\"bookmark\" title=\"Calendarul zilei: 29 august, T\u0103ierea capului Sf. Ioan Botez\u0103torul (Post)\">Calendarul zilei: 29 august, T\u0103ierea capului Sf. Ioan Botez\u0103torul (Post)<\/a><\/h3>\n<div class=\"td-module-meta-info\"><span class=\"td-post-date\"><time class=\"entry-date updated td-module-date\" datetime=\"2026-08-28T22:40:25+03:00\">28\/08\/2026<\/time><\/span><\/div>\n<\/div>\n<\/div>\n<\/div>\n<\/div>\n<\/div>\n<aside class=\"td_block_template_1 widget widget_recent_comments\">\n<h4 class=\"block-title\"><span>INTR\u0102 \u00ceN DISCU\u021aIE!<\/span><\/h4>\n<ul id=\"recentcomments\">\n<li class=\"recentcomments\"><span class=\"comment-author-link\">Drago\u0219<\/span> la <a href=\"https:\/\/r3media.ro\/george-simion-mesaj-votanti-nicusor-dan-pahontu\/#comment-40444\">VIDEO | George Simion, mesaj pentru votan\u021bii lui Nicu\u0219or Dan: Pahon\u021bu era securist de mult. Trezi\u021bi-v\u0103, nu suntem noi du\u0219manii vo\u0219tri!<\/a><\/li>\n<li class=\"recentcomments\"><span class=\"comment-author-link\">Marcu<\/span> la <a href=\"https:\/\/r3media.ro\/film-nou-stapanul-inelelor-corect-politic-regizor-andy-serkis-diversitate-tolkien-mitologie-nordica\/#comment-40442\">Noul film \u201eSt\u0103p\u00e2nul Inelelor\u201d nu va fi corect politic. Regizorul Andy Serkis: J.R.R. Tolkien a fost influen\u021bat de mitologia nordic\u0103. Nu vrem o distribu\u021bie de dragul de a bifa c\u0103su\u021be<\/a><\/li>\n<li class=\"recentcomments\"><span class=\"comment-author-link\">Nelu<\/span> la <a href=\"https:\/\/r3media.ro\/actor-alex-bogdan-nicusor-dan-video\/#comment-40441\">VIDEO | Actorul Alex Bogdan: \u00cemi e sc\u00e2rb\u0103 c\u0103 mi-am pus la b\u0103taie reputa\u021bia, familia \u0219i energia pentru Nicu\u0219or Dan. Pentru ce? Dac\u0103-l v\u0103d vreodat\u0103 \u00een fa\u021ba mea, \u00eel scuip!<\/a><\/li>\n<li class=\"recentcomments\"><span class=\"comment-author-link\">alin<\/span> la <a href=\"https:\/\/r3media.ro\/clasare-dosar-neurochirurg-stefan-mindea\/#comment-40440\">Clasare definitiv\u0103 \u00een dosarul neurochirurgului dr. Stefan Mindea: acuza\u021biile s-au dovedit ne\u00eentemeiate<\/a><\/li>\n<li class=\"recentcomments\"><span class=\"comment-author-link\">Mihaela D\u00e2ru<\/span> la <a href=\"https:\/\/r3media.ro\/tema-frumusetii-in-alba-ca-zapada-si-cenusareasa\/#comment-40439\">Tema frumuse\u021bii \u00een Alb\u0103 ca Z\u0103pada \u0219i Cenu\u0219\u0103reasa<\/a><\/li>\n<li class=\"recentcomments\"><span class=\"comment-author-link\">Mihaela D\u00e2ru<\/span> la <a href=\"https:\/\/r3media.ro\/actor-alex-bogdan-nicusor-dan-video\/#comment-40438\">VIDEO | Actorul Alex Bogdan: \u00cemi e sc\u00e2rb\u0103 c\u0103 mi-am pus la b\u0103taie reputa\u021bia, familia \u0219i energia pentru Nicu\u0219or Dan. Pentru ce? Dac\u0103-l v\u0103d vreodat\u0103 \u00een fa\u021ba mea, \u00eel scuip!<\/a><\/li>\n<li class=\"recentcomments\"><span class=\"comment-author-link\">Isabel<\/span> la <a href=\"https:\/\/r3media.ro\/video-stefan-popescu-romania-romani-geografia-umana\/#comment-40436\">VIDEO | \u0218tefan Popescu spune c\u0103 Rom\u00e2nia trebuie repopulat\u0103 cu rom\u00e2ni: S\u0103 evit\u0103m ca geografia noastr\u0103 uman\u0103 s\u0103 arate precum cea a Fran\u021bei, Germaniei sau Marii Britanii<\/a><\/li>\n<\/ul>\n<\/aside>\n<aside class=\"td_block_template_1 widget widget_search\">\n<h4 class=\"block-title\"><span>CAUT\u0102 \u0218I VEI G\u0102SI<\/span><\/h4>\n<\/aside>\n<\/div>\n<\/div>\n<\/div>\n<\/div>\n<\/div>\n<\/div>\n<\/div>\n<p><span class=\"td-page-meta\"><\/span><span class=\"td-page-meta\"><span class=\"td-page-meta\"><\/span><\/span><span class=\"td-page-meta\"><\/span><\/article>\n<\/p>\n<div class=\"td_block_wrap tdb_single_content tdi_20 td-pb-border-top td_block_template_1 td-post-content tagdiv-type\" data-td-block-uid=\"tdi_20\">\n<div class=\"tdb-block-inner td-fix-index\">\n<p><strong>O familie de opt persoane din centrul ora\u0219ului Fresno, California, \u00eencearc\u0103 s\u0103 reconstruiasc\u0103 locuin\u021ba dup\u0103 ce un incendiu declan\u0219at de o baterie de <a href=\"https:\/\/r3media.ro\/tag\/trotinete-electrice\/\" target=\"_blank\" rel=\"noopener\">trotinet\u0103 electrc\u0103<\/a> a distrus interiorul casei, conform <a href=\"https:\/\/abc30.com\/post\/fresno-family-displaced-electric-scooter-battery-fire-destroys-home\/19761384\/\" target=\"_blank\" rel=\"noopener\">abc30<\/a>.<\/strong><\/p>\n<p>Departamentul de Pompieri din Fresno a publicat imagini din timpul opera\u021biunii. Salvatorii sunt surprin\u0219i \u00een timp ce se lupt\u0103 cu fl\u0103c\u0103rile.<\/p>\n<p>\u201eSo\u021bul meu f\u0103cea ceva \u0219i, dintr-o dat\u0103, l-am auzit strig\u00e2nd. Mi-a spus: \u00abIe\u0219i afar\u0103, casa arde\u00bb\u201d, a spus proprietara locuin\u021bei, Adelina Velazquez. Velazquez a spus c\u0103 incendiul s-a r\u0103sp\u00e2ndit rapid, l\u0103s\u00e2nd pu\u021bin timp de reac\u021bie.<\/p>\n<p>\u201eA \u00eencercat s\u0103-l sting\u0103 cu o p\u0103tur\u0103, pentru c\u0103 acesta a fost primul lucru care i-a venit \u00een minte. Apoi a \u00eencercat s\u0103 arunce ap\u0103 pe el, dar era deja prea t\u00e2rziu. Fl\u0103c\u0103rile erau deja prea mari\u201d, a spus ea.<\/p>\n<p>Velazquez, so\u021bul ei \u0219i una dintre fiicele lor au reu\u0219it s\u0103 scape \u00een siguran\u021b\u0103. Din fericire, nicio persoan\u0103 nu a fost r\u0103nit\u0103.<\/p>\n<h2><strong>Incendiul a provenit de la o baterie litiu-ion de trotinet\u0103 electric\u0103<\/strong><\/h2>\n<p>\u00a0<\/p>\n<p>Potrivit oficialilor de la Pompieri din Fresno, anchetatorii au stabilit c\u0103 incendiul a fost cauzat de o baterie litiu-ion deteriorat\u0103 de la o trotinet\u0103 electric\u0103. Fiul lui Velazquez a spus c\u0103 a cump\u0103rat trotineta la m\u00e2na a doua.<\/p>\n<p>\u201eC\u00e2nd \u00eencep s\u0103 se \u00eenc\u0103lzeasc\u0103 sau sunt deteriorate, pot intra \u00eentr-o situa\u021bie numit\u0103 \u201efuga termic\u0103\u201d. Ele continu\u0103 s\u0103 genereze energie, iar acea energie creeaz\u0103 un fel de scurtcircuit \u00eenapoi \u00een dispozitiv, ceea ce provoac\u0103 aceast\u0103 generare de c\u0103ldur\u0103 sc\u0103pat\u0103\u201d, a declarat \u0219eful echipei de pompieri din Fresno, Lawrence French.<\/p>\n<p>\u00cen urma incendiului, o mare parte din casa \u0219i bunurile familiei au fost distruse. Obiectele adunate cu trud\u0103 de-a lungul a 35 de ani s-au f\u0103cut scrum.<\/p>\n<p>\u201eM\u0103 simt groaznic. Sunt trist\u0103 pentru c\u0103 peste noapte am r\u0103mas f\u0103r\u0103 nimic\u201d, a spus Velazquez.<\/p>\n<p>Printre resturi, \u00eens\u0103, dou\u0103 portrete de familie au supravie\u021buit incendiului. Velazquez le-a descris ca o amintire a faptului c\u0103 familia a sc\u0103pat nev\u0103t\u0103mat\u0103.<\/p>\n<h2><strong>Un astfel de incendiu s-a produs \u0219i \u00een Rom\u00e2nia<\/strong><\/h2>\n<p>\u00a0<\/p>\n<p>\u00cen luna mai a acestui an, o trotinet\u0103 electric\u0103 l\u0103sat\u0103 la \u00eenc\u0103rcat <a href=\"https:\/\/r3media.ro\/trotineta-electrica-lasata-incarcat-noapte-provocat-incendiu-violent-locuinta-proprietari-evacuati\/\" target=\"_blank\" rel=\"noopener\"><strong>a provocat un incendiu<\/strong><\/a> cu pagube \u00eensemnate la o cas\u0103 din ora\u0219ul Curtici. Incidentul a avut loc \u00een timp ce trotineta se afla la \u00eenc\u0103rcat \u00eentr-o anex\u0103. Din fericire, nu au existat victime, pentru c\u0103 proprietarii locuin\u021bei s-au evacuat la timp.<\/p>\n<p>Dup\u0103 ce acumulatorul \u00eencins a luat foc, incendiul s-a extins \u0219i la cas\u0103. La fa\u021ba locului au intervenit pompierii militari din Arad, ajuta\u021bi de pompierii voluntari din Curtici, dar acoperi\u0219ul casei era deja cuprins de fl\u0103c\u0103ri.<\/p>\n<p>Din cauza bateriilor litiu-ion, \u0219i <a href=\"https:\/\/r3media.ro\/tag\/masini-electrice\/\" target=\"_blank\" rel=\"noopener\"><strong>ma\u0219inile electrice<\/strong><\/a> se confrunt\u0103 cu aceea\u0219i problem\u0103. \u00cen ultimii ani au existat numeroase cazuri de vehicule care au luat foc din senin sau \u00een timp ce se aflau la \u00eenc\u0103rcat. \u00cen urm\u0103 cu dou\u0103 luni, Kia a lansat o <a href=\"https:\/\/r3media.ro\/kia-recheama-service-prima-generatie-masini-electrice-e-niro-risc-incendiu\/\" target=\"_blank\" rel=\"noopener\"><strong>rechemare global\u0103<\/strong><\/a> pentru prima genera\u021bie e-Niro. Campania de rechemare are leg\u0103tur\u0103 cu monitorizarea insuficient\u0103 a bateriei, care ar putea cre\u0219te riscul de incendiu<\/p>\n<blockquote class=\"twitter-tweet\" data-width=\"550\" data-dnt=\"true\">\n<p lang=\"en\" dir=\"ltr\">Four people are now without a home after a late-night backyard fire spread into the attic of a house and caused major damage on Tuesday.<br \/>VIDEO: <a href=\"https:\/\/t.co\/86vZQlkydF\">https:\/\/t.co\/86vZQlkydF<\/a><br \/>(Video: Fresno Fire Department) <a href=\"https:\/\/t.co\/FYM6M2Dxhu\">pic.twitter.com\/FYM6M2Dxhu<\/a><\/p>\n<p>\u2014 FOX26 News (@KMPHFOX26) <a href=\"https:\/\/x.com\/KMPHFOX26\/status\/2092949110810726895?ref_src=twsrc%5Etfw\">August 27, 2026<\/a><\/p>\n<\/blockquote>\n<div class=\"crp_related     crp-masonry\">\n<h2>\u00ceN CONTEXT<\/h2>\n<ul>\n<li><a href=\"https:\/\/r3media.ro\/noi-reguli-paris-utilizatori-trotinete-electrice-accidente-grave\/\" target=\"_blank\" class=\"crp_link post-121282\"><span class=\"crp_title\">Noi reguli \u00een Paris pentru utilizatorii de trotinete electrice, din cauza num\u0103rului mare de\u2026<\/span><\/a><\/li>\n<\/ul>\n<\/div>\n<\/div>\n<\/div>\n<p>[analyse_source url=&#8221;https:\/\/r3media.ro\/casa-familie-california-incendiu-baterie-trotineta-electrica\/&#8221;]<\/p>\n","protected":false},"excerpt":{"rendered":"<p>[analyse_image type=&#8221;featured&#8221; src=&#8221;https:\/\/r3media.ro\/wp-content\/uploads\/2026\/08\/pompieri-in-actiune-in-sua-scaled-e1788079464197.jpghttps:\/\/r3media.ro\/wp-content\/uploads\/2026\/08\/pompieri-in-actiune-in-sua-scaled-e1788079464197.jpg&#8221;] FEATUREDVIDEO | Casa unei familii din California s-a f\u0103cut scrum din cauza&#8230; FEATURED\u0218TIRI VIDEO | Casa unei familii din California s-a f\u0103cut scrum din cauza unei baterii de trotinet\u0103 electric\u0103 Oana Ivan 30\/08\/2026 Surs\u0103 &#8211; Unsplash Ad\u0103uga\u021bi R3media la sursele preferate din Google O familie de opt persoane din centrul ora\u0219ului Fresno, [&hellip;]<\/p>\n","protected":false},"author":1,"featured_media":0,"comment_status":"open","ping_status":"","sticky":false,"template":"","format":"standard","meta":{"footnotes":""},"categories":[89],"tags":[226,93],"class_list":["post-2119382","post","type-post","status-publish","format-standard","hentry","category-romania","tag-crawlmanager","tag-r3media-ro"],"_links":{"self":[{"href":"https:\/\/analyse.optim.biz\/index.php?rest_route=\/wp\/v2\/posts\/2119382","targetHints":{"allow":["GET"]}}],"collection":[{"href":"https:\/\/analyse.optim.biz\/index.php?rest_route=\/wp\/v2\/posts"}],"about":[{"href":"https:\/\/analyse.optim.biz\/index.php?rest_route=\/wp\/v2\/types\/post"}],"author":[{"embeddable":true,"href":"https:\/\/analyse.optim.biz\/index.php?rest_route=\/wp\/v2\/users\/1"}],"replies":[{"embeddable":true,"href":"https:\/\/analyse.optim.biz\/index.php?rest_route=%2Fwp%2Fv2%2Fcomments&post=2119382"}],"version-history":[{"count":0,"href":"https:\/\/analyse.optim.biz\/index.php?rest_route=\/wp\/v2\/posts\/2119382\/revisions"}],"wp:attachment":[{"href":"https:\/\/analyse.optim.biz\/index.php?rest_route=%2Fwp%2Fv2%2Fmedia&parent=2119382"}],"wp:term":[{"taxonomy":"category","embeddable":true,"href":"https:\/\/analyse.optim.biz\/index.php?rest_route=%2Fwp%2Fv2%2Fcategories&post=2119382"},{"taxonomy":"post_tag","embeddable":true,"href":"https:\/\/analyse.optim.biz\/index.php?rest_route=%2Fwp%2Fv2%2Ftags&post=2119382"}],"curies":[{"name":"wp","href":"https:\/\/api.w.org\/{rel}","templated":true}]}}