{"id":2119380,"date":"2026-08-30T07:22:35","date_gmt":"2026-08-30T04:22:35","guid":{"rendered":"https:\/\/analyse.optim.biz\/?p=2119380"},"modified":"2026-08-30T07:22:35","modified_gmt":"2026-08-30T04:22:35","slug":"donald-trump-a-semnat-un-ordin-pentru-a-infiinta-prima-academie-spatiala-a-statelor-unite-ale-americii","status":"publish","type":"post","link":"https:\/\/analyse.optim.biz\/?p=2119380","title":{"rendered":"Donald Trump a semnat un Ordin pentru a \u00eenfiin\u021ba prima Academie Spa\u021bial\u0103 a Statelor Unite ale Americii"},"content":{"rendered":"<p>[analyse_image type=&#8221;featured&#8221; src=&#8221;https:\/\/r3media.ro\/wp-content\/uploads\/2025\/01\/donaldjtrump-e1737449737566.jpghttps:\/\/r3media.ro\/wp-content\/uploads\/2025\/01\/donaldjtrump-e1737449737566.jpg&#8221;]<\/p>\n<article id=\"template-id-109\" class=\"post-109 tdb_templates type-tdb_templates status-publish post\">\n<div id=\"tdi_2\" class=\"tdc-zone\">\n<div class=\"tdc_zone tdi_3  wpb_row td-pb-row\">\n<div id=\"tdi_4\" class=\"tdc-row\">\n<div class=\"vc_row tdi_5  wpb_row td-pb-row\">\n<div class=\"vc_column tdi_7  wpb_column vc_column_container tdc-column td-pb-span8\">\n<div class=\"wpb_wrapper\">\n<div class=\"td_block_wrap tdb_breadcrumbs tdi_8 td-pb-border-top td_block_template_1 tdb-breadcrumbs \" data-td-block-uid=\"tdi_8\">\n<div class=\"tdb-block-inner td-fix-index\"><span><a title=\"Vede\u021bi toate articolele \u00een FEATURED\" class=\"tdb-entry-crumb\" href=\"https:\/\/r3media.ro\/category\/featured\/\">FEATURED<\/a><\/span><span class=\"tdb-bred-no-url-last\">Donald Trump a semnat un Ordin pentru a \u00eenfiin\u021ba prima Academie Spa\u021bial\u0103&#8230;<\/span><\/div>\n<\/div>\n<div class=\"td_block_wrap tdb_single_categories tdi_9 td-pb-border-top td_block_template_1 \" data-td-block-uid=\"tdi_9\">\n<div class=\"tdb-category td-fix-index\"><a class=\"tdb-entry-category\" href=\"https:\/\/r3media.ro\/category\/featured\/\">FEATURED<\/a><a class=\"tdb-entry-category\" href=\"https:\/\/r3media.ro\/category\/stiri\/\">\u0218TIRI<\/a><\/div>\n<\/div>\n<div class=\"td_block_wrap tdb_title tdi_10 tdb-single-title td-pb-border-top td_block_template_1\" data-td-block-uid=\"tdi_10\">\n<div class=\"tdb-block-inner td-fix-index\">\n<h1 class=\"tdb-title-text\">Donald Trump a semnat un Ordin pentru a \u00eenfiin\u021ba prima Academie Spa\u021bial\u0103 a Statelor Unite ale Americii<\/h1>\n<\/div>\n<\/div>\n<div class=\"vc_row_inner tdi_12  vc_row vc_inner wpb_row td-pb-row\">\n<div class=\"vc_column_inner tdi_14  wpb_column vc_column_container tdc-inner-column td-pb-span12\">\n<div class=\"vc_column-inner\">\n<div class=\"wpb_wrapper\">\n<div class=\"td_block_wrap tdb_single_author tdi_15 td-pb-border-top td_block_template_1 tdb-post-meta\" data-td-block-uid=\"tdi_15\">\n<div class=\"tdb-block-inner td-fix-index\">\n<div class=\"tdb-author-name-wrap\"><a class=\"tdb-author-name\" href=\"https:\/\/r3media.ro\/author\/oana\/\">Oana Ivan<\/a><\/div>\n<\/div>\n<\/div>\n<div class=\"td_block_wrap tdb_single_date tdi_16 td-pb-border-top td_block_template_1 tdb-post-meta\" data-td-block-uid=\"tdi_16\">\n<div class=\"tdb-block-inner td-fix-index\"><time class=\"entry-date updated td-module-date\" datetime=\"2026-08-30T10:22:35+03:00\">30\/08\/2026<\/time><\/div>\n<\/div>\n<\/div>\n<\/div>\n<\/div>\n<\/div>\n<div class=\"wpb_wrapper td_block_wrap vc_raw_html tdi_19 \">\n<div class=\"td-fix-index\"><a href=\"https:\/\/www.google.com\/preferences\/source?q=r3media.ro\" target=\"_blank\" rel=\"noopener nofollow\">Ad\u0103uga\u021bi R3media la sursele preferate din Google<\/a><\/div>\n<\/div>\n<div class=\"td_block_wrap tdb_single_content tdi_20 td-pb-border-top td_block_template_1 td-post-content tagdiv-type\" data-td-block-uid=\"tdi_20\">\n<div class=\"tdb-block-inner td-fix-index\">\n<p><strong>Pre\u0219edintele <a href=\"https:\/\/r3media.ro\/tag\/donald-trump\/\" target=\"_blank\" rel=\"noopener\">Donald Trump<\/a> a semnat un Ordin Executiv pentru a \u00eenfiin\u021ba prima Academie Spa\u021bial\u0103 a Statelor Unite ale Americii. Scopul este acela de a consolida for\u021ba de munc\u0103 spa\u021bial\u0103 a na\u021biunii \u0219i a dezvolta urm\u0103toarea genera\u021bie de lideri spa\u021biali.<\/strong><\/p>\n<p>Potrivit Ordinulu, spa\u021biul este un domeniu critic pentru securitatea na\u021bional\u0103 american\u0103, cre\u0219terea economic\u0103, descoperirile \u0219tiin\u021bifice \u0219i inova\u021bia tehnologic\u0103. Academia propus\u0103 s-ar concentra pe educa\u021bia tehnic\u0103 cu dezvoltarea leadershipului, disciplin\u0103 \u0219i angajament fa\u021b\u0103 de serviciul public. \u00cen cele din urm\u0103, ea va contribu la promovarea intereselor SUA \u00een spa\u021biu.<\/p>\n<p>\u201eAv\u00e2nd \u00een vedere cre\u0219terea rapid\u0103 a For\u021belor Spa\u021biale ale SUA \u0219i a industriei spa\u021biale comerciale, precum \u0219i extinderea ambi\u021biilor noastre c\u0103tre Lun\u0103 \u0219i mult dincolo de Lun\u0103, este clar c\u0103 va trebui s\u0103 educ\u0103m \u0219i s\u0103 instruim o \u00eentreag\u0103 genera\u021bie de militari califica\u021bi, ingineri \u0219i operatori civili. De aceea voi semna un Ordin Executiv pentru a \u00eencepe procesul de creare a unei noi academii na\u021bionale numit\u0103 Academia Spa\u021bial\u0103 a SUA\u201d, a declarat pre\u0219edintele Trump.<\/p>\n<h2><strong>Noua Academie Spa\u021bial\u0103 va educa viitorii oameni care vor ajunge \u00een spa\u021biu<\/strong><\/h2>\n<p>\u00a0<\/p>\n<p>Potrivit Ordinului, administratorului NASA, Jared Isaacman, va fi pre\u0219edintele Comisiei Preziden\u021biale a Academiei Spa\u021biale a Statelor Unite. \u00cen acela\u0219i timp, administratorului adjunct al NASA, Matt Anderson, va fi director executiv. Ace\u0219tia vor lucra cu Michael Kratsios, Kevin Hassett \u0219i cu al\u021bi reprezentan\u021bi ai Casei Albe \u00een cadrul comisiei.<\/p>\n<p>\u201eViziunea pre\u0219edintelui Trump pentru o nou\u0103 academie este un pas transformator pentru a educa inginerii, oamenii de \u0219tiin\u021b\u0103, tehnicienii, operatorii \u0219i chiar astronau\u021bii care vor fi necesari pentru viitorul inspirator pe care \u00eel urm\u0103rim \u00een spa\u021biu. \u00cen anii urm\u0103tori, vom readuce astronau\u021bii NASA pe suprafa\u021ba lunar\u0103. Vom construi baza lunar\u0103. Vom \u00eencepe s\u0103 folosim energia nuclear\u0103. Vom stimula economia orbital\u0103 \u0219i vom lansa mai multe misiuni \u0219tiin\u021bifice \u0219i de descoperire\u201d, a declarat Isaacman.<\/p>\n<p>\u201eNu am nicio \u00eendoial\u0103 c\u0103 o mare parte din talentele viitoare care vor absolvi \u0219i vor contribui la aceste eforturi interesante vor fi educate la Academia Spa\u021bial\u0103 a Statelor Unite\u201d, a mai zis el.<\/p>\n<h2><strong>Donald Trump a devenit tot mai interesat de suprema\u021bia american\u0103 \u00een spa\u021biu<\/strong><\/h2>\n<p>\u00a0<\/p>\n<p>Un raport al comisiei c\u0103tre pre\u0219edinte trebuie prezentat \u00een termen de 120 de zile de la semnare. Acesta va avea recomand\u0103ri privind cadrul de guvernan\u021b\u0103, obliga\u021biile de serviciu pentru absolven\u021bi, loca\u021bia fizic\u0103 a academiei, cerin\u021bele legislative \u0219i multe altele.<\/p>\n<p>Ordinul Executiv este cel mai recent ordin al pre\u0219edintelui Trump care demonstreaz\u0103 angajamentul s\u0103u de a men\u021bine pozi\u021bia de lider a SUA \u00een spa\u021biu \u0219i de a promova explorarea \u0219i inova\u021bia NASA \u00een Epoca de Aur. \u00cen decembrie 2025, el a semnat memorandumul \u201eAsigurarea Superiorit\u0103\u021bii Spa\u021biale Americane\u201d. De asemenea, pe 20 august a semnat un Memorandum privind Politica Na\u021bional\u0103 de Transport Spa\u021bial.<\/p>\n<div class=\"crp_related     crp-masonry\">\n<h2>\u00ceN CONTEXT<\/h2>\n<ul>\n<li><a href=\"https:\/\/r3media.ro\/2026-sangeros-sua-atac-venezuela-trump-maduro-china\/\" target=\"_blank\" class=\"crp_link post-114631\"><span class=\"crp_title\">2026 s\u00e2ngeros. SUA au atacat Venezuela. Maduro a fost r\u0103pit de americani \u0219i trimis \u00een\u2026<\/span><\/a><\/li>\n<li><a href=\"https:\/\/r3media.ro\/conflict-donald-trump-giorgia-meloni-romania-aliante\/\" target=\"_blank\" class=\"crp_link post-118828\"><span class=\"crp_title\">Ce ascunde conflictul Donald Trump &#8211; Giorgia Meloni? Rom\u00e2nia s\u0103 renun\u021be la iluzia c\u0103\u2026<\/span><\/a><\/li>\n<li><a href=\"https:\/\/r3media.ro\/titus-corlatean-sua-mic-dejun-cu-rugaciune-decidenti-europeni-inclusiv-bucuresti-adaptare-schimbare-profunda-presedinte-romania-donald-trump\/\" target=\"_blank\" class=\"crp_link post-115054\"><span class=\"crp_title\">Titus Corl\u0103\u021bean a trebuit s\u0103 mearg\u0103 \u00een SUA ca s\u0103 \u00een\u021beleag\u0103 despre ce este vorba: Cei mai\u2026<\/span><\/a><\/li>\n<li><a href=\"https:\/\/r3media.ro\/trump-in-istoria-europei\/\" target=\"_blank\" class=\"crp_link post-115803\"><span class=\"crp_title\">Trump \u00een istoria Europei \u00a0\u00a0<\/span><\/a><\/li>\n<li><a href=\"https:\/\/r3media.ro\/de-la-nord-stream-la-groenlanda-europa-fata-cu-optiunile-strategice\/\" target=\"_blank\" class=\"crp_link post-114894\"><span class=\"crp_title\">De la Nord Stream la Groenlanda. Europa fa\u021b\u0103 cu op\u021biunile strategice<\/span><\/a><\/li>\n<li><a href=\"https:\/\/r3media.ro\/lovitura-naucitoare-uniunea-europeana-donald-trump-intalnire-vladimir-putin-budapesta-ungaria\/\" target=\"_blank\" class=\"crp_link post-113694\"><span class=\"crp_title\">Lovitur\u0103 n\u0103ucitoare pentru Uniunea European\u0103: Donald Trump se va \u00eent\u00e2lni cu Vladimir Putin\u2026<\/span><\/a><\/li>\n<li><a href=\"https:\/\/r3media.ro\/acordul-cu-iranul-aproape-incheiat-donald-trump\/\" target=\"_blank\" class=\"crp_link post-116785\"><span class=\"crp_title\">Acordul cu Iranul este aproape de a fi \u00eencheiat, afirm\u0103 Donald Trump<\/span><\/a><\/li>\n<li><a href=\"https:\/\/r3media.ro\/trump-si-hegel-unde-s-nebunii\/\" target=\"_blank\" class=\"crp_link post-116530\"><span class=\"crp_title\">Trump \u015fi Hegel \u2013 unde-s nebunii?<\/span><\/a><\/li>\n<\/ul>\n<\/div>\n<\/div>\n<\/div>\n<div class=\"td_block_wrap tdb_single_tags tdi_21 td-pb-border-top td_block_template_1\" data-td-block-uid=\"tdi_21\">\n<div class=\"tdb-block-inner td-fix-index\">\n<ul class=\"tdb-tags\">\n<li><span>SUBIECTE FIERBIN\u021aI<\/span><\/li>\n<li><a href=\"https:\/\/r3media.ro\/tag\/donald-trump\/\">donald trump<\/a><\/li>\n<li><a href=\"https:\/\/r3media.ro\/tag\/sua-statele-unite-ale-americii\/\">SUA (Statele Unite ale Americii)<\/a><\/li>\n<\/ul>\n<\/div>\n<\/div>\n<div class=\"td_block_wrap td_block_9 tdi_22 td_with_ajax_pagination td-pb-border-top td_block_template_1 td-column-2 td_block_padding td_block_bot_line\" data-td-block-uid=\"tdi_22\">\n<div class=\"td-block-title-wrap\">\n<h4 class=\"block-title td-block-title\"><span class=\"td-pulldown-size\">CITE\u0218TE MAI MULT<\/span><\/h4>\n<\/div>\n<div id=\"tdi_22\" class=\"td_block_inner\">\n<div class=\"td-block-row\">\n<div class=\"td-block-span6\">\n<div class=\"td_module_8 td_module_wrap\">\n<div class=\"item-details\">\n<h3 class=\"entry-title td-module-title\"><a href=\"https:\/\/r3media.ro\/america-implicare-capete-razboiul-din-iugoslavia\/\" rel=\"bookmark\" title=\"Cum a jucat America la toate capetele r\u0103zboiului din fosta Iugoslavie\">Cum a jucat America la toate capetele r\u0103zboiului din fosta Iugoslavie<\/a><\/h3>\n<div class=\"td-module-meta-info\"><a href=\"https:\/\/r3media.ro\/category\/actualitate\/\" class=\"td-post-category\">ACTUALITATE<\/a><span class=\"td-post-author-name\"><a href=\"https:\/\/r3media.ro\/author\/radu_ursan\/\">Radu Ursan<\/a><span>&#8211;<\/span><\/span><span class=\"td-post-date\"><time class=\"entry-date updated td-module-date\" datetime=\"2026-08-26T19:58:22+03:00\">26\/08\/2026<\/time><\/span><\/div>\n<\/div>\n<\/div>\n<\/div>\n<div class=\"td-block-span6\">\n<div class=\"td_module_8 td_module_wrap\">\n<div class=\"item-details\">\n<h3 class=\"entry-title td-module-title\"><a href=\"https:\/\/r3media.ro\/jurnalista-liliana-ruse-digi24-cancer-tratament-povara-financiara\/\" rel=\"bookmark\" title=\"Jurnalista Liliana Ruse de la Digi24 se lupt\u0103 cu o form\u0103 de cancer \u0219i \u00ee\u0219i procur\u0103 singur\u0103 tratamentul: Nu mi se pare normal s\u0103 mai suport o asemenea povar\u0103 financiar\u0103\">Jurnalista Liliana Ruse de la Digi24 se lupt\u0103 cu o form\u0103 de cancer \u0219i&#8230;<\/a><\/h3>\n<div class=\"td-module-meta-info\"><a href=\"https:\/\/r3media.ro\/category\/actualitate\/\" class=\"td-post-category\">ACTUALITATE<\/a><span class=\"td-post-author-name\"><a href=\"https:\/\/r3media.ro\/author\/oana\/\">Oana Ivan<\/a><span>&#8211;<\/span><\/span><span class=\"td-post-date\"><time class=\"entry-date updated td-module-date\" datetime=\"2026-08-26T11:35:58+03:00\">26\/08\/2026<\/time><\/span><\/div>\n<\/div>\n<\/div>\n<\/div>\n<\/div>\n<div class=\"td-block-row\">\n<div class=\"td-block-span6\">\n<div class=\"td_module_8 td_module_wrap\">\n<div class=\"item-details\">\n<h3 class=\"entry-title td-module-title\"><a href=\"https:\/\/r3media.ro\/asociatia-parakletos-ong-banci-franci-elvetieni\/\" rel=\"bookmark\" title=\"Asocia\u021bia Parakletos a disp\u0103rut, oficial. ONG-ul a fost distrus de procesul contra b\u0103ncilor care oferiser\u0103 credite \u00een franci elve\u021bieni\">Asocia\u021bia Parakletos a disp\u0103rut, oficial. ONG-ul a fost distrus de procesul contra b\u0103ncilor care&#8230;<\/a><\/h3>\n<div class=\"td-module-meta-info\"><a href=\"https:\/\/r3media.ro\/category\/actualitate\/\" class=\"td-post-category\">ACTUALITATE<\/a><span class=\"td-post-author-name\"><a href=\"https:\/\/r3media.ro\/author\/redactia\/\">Redac\u021bia<\/a><span>&#8211;<\/span><\/span><span class=\"td-post-date\"><time class=\"entry-date updated td-module-date\" datetime=\"2026-08-24T11:50:15+03:00\">24\/08\/2026<\/time><\/span><\/div>\n<\/div>\n<\/div>\n<\/div>\n<div class=\"td-block-span6\">\n<div class=\"td_module_8 td_module_wrap\">\n<div class=\"item-details\">\n<h3 class=\"entry-title td-module-title\"><a href=\"https:\/\/r3media.ro\/drona-aeriana-incarcata-explozibil-ajunsa-plaja-tuzla-ucraineana\/\" rel=\"bookmark\" title=\"VIDEO | O dron\u0103 aerian\u0103 \u00eenc\u0103rcat\u0103 cu explozibil \u0219i ajuns\u0103 pe plaja Tuzla s-a dovedit a fi ucrainean\u0103\">VIDEO | O dron\u0103 aerian\u0103 \u00eenc\u0103rcat\u0103 cu explozibil \u0219i ajuns\u0103 pe plaja Tuzla s-a&#8230;<\/a><\/h3>\n<div class=\"td-module-meta-info\"><a href=\"https:\/\/r3media.ro\/category\/actualitate\/\" class=\"td-post-category\">ACTUALITATE<\/a><span class=\"td-post-author-name\"><a href=\"https:\/\/r3media.ro\/author\/oana\/\">Oana Ivan<\/a><span>&#8211;<\/span><\/span><span class=\"td-post-date\"><time class=\"entry-date updated td-module-date\" datetime=\"2026-08-22T21:13:17+03:00\">22\/08\/2026<\/time><\/span><\/div>\n<\/div>\n<\/div>\n<\/div>\n<\/div>\n<div class=\"td-block-row\">\n<div class=\"td-block-span6\">\n<div class=\"td_module_8 td_module_wrap\">\n<div class=\"item-details\">\n<h3 class=\"entry-title td-module-title\"><a href=\"https:\/\/r3media.ro\/stapanul-ineleor-inelele-puterii-producator-patrick-mckay-public\/\" rel=\"bookmark\" title=\"St\u0103p\u00e2nul Inelelor: Inelele Puterii. Produc\u0103torul Patrick McKay: Nu cred c\u0103 publicul este cu adev\u0103rat preg\u0103tit pentru ceea ce urmeaz\u0103 de data aceasta\">St\u0103p\u00e2nul Inelelor: Inelele Puterii. Produc\u0103torul Patrick McKay: Nu cred c\u0103 publicul este cu adev\u0103rat&#8230;<\/a><\/h3>\n<div class=\"td-module-meta-info\"><a href=\"https:\/\/r3media.ro\/category\/actualitate\/\" class=\"td-post-category\">ACTUALITATE<\/a><span class=\"td-post-author-name\"><a href=\"https:\/\/r3media.ro\/author\/oana\/\">Oana Ivan<\/a><span>&#8211;<\/span><\/span><span class=\"td-post-date\"><time class=\"entry-date updated td-module-date\" datetime=\"2026-08-21T23:24:20+03:00\">21\/08\/2026<\/time><\/span><\/div>\n<\/div>\n<\/div>\n<\/div>\n<div class=\"td-block-span6\">\n<div class=\"td_module_8 td_module_wrap\">\n<div class=\"item-details\">\n<h3 class=\"entry-title td-module-title\"><a href=\"https:\/\/r3media.ro\/ultimul-climat\/\" rel=\"bookmark\" title=\"Ultimul climat\u00a0\u00a0\u00a0\u00a0\u00a0\">Ultimul climat\u00a0\u00a0\u00a0\u00a0\u00a0<\/a><\/h3>\n<div class=\"td-module-meta-info\"><a href=\"https:\/\/r3media.ro\/category\/opinii\/\" class=\"td-post-category\">OPINII<\/a><span class=\"td-post-author-name\"><a href=\"https:\/\/r3media.ro\/author\/tru\/\">TRU (Traian Ungureanu)<\/a><span>&#8211;<\/span><\/span><span class=\"td-post-date\"><time class=\"entry-date updated td-module-date\" datetime=\"2026-08-20T19:12:13+03:00\">20\/08\/2026<\/time><\/span><\/div>\n<\/div>\n<\/div>\n<\/div>\n<\/div>\n<div class=\"td-block-row\">\n<div class=\"td-block-span6\">\n<div class=\"td_module_8 td_module_wrap\">\n<div class=\"item-details\">\n<h3 class=\"entry-title td-module-title\"><a href=\"https:\/\/r3media.ro\/presedintele-serbiei-razboiul-din-ucraina\/\" rel=\"bookmark\" title=\"Pre\u0219edintele Serbiei nu crede c\u0103 r\u0103zboiul din Ucraina se termin\u0103 cur\u00e2nd: Cred c\u0103 ne afl\u0103m la \u00eenceputul unui r\u0103zboi mult, mult mai mare\">Pre\u0219edintele Serbiei nu crede c\u0103 r\u0103zboiul din Ucraina se termin\u0103 cur\u00e2nd: Cred c\u0103 ne&#8230;<\/a><\/h3>\n<div class=\"td-module-meta-info\"><a href=\"https:\/\/r3media.ro\/category\/actualitate\/\" class=\"td-post-category\">ACTUALITATE<\/a><span class=\"td-post-author-name\"><a href=\"https:\/\/r3media.ro\/author\/teodor_stan\/\">Teodor Stan<\/a><span>&#8211;<\/span><\/span><span class=\"td-post-date\"><time class=\"entry-date updated td-module-date\" datetime=\"2026-08-10T12:22:44+03:00\">10\/08\/2026<\/time><\/span><\/div>\n<\/div>\n<\/div>\n<\/div>\n<div class=\"td-block-span6\">\n<div class=\"td_module_8 td_module_wrap\">\n<div class=\"item-details\">\n<h3 class=\"entry-title td-module-title\"><a href=\"https:\/\/r3media.ro\/fara-apa-fara-curent-fara-viitor-cum-au-sacrificat-pro-europenii-romania-pe-altarul-ecologiei-ieftine\/\" rel=\"bookmark\" title=\"F\u0103r\u0103 ap\u0103, f\u0103r\u0103 curent, f\u0103r\u0103 viitor: cum au sacrificat pro-europenii Rom\u00e2nia pe altarul ecologiei ieftine\">F\u0103r\u0103 ap\u0103, f\u0103r\u0103 curent, f\u0103r\u0103 viitor: cum au sacrificat pro-europenii Rom\u00e2nia pe altarul ecologiei&#8230;<\/a><\/h3>\n<div class=\"td-module-meta-info\"><a href=\"https:\/\/r3media.ro\/category\/actualitate\/\" class=\"td-post-category\">ACTUALITATE<\/a><span class=\"td-post-author-name\"><a href=\"https:\/\/r3media.ro\/author\/paul_lazar\/\">Paul-Daniel Laz\u0103r<\/a><span>&#8211;<\/span><\/span><span class=\"td-post-date\"><time class=\"entry-date updated td-module-date\" datetime=\"2026-08-08T22:30:54+03:00\">08\/08\/2026<\/time><\/span><\/div>\n<\/div>\n<\/div>\n<\/div>\n<\/div>\n<div class=\"td-block-row\">\n<div class=\"td-block-span6\">\n<div class=\"td_module_8 td_module_wrap\">\n<div class=\"item-details\">\n<h3 class=\"entry-title td-module-title\"><a href=\"https:\/\/r3media.ro\/show-iluzie-si-realitate-de-la-the-truman-show-la-son-of-a-rich\/\" rel=\"bookmark\" title=\"Show, iluzie \u0219i realitate: de la The Truman Show la Son of a Rich\">Show, iluzie \u0219i realitate: de la The Truman Show la Son of a Rich<\/a><\/h3>\n<div class=\"td-module-meta-info\"><a href=\"https:\/\/r3media.ro\/category\/actualitate\/\" class=\"td-post-category\">ACTUALITATE<\/a><span class=\"td-post-author-name\"><a href=\"https:\/\/r3media.ro\/author\/costi_balasoiu\/\">Constantin B\u0103l\u0103\u0219oiu<\/a><span>&#8211;<\/span><\/span><span class=\"td-post-date\"><time class=\"entry-date updated td-module-date\" datetime=\"2026-08-08T15:30:25+03:00\">08\/08\/2026<\/time><\/span><\/div>\n<\/div>\n<\/div>\n<\/div>\n<div class=\"td-block-span6\">\n<div class=\"td_module_8 td_module_wrap\">\n<div class=\"item-details\">\n<h3 class=\"entry-title td-module-title\"><a href=\"https:\/\/r3media.ro\/fani-stapanul-inelelor-surpriza-sezonul-3-sauron\/\" rel=\"bookmark\" title=\"Fanii \u201eSt\u0103p\u00e2nul Inelelor\u201c ar putea avea o surpriz\u0103 \u00een sezonul 3 din serialul \u201eInelele Puterii\u201c. Sauron se va confrunta cu o creatur\u0103 de temut\">Fanii \u201eSt\u0103p\u00e2nul Inelelor\u201c ar putea avea o surpriz\u0103 \u00een sezonul 3 din serialul \u201eInelele&#8230;<\/a><\/h3>\n<div class=\"td-module-meta-info\"><a href=\"https:\/\/r3media.ro\/category\/actualitate\/\" class=\"td-post-category\">ACTUALITATE<\/a><span class=\"td-post-author-name\"><a href=\"https:\/\/r3media.ro\/author\/oana\/\">Oana Ivan<\/a><span>&#8211;<\/span><\/span><span class=\"td-post-date\"><time class=\"entry-date updated td-module-date\" datetime=\"2026-08-08T00:19:31+03:00\">08\/08\/2026<\/time><\/span><\/div>\n<\/div>\n<\/div>\n<\/div>\n<\/div>\n<div class=\"td-block-row\">\n<div class=\"td-block-span6\">\n<div class=\"td_module_8 td_module_wrap\">\n<div class=\"item-details\">\n<h3 class=\"entry-title td-module-title\"><a href=\"https:\/\/r3media.ro\/david-popovici-fair-play-sportivi-rusi-competitii\/\" rel=\"bookmark\" title=\"David Popovici, fair-play la revenirea sportivilor ru\u0219i \u00een competi\u021bii: Le urez succes, sper s\u0103 fiu mai bun dec\u00e2t ei\">David Popovici, fair-play la revenirea sportivilor ru\u0219i \u00een competi\u021bii: Le urez succes, sper s\u0103&#8230;<\/a><\/h3>\n<div class=\"td-module-meta-info\"><a href=\"https:\/\/r3media.ro\/category\/actualitate\/\" class=\"td-post-category\">ACTUALITATE<\/a><span class=\"td-post-author-name\"><a href=\"https:\/\/r3media.ro\/author\/redactia\/\">Redac\u021bia<\/a><span>&#8211;<\/span><\/span><span class=\"td-post-date\"><time class=\"entry-date updated td-module-date\" datetime=\"2026-08-07T15:07:51+03:00\">07\/08\/2026<\/time><\/span><\/div>\n<\/div>\n<\/div>\n<\/div>\n<div class=\"td-block-span6\">\n<div class=\"td_module_8 td_module_wrap\">\n<div class=\"item-details\">\n<h3 class=\"entry-title td-module-title\"><a href=\"https:\/\/r3media.ro\/kia-recheama-service-prima-generatie-masini-electrice-e-niro-risc-incendiu\/\" rel=\"bookmark\" title=\"Kia recheam\u0103 \u00een service prima genera\u021bie de ma\u0219ini electrice e-Niro din cauza riscului de incendiu\">Kia recheam\u0103 \u00een service prima genera\u021bie de ma\u0219ini electrice e-Niro din cauza riscului de&#8230;<\/a><\/h3>\n<div class=\"td-module-meta-info\"><a href=\"https:\/\/r3media.ro\/category\/actualitate\/\" class=\"td-post-category\">ACTUALITATE<\/a><span class=\"td-post-author-name\"><a href=\"https:\/\/r3media.ro\/author\/oana\/\">Oana Ivan<\/a><span>&#8211;<\/span><\/span><span class=\"td-post-date\"><time class=\"entry-date updated td-module-date\" datetime=\"2026-08-06T17:07:42+03:00\">06\/08\/2026<\/time><\/span><\/div>\n<\/div>\n<\/div>\n<\/div>\n<\/div>\n<\/div>\n<div class=\"td-load-more-wrap td-load-more-infinite-wrap\" id=\"infinite-lm-tdi_22\"><a href=\"https:\/\/r3media.ro\/donald-trump-ordin-infiintare-academie-spatiala-sua\/\" class=\"td_ajax_load_more td_ajax_load_more_js\" aria-label=\"\u00cenc\u0103rca\u021bi mai multe\" id=\"next-page-tdi_22\" data-td_block_id=\"tdi_22\">\u00cenc\u0103rca\u021bi mai multe<\/a><\/div>\n<\/div>\n<div class=\"td_block_wrap tdb_single_comments tdi_23 tdb-comm-layout2 td-pb-border-top td_block_template_1\" data-td-block-uid=\"tdi_23\">\n<div class=\"tdb-block-inner td-fix-index\">\n<div class=\"comments\" id=\"comments\">\n<div id=\"respond\" class=\"comment-respond\">\n<h3 id=\"reply-title\" class=\"comment-reply-title\">AI CEVA DE SPUS? <small><a rel=\"nofollow\" id=\"cancel-comment-reply-link\" href=\"https:\/\/r3media.ro\/donald-trump-ordin-infiintare-academie-spatiala-sua\/#respond\">Renun\u021ba\u021bi la r\u0103spuns<\/a><\/small><\/h3>\n<div class=\"comment-form-input-wrap td-form-comment\">\n<div class=\"td-warning-comment\">V\u0103 rug\u0103m s\u0103 introduce\u021bi comentariul dvs.!<\/div>\n<\/div>\n<div class=\"comment-form-input-wrap td-form-author\">\n<div class=\"td-warning-author\">Introduce\u021bi aici numele dvs.<\/div>\n<\/div>\n<div class=\"comment-form-input-wrap td-form-email\">\n<div class=\"td-warning-email-error\">A\u021bi introdus o adres\u0103 de e-mail incorect\u0103!<\/div>\n<div class=\"td-warning-email\">V\u0103 rug\u0103m s\u0103 introduce\u021bi adresa dvs. de e-mail aici<\/div>\n<\/div>\n<\/div>\n<\/div>\n<\/div>\n<\/div>\n<\/div>\n<\/div>\n<div class=\"vc_column tdi_25  wpb_column vc_column_container tdc-column td-pb-span4 td-is-sticky\">\n<div class=\"wpb_wrapper\" data-sticky-enabled-on=\"W3RydWUsdHJ1ZSx0cnVlLHRydWVd\" data-sticky-offset=\"20\" data-sticky-is-width-auto=\"W2ZhbHNlLGZhbHNlLGZhbHNlLGZhbHNlXQ==\">\n<div class=\"wpb_wrapper td_block_wrap vc_widget_sidebar tdi_27 \">\n<div class=\"td_block_wrap td_block_7 td_block_widget tdi_28 td-pb-border-top td_block_template_1 td-column-1 td_block_padding\" data-td-block-uid=\"tdi_28\">\n<div class=\"td-block-title-wrap\">\n<h4 class=\"block-title td-block-title\"><span class=\"td-pulldown-size\">Articole RELA\u021aIONATE<\/span><\/h4>\n<\/div>\n<div id=\"tdi_28\" class=\"td_block_inner\">\n<div class=\"td-block-span12\">\n<div class=\"td_module_6 td_module_wrap td-animation-stack\">\n<div class=\"td-module-thumb\"><a href=\"https:\/\/r3media.ro\/popor-islanda-referendum-aderare-uniunea-europeana\/\" rel=\"bookmark\" class=\"td-image-wrap \" title=\"Poporul din Islanda a decis la referendum c\u0103 nu vrea reluarea discu\u021biilor de aderare la Uniunea European\u0103\"><img loading=\"lazy\" decoding=\"async\" class=\"entry-thumb\" src=\"https:\/\/r3media.ro\/wp-content\/uploads\/2026\/08\/harta-islandei-100x70.jpg\" alt title=\"Poporul din Islanda a decis la referendum c\u0103 nu vrea reluarea discu\u021biilor de aderare la Uniunea European\u0103\" width=\"100\" height=\"70\"><\/a><\/div>\n<div class=\"item-details\">\n<h3 class=\"entry-title td-module-title\"><a href=\"https:\/\/r3media.ro\/popor-islanda-referendum-aderare-uniunea-europeana\/\" rel=\"bookmark\" title=\"Poporul din Islanda a decis la referendum c\u0103 nu vrea reluarea discu\u021biilor de aderare la Uniunea European\u0103\">Poporul din Islanda a decis la referendum c\u0103 nu vrea reluarea&#8230;<\/a><\/h3>\n<div class=\"td-module-meta-info\"><span class=\"td-post-date\"><time class=\"entry-date updated td-module-date\" datetime=\"2026-08-30T10:42:06+03:00\">30\/08\/2026<\/time><\/span><\/div>\n<\/div>\n<\/div>\n<\/div>\n<div class=\"td-block-span12\">\n<div class=\"td_module_6 td_module_wrap td-animation-stack\">\n<div class=\"td-module-thumb\"><a href=\"https:\/\/r3media.ro\/casa-familie-california-incendiu-baterie-trotineta-electrica\/\" rel=\"bookmark\" class=\"td-image-wrap \" title=\"VIDEO | Casa unei familii din California s-a f\u0103cut scrum din cauza unei baterii de trotinet\u0103 electric\u0103\"><img loading=\"lazy\" decoding=\"async\" class=\"entry-thumb\" src=\"https:\/\/r3media.ro\/wp-content\/uploads\/2026\/08\/pompieri-in-actiune-in-sua-100x70.jpg\" alt title=\"VIDEO | Casa unei familii din California s-a f\u0103cut scrum din cauza unei baterii de trotinet\u0103 electric\u0103\" width=\"100\" height=\"70\"><\/a><\/div>\n<div class=\"item-details\">\n<h3 class=\"entry-title td-module-title\"><a href=\"https:\/\/r3media.ro\/casa-familie-california-incendiu-baterie-trotineta-electrica\/\" rel=\"bookmark\" title=\"VIDEO | Casa unei familii din California s-a f\u0103cut scrum din cauza unei baterii de trotinet\u0103 electric\u0103\">VIDEO | Casa unei familii din California s-a f\u0103cut scrum din&#8230;<\/a><\/h3>\n<div class=\"td-module-meta-info\"><span class=\"td-post-date\"><time class=\"entry-date updated td-module-date\" datetime=\"2026-08-30T10:41:03+03:00\">30\/08\/2026<\/time><\/span><\/div>\n<\/div>\n<\/div>\n<\/div>\n<div class=\"td-block-span12\">\n<div class=\"td_module_6 td_module_wrap td-animation-stack\">\n<div class=\"td-module-thumb\"><a href=\"https:\/\/r3media.ro\/stat-american-illinois-sprijina-utilizarea-numerarului\/\" rel=\"bookmark\" class=\"td-image-wrap \" title=\"Statul american Illinois a decis s\u0103 sprijine masiv utilizarea numerarului\"><img loading=\"lazy\" decoding=\"async\" class=\"entry-thumb\" src=\"https:\/\/r3media.ro\/wp-content\/uploads\/2026\/08\/numerar-dolari-100x70.jpg\" alt title=\"Statul american Illinois a decis s\u0103 sprijine masiv utilizarea numerarului\" width=\"100\" height=\"70\"><\/a><\/div>\n<div class=\"item-details\">\n<h3 class=\"entry-title td-module-title\"><a href=\"https:\/\/r3media.ro\/stat-american-illinois-sprijina-utilizarea-numerarului\/\" rel=\"bookmark\" title=\"Statul american Illinois a decis s\u0103 sprijine masiv utilizarea numerarului\">Statul american Illinois a decis s\u0103 sprijine masiv utilizarea numerarului<\/a><\/h3>\n<div class=\"td-module-meta-info\"><span class=\"td-post-date\"><time class=\"entry-date updated td-module-date\" datetime=\"2026-08-30T10:03:20+03:00\">30\/08\/2026<\/time><\/span><\/div>\n<\/div>\n<\/div>\n<\/div>\n<div class=\"td-block-span12\">\n<div class=\"td_module_6 td_module_wrap td-animation-stack\">\n<div class=\"td-module-thumb\"><a href=\"https:\/\/r3media.ro\/polonezi-white-lives-matter-zid-sunt-cautati-autoritati-inchisoare-mesaj-rasist\/\" rel=\"bookmark\" class=\"td-image-wrap \" title=\"Ni\u0219te polonezi care au scris \u201eWhite Lives Matter\u201d pe un zid sunt c\u0103uta\u021bi de autorit\u0103\u021bi \u0219i risc\u0103 \u00eenchisoarea. Mesajul e considerat rasist\"><img loading=\"lazy\" decoding=\"async\" class=\"entry-thumb\" src=\"https:\/\/r3media.ro\/wp-content\/uploads\/2026\/08\/white-lives-matter-100x70.jpg\" alt title=\"Ni\u0219te polonezi care au scris \u201eWhite Lives Matter\u201d pe un zid sunt c\u0103uta\u021bi de autorit\u0103\u021bi \u0219i risc\u0103 \u00eenchisoarea. Mesajul e considerat rasist\" width=\"100\" height=\"70\"><\/a><\/div>\n<div class=\"item-details\">\n<h3 class=\"entry-title td-module-title\"><a href=\"https:\/\/r3media.ro\/polonezi-white-lives-matter-zid-sunt-cautati-autoritati-inchisoare-mesaj-rasist\/\" rel=\"bookmark\" title=\"Ni\u0219te polonezi care au scris \u201eWhite Lives Matter\u201d pe un zid sunt c\u0103uta\u021bi de autorit\u0103\u021bi \u0219i risc\u0103 \u00eenchisoarea. Mesajul e considerat rasist\">Ni\u0219te polonezi care au scris \u201eWhite Lives Matter\u201d pe un zid&#8230;<\/a><\/h3>\n<div class=\"td-module-meta-info\"><span class=\"td-post-date\"><time class=\"entry-date updated td-module-date\" datetime=\"2026-08-30T09:34:54+03:00\">30\/08\/2026<\/time><\/span><\/div>\n<\/div>\n<\/div>\n<\/div>\n<div class=\"td-block-span12\">\n<div class=\"td_module_6 td_module_wrap td-animation-stack\">\n<div class=\"td-module-thumb\"><a href=\"https:\/\/r3media.ro\/muzicantii-din-bremen-1819-no-country-for-old-men\/\" rel=\"bookmark\" class=\"td-image-wrap \" title=\"Muzican\u021bii din Bremen (1819) este \u201eNo country for old men\u201d pentru cei mici, pus\u0103 \u00eentr-o cheie optimist\u0103\"><img loading=\"lazy\" decoding=\"async\" class=\"entry-thumb\" src=\"https:\/\/r3media.ro\/wp-content\/uploads\/2026\/08\/muzicantii-din-bremen-100x70.jpg\" alt title=\"Muzican\u021bii din Bremen (1819) este \u201eNo country for old men\u201d pentru cei mici, pus\u0103 \u00eentr-o cheie optimist\u0103\" width=\"100\" height=\"70\"><\/a><\/div>\n<div class=\"item-details\">\n<h3 class=\"entry-title td-module-title\"><a href=\"https:\/\/r3media.ro\/muzicantii-din-bremen-1819-no-country-for-old-men\/\" rel=\"bookmark\" title=\"Muzican\u021bii din Bremen (1819) este \u201eNo country for old men\u201d pentru cei mici, pus\u0103 \u00eentr-o cheie optimist\u0103\">Muzican\u021bii din Bremen (1819) este \u201eNo country for old men\u201d pentru&#8230;<\/a><\/h3>\n<div class=\"td-module-meta-info\"><span class=\"td-post-date\"><time class=\"entry-date updated td-module-date\" datetime=\"2026-08-29T12:19:32+03:00\">29\/08\/2026<\/time><\/span><\/div>\n<\/div>\n<\/div>\n<\/div>\n<div class=\"td-block-span12\">\n<div class=\"td_module_6 td_module_wrap td-animation-stack\">\n<div class=\"td-module-thumb\"><a href=\"https:\/\/r3media.ro\/video-stefan-popescu-romania-romani-geografia-umana\/\" rel=\"bookmark\" class=\"td-image-wrap \" title=\"VIDEO | \u0218tefan Popescu spune c\u0103 Rom\u00e2nia trebuie repopulat\u0103 cu rom\u00e2ni: S\u0103 evit\u0103m ca geografia noastr\u0103 uman\u0103 s\u0103 arate precum cea a Fran\u021bei, Germaniei sau Marii Britanii\"><img loading=\"lazy\" decoding=\"async\" class=\"entry-thumb\" src=\"https:\/\/r3media.ro\/wp-content\/uploads\/2023\/07\/franta-schimbare-e1689443658181-100x70.jpg\" alt title=\"VIDEO | \u0218tefan Popescu spune c\u0103 Rom\u00e2nia trebuie repopulat\u0103 cu rom\u00e2ni: S\u0103 evit\u0103m ca geografia noastr\u0103 uman\u0103 s\u0103 arate precum cea a Fran\u021bei, Germaniei sau Marii Britanii\" width=\"100\" height=\"70\"><\/a><\/div>\n<div class=\"item-details\">\n<h3 class=\"entry-title td-module-title\"><a href=\"https:\/\/r3media.ro\/video-stefan-popescu-romania-romani-geografia-umana\/\" rel=\"bookmark\" title=\"VIDEO | \u0218tefan Popescu spune c\u0103 Rom\u00e2nia trebuie repopulat\u0103 cu rom\u00e2ni: S\u0103 evit\u0103m ca geografia noastr\u0103 uman\u0103 s\u0103 arate precum cea a Fran\u021bei, Germaniei sau Marii Britanii\">VIDEO | \u0218tefan Popescu spune c\u0103 Rom\u00e2nia trebuie repopulat\u0103 cu rom\u00e2ni:&#8230;<\/a><\/h3>\n<div class=\"td-module-meta-info\"><span class=\"td-post-date\"><time class=\"entry-date updated td-module-date\" datetime=\"2026-08-28T23:09:11+03:00\">28\/08\/2026<\/time><\/span><\/div>\n<\/div>\n<\/div>\n<\/div>\n<div class=\"td-block-span12\">\n<div class=\"td_module_6 td_module_wrap td-animation-stack\">\n<div class=\"td-module-thumb\"><a href=\"https:\/\/r3media.ro\/29-august-taierea-capului-sf-ioan-botezatorul-post\/\" rel=\"bookmark\" class=\"td-image-wrap \" title=\"Calendarul zilei: 29 august, T\u0103ierea capului Sf. Ioan Botez\u0103torul (Post)\"><img loading=\"lazy\" decoding=\"async\" class=\"entry-thumb\" src=\"https:\/\/r3media.ro\/wp-content\/uploads\/2021\/08\/taierea-capului-sfantului-ioan-botezatorul-29-august-100x70.jpg\" alt title=\"Calendarul zilei: 29 august, T\u0103ierea capului Sf. Ioan Botez\u0103torul (Post)\" width=\"100\" height=\"70\"><\/a><\/div>\n<div class=\"item-details\">\n<h3 class=\"entry-title td-module-title\"><a href=\"https:\/\/r3media.ro\/29-august-taierea-capului-sf-ioan-botezatorul-post\/\" rel=\"bookmark\" title=\"Calendarul zilei: 29 august, T\u0103ierea capului Sf. Ioan Botez\u0103torul (Post)\">Calendarul zilei: 29 august, T\u0103ierea capului Sf. Ioan Botez\u0103torul (Post)<\/a><\/h3>\n<div class=\"td-module-meta-info\"><span class=\"td-post-date\"><time class=\"entry-date updated td-module-date\" datetime=\"2026-08-28T22:40:25+03:00\">28\/08\/2026<\/time><\/span><\/div>\n<\/div>\n<\/div>\n<\/div>\n<\/div>\n<\/div>\n<aside class=\"td_block_template_1 widget widget_recent_comments\">\n<h4 class=\"block-title\"><span>INTR\u0102 \u00ceN DISCU\u021aIE!<\/span><\/h4>\n<ul id=\"recentcomments\">\n<li class=\"recentcomments\"><span class=\"comment-author-link\">Drago\u0219<\/span> la <a href=\"https:\/\/r3media.ro\/george-simion-mesaj-votanti-nicusor-dan-pahontu\/#comment-40444\">VIDEO | George Simion, mesaj pentru votan\u021bii lui Nicu\u0219or Dan: Pahon\u021bu era securist de mult. Trezi\u021bi-v\u0103, nu suntem noi du\u0219manii vo\u0219tri!<\/a><\/li>\n<li class=\"recentcomments\"><span class=\"comment-author-link\">Marcu<\/span> la <a href=\"https:\/\/r3media.ro\/film-nou-stapanul-inelelor-corect-politic-regizor-andy-serkis-diversitate-tolkien-mitologie-nordica\/#comment-40442\">Noul film \u201eSt\u0103p\u00e2nul Inelelor\u201d nu va fi corect politic. Regizorul Andy Serkis: J.R.R. Tolkien a fost influen\u021bat de mitologia nordic\u0103. Nu vrem o distribu\u021bie de dragul de a bifa c\u0103su\u021be<\/a><\/li>\n<li class=\"recentcomments\"><span class=\"comment-author-link\">Nelu<\/span> la <a href=\"https:\/\/r3media.ro\/actor-alex-bogdan-nicusor-dan-video\/#comment-40441\">VIDEO | Actorul Alex Bogdan: \u00cemi e sc\u00e2rb\u0103 c\u0103 mi-am pus la b\u0103taie reputa\u021bia, familia \u0219i energia pentru Nicu\u0219or Dan. Pentru ce? Dac\u0103-l v\u0103d vreodat\u0103 \u00een fa\u021ba mea, \u00eel scuip!<\/a><\/li>\n<li class=\"recentcomments\"><span class=\"comment-author-link\">alin<\/span> la <a href=\"https:\/\/r3media.ro\/clasare-dosar-neurochirurg-stefan-mindea\/#comment-40440\">Clasare definitiv\u0103 \u00een dosarul neurochirurgului dr. Stefan Mindea: acuza\u021biile s-au dovedit ne\u00eentemeiate<\/a><\/li>\n<li class=\"recentcomments\"><span class=\"comment-author-link\">Mihaela D\u00e2ru<\/span> la <a href=\"https:\/\/r3media.ro\/tema-frumusetii-in-alba-ca-zapada-si-cenusareasa\/#comment-40439\">Tema frumuse\u021bii \u00een Alb\u0103 ca Z\u0103pada \u0219i Cenu\u0219\u0103reasa<\/a><\/li>\n<li class=\"recentcomments\"><span class=\"comment-author-link\">Mihaela D\u00e2ru<\/span> la <a href=\"https:\/\/r3media.ro\/actor-alex-bogdan-nicusor-dan-video\/#comment-40438\">VIDEO | Actorul Alex Bogdan: \u00cemi e sc\u00e2rb\u0103 c\u0103 mi-am pus la b\u0103taie reputa\u021bia, familia \u0219i energia pentru Nicu\u0219or Dan. Pentru ce? Dac\u0103-l v\u0103d vreodat\u0103 \u00een fa\u021ba mea, \u00eel scuip!<\/a><\/li>\n<li class=\"recentcomments\"><span class=\"comment-author-link\">Isabel<\/span> la <a href=\"https:\/\/r3media.ro\/video-stefan-popescu-romania-romani-geografia-umana\/#comment-40436\">VIDEO | \u0218tefan Popescu spune c\u0103 Rom\u00e2nia trebuie repopulat\u0103 cu rom\u00e2ni: S\u0103 evit\u0103m ca geografia noastr\u0103 uman\u0103 s\u0103 arate precum cea a Fran\u021bei, Germaniei sau Marii Britanii<\/a><\/li>\n<\/ul>\n<\/aside>\n<aside class=\"td_block_template_1 widget widget_search\">\n<h4 class=\"block-title\"><span>CAUT\u0102 \u0218I VEI G\u0102SI<\/span><\/h4>\n<\/aside>\n<\/div>\n<\/div>\n<\/div>\n<\/div>\n<\/div>\n<\/div>\n<\/div>\n<p><span class=\"td-page-meta\"><\/span><span class=\"td-page-meta\"><span class=\"td-page-meta\"><\/span><\/span><span class=\"td-page-meta\"><\/span><\/article>\n<\/p>\n<div class=\"td_block_wrap tdb_single_content tdi_20 td-pb-border-top td_block_template_1 td-post-content tagdiv-type\" data-td-block-uid=\"tdi_20\">\n<div class=\"tdb-block-inner td-fix-index\">\n<p><strong>Pre\u0219edintele <a href=\"https:\/\/r3media.ro\/tag\/donald-trump\/\" target=\"_blank\" rel=\"noopener\">Donald Trump<\/a> a semnat un Ordin Executiv pentru a \u00eenfiin\u021ba prima Academie Spa\u021bial\u0103 a Statelor Unite ale Americii. Scopul este acela de a consolida for\u021ba de munc\u0103 spa\u021bial\u0103 a na\u021biunii \u0219i a dezvolta urm\u0103toarea genera\u021bie de lideri spa\u021biali.<\/strong><\/p>\n<p>Potrivit Ordinulu, spa\u021biul este un domeniu critic pentru securitatea na\u021bional\u0103 american\u0103, cre\u0219terea economic\u0103, descoperirile \u0219tiin\u021bifice \u0219i inova\u021bia tehnologic\u0103. Academia propus\u0103 s-ar concentra pe educa\u021bia tehnic\u0103 cu dezvoltarea leadershipului, disciplin\u0103 \u0219i angajament fa\u021b\u0103 de serviciul public. \u00cen cele din urm\u0103, ea va contribu la promovarea intereselor SUA \u00een spa\u021biu.<\/p>\n<p>\u201eAv\u00e2nd \u00een vedere cre\u0219terea rapid\u0103 a For\u021belor Spa\u021biale ale SUA \u0219i a industriei spa\u021biale comerciale, precum \u0219i extinderea ambi\u021biilor noastre c\u0103tre Lun\u0103 \u0219i mult dincolo de Lun\u0103, este clar c\u0103 va trebui s\u0103 educ\u0103m \u0219i s\u0103 instruim o \u00eentreag\u0103 genera\u021bie de militari califica\u021bi, ingineri \u0219i operatori civili. De aceea voi semna un Ordin Executiv pentru a \u00eencepe procesul de creare a unei noi academii na\u021bionale numit\u0103 Academia Spa\u021bial\u0103 a SUA\u201d, a declarat pre\u0219edintele Trump.<\/p>\n<h2><strong>Noua Academie Spa\u021bial\u0103 va educa viitorii oameni care vor ajunge \u00een spa\u021biu<\/strong><\/h2>\n<p>\u00a0<\/p>\n<p>Potrivit Ordinului, administratorului NASA, Jared Isaacman, va fi pre\u0219edintele Comisiei Preziden\u021biale a Academiei Spa\u021biale a Statelor Unite. \u00cen acela\u0219i timp, administratorului adjunct al NASA, Matt Anderson, va fi director executiv. Ace\u0219tia vor lucra cu Michael Kratsios, Kevin Hassett \u0219i cu al\u021bi reprezentan\u021bi ai Casei Albe \u00een cadrul comisiei.<\/p>\n<p>\u201eViziunea pre\u0219edintelui Trump pentru o nou\u0103 academie este un pas transformator pentru a educa inginerii, oamenii de \u0219tiin\u021b\u0103, tehnicienii, operatorii \u0219i chiar astronau\u021bii care vor fi necesari pentru viitorul inspirator pe care \u00eel urm\u0103rim \u00een spa\u021biu. \u00cen anii urm\u0103tori, vom readuce astronau\u021bii NASA pe suprafa\u021ba lunar\u0103. Vom construi baza lunar\u0103. Vom \u00eencepe s\u0103 folosim energia nuclear\u0103. Vom stimula economia orbital\u0103 \u0219i vom lansa mai multe misiuni \u0219tiin\u021bifice \u0219i de descoperire\u201d, a declarat Isaacman.<\/p>\n<p>\u201eNu am nicio \u00eendoial\u0103 c\u0103 o mare parte din talentele viitoare care vor absolvi \u0219i vor contribui la aceste eforturi interesante vor fi educate la Academia Spa\u021bial\u0103 a Statelor Unite\u201d, a mai zis el.<\/p>\n<h2><strong>Donald Trump a devenit tot mai interesat de suprema\u021bia american\u0103 \u00een spa\u021biu<\/strong><\/h2>\n<p>\u00a0<\/p>\n<p>Un raport al comisiei c\u0103tre pre\u0219edinte trebuie prezentat \u00een termen de 120 de zile de la semnare. Acesta va avea recomand\u0103ri privind cadrul de guvernan\u021b\u0103, obliga\u021biile de serviciu pentru absolven\u021bi, loca\u021bia fizic\u0103 a academiei, cerin\u021bele legislative \u0219i multe altele.<\/p>\n<p>Ordinul Executiv este cel mai recent ordin al pre\u0219edintelui Trump care demonstreaz\u0103 angajamentul s\u0103u de a men\u021bine pozi\u021bia de lider a SUA \u00een spa\u021biu \u0219i de a promova explorarea \u0219i inova\u021bia NASA \u00een Epoca de Aur. \u00cen decembrie 2025, el a semnat memorandumul \u201eAsigurarea Superiorit\u0103\u021bii Spa\u021biale Americane\u201d. De asemenea, pe 20 august a semnat un Memorandum privind Politica Na\u021bional\u0103 de Transport Spa\u021bial.<\/p>\n<div class=\"crp_related     crp-masonry\">\n<h2>\u00ceN CONTEXT<\/h2>\n<ul>\n<li><a href=\"https:\/\/r3media.ro\/2026-sangeros-sua-atac-venezuela-trump-maduro-china\/\" target=\"_blank\" class=\"crp_link post-114631\"><span class=\"crp_title\">2026 s\u00e2ngeros. SUA au atacat Venezuela. Maduro a fost r\u0103pit de americani \u0219i trimis \u00een\u2026<\/span><\/a><\/li>\n<li><a href=\"https:\/\/r3media.ro\/conflict-donald-trump-giorgia-meloni-romania-aliante\/\" target=\"_blank\" class=\"crp_link post-118828\"><span class=\"crp_title\">Ce ascunde conflictul Donald Trump &#8211; Giorgia Meloni? Rom\u00e2nia s\u0103 renun\u021be la iluzia c\u0103\u2026<\/span><\/a><\/li>\n<li><a href=\"https:\/\/r3media.ro\/titus-corlatean-sua-mic-dejun-cu-rugaciune-decidenti-europeni-inclusiv-bucuresti-adaptare-schimbare-profunda-presedinte-romania-donald-trump\/\" target=\"_blank\" class=\"crp_link post-115054\"><span class=\"crp_title\">Titus Corl\u0103\u021bean a trebuit s\u0103 mearg\u0103 \u00een SUA ca s\u0103 \u00een\u021beleag\u0103 despre ce este vorba: Cei mai\u2026<\/span><\/a><\/li>\n<li><a href=\"https:\/\/r3media.ro\/trump-in-istoria-europei\/\" target=\"_blank\" class=\"crp_link post-115803\"><span class=\"crp_title\">Trump \u00een istoria Europei \u00a0\u00a0<\/span><\/a><\/li>\n<li><a href=\"https:\/\/r3media.ro\/de-la-nord-stream-la-groenlanda-europa-fata-cu-optiunile-strategice\/\" target=\"_blank\" class=\"crp_link post-114894\"><span class=\"crp_title\">De la Nord Stream la Groenlanda. Europa fa\u021b\u0103 cu op\u021biunile strategice<\/span><\/a><\/li>\n<li><a href=\"https:\/\/r3media.ro\/lovitura-naucitoare-uniunea-europeana-donald-trump-intalnire-vladimir-putin-budapesta-ungaria\/\" target=\"_blank\" class=\"crp_link post-113694\"><span class=\"crp_title\">Lovitur\u0103 n\u0103ucitoare pentru Uniunea European\u0103: Donald Trump se va \u00eent\u00e2lni cu Vladimir Putin\u2026<\/span><\/a><\/li>\n<li><a href=\"https:\/\/r3media.ro\/acordul-cu-iranul-aproape-incheiat-donald-trump\/\" target=\"_blank\" class=\"crp_link post-116785\"><span class=\"crp_title\">Acordul cu Iranul este aproape de a fi \u00eencheiat, afirm\u0103 Donald Trump<\/span><\/a><\/li>\n<li><a href=\"https:\/\/r3media.ro\/trump-si-hegel-unde-s-nebunii\/\" target=\"_blank\" class=\"crp_link post-116530\"><span class=\"crp_title\">Trump \u015fi Hegel \u2013 unde-s nebunii?<\/span><\/a><\/li>\n<\/ul>\n<\/div>\n<\/div>\n<\/div>\n<p>[analyse_source url=&#8221;https:\/\/r3media.ro\/donald-trump-ordin-infiintare-academie-spatiala-sua\/&#8221;]<\/p>\n","protected":false},"excerpt":{"rendered":"<p>[analyse_image type=&#8221;featured&#8221; src=&#8221;https:\/\/r3media.ro\/wp-content\/uploads\/2025\/01\/donaldjtrump-e1737449737566.jpghttps:\/\/r3media.ro\/wp-content\/uploads\/2025\/01\/donaldjtrump-e1737449737566.jpg&#8221;] FEATUREDDonald Trump a semnat un Ordin pentru a \u00eenfiin\u021ba prima Academie Spa\u021bial\u0103&#8230; FEATURED\u0218TIRI Donald Trump a semnat un Ordin pentru a \u00eenfiin\u021ba prima Academie Spa\u021bial\u0103 a Statelor Unite ale Americii Oana Ivan 30\/08\/2026 Ad\u0103uga\u021bi R3media la sursele preferate din Google Pre\u0219edintele Donald Trump a semnat un Ordin Executiv pentru a \u00eenfiin\u021ba prima [&hellip;]<\/p>\n","protected":false},"author":1,"featured_media":0,"comment_status":"open","ping_status":"","sticky":false,"template":"","format":"standard","meta":{"footnotes":""},"categories":[89],"tags":[226,93],"class_list":["post-2119380","post","type-post","status-publish","format-standard","hentry","category-romania","tag-crawlmanager","tag-r3media-ro"],"_links":{"self":[{"href":"https:\/\/analyse.optim.biz\/index.php?rest_route=\/wp\/v2\/posts\/2119380","targetHints":{"allow":["GET"]}}],"collection":[{"href":"https:\/\/analyse.optim.biz\/index.php?rest_route=\/wp\/v2\/posts"}],"about":[{"href":"https:\/\/analyse.optim.biz\/index.php?rest_route=\/wp\/v2\/types\/post"}],"author":[{"embeddable":true,"href":"https:\/\/analyse.optim.biz\/index.php?rest_route=\/wp\/v2\/users\/1"}],"replies":[{"embeddable":true,"href":"https:\/\/analyse.optim.biz\/index.php?rest_route=%2Fwp%2Fv2%2Fcomments&post=2119380"}],"version-history":[{"count":0,"href":"https:\/\/analyse.optim.biz\/index.php?rest_route=\/wp\/v2\/posts\/2119380\/revisions"}],"wp:attachment":[{"href":"https:\/\/analyse.optim.biz\/index.php?rest_route=%2Fwp%2Fv2%2Fmedia&parent=2119380"}],"wp:term":[{"taxonomy":"category","embeddable":true,"href":"https:\/\/analyse.optim.biz\/index.php?rest_route=%2Fwp%2Fv2%2Fcategories&post=2119380"},{"taxonomy":"post_tag","embeddable":true,"href":"https:\/\/analyse.optim.biz\/index.php?rest_route=%2Fwp%2Fv2%2Ftags&post=2119380"}],"curies":[{"name":"wp","href":"https:\/\/api.w.org\/{rel}","templated":true}]}}