{"id":2119378,"date":"2026-08-30T07:03:20","date_gmt":"2026-08-30T04:03:20","guid":{"rendered":"https:\/\/analyse.optim.biz\/?p=2119378"},"modified":"2026-08-30T07:03:20","modified_gmt":"2026-08-30T04:03:20","slug":"statul-american-illinois-a-decis-sa-sprijine-masiv-utilizarea-numerarului","status":"publish","type":"post","link":"https:\/\/analyse.optim.biz\/?p=2119378","title":{"rendered":"Statul american Illinois a decis s\u0103 sprijine masiv utilizarea numerarului"},"content":{"rendered":"<p>[analyse_image type=&#8221;featured&#8221; src=&#8221;https:\/\/r3media.ro\/wp-content\/uploads\/2026\/08\/numerar-dolari-scaled-e1788073523753.jpghttps:\/\/r3media.ro\/wp-content\/uploads\/2026\/08\/numerar-dolari-scaled-e1788073523753.jpg&#8221;]<\/p>\n<article id=\"template-id-109\" class=\"post-109 tdb_templates type-tdb_templates status-publish post\">\n<div id=\"tdi_2\" class=\"tdc-zone\">\n<div class=\"tdc_zone tdi_3  wpb_row td-pb-row\">\n<div id=\"tdi_4\" class=\"tdc-row\">\n<div class=\"vc_row tdi_5  wpb_row td-pb-row\">\n<div class=\"vc_column tdi_7  wpb_column vc_column_container tdc-column td-pb-span8\">\n<div class=\"wpb_wrapper\">\n<div class=\"td_block_wrap tdb_breadcrumbs tdi_8 td-pb-border-top td_block_template_1 tdb-breadcrumbs \" data-td-block-uid=\"tdi_8\">\n<div class=\"tdb-block-inner td-fix-index\"><span><a title=\"Vede\u021bi toate articolele \u00een FEATURED\" class=\"tdb-entry-crumb\" href=\"https:\/\/r3media.ro\/category\/featured\/\">FEATURED<\/a><\/span><span class=\"tdb-bred-no-url-last\">Statul american Illinois a decis s\u0103 sprijine masiv utilizarea numerarului<\/span><\/div>\n<\/div>\n<div class=\"td_block_wrap tdb_single_categories tdi_9 td-pb-border-top td_block_template_1 \" data-td-block-uid=\"tdi_9\">\n<div class=\"tdb-category td-fix-index\"><a class=\"tdb-entry-category\" href=\"https:\/\/r3media.ro\/category\/featured\/\">FEATURED<\/a><a class=\"tdb-entry-category\" href=\"https:\/\/r3media.ro\/category\/stiri\/\">\u0218TIRI<\/a><\/div>\n<\/div>\n<div class=\"td_block_wrap tdb_title tdi_10 tdb-single-title td-pb-border-top td_block_template_1\" data-td-block-uid=\"tdi_10\">\n<div class=\"tdb-block-inner td-fix-index\">\n<h1 class=\"tdb-title-text\">Statul american Illinois a decis s\u0103 sprijine masiv utilizarea numerarului<\/h1>\n<\/div>\n<\/div>\n<div class=\"vc_row_inner tdi_12  vc_row vc_inner wpb_row td-pb-row\">\n<div class=\"vc_column_inner tdi_14  wpb_column vc_column_container tdc-inner-column td-pb-span12\">\n<div class=\"vc_column-inner\">\n<div class=\"wpb_wrapper\">\n<div class=\"td_block_wrap tdb_single_author tdi_15 td-pb-border-top td_block_template_1 tdb-post-meta\" data-td-block-uid=\"tdi_15\">\n<div class=\"tdb-block-inner td-fix-index\">\n<div class=\"tdb-author-name-wrap\"><a class=\"tdb-author-name\" href=\"https:\/\/r3media.ro\/author\/oana\/\">Oana Ivan<\/a><\/div>\n<\/div>\n<\/div>\n<div class=\"td_block_wrap tdb_single_date tdi_16 td-pb-border-top td_block_template_1 tdb-post-meta\" data-td-block-uid=\"tdi_16\">\n<div class=\"tdb-block-inner td-fix-index\"><time class=\"entry-date updated td-module-date\" datetime=\"2026-08-30T10:03:20+03:00\">30\/08\/2026<\/time><\/div>\n<\/div>\n<\/div>\n<\/div>\n<\/div>\n<\/div>\n<div class=\"td_block_wrap tdb_single_featured_image tdi_17 tdb-content-horiz-left td-pb-border-top td_block_template_1\" data-td-block-uid=\"tdi_17\">\n<div class=\"tdb-block-inner td-fix-index\">\n<figure><figcaption class=\"tdb-caption-text\">Surs\u0103 &#8211; Unsplash<\/figcaption><\/figure>\n<\/div>\n<\/div>\n<div class=\"wpb_wrapper td_block_wrap vc_raw_html tdi_19 \">\n<div class=\"td-fix-index\"><a href=\"https:\/\/www.google.com\/preferences\/source?q=r3media.ro\" target=\"_blank\" rel=\"noopener nofollow\">Ad\u0103uga\u021bi R3media la sursele preferate din Google<\/a><\/div>\n<\/div>\n<div class=\"td_block_wrap tdb_single_content tdi_20 td-pb-border-top td_block_template_1 td-post-content tagdiv-type\" data-td-block-uid=\"tdi_20\">\n<div class=\"tdb-block-inner td-fix-index\">\n<p><strong>Pe 31 iulie, guvernatorul statului american Illinois, J.B. Pritzker, a semnat proiectul de lege 4592 al Camerei Reprezentan\u021bilor. Acesta interzice companiilor s\u0103 refuze s\u0103 accepte <a href=\"https:\/\/r3media.ro\/tag\/disparitia-banilor-fizici-numerar\/\" target=\"_blank\" rel=\"noopener\">numerar<\/a> pentru achizi\u021bii cu o valoare sub 500 de dolari. Totodat\u0103, legea interzice companiilor s\u0103 afi\u0219eze semne care s\u0103 precizeze c\u0103 nu accept\u0103 utilizarea numerarului \u0219i le interzice \u00eentreprinderilor s\u0103 perceap\u0103 clien\u021bilor pre\u021buri mai mari pentru plata cu numerar dec\u00e2t pentru alte forme de plat\u0103, potrivit <a href=\"https:\/\/www.paymentsdive.com\/news\/illinois-seeks-to-support-cash-use\/828982\/\" target=\"_blank\" rel=\"noopener\">Payments Dive<\/a>.<\/strong><\/p>\n<p>Consumatorii nu ar trebui s\u0103 fie obliga\u021bi s\u0103 utilizeze pl\u0103\u021bi digitale, a explicat senatorul de Illinois, Li Arellano, Jr.<\/p>\n<p>\u201eNu vrem s\u0103 for\u021b\u0103m oamenii s\u0103 devin\u0103 parte a structurilor de plat\u0103 sau a sistemelor financiare, \u00een special a celor care iau un procent din salariul tuturor \u0219i fac via\u021ba tuturor mai scump\u0103\u201d, a declarat Arellano \u00een interviul de miercuri.<\/p>\n<p>Legea, care intr\u0103 \u00een vigoare la 1 ianuarie 2028, se aplic\u0103 benzin\u0103riilor, magazinelor alimentare, farmaciilor, restaurantelor, comercian\u021bilor cu am\u0103nuntul \u0219i caselor de marcat cu autoservire.<\/p>\n<p>Conform legii, cei care \u00eencalc\u0103 legea se vor confrunta cu amenzi de p\u00e2n\u0103 la 5.000 de dolari pe an calendaristic. Amenzile \u00eencep cu o sanc\u021biune de p\u00e2n\u0103 la 50 de dolari pentru prima abatere. Sumele cresc direct propor\u021bional cu abaterile.<\/p>\n<h2><strong>Utilizarea numerarului devine garantat\u0103 \u00een statul american Illinois<\/strong><\/h2>\n<p>\u00a0<\/p>\n<p>Reprezentanta statului Illinois, Rita Mayfield, a introdus proiectul de lege \u00een ianuarie. Ini\u021biativa a fost sus\u021binut\u0103 apoi de senatorul Christopher Belt. Lui Arellano i s-au al\u0103turat \u0219i al\u021bi reprezentan\u021bi ai statului. E vorba de Carol Ammons, Doris Turner, Jason Plummer, David Koehler \u0219i Mark Walker.<\/p>\n<p>De\u0219i Arellano sus\u021bine op\u021biunile alternative de plat\u0103 pentru consumatori, inclusiv cardurile de credit, aplica\u021biile de plat\u0103 sau Bitcoin, el a spus c\u0103 alegerea consumatorilor de numerar nu ar trebui s\u0103 fie limitat\u0103. \u00cen cazul cardurilor de credit, taxele de schimb \u0219i alte taxe pe care comercian\u021bii trebuie s\u0103 le pl\u0103teasc\u0103 pentru a le accepta pot duce la pre\u021buri mai mari pentru bunuri. Asta duce \u00een cele din urm\u0103 la cre\u0219terea costurilor pentru toat\u0103 lumea, a spus el.<\/p>\n<p>Noua lege \u00ee\u0219i propune s\u0103 \u00eempiedice consumatorii s\u0103 fie \u00eempin\u0219i s\u0103 utilizeze alternative la numerar, a spus el. De\u0219i amenzile au scopul de a descuraja companiile s\u0103 \u00eencalce legea, amenzile \u00eencep cu valori mici \u0219i cresc considerabil pentru a evita aplicarea excesiv\u0103 a legii, a spus Arellano. El a ad\u0103ugat c\u0103 legea nu \u00ee\u0219i propune s\u0103 genereze venituri pentru stat.<\/p>\n<p>\u201eScopul nu este de a pedepsi oamenii. Scopul este de a g\u0103si conformitatea \u0219i de a continua s\u0103 modific\u0103m legile pentru a ne asigura c\u0103 conformitatea pe care o c\u0103ut\u0103m este rezonabil\u0103\u201d, a explicat el.<\/p>\n<h2><strong>Tranzi\u021bia spre digital nu trebuie s\u0103 influen\u021beze drepturile individuale<\/strong><\/h2>\n<p>\u00a0<\/p>\n<p>Potrivit lui Plummer, scopul proiectului de lege a fost de a \u201ecrea o situa\u021bie reciproc avantajoas\u0103, echilibr\u00e2nd protec\u021bia consumatorilor bazat\u0103 pe bunul sim\u021b, drepturile individuale \u0219i aprecierea complexit\u0103\u021bii conducerii unei afaceri\u201d.<\/p>\n<p>\u201eCred c\u0103 ne-am atins obiectivul\u201d, a spus el.<\/p>\n<p>Proiectul de lege s-a confruntat cu o oarecare opozi\u021bie din partea \u201egrupurilor guvernamentale\u201d, a spus Plummer. Per total \u00eens\u0103, a fost \u201eo experien\u021b\u0103 minunat\u0103 s\u0103 lucr\u0103m cu comunitatea de afaceri\u201d.<\/p>\n<p>\u00cen cele din urm\u0103, parlamentarii au lucrat pentru a se asigura c\u0103 legea include \u201eexcep\u021bii rezonabile \u0219i flexibilitate pentru a aborda preocup\u0103rile practice ale tuturor p\u0103r\u021bilor\u201d, a ad\u0103ugat el.<\/p>\n<p>\u201eLumea devine din ce \u00een ce mai digital\u0103 \u0219i vreau s\u0103 m\u0103 asigur c\u0103 aceast\u0103 tranzi\u021bie nu cre\u0219te puterea guvernului \u00een via\u021ba dumneavoastr\u0103 \u0219i c\u0103 o astfel de tranzi\u021bie nu are un impact negativ asupra drepturilor individuale\u201d, a declarat Plummer \u00eentr-un e-mail.<\/p>\n<h2><strong>Tot mai multe state au decis s\u0103 protejeze utilizarea numerarului<\/strong><\/h2>\n<p>\u00a0<\/p>\n<p>Illinois se al\u0103tur\u0103 unei liste tot mai mari de state care doresc s\u0103 sus\u021bin\u0103 op\u021biunea pl\u0103\u021bilor \u00een numerar. \u00cen 2024, legislativul statului Florida a introdus un proiect de lege care impune \u00eentreprinderilor s\u0103 accepte numerar \u0219i alte forme de plat\u0103 pentru bunuri \u0219i servicii. Un an mai t\u00e2rziu, statul New York a adoptat un proiect de lege care interzice comercian\u021bilor cu am\u0103nuntul s\u0103 refuze pl\u0103\u021bile \u00een numerar.<\/p>\n<p>\u00cen plus, problema a c\u00e2\u0219tigat o oarecare aten\u021bie la nivel federal. \u00cen 2023, membrii Congresului au introdus proiecte \u00een Senat \u0219i Camer\u0103 care interzic comercian\u021bilor cu am\u0103nuntul s\u0103 refuze numerarul. Donald Payne Jr. (democrat din New Jersey) \u0219i John Rose (republican din Tennessee) au introdus m\u0103sura \u00een Camera Reprezentan\u021bilor. Totodat\u0103, senatorii Bob Menendez (democrat din New Jersey) \u0219i Kevin Cramer (republican din Dakota de Nord) au venit cu o propunere legislativ\u0103 complementar\u0103.<\/p>\n<p>De\u0219i alte forme de plat\u0103 devin din ce \u00een ce mai populare, unii americani continu\u0103 s\u0103 se bazeze pe numerar. Cardurile de credit \u0219i de debit sunt primele dou\u0103 metode de plat\u0103 preferate de consumatorii americani. Numerarul r\u0103m\u00e2ne \u00eens\u0103 pe locul trei, conform sondajului anual Jurnalul Alegerilor de Plat\u0103 ale Consumatorilor.<\/p>\n<h2><strong>Ce se \u00eent\u00e2mpl\u0103 pe malul estic al Atlanticului \u00een ceea ce prive\u0219te utilizarea numerarului<\/strong><\/h2>\n<p>\u00a0<\/p>\n<p>\u00centre timp, \u00een Uniunea European\u0103, valoarea bancnotelor \u00een circula\u021bie <a href=\"https:\/\/r3media.ro\/europenii-acumuleaza-numerar-bce-bani-fizici-cetateni-avans-plati-electronice\/\" target=\"_blank\" rel=\"noopener\"><strong>a crescut<\/strong><\/a> de la 1 trilion de euro \u00een 2016 la 1,6 trilioane de euro \u00een 2026. Tendin\u021ba a venit pe m\u0103sur\u0103 ce oamenii a fost sf\u0103tui\u021bi tot mai des s\u0103 p\u0103streze rezerve de numerar.<\/p>\n<p>Noile date arat\u0103 c\u0103 numerarul r\u0103m\u00e2ne rege, \u00een ciuda pl\u0103\u021bilor electronice pe scar\u0103 larg\u0103. Cantitatea de numerar \u00een circula\u021bie este \u00een cre\u0219tere, a declarat Philip Lane, economistul-\u0219ef al B\u0103ncii Centrale Europene (BCE). DE cur\u00e2nd, \u0219i BNR <a href=\"https:\/\/r3media.ro\/bnr-recomanda-romani-rezerve-de-cash-atacuri-cibernetice-numerar-relevant-criza\/\" target=\"_blank\" rel=\"noopener\"><strong>le-a recomandat<\/strong><\/a> rom\u00e2nilor s\u0103 p\u0103streze rezerve de numerar, deoarece se poate dovedi relevant \u00een criz\u0103.<\/p>\n<p>\u201eStocul total de bancnote continu\u0103 s\u0103 creasc\u0103. \u00cen tranzac\u021bii, num\u0103rul de bancnote scade, dar \u00een ceea ce prive\u0219te stocul, cre\u0219te\u201d, a spus economistul-\u0219ef al BCE.<\/p>\n<div class=\"crp_related     crp-masonry\">\n<h2>\u00ceN CONTEXT<\/h2>\n<ul>\n<li><a href=\"https:\/\/r3media.ro\/victorie-a-libertatii-slovenia-parlamentul-votat-introducere-constitutie-drept-utilizare-numerar-cetateni\/\" target=\"_blank\" class=\"crp_link post-114394\"><span class=\"crp_title\">Victorie a libert\u0103\u021bii \u00een Slovenia: Parlamentul a votat introducerea \u00een Constitu\u021bie a\u2026<\/span><\/a><\/li>\n<li><a href=\"https:\/\/r3media.ro\/europenii-acumuleaza-numerar-bce-bani-fizici-cetateni-avans-plati-electronice\/\" target=\"_blank\" class=\"crp_link post-121355\"><span class=\"crp_title\">Europenii acumuleaz\u0103 din ce \u00een ce mai mult numerar. BCE constat\u0103 c\u0103 banii fizici r\u0103m\u00e2n\u2026<\/span><\/a><\/li>\n<li><a href=\"https:\/\/r3media.ro\/aproape-15-milioane-britanici-utilizare-cash-avans-plati-electronice\/\" target=\"_blank\" class=\"crp_link post-121420\"><span class=\"crp_title\">Aproape 1,5 milioane de britanici continu\u0103 s\u0103 foloseasc\u0103 doar cash, \u00een ciuda avansului\u2026<\/span><\/a><\/li>\n<li><a href=\"https:\/\/r3media.ro\/uber-introduce-plata-cash-noua-zeelanda-proiect-pilot-companie-acceptare-numerar-clienti\/\" target=\"_blank\" class=\"crp_link post-120843\"><span class=\"crp_title\">Uber introduce plata cash \u00een Noua Zeeland\u0103. Un proiect-pilot a ar\u0103tat companiei c\u0103\u2026<\/span><\/a><\/li>\n<li><a href=\"https:\/\/r3media.ro\/numerarul-uniunea-europeana-impuls-platile-digitale-zona-euro\/\" target=\"_blank\" class=\"crp_link post-121325\"><span class=\"crp_title\">Numerarul se men\u021bine ferm \u00een UE, \u00een ciuda impulsului pentru pl\u0103\u021bile digitale din zona euro<\/span><\/a><\/li>\n<li><a href=\"https:\/\/r3media.ro\/banca-centrala-europeana-bce-recomanda-pastrare-numerar-acasa-instabilitate-majora\/\" target=\"_blank\" class=\"crp_link post-113327\"><span class=\"crp_title\">Banca Central\u0103 European\u0103 (BCE) recomand\u0103 cet\u0103\u021benilor s\u0103 p\u0103streze acas\u0103 numerar \u201esuficient\u2026<\/span><\/a><\/li>\n<li><a href=\"https:\/\/r3media.ro\/paternalism-dupa-liberalism-1\/\" target=\"_blank\" class=\"crp_link post-112792\"><span class=\"crp_title\">Paternalism dup\u0103 liberalism (1)<\/span><\/a><\/li>\n<li><a href=\"https:\/\/r3media.ro\/gheorghe-piperea-euro-digital-obligatie-certificat-vaccinare\/\" target=\"_blank\" class=\"crp_link post-119733\"><span class=\"crp_title\">Europarlamentarul Gheorghe Piperea: Op\u021biunea pentru euro digital se va putea transforma \u00een\u2026<\/span><\/a><\/li>\n<\/ul>\n<\/div>\n<\/div>\n<\/div>\n<div class=\"td_block_wrap tdb_single_tags tdi_21 td-pb-border-top td_block_template_1\" data-td-block-uid=\"tdi_21\">\n<div class=\"tdb-block-inner td-fix-index\">\n<ul class=\"tdb-tags\">\n<li><span>SUBIECTE FIERBIN\u021aI<\/span><\/li>\n<li><a href=\"https:\/\/r3media.ro\/tag\/disparitia-banilor-fizici-numerar\/\">disparitia banilor fizici (numerar)<\/a><\/li>\n<li><a href=\"https:\/\/r3media.ro\/tag\/plati-online-vs-plati-cash\/\">plati online vs plati cash<\/a><\/li>\n<li><a href=\"https:\/\/r3media.ro\/tag\/sua-statele-unite-ale-americii\/\">SUA (Statele Unite ale Americii)<\/a><\/li>\n<\/ul>\n<\/div>\n<\/div>\n<div class=\"td_block_wrap td_block_9 tdi_22 td_with_ajax_pagination td-pb-border-top td_block_template_1 td-column-2 td_block_padding td_block_bot_line\" data-td-block-uid=\"tdi_22\">\n<div class=\"td-block-title-wrap\">\n<h4 class=\"block-title td-block-title\"><span class=\"td-pulldown-size\">CITE\u0218TE MAI MULT<\/span><\/h4>\n<\/div>\n<div id=\"tdi_22\" class=\"td_block_inner\">\n<div class=\"td-block-row\">\n<div class=\"td-block-span6\">\n<div class=\"td_module_8 td_module_wrap\">\n<div class=\"item-details\">\n<h3 class=\"entry-title td-module-title\"><a href=\"https:\/\/r3media.ro\/america-implicare-capete-razboiul-din-iugoslavia\/\" rel=\"bookmark\" title=\"Cum a jucat America la toate capetele r\u0103zboiului din fosta Iugoslavie\">Cum a jucat America la toate capetele r\u0103zboiului din fosta Iugoslavie<\/a><\/h3>\n<div class=\"td-module-meta-info\"><a href=\"https:\/\/r3media.ro\/category\/actualitate\/\" class=\"td-post-category\">ACTUALITATE<\/a><span class=\"td-post-author-name\"><a href=\"https:\/\/r3media.ro\/author\/radu_ursan\/\">Radu Ursan<\/a><span>&#8211;<\/span><\/span><span class=\"td-post-date\"><time class=\"entry-date updated td-module-date\" datetime=\"2026-08-26T19:58:22+03:00\">26\/08\/2026<\/time><\/span><\/div>\n<\/div>\n<\/div>\n<\/div>\n<div class=\"td-block-span6\">\n<div class=\"td_module_8 td_module_wrap\">\n<div class=\"item-details\">\n<h3 class=\"entry-title td-module-title\"><a href=\"https:\/\/r3media.ro\/jurnalista-liliana-ruse-digi24-cancer-tratament-povara-financiara\/\" rel=\"bookmark\" title=\"Jurnalista Liliana Ruse de la Digi24 se lupt\u0103 cu o form\u0103 de cancer \u0219i \u00ee\u0219i procur\u0103 singur\u0103 tratamentul: Nu mi se pare normal s\u0103 mai suport o asemenea povar\u0103 financiar\u0103\">Jurnalista Liliana Ruse de la Digi24 se lupt\u0103 cu o form\u0103 de cancer \u0219i&#8230;<\/a><\/h3>\n<div class=\"td-module-meta-info\"><a href=\"https:\/\/r3media.ro\/category\/actualitate\/\" class=\"td-post-category\">ACTUALITATE<\/a><span class=\"td-post-author-name\"><a href=\"https:\/\/r3media.ro\/author\/oana\/\">Oana Ivan<\/a><span>&#8211;<\/span><\/span><span class=\"td-post-date\"><time class=\"entry-date updated td-module-date\" datetime=\"2026-08-26T11:35:58+03:00\">26\/08\/2026<\/time><\/span><\/div>\n<\/div>\n<\/div>\n<\/div>\n<\/div>\n<div class=\"td-block-row\">\n<div class=\"td-block-span6\">\n<div class=\"td_module_8 td_module_wrap\">\n<div class=\"item-details\">\n<h3 class=\"entry-title td-module-title\"><a href=\"https:\/\/r3media.ro\/asociatia-parakletos-ong-banci-franci-elvetieni\/\" rel=\"bookmark\" title=\"Asocia\u021bia Parakletos a disp\u0103rut, oficial. ONG-ul a fost distrus de procesul contra b\u0103ncilor care oferiser\u0103 credite \u00een franci elve\u021bieni\">Asocia\u021bia Parakletos a disp\u0103rut, oficial. ONG-ul a fost distrus de procesul contra b\u0103ncilor care&#8230;<\/a><\/h3>\n<div class=\"td-module-meta-info\"><a href=\"https:\/\/r3media.ro\/category\/actualitate\/\" class=\"td-post-category\">ACTUALITATE<\/a><span class=\"td-post-author-name\"><a href=\"https:\/\/r3media.ro\/author\/redactia\/\">Redac\u021bia<\/a><span>&#8211;<\/span><\/span><span class=\"td-post-date\"><time class=\"entry-date updated td-module-date\" datetime=\"2026-08-24T11:50:15+03:00\">24\/08\/2026<\/time><\/span><\/div>\n<\/div>\n<\/div>\n<\/div>\n<div class=\"td-block-span6\">\n<div class=\"td_module_8 td_module_wrap\">\n<div class=\"item-details\">\n<h3 class=\"entry-title td-module-title\"><a href=\"https:\/\/r3media.ro\/drona-aeriana-incarcata-explozibil-ajunsa-plaja-tuzla-ucraineana\/\" rel=\"bookmark\" title=\"VIDEO | O dron\u0103 aerian\u0103 \u00eenc\u0103rcat\u0103 cu explozibil \u0219i ajuns\u0103 pe plaja Tuzla s-a dovedit a fi ucrainean\u0103\">VIDEO | O dron\u0103 aerian\u0103 \u00eenc\u0103rcat\u0103 cu explozibil \u0219i ajuns\u0103 pe plaja Tuzla s-a&#8230;<\/a><\/h3>\n<div class=\"td-module-meta-info\"><a href=\"https:\/\/r3media.ro\/category\/actualitate\/\" class=\"td-post-category\">ACTUALITATE<\/a><span class=\"td-post-author-name\"><a href=\"https:\/\/r3media.ro\/author\/oana\/\">Oana Ivan<\/a><span>&#8211;<\/span><\/span><span class=\"td-post-date\"><time class=\"entry-date updated td-module-date\" datetime=\"2026-08-22T21:13:17+03:00\">22\/08\/2026<\/time><\/span><\/div>\n<\/div>\n<\/div>\n<\/div>\n<\/div>\n<div class=\"td-block-row\">\n<div class=\"td-block-span6\">\n<div class=\"td_module_8 td_module_wrap\">\n<div class=\"item-details\">\n<h3 class=\"entry-title td-module-title\"><a href=\"https:\/\/r3media.ro\/stapanul-ineleor-inelele-puterii-producator-patrick-mckay-public\/\" rel=\"bookmark\" title=\"St\u0103p\u00e2nul Inelelor: Inelele Puterii. Produc\u0103torul Patrick McKay: Nu cred c\u0103 publicul este cu adev\u0103rat preg\u0103tit pentru ceea ce urmeaz\u0103 de data aceasta\">St\u0103p\u00e2nul Inelelor: Inelele Puterii. Produc\u0103torul Patrick McKay: Nu cred c\u0103 publicul este cu adev\u0103rat&#8230;<\/a><\/h3>\n<div class=\"td-module-meta-info\"><a href=\"https:\/\/r3media.ro\/category\/actualitate\/\" class=\"td-post-category\">ACTUALITATE<\/a><span class=\"td-post-author-name\"><a href=\"https:\/\/r3media.ro\/author\/oana\/\">Oana Ivan<\/a><span>&#8211;<\/span><\/span><span class=\"td-post-date\"><time class=\"entry-date updated td-module-date\" datetime=\"2026-08-21T23:24:20+03:00\">21\/08\/2026<\/time><\/span><\/div>\n<\/div>\n<\/div>\n<\/div>\n<div class=\"td-block-span6\">\n<div class=\"td_module_8 td_module_wrap\">\n<div class=\"item-details\">\n<h3 class=\"entry-title td-module-title\"><a href=\"https:\/\/r3media.ro\/ultimul-climat\/\" rel=\"bookmark\" title=\"Ultimul climat\u00a0\u00a0\u00a0\u00a0\u00a0\">Ultimul climat\u00a0\u00a0\u00a0\u00a0\u00a0<\/a><\/h3>\n<div class=\"td-module-meta-info\"><a href=\"https:\/\/r3media.ro\/category\/opinii\/\" class=\"td-post-category\">OPINII<\/a><span class=\"td-post-author-name\"><a href=\"https:\/\/r3media.ro\/author\/tru\/\">TRU (Traian Ungureanu)<\/a><span>&#8211;<\/span><\/span><span class=\"td-post-date\"><time class=\"entry-date updated td-module-date\" datetime=\"2026-08-20T19:12:13+03:00\">20\/08\/2026<\/time><\/span><\/div>\n<\/div>\n<\/div>\n<\/div>\n<\/div>\n<div class=\"td-block-row\">\n<div class=\"td-block-span6\">\n<div class=\"td_module_8 td_module_wrap\">\n<div class=\"item-details\">\n<h3 class=\"entry-title td-module-title\"><a href=\"https:\/\/r3media.ro\/presedintele-serbiei-razboiul-din-ucraina\/\" rel=\"bookmark\" title=\"Pre\u0219edintele Serbiei nu crede c\u0103 r\u0103zboiul din Ucraina se termin\u0103 cur\u00e2nd: Cred c\u0103 ne afl\u0103m la \u00eenceputul unui r\u0103zboi mult, mult mai mare\">Pre\u0219edintele Serbiei nu crede c\u0103 r\u0103zboiul din Ucraina se termin\u0103 cur\u00e2nd: Cred c\u0103 ne&#8230;<\/a><\/h3>\n<div class=\"td-module-meta-info\"><a href=\"https:\/\/r3media.ro\/category\/actualitate\/\" class=\"td-post-category\">ACTUALITATE<\/a><span class=\"td-post-author-name\"><a href=\"https:\/\/r3media.ro\/author\/teodor_stan\/\">Teodor Stan<\/a><span>&#8211;<\/span><\/span><span class=\"td-post-date\"><time class=\"entry-date updated td-module-date\" datetime=\"2026-08-10T12:22:44+03:00\">10\/08\/2026<\/time><\/span><\/div>\n<\/div>\n<\/div>\n<\/div>\n<div class=\"td-block-span6\">\n<div class=\"td_module_8 td_module_wrap\">\n<div class=\"item-details\">\n<h3 class=\"entry-title td-module-title\"><a href=\"https:\/\/r3media.ro\/fara-apa-fara-curent-fara-viitor-cum-au-sacrificat-pro-europenii-romania-pe-altarul-ecologiei-ieftine\/\" rel=\"bookmark\" title=\"F\u0103r\u0103 ap\u0103, f\u0103r\u0103 curent, f\u0103r\u0103 viitor: cum au sacrificat pro-europenii Rom\u00e2nia pe altarul ecologiei ieftine\">F\u0103r\u0103 ap\u0103, f\u0103r\u0103 curent, f\u0103r\u0103 viitor: cum au sacrificat pro-europenii Rom\u00e2nia pe altarul ecologiei&#8230;<\/a><\/h3>\n<div class=\"td-module-meta-info\"><a href=\"https:\/\/r3media.ro\/category\/actualitate\/\" class=\"td-post-category\">ACTUALITATE<\/a><span class=\"td-post-author-name\"><a href=\"https:\/\/r3media.ro\/author\/paul_lazar\/\">Paul-Daniel Laz\u0103r<\/a><span>&#8211;<\/span><\/span><span class=\"td-post-date\"><time class=\"entry-date updated td-module-date\" datetime=\"2026-08-08T22:30:54+03:00\">08\/08\/2026<\/time><\/span><\/div>\n<\/div>\n<\/div>\n<\/div>\n<\/div>\n<div class=\"td-block-row\">\n<div class=\"td-block-span6\">\n<div class=\"td_module_8 td_module_wrap\">\n<div class=\"item-details\">\n<h3 class=\"entry-title td-module-title\"><a href=\"https:\/\/r3media.ro\/show-iluzie-si-realitate-de-la-the-truman-show-la-son-of-a-rich\/\" rel=\"bookmark\" title=\"Show, iluzie \u0219i realitate: de la The Truman Show la Son of a Rich\">Show, iluzie \u0219i realitate: de la The Truman Show la Son of a Rich<\/a><\/h3>\n<div class=\"td-module-meta-info\"><a href=\"https:\/\/r3media.ro\/category\/actualitate\/\" class=\"td-post-category\">ACTUALITATE<\/a><span class=\"td-post-author-name\"><a href=\"https:\/\/r3media.ro\/author\/costi_balasoiu\/\">Constantin B\u0103l\u0103\u0219oiu<\/a><span>&#8211;<\/span><\/span><span class=\"td-post-date\"><time class=\"entry-date updated td-module-date\" datetime=\"2026-08-08T15:30:25+03:00\">08\/08\/2026<\/time><\/span><\/div>\n<\/div>\n<\/div>\n<\/div>\n<div class=\"td-block-span6\">\n<div class=\"td_module_8 td_module_wrap\">\n<div class=\"item-details\">\n<h3 class=\"entry-title td-module-title\"><a href=\"https:\/\/r3media.ro\/fani-stapanul-inelelor-surpriza-sezonul-3-sauron\/\" rel=\"bookmark\" title=\"Fanii \u201eSt\u0103p\u00e2nul Inelelor\u201c ar putea avea o surpriz\u0103 \u00een sezonul 3 din serialul \u201eInelele Puterii\u201c. Sauron se va confrunta cu o creatur\u0103 de temut\">Fanii \u201eSt\u0103p\u00e2nul Inelelor\u201c ar putea avea o surpriz\u0103 \u00een sezonul 3 din serialul \u201eInelele&#8230;<\/a><\/h3>\n<div class=\"td-module-meta-info\"><a href=\"https:\/\/r3media.ro\/category\/actualitate\/\" class=\"td-post-category\">ACTUALITATE<\/a><span class=\"td-post-author-name\"><a href=\"https:\/\/r3media.ro\/author\/oana\/\">Oana Ivan<\/a><span>&#8211;<\/span><\/span><span class=\"td-post-date\"><time class=\"entry-date updated td-module-date\" datetime=\"2026-08-08T00:19:31+03:00\">08\/08\/2026<\/time><\/span><\/div>\n<\/div>\n<\/div>\n<\/div>\n<\/div>\n<div class=\"td-block-row\">\n<div class=\"td-block-span6\">\n<div class=\"td_module_8 td_module_wrap\">\n<div class=\"item-details\">\n<h3 class=\"entry-title td-module-title\"><a href=\"https:\/\/r3media.ro\/david-popovici-fair-play-sportivi-rusi-competitii\/\" rel=\"bookmark\" title=\"David Popovici, fair-play la revenirea sportivilor ru\u0219i \u00een competi\u021bii: Le urez succes, sper s\u0103 fiu mai bun dec\u00e2t ei\">David Popovici, fair-play la revenirea sportivilor ru\u0219i \u00een competi\u021bii: Le urez succes, sper s\u0103&#8230;<\/a><\/h3>\n<div class=\"td-module-meta-info\"><a href=\"https:\/\/r3media.ro\/category\/actualitate\/\" class=\"td-post-category\">ACTUALITATE<\/a><span class=\"td-post-author-name\"><a href=\"https:\/\/r3media.ro\/author\/redactia\/\">Redac\u021bia<\/a><span>&#8211;<\/span><\/span><span class=\"td-post-date\"><time class=\"entry-date updated td-module-date\" datetime=\"2026-08-07T15:07:51+03:00\">07\/08\/2026<\/time><\/span><\/div>\n<\/div>\n<\/div>\n<\/div>\n<div class=\"td-block-span6\">\n<div class=\"td_module_8 td_module_wrap\">\n<div class=\"item-details\">\n<h3 class=\"entry-title td-module-title\"><a href=\"https:\/\/r3media.ro\/kia-recheama-service-prima-generatie-masini-electrice-e-niro-risc-incendiu\/\" rel=\"bookmark\" title=\"Kia recheam\u0103 \u00een service prima genera\u021bie de ma\u0219ini electrice e-Niro din cauza riscului de incendiu\">Kia recheam\u0103 \u00een service prima genera\u021bie de ma\u0219ini electrice e-Niro din cauza riscului de&#8230;<\/a><\/h3>\n<div class=\"td-module-meta-info\"><a href=\"https:\/\/r3media.ro\/category\/actualitate\/\" class=\"td-post-category\">ACTUALITATE<\/a><span class=\"td-post-author-name\"><a href=\"https:\/\/r3media.ro\/author\/oana\/\">Oana Ivan<\/a><span>&#8211;<\/span><\/span><span class=\"td-post-date\"><time class=\"entry-date updated td-module-date\" datetime=\"2026-08-06T17:07:42+03:00\">06\/08\/2026<\/time><\/span><\/div>\n<\/div>\n<\/div>\n<\/div>\n<\/div>\n<\/div>\n<div class=\"td-load-more-wrap td-load-more-infinite-wrap\" id=\"infinite-lm-tdi_22\"><a href=\"https:\/\/r3media.ro\/stat-american-illinois-sprijina-utilizarea-numerarului\/\" class=\"td_ajax_load_more td_ajax_load_more_js\" aria-label=\"\u00cenc\u0103rca\u021bi mai multe\" id=\"next-page-tdi_22\" data-td_block_id=\"tdi_22\">\u00cenc\u0103rca\u021bi mai multe<\/a><\/div>\n<\/div>\n<div class=\"td_block_wrap tdb_single_comments tdi_23 tdb-comm-layout2 td-pb-border-top td_block_template_1\" data-td-block-uid=\"tdi_23\">\n<div class=\"tdb-block-inner td-fix-index\">\n<div class=\"comments\" id=\"comments\">\n<div id=\"respond\" class=\"comment-respond\">\n<h3 id=\"reply-title\" class=\"comment-reply-title\">AI CEVA DE SPUS? <small><a rel=\"nofollow\" id=\"cancel-comment-reply-link\" href=\"https:\/\/r3media.ro\/stat-american-illinois-sprijina-utilizarea-numerarului\/#respond\">Renun\u021ba\u021bi la r\u0103spuns<\/a><\/small><\/h3>\n<div class=\"comment-form-input-wrap td-form-comment\">\n<div class=\"td-warning-comment\">V\u0103 rug\u0103m s\u0103 introduce\u021bi comentariul dvs.!<\/div>\n<\/div>\n<div class=\"comment-form-input-wrap td-form-author\">\n<div class=\"td-warning-author\">Introduce\u021bi aici numele dvs.<\/div>\n<\/div>\n<div class=\"comment-form-input-wrap td-form-email\">\n<div class=\"td-warning-email-error\">A\u021bi introdus o adres\u0103 de e-mail incorect\u0103!<\/div>\n<div class=\"td-warning-email\">V\u0103 rug\u0103m s\u0103 introduce\u021bi adresa dvs. de e-mail aici<\/div>\n<\/div>\n<\/div>\n<\/div>\n<\/div>\n<\/div>\n<\/div>\n<\/div>\n<div class=\"vc_column tdi_25  wpb_column vc_column_container tdc-column td-pb-span4 td-is-sticky\">\n<div class=\"wpb_wrapper\" data-sticky-enabled-on=\"W3RydWUsdHJ1ZSx0cnVlLHRydWVd\" data-sticky-offset=\"20\" data-sticky-is-width-auto=\"W2ZhbHNlLGZhbHNlLGZhbHNlLGZhbHNlXQ==\">\n<div class=\"wpb_wrapper td_block_wrap vc_widget_sidebar tdi_27 \">\n<div class=\"td_block_wrap td_block_7 td_block_widget tdi_28 td-pb-border-top td_block_template_1 td-column-1 td_block_padding\" data-td-block-uid=\"tdi_28\">\n<div class=\"td-block-title-wrap\">\n<h4 class=\"block-title td-block-title\"><span class=\"td-pulldown-size\">Articole RELA\u021aIONATE<\/span><\/h4>\n<\/div>\n<div id=\"tdi_28\" class=\"td_block_inner\">\n<div class=\"td-block-span12\">\n<div class=\"td_module_6 td_module_wrap td-animation-stack\">\n<div class=\"td-module-thumb\"><a href=\"https:\/\/r3media.ro\/popor-islanda-referendum-aderare-uniunea-europeana\/\" rel=\"bookmark\" class=\"td-image-wrap \" title=\"Poporul din Islanda a decis la referendum c\u0103 nu vrea reluarea discu\u021biilor de aderare la Uniunea European\u0103\"><img loading=\"lazy\" decoding=\"async\" class=\"entry-thumb\" src=\"https:\/\/r3media.ro\/wp-content\/uploads\/2026\/08\/harta-islandei-100x70.jpg\" alt title=\"Poporul din Islanda a decis la referendum c\u0103 nu vrea reluarea discu\u021biilor de aderare la Uniunea European\u0103\" width=\"100\" height=\"70\"><\/a><\/div>\n<div class=\"item-details\">\n<h3 class=\"entry-title td-module-title\"><a href=\"https:\/\/r3media.ro\/popor-islanda-referendum-aderare-uniunea-europeana\/\" rel=\"bookmark\" title=\"Poporul din Islanda a decis la referendum c\u0103 nu vrea reluarea discu\u021biilor de aderare la Uniunea European\u0103\">Poporul din Islanda a decis la referendum c\u0103 nu vrea reluarea&#8230;<\/a><\/h3>\n<div class=\"td-module-meta-info\"><span class=\"td-post-date\"><time class=\"entry-date updated td-module-date\" datetime=\"2026-08-30T10:42:06+03:00\">30\/08\/2026<\/time><\/span><\/div>\n<\/div>\n<\/div>\n<\/div>\n<div class=\"td-block-span12\">\n<div class=\"td_module_6 td_module_wrap td-animation-stack\">\n<div class=\"td-module-thumb\"><a href=\"https:\/\/r3media.ro\/casa-familie-california-incendiu-baterie-trotineta-electrica\/\" rel=\"bookmark\" class=\"td-image-wrap \" title=\"VIDEO | Casa unei familii din California s-a f\u0103cut scrum din cauza unei baterii de trotinet\u0103 electric\u0103\"><img loading=\"lazy\" decoding=\"async\" class=\"entry-thumb\" src=\"https:\/\/r3media.ro\/wp-content\/uploads\/2026\/08\/pompieri-in-actiune-in-sua-100x70.jpg\" alt title=\"VIDEO | Casa unei familii din California s-a f\u0103cut scrum din cauza unei baterii de trotinet\u0103 electric\u0103\" width=\"100\" height=\"70\"><\/a><\/div>\n<div class=\"item-details\">\n<h3 class=\"entry-title td-module-title\"><a href=\"https:\/\/r3media.ro\/casa-familie-california-incendiu-baterie-trotineta-electrica\/\" rel=\"bookmark\" title=\"VIDEO | Casa unei familii din California s-a f\u0103cut scrum din cauza unei baterii de trotinet\u0103 electric\u0103\">VIDEO | Casa unei familii din California s-a f\u0103cut scrum din&#8230;<\/a><\/h3>\n<div class=\"td-module-meta-info\"><span class=\"td-post-date\"><time class=\"entry-date updated td-module-date\" datetime=\"2026-08-30T10:41:03+03:00\">30\/08\/2026<\/time><\/span><\/div>\n<\/div>\n<\/div>\n<\/div>\n<div class=\"td-block-span12\">\n<div class=\"td_module_6 td_module_wrap td-animation-stack\">\n<div class=\"td-module-thumb\"><a href=\"https:\/\/r3media.ro\/donald-trump-ordin-infiintare-academie-spatiala-sua\/\" rel=\"bookmark\" class=\"td-image-wrap \" title=\"Donald Trump a semnat un Ordin pentru a \u00eenfiin\u021ba prima Academie Spa\u021bial\u0103 a Statelor Unite ale Americii\"><img loading=\"lazy\" decoding=\"async\" class=\"entry-thumb\" src=\"https:\/\/r3media.ro\/wp-content\/uploads\/2025\/01\/donaldjtrump-100x70.jpg\" alt title=\"Donald Trump a semnat un Ordin pentru a \u00eenfiin\u021ba prima Academie Spa\u021bial\u0103 a Statelor Unite ale Americii\" width=\"100\" height=\"70\"><\/a><\/div>\n<div class=\"item-details\">\n<h3 class=\"entry-title td-module-title\"><a href=\"https:\/\/r3media.ro\/donald-trump-ordin-infiintare-academie-spatiala-sua\/\" rel=\"bookmark\" title=\"Donald Trump a semnat un Ordin pentru a \u00eenfiin\u021ba prima Academie Spa\u021bial\u0103 a Statelor Unite ale Americii\">Donald Trump a semnat un Ordin pentru a \u00eenfiin\u021ba prima Academie&#8230;<\/a><\/h3>\n<div class=\"td-module-meta-info\"><span class=\"td-post-date\"><time class=\"entry-date updated td-module-date\" datetime=\"2026-08-30T10:22:35+03:00\">30\/08\/2026<\/time><\/span><\/div>\n<\/div>\n<\/div>\n<\/div>\n<div class=\"td-block-span12\">\n<div class=\"td_module_6 td_module_wrap td-animation-stack\">\n<div class=\"td-module-thumb\"><a href=\"https:\/\/r3media.ro\/polonezi-white-lives-matter-zid-sunt-cautati-autoritati-inchisoare-mesaj-rasist\/\" rel=\"bookmark\" class=\"td-image-wrap \" title=\"Ni\u0219te polonezi care au scris \u201eWhite Lives Matter\u201d pe un zid sunt c\u0103uta\u021bi de autorit\u0103\u021bi \u0219i risc\u0103 \u00eenchisoarea. Mesajul e considerat rasist\"><img loading=\"lazy\" decoding=\"async\" class=\"entry-thumb\" src=\"https:\/\/r3media.ro\/wp-content\/uploads\/2026\/08\/white-lives-matter-100x70.jpg\" alt title=\"Ni\u0219te polonezi care au scris \u201eWhite Lives Matter\u201d pe un zid sunt c\u0103uta\u021bi de autorit\u0103\u021bi \u0219i risc\u0103 \u00eenchisoarea. Mesajul e considerat rasist\" width=\"100\" height=\"70\"><\/a><\/div>\n<div class=\"item-details\">\n<h3 class=\"entry-title td-module-title\"><a href=\"https:\/\/r3media.ro\/polonezi-white-lives-matter-zid-sunt-cautati-autoritati-inchisoare-mesaj-rasist\/\" rel=\"bookmark\" title=\"Ni\u0219te polonezi care au scris \u201eWhite Lives Matter\u201d pe un zid sunt c\u0103uta\u021bi de autorit\u0103\u021bi \u0219i risc\u0103 \u00eenchisoarea. Mesajul e considerat rasist\">Ni\u0219te polonezi care au scris \u201eWhite Lives Matter\u201d pe un zid&#8230;<\/a><\/h3>\n<div class=\"td-module-meta-info\"><span class=\"td-post-date\"><time class=\"entry-date updated td-module-date\" datetime=\"2026-08-30T09:34:54+03:00\">30\/08\/2026<\/time><\/span><\/div>\n<\/div>\n<\/div>\n<\/div>\n<div class=\"td-block-span12\">\n<div class=\"td_module_6 td_module_wrap td-animation-stack\">\n<div class=\"td-module-thumb\"><a href=\"https:\/\/r3media.ro\/muzicantii-din-bremen-1819-no-country-for-old-men\/\" rel=\"bookmark\" class=\"td-image-wrap \" title=\"Muzican\u021bii din Bremen (1819) este \u201eNo country for old men\u201d pentru cei mici, pus\u0103 \u00eentr-o cheie optimist\u0103\"><img loading=\"lazy\" decoding=\"async\" class=\"entry-thumb\" src=\"https:\/\/r3media.ro\/wp-content\/uploads\/2026\/08\/muzicantii-din-bremen-100x70.jpg\" alt title=\"Muzican\u021bii din Bremen (1819) este \u201eNo country for old men\u201d pentru cei mici, pus\u0103 \u00eentr-o cheie optimist\u0103\" width=\"100\" height=\"70\"><\/a><\/div>\n<div class=\"item-details\">\n<h3 class=\"entry-title td-module-title\"><a href=\"https:\/\/r3media.ro\/muzicantii-din-bremen-1819-no-country-for-old-men\/\" rel=\"bookmark\" title=\"Muzican\u021bii din Bremen (1819) este \u201eNo country for old men\u201d pentru cei mici, pus\u0103 \u00eentr-o cheie optimist\u0103\">Muzican\u021bii din Bremen (1819) este \u201eNo country for old men\u201d pentru&#8230;<\/a><\/h3>\n<div class=\"td-module-meta-info\"><span class=\"td-post-date\"><time class=\"entry-date updated td-module-date\" datetime=\"2026-08-29T12:19:32+03:00\">29\/08\/2026<\/time><\/span><\/div>\n<\/div>\n<\/div>\n<\/div>\n<div class=\"td-block-span12\">\n<div class=\"td_module_6 td_module_wrap td-animation-stack\">\n<div class=\"td-module-thumb\"><a href=\"https:\/\/r3media.ro\/video-stefan-popescu-romania-romani-geografia-umana\/\" rel=\"bookmark\" class=\"td-image-wrap \" title=\"VIDEO | \u0218tefan Popescu spune c\u0103 Rom\u00e2nia trebuie repopulat\u0103 cu rom\u00e2ni: S\u0103 evit\u0103m ca geografia noastr\u0103 uman\u0103 s\u0103 arate precum cea a Fran\u021bei, Germaniei sau Marii Britanii\"><img loading=\"lazy\" decoding=\"async\" class=\"entry-thumb\" src=\"https:\/\/r3media.ro\/wp-content\/uploads\/2023\/07\/franta-schimbare-e1689443658181-100x70.jpg\" alt title=\"VIDEO | \u0218tefan Popescu spune c\u0103 Rom\u00e2nia trebuie repopulat\u0103 cu rom\u00e2ni: S\u0103 evit\u0103m ca geografia noastr\u0103 uman\u0103 s\u0103 arate precum cea a Fran\u021bei, Germaniei sau Marii Britanii\" width=\"100\" height=\"70\"><\/a><\/div>\n<div class=\"item-details\">\n<h3 class=\"entry-title td-module-title\"><a href=\"https:\/\/r3media.ro\/video-stefan-popescu-romania-romani-geografia-umana\/\" rel=\"bookmark\" title=\"VIDEO | \u0218tefan Popescu spune c\u0103 Rom\u00e2nia trebuie repopulat\u0103 cu rom\u00e2ni: S\u0103 evit\u0103m ca geografia noastr\u0103 uman\u0103 s\u0103 arate precum cea a Fran\u021bei, Germaniei sau Marii Britanii\">VIDEO | \u0218tefan Popescu spune c\u0103 Rom\u00e2nia trebuie repopulat\u0103 cu rom\u00e2ni:&#8230;<\/a><\/h3>\n<div class=\"td-module-meta-info\"><span class=\"td-post-date\"><time class=\"entry-date updated td-module-date\" datetime=\"2026-08-28T23:09:11+03:00\">28\/08\/2026<\/time><\/span><\/div>\n<\/div>\n<\/div>\n<\/div>\n<div class=\"td-block-span12\">\n<div class=\"td_module_6 td_module_wrap td-animation-stack\">\n<div class=\"td-module-thumb\"><a href=\"https:\/\/r3media.ro\/29-august-taierea-capului-sf-ioan-botezatorul-post\/\" rel=\"bookmark\" class=\"td-image-wrap \" title=\"Calendarul zilei: 29 august, T\u0103ierea capului Sf. Ioan Botez\u0103torul (Post)\"><img loading=\"lazy\" decoding=\"async\" class=\"entry-thumb\" src=\"https:\/\/r3media.ro\/wp-content\/uploads\/2021\/08\/taierea-capului-sfantului-ioan-botezatorul-29-august-100x70.jpg\" alt title=\"Calendarul zilei: 29 august, T\u0103ierea capului Sf. Ioan Botez\u0103torul (Post)\" width=\"100\" height=\"70\"><\/a><\/div>\n<div class=\"item-details\">\n<h3 class=\"entry-title td-module-title\"><a href=\"https:\/\/r3media.ro\/29-august-taierea-capului-sf-ioan-botezatorul-post\/\" rel=\"bookmark\" title=\"Calendarul zilei: 29 august, T\u0103ierea capului Sf. Ioan Botez\u0103torul (Post)\">Calendarul zilei: 29 august, T\u0103ierea capului Sf. Ioan Botez\u0103torul (Post)<\/a><\/h3>\n<div class=\"td-module-meta-info\"><span class=\"td-post-date\"><time class=\"entry-date updated td-module-date\" datetime=\"2026-08-28T22:40:25+03:00\">28\/08\/2026<\/time><\/span><\/div>\n<\/div>\n<\/div>\n<\/div>\n<\/div>\n<\/div>\n<aside class=\"td_block_template_1 widget widget_recent_comments\">\n<h4 class=\"block-title\"><span>INTR\u0102 \u00ceN DISCU\u021aIE!<\/span><\/h4>\n<ul id=\"recentcomments\">\n<li class=\"recentcomments\"><span class=\"comment-author-link\">Drago\u0219<\/span> la <a href=\"https:\/\/r3media.ro\/george-simion-mesaj-votanti-nicusor-dan-pahontu\/#comment-40444\">VIDEO | George Simion, mesaj pentru votan\u021bii lui Nicu\u0219or Dan: Pahon\u021bu era securist de mult. Trezi\u021bi-v\u0103, nu suntem noi du\u0219manii vo\u0219tri!<\/a><\/li>\n<li class=\"recentcomments\"><span class=\"comment-author-link\">Marcu<\/span> la <a href=\"https:\/\/r3media.ro\/film-nou-stapanul-inelelor-corect-politic-regizor-andy-serkis-diversitate-tolkien-mitologie-nordica\/#comment-40442\">Noul film \u201eSt\u0103p\u00e2nul Inelelor\u201d nu va fi corect politic. Regizorul Andy Serkis: J.R.R. Tolkien a fost influen\u021bat de mitologia nordic\u0103. Nu vrem o distribu\u021bie de dragul de a bifa c\u0103su\u021be<\/a><\/li>\n<li class=\"recentcomments\"><span class=\"comment-author-link\">Nelu<\/span> la <a href=\"https:\/\/r3media.ro\/actor-alex-bogdan-nicusor-dan-video\/#comment-40441\">VIDEO | Actorul Alex Bogdan: \u00cemi e sc\u00e2rb\u0103 c\u0103 mi-am pus la b\u0103taie reputa\u021bia, familia \u0219i energia pentru Nicu\u0219or Dan. Pentru ce? Dac\u0103-l v\u0103d vreodat\u0103 \u00een fa\u021ba mea, \u00eel scuip!<\/a><\/li>\n<li class=\"recentcomments\"><span class=\"comment-author-link\">alin<\/span> la <a href=\"https:\/\/r3media.ro\/clasare-dosar-neurochirurg-stefan-mindea\/#comment-40440\">Clasare definitiv\u0103 \u00een dosarul neurochirurgului dr. Stefan Mindea: acuza\u021biile s-au dovedit ne\u00eentemeiate<\/a><\/li>\n<li class=\"recentcomments\"><span class=\"comment-author-link\">Mihaela D\u00e2ru<\/span> la <a href=\"https:\/\/r3media.ro\/tema-frumusetii-in-alba-ca-zapada-si-cenusareasa\/#comment-40439\">Tema frumuse\u021bii \u00een Alb\u0103 ca Z\u0103pada \u0219i Cenu\u0219\u0103reasa<\/a><\/li>\n<li class=\"recentcomments\"><span class=\"comment-author-link\">Mihaela D\u00e2ru<\/span> la <a href=\"https:\/\/r3media.ro\/actor-alex-bogdan-nicusor-dan-video\/#comment-40438\">VIDEO | Actorul Alex Bogdan: \u00cemi e sc\u00e2rb\u0103 c\u0103 mi-am pus la b\u0103taie reputa\u021bia, familia \u0219i energia pentru Nicu\u0219or Dan. Pentru ce? Dac\u0103-l v\u0103d vreodat\u0103 \u00een fa\u021ba mea, \u00eel scuip!<\/a><\/li>\n<li class=\"recentcomments\"><span class=\"comment-author-link\">Isabel<\/span> la <a href=\"https:\/\/r3media.ro\/video-stefan-popescu-romania-romani-geografia-umana\/#comment-40436\">VIDEO | \u0218tefan Popescu spune c\u0103 Rom\u00e2nia trebuie repopulat\u0103 cu rom\u00e2ni: S\u0103 evit\u0103m ca geografia noastr\u0103 uman\u0103 s\u0103 arate precum cea a Fran\u021bei, Germaniei sau Marii Britanii<\/a><\/li>\n<\/ul>\n<\/aside>\n<aside class=\"td_block_template_1 widget widget_search\">\n<h4 class=\"block-title\"><span>CAUT\u0102 \u0218I VEI G\u0102SI<\/span><\/h4>\n<\/aside>\n<\/div>\n<\/div>\n<\/div>\n<\/div>\n<\/div>\n<\/div>\n<\/div>\n<p><span class=\"td-page-meta\"><\/span><span class=\"td-page-meta\"><span class=\"td-page-meta\"><\/span><\/span><span class=\"td-page-meta\"><\/span><\/article>\n<\/p>\n<div class=\"td_block_wrap tdb_single_content tdi_20 td-pb-border-top td_block_template_1 td-post-content tagdiv-type\" data-td-block-uid=\"tdi_20\">\n<div class=\"tdb-block-inner td-fix-index\">\n<p><strong>Pe 31 iulie, guvernatorul statului american Illinois, J.B. Pritzker, a semnat proiectul de lege 4592 al Camerei Reprezentan\u021bilor. Acesta interzice companiilor s\u0103 refuze s\u0103 accepte <a href=\"https:\/\/r3media.ro\/tag\/disparitia-banilor-fizici-numerar\/\" target=\"_blank\" rel=\"noopener\">numerar<\/a> pentru achizi\u021bii cu o valoare sub 500 de dolari. Totodat\u0103, legea interzice companiilor s\u0103 afi\u0219eze semne care s\u0103 precizeze c\u0103 nu accept\u0103 utilizarea numerarului \u0219i le interzice \u00eentreprinderilor s\u0103 perceap\u0103 clien\u021bilor pre\u021buri mai mari pentru plata cu numerar dec\u00e2t pentru alte forme de plat\u0103, potrivit <a href=\"https:\/\/www.paymentsdive.com\/news\/illinois-seeks-to-support-cash-use\/828982\/\" target=\"_blank\" rel=\"noopener\">Payments Dive<\/a>.<\/strong><\/p>\n<p>Consumatorii nu ar trebui s\u0103 fie obliga\u021bi s\u0103 utilizeze pl\u0103\u021bi digitale, a explicat senatorul de Illinois, Li Arellano, Jr.<\/p>\n<p>\u201eNu vrem s\u0103 for\u021b\u0103m oamenii s\u0103 devin\u0103 parte a structurilor de plat\u0103 sau a sistemelor financiare, \u00een special a celor care iau un procent din salariul tuturor \u0219i fac via\u021ba tuturor mai scump\u0103\u201d, a declarat Arellano \u00een interviul de miercuri.<\/p>\n<p>Legea, care intr\u0103 \u00een vigoare la 1 ianuarie 2028, se aplic\u0103 benzin\u0103riilor, magazinelor alimentare, farmaciilor, restaurantelor, comercian\u021bilor cu am\u0103nuntul \u0219i caselor de marcat cu autoservire.<\/p>\n<p>Conform legii, cei care \u00eencalc\u0103 legea se vor confrunta cu amenzi de p\u00e2n\u0103 la 5.000 de dolari pe an calendaristic. Amenzile \u00eencep cu o sanc\u021biune de p\u00e2n\u0103 la 50 de dolari pentru prima abatere. Sumele cresc direct propor\u021bional cu abaterile.<\/p>\n<h2><strong>Utilizarea numerarului devine garantat\u0103 \u00een statul american Illinois<\/strong><\/h2>\n<p>\u00a0<\/p>\n<p>Reprezentanta statului Illinois, Rita Mayfield, a introdus proiectul de lege \u00een ianuarie. Ini\u021biativa a fost sus\u021binut\u0103 apoi de senatorul Christopher Belt. Lui Arellano i s-au al\u0103turat \u0219i al\u021bi reprezentan\u021bi ai statului. E vorba de Carol Ammons, Doris Turner, Jason Plummer, David Koehler \u0219i Mark Walker.<\/p>\n<p>De\u0219i Arellano sus\u021bine op\u021biunile alternative de plat\u0103 pentru consumatori, inclusiv cardurile de credit, aplica\u021biile de plat\u0103 sau Bitcoin, el a spus c\u0103 alegerea consumatorilor de numerar nu ar trebui s\u0103 fie limitat\u0103. \u00cen cazul cardurilor de credit, taxele de schimb \u0219i alte taxe pe care comercian\u021bii trebuie s\u0103 le pl\u0103teasc\u0103 pentru a le accepta pot duce la pre\u021buri mai mari pentru bunuri. Asta duce \u00een cele din urm\u0103 la cre\u0219terea costurilor pentru toat\u0103 lumea, a spus el.<\/p>\n<p>Noua lege \u00ee\u0219i propune s\u0103 \u00eempiedice consumatorii s\u0103 fie \u00eempin\u0219i s\u0103 utilizeze alternative la numerar, a spus el. De\u0219i amenzile au scopul de a descuraja companiile s\u0103 \u00eencalce legea, amenzile \u00eencep cu valori mici \u0219i cresc considerabil pentru a evita aplicarea excesiv\u0103 a legii, a spus Arellano. El a ad\u0103ugat c\u0103 legea nu \u00ee\u0219i propune s\u0103 genereze venituri pentru stat.<\/p>\n<p>\u201eScopul nu este de a pedepsi oamenii. Scopul este de a g\u0103si conformitatea \u0219i de a continua s\u0103 modific\u0103m legile pentru a ne asigura c\u0103 conformitatea pe care o c\u0103ut\u0103m este rezonabil\u0103\u201d, a explicat el.<\/p>\n<h2><strong>Tranzi\u021bia spre digital nu trebuie s\u0103 influen\u021beze drepturile individuale<\/strong><\/h2>\n<p>\u00a0<\/p>\n<p>Potrivit lui Plummer, scopul proiectului de lege a fost de a \u201ecrea o situa\u021bie reciproc avantajoas\u0103, echilibr\u00e2nd protec\u021bia consumatorilor bazat\u0103 pe bunul sim\u021b, drepturile individuale \u0219i aprecierea complexit\u0103\u021bii conducerii unei afaceri\u201d.<\/p>\n<p>\u201eCred c\u0103 ne-am atins obiectivul\u201d, a spus el.<\/p>\n<p>Proiectul de lege s-a confruntat cu o oarecare opozi\u021bie din partea \u201egrupurilor guvernamentale\u201d, a spus Plummer. Per total \u00eens\u0103, a fost \u201eo experien\u021b\u0103 minunat\u0103 s\u0103 lucr\u0103m cu comunitatea de afaceri\u201d.<\/p>\n<p>\u00cen cele din urm\u0103, parlamentarii au lucrat pentru a se asigura c\u0103 legea include \u201eexcep\u021bii rezonabile \u0219i flexibilitate pentru a aborda preocup\u0103rile practice ale tuturor p\u0103r\u021bilor\u201d, a ad\u0103ugat el.<\/p>\n<p>\u201eLumea devine din ce \u00een ce mai digital\u0103 \u0219i vreau s\u0103 m\u0103 asigur c\u0103 aceast\u0103 tranzi\u021bie nu cre\u0219te puterea guvernului \u00een via\u021ba dumneavoastr\u0103 \u0219i c\u0103 o astfel de tranzi\u021bie nu are un impact negativ asupra drepturilor individuale\u201d, a declarat Plummer \u00eentr-un e-mail.<\/p>\n<h2><strong>Tot mai multe state au decis s\u0103 protejeze utilizarea numerarului<\/strong><\/h2>\n<p>\u00a0<\/p>\n<p>Illinois se al\u0103tur\u0103 unei liste tot mai mari de state care doresc s\u0103 sus\u021bin\u0103 op\u021biunea pl\u0103\u021bilor \u00een numerar. \u00cen 2024, legislativul statului Florida a introdus un proiect de lege care impune \u00eentreprinderilor s\u0103 accepte numerar \u0219i alte forme de plat\u0103 pentru bunuri \u0219i servicii. Un an mai t\u00e2rziu, statul New York a adoptat un proiect de lege care interzice comercian\u021bilor cu am\u0103nuntul s\u0103 refuze pl\u0103\u021bile \u00een numerar.<\/p>\n<p>\u00cen plus, problema a c\u00e2\u0219tigat o oarecare aten\u021bie la nivel federal. \u00cen 2023, membrii Congresului au introdus proiecte \u00een Senat \u0219i Camer\u0103 care interzic comercian\u021bilor cu am\u0103nuntul s\u0103 refuze numerarul. Donald Payne Jr. (democrat din New Jersey) \u0219i John Rose (republican din Tennessee) au introdus m\u0103sura \u00een Camera Reprezentan\u021bilor. Totodat\u0103, senatorii Bob Menendez (democrat din New Jersey) \u0219i Kevin Cramer (republican din Dakota de Nord) au venit cu o propunere legislativ\u0103 complementar\u0103.<\/p>\n<p>De\u0219i alte forme de plat\u0103 devin din ce \u00een ce mai populare, unii americani continu\u0103 s\u0103 se bazeze pe numerar. Cardurile de credit \u0219i de debit sunt primele dou\u0103 metode de plat\u0103 preferate de consumatorii americani. Numerarul r\u0103m\u00e2ne \u00eens\u0103 pe locul trei, conform sondajului anual Jurnalul Alegerilor de Plat\u0103 ale Consumatorilor.<\/p>\n<h2><strong>Ce se \u00eent\u00e2mpl\u0103 pe malul estic al Atlanticului \u00een ceea ce prive\u0219te utilizarea numerarului<\/strong><\/h2>\n<p>\u00a0<\/p>\n<p>\u00centre timp, \u00een Uniunea European\u0103, valoarea bancnotelor \u00een circula\u021bie <a href=\"https:\/\/r3media.ro\/europenii-acumuleaza-numerar-bce-bani-fizici-cetateni-avans-plati-electronice\/\" target=\"_blank\" rel=\"noopener\"><strong>a crescut<\/strong><\/a> de la 1 trilion de euro \u00een 2016 la 1,6 trilioane de euro \u00een 2026. Tendin\u021ba a venit pe m\u0103sur\u0103 ce oamenii a fost sf\u0103tui\u021bi tot mai des s\u0103 p\u0103streze rezerve de numerar.<\/p>\n<p>Noile date arat\u0103 c\u0103 numerarul r\u0103m\u00e2ne rege, \u00een ciuda pl\u0103\u021bilor electronice pe scar\u0103 larg\u0103. Cantitatea de numerar \u00een circula\u021bie este \u00een cre\u0219tere, a declarat Philip Lane, economistul-\u0219ef al B\u0103ncii Centrale Europene (BCE). DE cur\u00e2nd, \u0219i BNR <a href=\"https:\/\/r3media.ro\/bnr-recomanda-romani-rezerve-de-cash-atacuri-cibernetice-numerar-relevant-criza\/\" target=\"_blank\" rel=\"noopener\"><strong>le-a recomandat<\/strong><\/a> rom\u00e2nilor s\u0103 p\u0103streze rezerve de numerar, deoarece se poate dovedi relevant \u00een criz\u0103.<\/p>\n<p>\u201eStocul total de bancnote continu\u0103 s\u0103 creasc\u0103. \u00cen tranzac\u021bii, num\u0103rul de bancnote scade, dar \u00een ceea ce prive\u0219te stocul, cre\u0219te\u201d, a spus economistul-\u0219ef al BCE.<\/p>\n<div class=\"crp_related     crp-masonry\">\n<h2>\u00ceN CONTEXT<\/h2>\n<ul>\n<li><a href=\"https:\/\/r3media.ro\/victorie-a-libertatii-slovenia-parlamentul-votat-introducere-constitutie-drept-utilizare-numerar-cetateni\/\" target=\"_blank\" class=\"crp_link post-114394\"><span class=\"crp_title\">Victorie a libert\u0103\u021bii \u00een Slovenia: Parlamentul a votat introducerea \u00een Constitu\u021bie a\u2026<\/span><\/a><\/li>\n<li><a href=\"https:\/\/r3media.ro\/europenii-acumuleaza-numerar-bce-bani-fizici-cetateni-avans-plati-electronice\/\" target=\"_blank\" class=\"crp_link post-121355\"><span class=\"crp_title\">Europenii acumuleaz\u0103 din ce \u00een ce mai mult numerar. BCE constat\u0103 c\u0103 banii fizici r\u0103m\u00e2n\u2026<\/span><\/a><\/li>\n<li><a href=\"https:\/\/r3media.ro\/aproape-15-milioane-britanici-utilizare-cash-avans-plati-electronice\/\" target=\"_blank\" class=\"crp_link post-121420\"><span class=\"crp_title\">Aproape 1,5 milioane de britanici continu\u0103 s\u0103 foloseasc\u0103 doar cash, \u00een ciuda avansului\u2026<\/span><\/a><\/li>\n<li><a href=\"https:\/\/r3media.ro\/uber-introduce-plata-cash-noua-zeelanda-proiect-pilot-companie-acceptare-numerar-clienti\/\" target=\"_blank\" class=\"crp_link post-120843\"><span class=\"crp_title\">Uber introduce plata cash \u00een Noua Zeeland\u0103. Un proiect-pilot a ar\u0103tat companiei c\u0103\u2026<\/span><\/a><\/li>\n<li><a href=\"https:\/\/r3media.ro\/numerarul-uniunea-europeana-impuls-platile-digitale-zona-euro\/\" target=\"_blank\" class=\"crp_link post-121325\"><span class=\"crp_title\">Numerarul se men\u021bine ferm \u00een UE, \u00een ciuda impulsului pentru pl\u0103\u021bile digitale din zona euro<\/span><\/a><\/li>\n<li><a href=\"https:\/\/r3media.ro\/banca-centrala-europeana-bce-recomanda-pastrare-numerar-acasa-instabilitate-majora\/\" target=\"_blank\" class=\"crp_link post-113327\"><span class=\"crp_title\">Banca Central\u0103 European\u0103 (BCE) recomand\u0103 cet\u0103\u021benilor s\u0103 p\u0103streze acas\u0103 numerar \u201esuficient\u2026<\/span><\/a><\/li>\n<li><a href=\"https:\/\/r3media.ro\/paternalism-dupa-liberalism-1\/\" target=\"_blank\" class=\"crp_link post-112792\"><span class=\"crp_title\">Paternalism dup\u0103 liberalism (1)<\/span><\/a><\/li>\n<li><a href=\"https:\/\/r3media.ro\/gheorghe-piperea-euro-digital-obligatie-certificat-vaccinare\/\" target=\"_blank\" class=\"crp_link post-119733\"><span class=\"crp_title\">Europarlamentarul Gheorghe Piperea: Op\u021biunea pentru euro digital se va putea transforma \u00een\u2026<\/span><\/a><\/li>\n<\/ul>\n<\/div>\n<\/div>\n<\/div>\n<p>[analyse_source url=&#8221;https:\/\/r3media.ro\/stat-american-illinois-sprijina-utilizarea-numerarului\/&#8221;]<\/p>\n","protected":false},"excerpt":{"rendered":"<p>[analyse_image type=&#8221;featured&#8221; src=&#8221;https:\/\/r3media.ro\/wp-content\/uploads\/2026\/08\/numerar-dolari-scaled-e1788073523753.jpghttps:\/\/r3media.ro\/wp-content\/uploads\/2026\/08\/numerar-dolari-scaled-e1788073523753.jpg&#8221;] FEATUREDStatul american Illinois a decis s\u0103 sprijine masiv utilizarea numerarului FEATURED\u0218TIRI Statul american Illinois a decis s\u0103 sprijine masiv utilizarea numerarului Oana Ivan 30\/08\/2026 Surs\u0103 &#8211; Unsplash Ad\u0103uga\u021bi R3media la sursele preferate din Google Pe 31 iulie, guvernatorul statului american Illinois, J.B. Pritzker, a semnat proiectul de lege 4592 al Camerei Reprezentan\u021bilor. [&hellip;]<\/p>\n","protected":false},"author":1,"featured_media":0,"comment_status":"open","ping_status":"","sticky":false,"template":"","format":"standard","meta":{"footnotes":""},"categories":[89],"tags":[226,93],"class_list":["post-2119378","post","type-post","status-publish","format-standard","hentry","category-romania","tag-crawlmanager","tag-r3media-ro"],"_links":{"self":[{"href":"https:\/\/analyse.optim.biz\/index.php?rest_route=\/wp\/v2\/posts\/2119378","targetHints":{"allow":["GET"]}}],"collection":[{"href":"https:\/\/analyse.optim.biz\/index.php?rest_route=\/wp\/v2\/posts"}],"about":[{"href":"https:\/\/analyse.optim.biz\/index.php?rest_route=\/wp\/v2\/types\/post"}],"author":[{"embeddable":true,"href":"https:\/\/analyse.optim.biz\/index.php?rest_route=\/wp\/v2\/users\/1"}],"replies":[{"embeddable":true,"href":"https:\/\/analyse.optim.biz\/index.php?rest_route=%2Fwp%2Fv2%2Fcomments&post=2119378"}],"version-history":[{"count":0,"href":"https:\/\/analyse.optim.biz\/index.php?rest_route=\/wp\/v2\/posts\/2119378\/revisions"}],"wp:attachment":[{"href":"https:\/\/analyse.optim.biz\/index.php?rest_route=%2Fwp%2Fv2%2Fmedia&parent=2119378"}],"wp:term":[{"taxonomy":"category","embeddable":true,"href":"https:\/\/analyse.optim.biz\/index.php?rest_route=%2Fwp%2Fv2%2Fcategories&post=2119378"},{"taxonomy":"post_tag","embeddable":true,"href":"https:\/\/analyse.optim.biz\/index.php?rest_route=%2Fwp%2Fv2%2Ftags&post=2119378"}],"curies":[{"name":"wp","href":"https:\/\/api.w.org\/{rel}","templated":true}]}}