{"id":2119376,"date":"2026-08-30T07:42:06","date_gmt":"2026-08-30T04:42:06","guid":{"rendered":"https:\/\/analyse.optim.biz\/?p=2119376"},"modified":"2026-08-30T07:42:06","modified_gmt":"2026-08-30T04:42:06","slug":"poporul-din-islanda-a-decis-la-referendum-ca-nu-vrea-reluarea-discutiilor-de-aderare-la-uniunea-europeana","status":"publish","type":"post","link":"https:\/\/analyse.optim.biz\/?p=2119376","title":{"rendered":"Poporul din Islanda a decis la referendum c\u0103 nu vrea reluarea discu\u021biilor de aderare la Uniunea European\u0103"},"content":{"rendered":"<p>[analyse_image type=&#8221;featured&#8221; src=&#8221;https:\/\/r3media.ro\/wp-content\/uploads\/2026\/08\/harta-islandei-scaled-e1788074983346.jpghttps:\/\/r3media.ro\/wp-content\/uploads\/2026\/08\/harta-islandei-scaled-e1788074983346.jpg&#8221;]<\/p>\n<article id=\"template-id-109\" class=\"post-109 tdb_templates type-tdb_templates status-publish post\">\n<div id=\"tdi_2\" class=\"tdc-zone\">\n<div class=\"tdc_zone tdi_3  wpb_row td-pb-row\">\n<div id=\"tdi_4\" class=\"tdc-row\">\n<div class=\"vc_row tdi_5  wpb_row td-pb-row\">\n<div class=\"vc_column tdi_7  wpb_column vc_column_container tdc-column td-pb-span8\">\n<div class=\"wpb_wrapper\">\n<div class=\"td_block_wrap tdb_breadcrumbs tdi_8 td-pb-border-top td_block_template_1 tdb-breadcrumbs \" data-td-block-uid=\"tdi_8\">\n<div class=\"tdb-block-inner td-fix-index\"><span><a title=\"Vede\u021bi toate articolele \u00een FEATURED\" class=\"tdb-entry-crumb\" href=\"https:\/\/r3media.ro\/category\/featured\/\">FEATURED<\/a><\/span><span class=\"tdb-bred-no-url-last\">Poporul din Islanda a decis la referendum c\u0103 nu vrea reluarea discu\u021biilor&#8230;<\/span><\/div>\n<\/div>\n<div class=\"td_block_wrap tdb_single_categories tdi_9 td-pb-border-top td_block_template_1 \" data-td-block-uid=\"tdi_9\">\n<div class=\"tdb-category td-fix-index\"><a class=\"tdb-entry-category\" href=\"https:\/\/r3media.ro\/category\/featured\/\">FEATURED<\/a><a class=\"tdb-entry-category\" href=\"https:\/\/r3media.ro\/category\/stiri\/\">\u0218TIRI<\/a><\/div>\n<\/div>\n<div class=\"td_block_wrap tdb_title tdi_10 tdb-single-title td-pb-border-top td_block_template_1\" data-td-block-uid=\"tdi_10\">\n<div class=\"tdb-block-inner td-fix-index\">\n<h1 class=\"tdb-title-text\">Poporul din Islanda a decis la referendum c\u0103 nu vrea reluarea discu\u021biilor de aderare la Uniunea European\u0103<\/h1>\n<\/div>\n<\/div>\n<div class=\"vc_row_inner tdi_12  vc_row vc_inner wpb_row td-pb-row\">\n<div class=\"vc_column_inner tdi_14  wpb_column vc_column_container tdc-inner-column td-pb-span12\">\n<div class=\"vc_column-inner\">\n<div class=\"wpb_wrapper\">\n<div class=\"td_block_wrap tdb_single_author tdi_15 td-pb-border-top td_block_template_1 tdb-post-meta\" data-td-block-uid=\"tdi_15\">\n<div class=\"tdb-block-inner td-fix-index\">\n<div class=\"tdb-author-name-wrap\"><a class=\"tdb-author-name\" href=\"https:\/\/r3media.ro\/author\/oana\/\">Oana Ivan<\/a><\/div>\n<\/div>\n<\/div>\n<div class=\"td_block_wrap tdb_single_date tdi_16 td-pb-border-top td_block_template_1 tdb-post-meta\" data-td-block-uid=\"tdi_16\">\n<div class=\"tdb-block-inner td-fix-index\"><time class=\"entry-date updated td-module-date\" datetime=\"2026-08-30T10:42:06+03:00\">30\/08\/2026<\/time><\/div>\n<\/div>\n<\/div>\n<\/div>\n<\/div>\n<\/div>\n<div class=\"td_block_wrap tdb_single_featured_image tdi_17 tdb-content-horiz-left td-pb-border-top td_block_template_1\" data-td-block-uid=\"tdi_17\">\n<div class=\"tdb-block-inner td-fix-index\">\n<figure><figcaption class=\"tdb-caption-text\">Surs\u0103 &#8211; Magnific<\/figcaption><\/figure>\n<\/div>\n<\/div>\n<div class=\"wpb_wrapper td_block_wrap vc_raw_html tdi_19 \">\n<div class=\"td-fix-index\"><a href=\"https:\/\/www.google.com\/preferences\/source?q=r3media.ro\" target=\"_blank\" rel=\"noopener nofollow\">Ad\u0103uga\u021bi R3media la sursele preferate din Google<\/a><\/div>\n<\/div>\n<div class=\"td_block_wrap tdb_single_content tdi_20 td-pb-border-top td_block_template_1 td-post-content tagdiv-type\" data-td-block-uid=\"tdi_20\">\n<div class=\"tdb-block-inner td-fix-index\">\n<p><strong>Un referendum care a avut loc \u00een <a href=\"https:\/\/r3media.ro\/tag\/islanda\/\" target=\"_blank\" rel=\"noopener\">Islanda<\/a> privind reluarea discu\u021biilor de aderare la Uniunea European\u0103 a avut loc \u00een acest weekend. Rezultatul e pe michie de cu\u021bit \u0219i, conform <a href=\"https:\/\/www.bbc.com\/news\/articles\/c70le8ed1plo\" target=\"_blank\" rel=\"noopener\">BBC<\/a>\u00a0e favorabil celor care au spus \u201enu\u201c.<\/strong><\/p>\n<p>Dup\u0103 num\u0103rarea a 153.197 de voturi, 50,1% au respins propunerea guvernului. de partea cealalt\u0103 49,9% au spus \u201eda\u201c, a declarat postul public de televiziune RUV. Diferen\u021ba dintre cele dou\u0103 tabere a fost de numai 435 de voturi.<\/p>\n<p>Guvernul de centru-st\u00e2nga al prim-ministrului Kristrun Frostadottir a promis s\u0103 organizeze un referendum p\u00e2n\u0103 \u00een 2027. Plebiscitul a fost am\u00e2nat din cauza tensiunilor interna\u021bionale, inclusiv tensiunile privind Groenlanda.<\/p>\n<p>Islanda face parte din pia\u021ba unic\u0103 a Uniunii Europene \u0219i din Spa\u021biul Schengen. Apartenen\u021ba la UE ar aduce \u021bara \u00een uniunea vamal\u0103 \u0219i, \u00een cele din urm\u0103, \u00een zona euro. Islanda \u0219i-a \u00eenceput cererea de aderare \u00een 2009, \u00een urma crizei financiare din 2008 \u0219i a pr\u0103bu\u0219irii sistemului bancar islandez.<\/p>\n<h2><strong>De ce poporul din Islanda a votat majoritar \u201enu\u201c la referendum<\/strong><\/h2>\n<p>\u00a0<\/p>\n<p>Cererea Islandei era \u00eentr-un stadiu avansat c\u00e2nnd, \u00een 2013, discu\u021biile au fost suspendate. Drepturile de pescuit au fost cel mai mare obstacol atunci, a\u0219a cum r\u0103m\u00e2n \u0219i ast\u0103zi.<\/p>\n<p>Industriile piscicole \u0219i marine reprezint\u0103 aproape 40% din exporturile Islandei. Mul\u021bi aleg\u0103tori ai votului \u201eNu\u201d s-au temut c\u0103 vor fi nevoi\u021bi s\u0103 cedeze o parte din controlul asupra zonelor lor de pescuit profitabile \u00een cadrul politicii comune \u00een domeniul pescuitului a UE.<\/p>\n<p>Campania pentru referendum a alimentat dezbaterea despre locul Islandei \u00een lume, a declarat premierul Frostadottir.<\/p>\n<p>\u201eEste o zi minunat\u0103. Am a\u0219teptat asta de ani de zile pentru a putea vota\u201d, a spus ea, ad\u0103ug\u00e2nd c\u0103 guvernul \u00ee\u0219i va continua activitatea indiferent de rezultat.<\/p>\n<p>\u00centrebarea de pe buletinul de vot a fost: \u201eAr trebui Islanda s\u0103 reia negocierile de aderare cu <a href=\"https:\/\/r3media.ro\/tag\/uniunea-europeana-ue\/\" target=\"_blank\" rel=\"noopener\"><strong>Uniunea European\u0103<\/strong><\/a>?\u201d<\/p>\n<p>Un vot \u201eDa\u201d nu ar fi o decizie final\u0103 privind aderarea la UE, ci un pas c\u0103tre un acord de aderare. Acesta ar trebui apoi aprobat printr-un al doilea referendum. De asemenea, votul \u201eNu\u201d nu ar exclude posibilitatea ca Islanda s\u0103 reia discu\u021biile \u00een viitor.<\/p>\n<p>De\u0219i problemele economice au dominat campaniile pentru referendum, au ap\u0103rut \u0219i preocup\u0103ri legate de securitate.<\/p>\n<p>Islanda este membru fondator al NATO, dar nu are armat\u0103 \u0219i se bazeaz\u0103 pe alia\u021bii s\u0103i pentru ap\u0103rare.<\/p>\n<p>\u021aara a sus\u021binut Ucraina \u00een r\u0103zboiul cu Rusia, iar oficialii au fost alarma\u021bi de intensificarea manevrelor maritime ale Rusiei \u00een apropierea insulei. Interesul exprimat de Trump pentru preluarea Groenlandei a st\u00e2rnit, de asemenea, \u00eengrijor\u0103ri.<\/p>\n<div class=\"crp_related     crp-masonry\">\n<h2>\u00ceN CONTEXT<\/h2>\n<ul>\n<li><a href=\"https:\/\/r3media.ro\/diana-sosoaca-mediere-dialog-ue-rusia-scrisoare-deschisa\/\" target=\"_blank\" class=\"crp_link post-118074\"><span class=\"crp_title\">Diana \u0218o\u0219oac\u0103 se ofer\u0103 s\u0103 medieze dialogul UE &#8211; Rusia: Scrisoare deschis\u0103 adresat\u0103 liderilor\u2026<\/span><\/a><\/li>\n<li><a href=\"https:\/\/r3media.ro\/republica-moldova-si-ucraina-aderare-ue\/\" target=\"_blank\" class=\"crp_link post-118315\"><span class=\"crp_title\">Republica Moldova \u0219i Ucraina deschid primul capitol al negocierilor de aderare la UE<\/span><\/a><\/li>\n<li><a href=\"https:\/\/r3media.ro\/nicusor-dan-minte-tara-discutii-fermieri-romania-sustine-acordul-ue-mercosur-ferme-mici-mijlocii-dificultate\/\" target=\"_blank\" class=\"crp_link post-114511\"><span class=\"crp_title\">Nicu\u0219or Dan minte \u00een fa\u021ba \u00eentregii \u021b\u0103ri c\u0103 a discutat cu agricultorii \u0219i c\u0103 Rom\u00e2nia sus\u021bine\u2026<\/span><\/a><\/li>\n<li><a href=\"https:\/\/r3media.ro\/toti-ma-stie-la-fundulea\/\" target=\"_blank\" class=\"crp_link post-121216\"><span class=\"crp_title\">\u201eTo\u021bi m\u0103 \u0219tie la Fundulea\u201d!<\/span><\/a><\/li>\n<li><a href=\"https:\/\/r3media.ro\/ursula-von-der-leyen-bate-cui-sicriu-fermieri-uniunea-europeana-polonezi-revolta-agricultura\/\" target=\"_blank\" class=\"crp_link post-115064\"><span class=\"crp_title\">Ursula von der Leyen vrea s\u0103 mai bat\u0103 un cui \u00een sicriul fermierilor din Uniunea European\u0103.\u2026<\/span><\/a><\/li>\n<li><a href=\"https:\/\/r3media.ro\/mercosur-uniunea-europeana-decizie-import-carne-de-pui-vita-peste-miere-produse-brazilia\/\" target=\"_blank\" class=\"crp_link post-118185\"><span class=\"crp_title\">Mercosur: Uniunea European\u0103 a decis s\u0103 nu mai importe carne de pui, vit\u0103, pe\u0219te, miere \u0219i\u2026<\/span><\/a><\/li>\n<li><a href=\"https:\/\/r3media.ro\/portugalia-plafon-plati-numerar-limita-uniunea-europeana\/\" target=\"_blank\" class=\"crp_link post-121466\"><span class=\"crp_title\">Portugalia pune un plafon pl\u0103\u021bilor cu numerar cu mult sub limita cerut\u0103 de Uniunea European\u0103<\/span><\/a><\/li>\n<li><a href=\"https:\/\/r3media.ro\/europenii-acumuleaza-numerar-bce-bani-fizici-cetateni-avans-plati-electronice\/\" target=\"_blank\" class=\"crp_link post-121355\"><span class=\"crp_title\">Europenii acumuleaz\u0103 din ce \u00een ce mai mult numerar. BCE constat\u0103 c\u0103 banii fizici r\u0103m\u00e2n\u2026<\/span><\/a><\/li>\n<\/ul>\n<\/div>\n<\/div>\n<\/div>\n<div class=\"td_block_wrap tdb_single_tags tdi_21 td-pb-border-top td_block_template_1\" data-td-block-uid=\"tdi_21\">\n<div class=\"tdb-block-inner td-fix-index\">\n<ul class=\"tdb-tags\">\n<li><span>SUBIECTE FIERBIN\u021aI<\/span><\/li>\n<li><a href=\"https:\/\/r3media.ro\/tag\/islanda\/\">islanda<\/a><\/li>\n<li><a href=\"https:\/\/r3media.ro\/tag\/uniunea-europeana-ue\/\">Uniunea Europeana (ue)<\/a><\/li>\n<\/ul>\n<\/div>\n<\/div>\n<div class=\"td_block_wrap td_block_9 tdi_22 td_with_ajax_pagination td-pb-border-top td_block_template_1 td-column-2 td_block_padding td_block_bot_line\" data-td-block-uid=\"tdi_22\">\n<div class=\"td-block-title-wrap\">\n<h4 class=\"block-title td-block-title\"><span class=\"td-pulldown-size\">CITE\u0218TE MAI MULT<\/span><\/h4>\n<\/div>\n<div id=\"tdi_22\" class=\"td_block_inner\">\n<div class=\"td-block-row\">\n<div class=\"td-block-span6\">\n<div class=\"td_module_8 td_module_wrap\">\n<div class=\"item-details\">\n<h3 class=\"entry-title td-module-title\"><a href=\"https:\/\/r3media.ro\/america-implicare-capete-razboiul-din-iugoslavia\/\" rel=\"bookmark\" title=\"Cum a jucat America la toate capetele r\u0103zboiului din fosta Iugoslavie\">Cum a jucat America la toate capetele r\u0103zboiului din fosta Iugoslavie<\/a><\/h3>\n<div class=\"td-module-meta-info\"><a href=\"https:\/\/r3media.ro\/category\/actualitate\/\" class=\"td-post-category\">ACTUALITATE<\/a><span class=\"td-post-author-name\"><a href=\"https:\/\/r3media.ro\/author\/radu_ursan\/\">Radu Ursan<\/a><span>&#8211;<\/span><\/span><span class=\"td-post-date\"><time class=\"entry-date updated td-module-date\" datetime=\"2026-08-26T19:58:22+03:00\">26\/08\/2026<\/time><\/span><\/div>\n<\/div>\n<\/div>\n<\/div>\n<div class=\"td-block-span6\">\n<div class=\"td_module_8 td_module_wrap\">\n<div class=\"item-details\">\n<h3 class=\"entry-title td-module-title\"><a href=\"https:\/\/r3media.ro\/jurnalista-liliana-ruse-digi24-cancer-tratament-povara-financiara\/\" rel=\"bookmark\" title=\"Jurnalista Liliana Ruse de la Digi24 se lupt\u0103 cu o form\u0103 de cancer \u0219i \u00ee\u0219i procur\u0103 singur\u0103 tratamentul: Nu mi se pare normal s\u0103 mai suport o asemenea povar\u0103 financiar\u0103\">Jurnalista Liliana Ruse de la Digi24 se lupt\u0103 cu o form\u0103 de cancer \u0219i&#8230;<\/a><\/h3>\n<div class=\"td-module-meta-info\"><a href=\"https:\/\/r3media.ro\/category\/actualitate\/\" class=\"td-post-category\">ACTUALITATE<\/a><span class=\"td-post-author-name\"><a href=\"https:\/\/r3media.ro\/author\/oana\/\">Oana Ivan<\/a><span>&#8211;<\/span><\/span><span class=\"td-post-date\"><time class=\"entry-date updated td-module-date\" datetime=\"2026-08-26T11:35:58+03:00\">26\/08\/2026<\/time><\/span><\/div>\n<\/div>\n<\/div>\n<\/div>\n<\/div>\n<div class=\"td-block-row\">\n<div class=\"td-block-span6\">\n<div class=\"td_module_8 td_module_wrap\">\n<div class=\"item-details\">\n<h3 class=\"entry-title td-module-title\"><a href=\"https:\/\/r3media.ro\/asociatia-parakletos-ong-banci-franci-elvetieni\/\" rel=\"bookmark\" title=\"Asocia\u021bia Parakletos a disp\u0103rut, oficial. ONG-ul a fost distrus de procesul contra b\u0103ncilor care oferiser\u0103 credite \u00een franci elve\u021bieni\">Asocia\u021bia Parakletos a disp\u0103rut, oficial. ONG-ul a fost distrus de procesul contra b\u0103ncilor care&#8230;<\/a><\/h3>\n<div class=\"td-module-meta-info\"><a href=\"https:\/\/r3media.ro\/category\/actualitate\/\" class=\"td-post-category\">ACTUALITATE<\/a><span class=\"td-post-author-name\"><a href=\"https:\/\/r3media.ro\/author\/redactia\/\">Redac\u021bia<\/a><span>&#8211;<\/span><\/span><span class=\"td-post-date\"><time class=\"entry-date updated td-module-date\" datetime=\"2026-08-24T11:50:15+03:00\">24\/08\/2026<\/time><\/span><\/div>\n<\/div>\n<\/div>\n<\/div>\n<div class=\"td-block-span6\">\n<div class=\"td_module_8 td_module_wrap\">\n<div class=\"item-details\">\n<h3 class=\"entry-title td-module-title\"><a href=\"https:\/\/r3media.ro\/drona-aeriana-incarcata-explozibil-ajunsa-plaja-tuzla-ucraineana\/\" rel=\"bookmark\" title=\"VIDEO | O dron\u0103 aerian\u0103 \u00eenc\u0103rcat\u0103 cu explozibil \u0219i ajuns\u0103 pe plaja Tuzla s-a dovedit a fi ucrainean\u0103\">VIDEO | O dron\u0103 aerian\u0103 \u00eenc\u0103rcat\u0103 cu explozibil \u0219i ajuns\u0103 pe plaja Tuzla s-a&#8230;<\/a><\/h3>\n<div class=\"td-module-meta-info\"><a href=\"https:\/\/r3media.ro\/category\/actualitate\/\" class=\"td-post-category\">ACTUALITATE<\/a><span class=\"td-post-author-name\"><a href=\"https:\/\/r3media.ro\/author\/oana\/\">Oana Ivan<\/a><span>&#8211;<\/span><\/span><span class=\"td-post-date\"><time class=\"entry-date updated td-module-date\" datetime=\"2026-08-22T21:13:17+03:00\">22\/08\/2026<\/time><\/span><\/div>\n<\/div>\n<\/div>\n<\/div>\n<\/div>\n<div class=\"td-block-row\">\n<div class=\"td-block-span6\">\n<div class=\"td_module_8 td_module_wrap\">\n<div class=\"item-details\">\n<h3 class=\"entry-title td-module-title\"><a href=\"https:\/\/r3media.ro\/stapanul-ineleor-inelele-puterii-producator-patrick-mckay-public\/\" rel=\"bookmark\" title=\"St\u0103p\u00e2nul Inelelor: Inelele Puterii. Produc\u0103torul Patrick McKay: Nu cred c\u0103 publicul este cu adev\u0103rat preg\u0103tit pentru ceea ce urmeaz\u0103 de data aceasta\">St\u0103p\u00e2nul Inelelor: Inelele Puterii. Produc\u0103torul Patrick McKay: Nu cred c\u0103 publicul este cu adev\u0103rat&#8230;<\/a><\/h3>\n<div class=\"td-module-meta-info\"><a href=\"https:\/\/r3media.ro\/category\/actualitate\/\" class=\"td-post-category\">ACTUALITATE<\/a><span class=\"td-post-author-name\"><a href=\"https:\/\/r3media.ro\/author\/oana\/\">Oana Ivan<\/a><span>&#8211;<\/span><\/span><span class=\"td-post-date\"><time class=\"entry-date updated td-module-date\" datetime=\"2026-08-21T23:24:20+03:00\">21\/08\/2026<\/time><\/span><\/div>\n<\/div>\n<\/div>\n<\/div>\n<div class=\"td-block-span6\">\n<div class=\"td_module_8 td_module_wrap\">\n<div class=\"item-details\">\n<h3 class=\"entry-title td-module-title\"><a href=\"https:\/\/r3media.ro\/ultimul-climat\/\" rel=\"bookmark\" title=\"Ultimul climat\u00a0\u00a0\u00a0\u00a0\u00a0\">Ultimul climat\u00a0\u00a0\u00a0\u00a0\u00a0<\/a><\/h3>\n<div class=\"td-module-meta-info\"><a href=\"https:\/\/r3media.ro\/category\/opinii\/\" class=\"td-post-category\">OPINII<\/a><span class=\"td-post-author-name\"><a href=\"https:\/\/r3media.ro\/author\/tru\/\">TRU (Traian Ungureanu)<\/a><span>&#8211;<\/span><\/span><span class=\"td-post-date\"><time class=\"entry-date updated td-module-date\" datetime=\"2026-08-20T19:12:13+03:00\">20\/08\/2026<\/time><\/span><\/div>\n<\/div>\n<\/div>\n<\/div>\n<\/div>\n<div class=\"td-block-row\">\n<div class=\"td-block-span6\">\n<div class=\"td_module_8 td_module_wrap\">\n<div class=\"item-details\">\n<h3 class=\"entry-title td-module-title\"><a href=\"https:\/\/r3media.ro\/presedintele-serbiei-razboiul-din-ucraina\/\" rel=\"bookmark\" title=\"Pre\u0219edintele Serbiei nu crede c\u0103 r\u0103zboiul din Ucraina se termin\u0103 cur\u00e2nd: Cred c\u0103 ne afl\u0103m la \u00eenceputul unui r\u0103zboi mult, mult mai mare\">Pre\u0219edintele Serbiei nu crede c\u0103 r\u0103zboiul din Ucraina se termin\u0103 cur\u00e2nd: Cred c\u0103 ne&#8230;<\/a><\/h3>\n<div class=\"td-module-meta-info\"><a href=\"https:\/\/r3media.ro\/category\/actualitate\/\" class=\"td-post-category\">ACTUALITATE<\/a><span class=\"td-post-author-name\"><a href=\"https:\/\/r3media.ro\/author\/teodor_stan\/\">Teodor Stan<\/a><span>&#8211;<\/span><\/span><span class=\"td-post-date\"><time class=\"entry-date updated td-module-date\" datetime=\"2026-08-10T12:22:44+03:00\">10\/08\/2026<\/time><\/span><\/div>\n<\/div>\n<\/div>\n<\/div>\n<div class=\"td-block-span6\">\n<div class=\"td_module_8 td_module_wrap\">\n<div class=\"item-details\">\n<h3 class=\"entry-title td-module-title\"><a href=\"https:\/\/r3media.ro\/fara-apa-fara-curent-fara-viitor-cum-au-sacrificat-pro-europenii-romania-pe-altarul-ecologiei-ieftine\/\" rel=\"bookmark\" title=\"F\u0103r\u0103 ap\u0103, f\u0103r\u0103 curent, f\u0103r\u0103 viitor: cum au sacrificat pro-europenii Rom\u00e2nia pe altarul ecologiei ieftine\">F\u0103r\u0103 ap\u0103, f\u0103r\u0103 curent, f\u0103r\u0103 viitor: cum au sacrificat pro-europenii Rom\u00e2nia pe altarul ecologiei&#8230;<\/a><\/h3>\n<div class=\"td-module-meta-info\"><a href=\"https:\/\/r3media.ro\/category\/actualitate\/\" class=\"td-post-category\">ACTUALITATE<\/a><span class=\"td-post-author-name\"><a href=\"https:\/\/r3media.ro\/author\/paul_lazar\/\">Paul-Daniel Laz\u0103r<\/a><span>&#8211;<\/span><\/span><span class=\"td-post-date\"><time class=\"entry-date updated td-module-date\" datetime=\"2026-08-08T22:30:54+03:00\">08\/08\/2026<\/time><\/span><\/div>\n<\/div>\n<\/div>\n<\/div>\n<\/div>\n<div class=\"td-block-row\">\n<div class=\"td-block-span6\">\n<div class=\"td_module_8 td_module_wrap\">\n<div class=\"item-details\">\n<h3 class=\"entry-title td-module-title\"><a href=\"https:\/\/r3media.ro\/show-iluzie-si-realitate-de-la-the-truman-show-la-son-of-a-rich\/\" rel=\"bookmark\" title=\"Show, iluzie \u0219i realitate: de la The Truman Show la Son of a Rich\">Show, iluzie \u0219i realitate: de la The Truman Show la Son of a Rich<\/a><\/h3>\n<div class=\"td-module-meta-info\"><a href=\"https:\/\/r3media.ro\/category\/actualitate\/\" class=\"td-post-category\">ACTUALITATE<\/a><span class=\"td-post-author-name\"><a href=\"https:\/\/r3media.ro\/author\/costi_balasoiu\/\">Constantin B\u0103l\u0103\u0219oiu<\/a><span>&#8211;<\/span><\/span><span class=\"td-post-date\"><time class=\"entry-date updated td-module-date\" datetime=\"2026-08-08T15:30:25+03:00\">08\/08\/2026<\/time><\/span><\/div>\n<\/div>\n<\/div>\n<\/div>\n<div class=\"td-block-span6\">\n<div class=\"td_module_8 td_module_wrap\">\n<div class=\"item-details\">\n<h3 class=\"entry-title td-module-title\"><a href=\"https:\/\/r3media.ro\/fani-stapanul-inelelor-surpriza-sezonul-3-sauron\/\" rel=\"bookmark\" title=\"Fanii \u201eSt\u0103p\u00e2nul Inelelor\u201c ar putea avea o surpriz\u0103 \u00een sezonul 3 din serialul \u201eInelele Puterii\u201c. Sauron se va confrunta cu o creatur\u0103 de temut\">Fanii \u201eSt\u0103p\u00e2nul Inelelor\u201c ar putea avea o surpriz\u0103 \u00een sezonul 3 din serialul \u201eInelele&#8230;<\/a><\/h3>\n<div class=\"td-module-meta-info\"><a href=\"https:\/\/r3media.ro\/category\/actualitate\/\" class=\"td-post-category\">ACTUALITATE<\/a><span class=\"td-post-author-name\"><a href=\"https:\/\/r3media.ro\/author\/oana\/\">Oana Ivan<\/a><span>&#8211;<\/span><\/span><span class=\"td-post-date\"><time class=\"entry-date updated td-module-date\" datetime=\"2026-08-08T00:19:31+03:00\">08\/08\/2026<\/time><\/span><\/div>\n<\/div>\n<\/div>\n<\/div>\n<\/div>\n<div class=\"td-block-row\">\n<div class=\"td-block-span6\">\n<div class=\"td_module_8 td_module_wrap\">\n<div class=\"item-details\">\n<h3 class=\"entry-title td-module-title\"><a href=\"https:\/\/r3media.ro\/david-popovici-fair-play-sportivi-rusi-competitii\/\" rel=\"bookmark\" title=\"David Popovici, fair-play la revenirea sportivilor ru\u0219i \u00een competi\u021bii: Le urez succes, sper s\u0103 fiu mai bun dec\u00e2t ei\">David Popovici, fair-play la revenirea sportivilor ru\u0219i \u00een competi\u021bii: Le urez succes, sper s\u0103&#8230;<\/a><\/h3>\n<div class=\"td-module-meta-info\"><a href=\"https:\/\/r3media.ro\/category\/actualitate\/\" class=\"td-post-category\">ACTUALITATE<\/a><span class=\"td-post-author-name\"><a href=\"https:\/\/r3media.ro\/author\/redactia\/\">Redac\u021bia<\/a><span>&#8211;<\/span><\/span><span class=\"td-post-date\"><time class=\"entry-date updated td-module-date\" datetime=\"2026-08-07T15:07:51+03:00\">07\/08\/2026<\/time><\/span><\/div>\n<\/div>\n<\/div>\n<\/div>\n<div class=\"td-block-span6\">\n<div class=\"td_module_8 td_module_wrap\">\n<div class=\"item-details\">\n<h3 class=\"entry-title td-module-title\"><a href=\"https:\/\/r3media.ro\/kia-recheama-service-prima-generatie-masini-electrice-e-niro-risc-incendiu\/\" rel=\"bookmark\" title=\"Kia recheam\u0103 \u00een service prima genera\u021bie de ma\u0219ini electrice e-Niro din cauza riscului de incendiu\">Kia recheam\u0103 \u00een service prima genera\u021bie de ma\u0219ini electrice e-Niro din cauza riscului de&#8230;<\/a><\/h3>\n<div class=\"td-module-meta-info\"><a href=\"https:\/\/r3media.ro\/category\/actualitate\/\" class=\"td-post-category\">ACTUALITATE<\/a><span class=\"td-post-author-name\"><a href=\"https:\/\/r3media.ro\/author\/oana\/\">Oana Ivan<\/a><span>&#8211;<\/span><\/span><span class=\"td-post-date\"><time class=\"entry-date updated td-module-date\" datetime=\"2026-08-06T17:07:42+03:00\">06\/08\/2026<\/time><\/span><\/div>\n<\/div>\n<\/div>\n<\/div>\n<\/div>\n<\/div>\n<div class=\"td-load-more-wrap td-load-more-infinite-wrap\" id=\"infinite-lm-tdi_22\"><a href=\"https:\/\/r3media.ro\/popor-islanda-referendum-aderare-uniunea-europeana\/\" class=\"td_ajax_load_more td_ajax_load_more_js\" aria-label=\"\u00cenc\u0103rca\u021bi mai multe\" id=\"next-page-tdi_22\" data-td_block_id=\"tdi_22\">\u00cenc\u0103rca\u021bi mai multe<\/a><\/div>\n<\/div>\n<div class=\"td_block_wrap tdb_single_comments tdi_23 tdb-comm-layout2 td-pb-border-top td_block_template_1\" data-td-block-uid=\"tdi_23\">\n<div class=\"tdb-block-inner td-fix-index\">\n<div class=\"comments\" id=\"comments\">\n<div id=\"respond\" class=\"comment-respond\">\n<h3 id=\"reply-title\" class=\"comment-reply-title\">AI CEVA DE SPUS? <small><a rel=\"nofollow\" id=\"cancel-comment-reply-link\" href=\"https:\/\/r3media.ro\/popor-islanda-referendum-aderare-uniunea-europeana\/#respond\">Renun\u021ba\u021bi la r\u0103spuns<\/a><\/small><\/h3>\n<div class=\"comment-form-input-wrap td-form-comment\">\n<div class=\"td-warning-comment\">V\u0103 rug\u0103m s\u0103 introduce\u021bi comentariul dvs.!<\/div>\n<\/div>\n<div class=\"comment-form-input-wrap td-form-author\">\n<div class=\"td-warning-author\">Introduce\u021bi aici numele dvs.<\/div>\n<\/div>\n<div class=\"comment-form-input-wrap td-form-email\">\n<div class=\"td-warning-email-error\">A\u021bi introdus o adres\u0103 de e-mail incorect\u0103!<\/div>\n<div class=\"td-warning-email\">V\u0103 rug\u0103m s\u0103 introduce\u021bi adresa dvs. de e-mail aici<\/div>\n<\/div>\n<\/div>\n<\/div>\n<\/div>\n<\/div>\n<\/div>\n<\/div>\n<div class=\"vc_column tdi_25  wpb_column vc_column_container tdc-column td-pb-span4 td-is-sticky\">\n<div class=\"wpb_wrapper\" data-sticky-enabled-on=\"W3RydWUsdHJ1ZSx0cnVlLHRydWVd\" data-sticky-offset=\"20\" data-sticky-is-width-auto=\"W2ZhbHNlLGZhbHNlLGZhbHNlLGZhbHNlXQ==\">\n<div class=\"wpb_wrapper td_block_wrap vc_widget_sidebar tdi_27 \">\n<div class=\"td_block_wrap td_block_7 td_block_widget tdi_28 td-pb-border-top td_block_template_1 td-column-1 td_block_padding\" data-td-block-uid=\"tdi_28\">\n<div class=\"td-block-title-wrap\">\n<h4 class=\"block-title td-block-title\"><span class=\"td-pulldown-size\">Articole RELA\u021aIONATE<\/span><\/h4>\n<\/div>\n<div id=\"tdi_28\" class=\"td_block_inner\">\n<div class=\"td-block-span12\">\n<div class=\"td_module_6 td_module_wrap td-animation-stack\">\n<div class=\"td-module-thumb\"><a href=\"https:\/\/r3media.ro\/casa-familie-california-incendiu-baterie-trotineta-electrica\/\" rel=\"bookmark\" class=\"td-image-wrap \" title=\"VIDEO | Casa unei familii din California s-a f\u0103cut scrum din cauza unei baterii de trotinet\u0103 electric\u0103\"><img loading=\"lazy\" decoding=\"async\" class=\"entry-thumb\" src=\"https:\/\/r3media.ro\/wp-content\/uploads\/2026\/08\/pompieri-in-actiune-in-sua-100x70.jpg\" alt title=\"VIDEO | Casa unei familii din California s-a f\u0103cut scrum din cauza unei baterii de trotinet\u0103 electric\u0103\" width=\"100\" height=\"70\"><\/a><\/div>\n<div class=\"item-details\">\n<h3 class=\"entry-title td-module-title\"><a href=\"https:\/\/r3media.ro\/casa-familie-california-incendiu-baterie-trotineta-electrica\/\" rel=\"bookmark\" title=\"VIDEO | Casa unei familii din California s-a f\u0103cut scrum din cauza unei baterii de trotinet\u0103 electric\u0103\">VIDEO | Casa unei familii din California s-a f\u0103cut scrum din&#8230;<\/a><\/h3>\n<div class=\"td-module-meta-info\"><span class=\"td-post-date\"><time class=\"entry-date updated td-module-date\" datetime=\"2026-08-30T10:41:03+03:00\">30\/08\/2026<\/time><\/span><\/div>\n<\/div>\n<\/div>\n<\/div>\n<div class=\"td-block-span12\">\n<div class=\"td_module_6 td_module_wrap td-animation-stack\">\n<div class=\"td-module-thumb\"><a href=\"https:\/\/r3media.ro\/donald-trump-ordin-infiintare-academie-spatiala-sua\/\" rel=\"bookmark\" class=\"td-image-wrap \" title=\"Donald Trump a semnat un Ordin pentru a \u00eenfiin\u021ba prima Academie Spa\u021bial\u0103 a Statelor Unite ale Americii\"><img loading=\"lazy\" decoding=\"async\" class=\"entry-thumb\" src=\"https:\/\/r3media.ro\/wp-content\/uploads\/2025\/01\/donaldjtrump-100x70.jpg\" alt title=\"Donald Trump a semnat un Ordin pentru a \u00eenfiin\u021ba prima Academie Spa\u021bial\u0103 a Statelor Unite ale Americii\" width=\"100\" height=\"70\"><\/a><\/div>\n<div class=\"item-details\">\n<h3 class=\"entry-title td-module-title\"><a href=\"https:\/\/r3media.ro\/donald-trump-ordin-infiintare-academie-spatiala-sua\/\" rel=\"bookmark\" title=\"Donald Trump a semnat un Ordin pentru a \u00eenfiin\u021ba prima Academie Spa\u021bial\u0103 a Statelor Unite ale Americii\">Donald Trump a semnat un Ordin pentru a \u00eenfiin\u021ba prima Academie&#8230;<\/a><\/h3>\n<div class=\"td-module-meta-info\"><span class=\"td-post-date\"><time class=\"entry-date updated td-module-date\" datetime=\"2026-08-30T10:22:35+03:00\">30\/08\/2026<\/time><\/span><\/div>\n<\/div>\n<\/div>\n<\/div>\n<div class=\"td-block-span12\">\n<div class=\"td_module_6 td_module_wrap td-animation-stack\">\n<div class=\"td-module-thumb\"><a href=\"https:\/\/r3media.ro\/stat-american-illinois-sprijina-utilizarea-numerarului\/\" rel=\"bookmark\" class=\"td-image-wrap \" title=\"Statul american Illinois a decis s\u0103 sprijine masiv utilizarea numerarului\"><img loading=\"lazy\" decoding=\"async\" class=\"entry-thumb\" src=\"https:\/\/r3media.ro\/wp-content\/uploads\/2026\/08\/numerar-dolari-100x70.jpg\" alt title=\"Statul american Illinois a decis s\u0103 sprijine masiv utilizarea numerarului\" width=\"100\" height=\"70\"><\/a><\/div>\n<div class=\"item-details\">\n<h3 class=\"entry-title td-module-title\"><a href=\"https:\/\/r3media.ro\/stat-american-illinois-sprijina-utilizarea-numerarului\/\" rel=\"bookmark\" title=\"Statul american Illinois a decis s\u0103 sprijine masiv utilizarea numerarului\">Statul american Illinois a decis s\u0103 sprijine masiv utilizarea numerarului<\/a><\/h3>\n<div class=\"td-module-meta-info\"><span class=\"td-post-date\"><time class=\"entry-date updated td-module-date\" datetime=\"2026-08-30T10:03:20+03:00\">30\/08\/2026<\/time><\/span><\/div>\n<\/div>\n<\/div>\n<\/div>\n<div class=\"td-block-span12\">\n<div class=\"td_module_6 td_module_wrap td-animation-stack\">\n<div class=\"td-module-thumb\"><a href=\"https:\/\/r3media.ro\/polonezi-white-lives-matter-zid-sunt-cautati-autoritati-inchisoare-mesaj-rasist\/\" rel=\"bookmark\" class=\"td-image-wrap \" title=\"Ni\u0219te polonezi care au scris \u201eWhite Lives Matter\u201d pe un zid sunt c\u0103uta\u021bi de autorit\u0103\u021bi \u0219i risc\u0103 \u00eenchisoarea. Mesajul e considerat rasist\"><img loading=\"lazy\" decoding=\"async\" class=\"entry-thumb\" src=\"https:\/\/r3media.ro\/wp-content\/uploads\/2026\/08\/white-lives-matter-100x70.jpg\" alt title=\"Ni\u0219te polonezi care au scris \u201eWhite Lives Matter\u201d pe un zid sunt c\u0103uta\u021bi de autorit\u0103\u021bi \u0219i risc\u0103 \u00eenchisoarea. Mesajul e considerat rasist\" width=\"100\" height=\"70\"><\/a><\/div>\n<div class=\"item-details\">\n<h3 class=\"entry-title td-module-title\"><a href=\"https:\/\/r3media.ro\/polonezi-white-lives-matter-zid-sunt-cautati-autoritati-inchisoare-mesaj-rasist\/\" rel=\"bookmark\" title=\"Ni\u0219te polonezi care au scris \u201eWhite Lives Matter\u201d pe un zid sunt c\u0103uta\u021bi de autorit\u0103\u021bi \u0219i risc\u0103 \u00eenchisoarea. Mesajul e considerat rasist\">Ni\u0219te polonezi care au scris \u201eWhite Lives Matter\u201d pe un zid&#8230;<\/a><\/h3>\n<div class=\"td-module-meta-info\"><span class=\"td-post-date\"><time class=\"entry-date updated td-module-date\" datetime=\"2026-08-30T09:34:54+03:00\">30\/08\/2026<\/time><\/span><\/div>\n<\/div>\n<\/div>\n<\/div>\n<div class=\"td-block-span12\">\n<div class=\"td_module_6 td_module_wrap td-animation-stack\">\n<div class=\"td-module-thumb\"><a href=\"https:\/\/r3media.ro\/muzicantii-din-bremen-1819-no-country-for-old-men\/\" rel=\"bookmark\" class=\"td-image-wrap \" title=\"Muzican\u021bii din Bremen (1819) este \u201eNo country for old men\u201d pentru cei mici, pus\u0103 \u00eentr-o cheie optimist\u0103\"><img loading=\"lazy\" decoding=\"async\" class=\"entry-thumb\" src=\"https:\/\/r3media.ro\/wp-content\/uploads\/2026\/08\/muzicantii-din-bremen-100x70.jpg\" alt title=\"Muzican\u021bii din Bremen (1819) este \u201eNo country for old men\u201d pentru cei mici, pus\u0103 \u00eentr-o cheie optimist\u0103\" width=\"100\" height=\"70\"><\/a><\/div>\n<div class=\"item-details\">\n<h3 class=\"entry-title td-module-title\"><a href=\"https:\/\/r3media.ro\/muzicantii-din-bremen-1819-no-country-for-old-men\/\" rel=\"bookmark\" title=\"Muzican\u021bii din Bremen (1819) este \u201eNo country for old men\u201d pentru cei mici, pus\u0103 \u00eentr-o cheie optimist\u0103\">Muzican\u021bii din Bremen (1819) este \u201eNo country for old men\u201d pentru&#8230;<\/a><\/h3>\n<div class=\"td-module-meta-info\"><span class=\"td-post-date\"><time class=\"entry-date updated td-module-date\" datetime=\"2026-08-29T12:19:32+03:00\">29\/08\/2026<\/time><\/span><\/div>\n<\/div>\n<\/div>\n<\/div>\n<div class=\"td-block-span12\">\n<div class=\"td_module_6 td_module_wrap td-animation-stack\">\n<div class=\"td-module-thumb\"><a href=\"https:\/\/r3media.ro\/video-stefan-popescu-romania-romani-geografia-umana\/\" rel=\"bookmark\" class=\"td-image-wrap \" title=\"VIDEO | \u0218tefan Popescu spune c\u0103 Rom\u00e2nia trebuie repopulat\u0103 cu rom\u00e2ni: S\u0103 evit\u0103m ca geografia noastr\u0103 uman\u0103 s\u0103 arate precum cea a Fran\u021bei, Germaniei sau Marii Britanii\"><img loading=\"lazy\" decoding=\"async\" class=\"entry-thumb\" src=\"https:\/\/r3media.ro\/wp-content\/uploads\/2023\/07\/franta-schimbare-e1689443658181-100x70.jpg\" alt title=\"VIDEO | \u0218tefan Popescu spune c\u0103 Rom\u00e2nia trebuie repopulat\u0103 cu rom\u00e2ni: S\u0103 evit\u0103m ca geografia noastr\u0103 uman\u0103 s\u0103 arate precum cea a Fran\u021bei, Germaniei sau Marii Britanii\" width=\"100\" height=\"70\"><\/a><\/div>\n<div class=\"item-details\">\n<h3 class=\"entry-title td-module-title\"><a href=\"https:\/\/r3media.ro\/video-stefan-popescu-romania-romani-geografia-umana\/\" rel=\"bookmark\" title=\"VIDEO | \u0218tefan Popescu spune c\u0103 Rom\u00e2nia trebuie repopulat\u0103 cu rom\u00e2ni: S\u0103 evit\u0103m ca geografia noastr\u0103 uman\u0103 s\u0103 arate precum cea a Fran\u021bei, Germaniei sau Marii Britanii\">VIDEO | \u0218tefan Popescu spune c\u0103 Rom\u00e2nia trebuie repopulat\u0103 cu rom\u00e2ni:&#8230;<\/a><\/h3>\n<div class=\"td-module-meta-info\"><span class=\"td-post-date\"><time class=\"entry-date updated td-module-date\" datetime=\"2026-08-28T23:09:11+03:00\">28\/08\/2026<\/time><\/span><\/div>\n<\/div>\n<\/div>\n<\/div>\n<div class=\"td-block-span12\">\n<div class=\"td_module_6 td_module_wrap td-animation-stack\">\n<div class=\"td-module-thumb\"><a href=\"https:\/\/r3media.ro\/29-august-taierea-capului-sf-ioan-botezatorul-post\/\" rel=\"bookmark\" class=\"td-image-wrap \" title=\"Calendarul zilei: 29 august, T\u0103ierea capului Sf. Ioan Botez\u0103torul (Post)\"><img loading=\"lazy\" decoding=\"async\" class=\"entry-thumb\" src=\"https:\/\/r3media.ro\/wp-content\/uploads\/2021\/08\/taierea-capului-sfantului-ioan-botezatorul-29-august-100x70.jpg\" alt title=\"Calendarul zilei: 29 august, T\u0103ierea capului Sf. Ioan Botez\u0103torul (Post)\" width=\"100\" height=\"70\"><\/a><\/div>\n<div class=\"item-details\">\n<h3 class=\"entry-title td-module-title\"><a href=\"https:\/\/r3media.ro\/29-august-taierea-capului-sf-ioan-botezatorul-post\/\" rel=\"bookmark\" title=\"Calendarul zilei: 29 august, T\u0103ierea capului Sf. Ioan Botez\u0103torul (Post)\">Calendarul zilei: 29 august, T\u0103ierea capului Sf. Ioan Botez\u0103torul (Post)<\/a><\/h3>\n<div class=\"td-module-meta-info\"><span class=\"td-post-date\"><time class=\"entry-date updated td-module-date\" datetime=\"2026-08-28T22:40:25+03:00\">28\/08\/2026<\/time><\/span><\/div>\n<\/div>\n<\/div>\n<\/div>\n<\/div>\n<\/div>\n<aside class=\"td_block_template_1 widget widget_recent_comments\">\n<h4 class=\"block-title\"><span>INTR\u0102 \u00ceN DISCU\u021aIE!<\/span><\/h4>\n<ul id=\"recentcomments\">\n<li class=\"recentcomments\"><span class=\"comment-author-link\">Drago\u0219<\/span> la <a href=\"https:\/\/r3media.ro\/george-simion-mesaj-votanti-nicusor-dan-pahontu\/#comment-40444\">VIDEO | George Simion, mesaj pentru votan\u021bii lui Nicu\u0219or Dan: Pahon\u021bu era securist de mult. Trezi\u021bi-v\u0103, nu suntem noi du\u0219manii vo\u0219tri!<\/a><\/li>\n<li class=\"recentcomments\"><span class=\"comment-author-link\">Marcu<\/span> la <a href=\"https:\/\/r3media.ro\/film-nou-stapanul-inelelor-corect-politic-regizor-andy-serkis-diversitate-tolkien-mitologie-nordica\/#comment-40442\">Noul film \u201eSt\u0103p\u00e2nul Inelelor\u201d nu va fi corect politic. Regizorul Andy Serkis: J.R.R. Tolkien a fost influen\u021bat de mitologia nordic\u0103. Nu vrem o distribu\u021bie de dragul de a bifa c\u0103su\u021be<\/a><\/li>\n<li class=\"recentcomments\"><span class=\"comment-author-link\">Nelu<\/span> la <a href=\"https:\/\/r3media.ro\/actor-alex-bogdan-nicusor-dan-video\/#comment-40441\">VIDEO | Actorul Alex Bogdan: \u00cemi e sc\u00e2rb\u0103 c\u0103 mi-am pus la b\u0103taie reputa\u021bia, familia \u0219i energia pentru Nicu\u0219or Dan. Pentru ce? Dac\u0103-l v\u0103d vreodat\u0103 \u00een fa\u021ba mea, \u00eel scuip!<\/a><\/li>\n<li class=\"recentcomments\"><span class=\"comment-author-link\">alin<\/span> la <a href=\"https:\/\/r3media.ro\/clasare-dosar-neurochirurg-stefan-mindea\/#comment-40440\">Clasare definitiv\u0103 \u00een dosarul neurochirurgului dr. Stefan Mindea: acuza\u021biile s-au dovedit ne\u00eentemeiate<\/a><\/li>\n<li class=\"recentcomments\"><span class=\"comment-author-link\">Mihaela D\u00e2ru<\/span> la <a href=\"https:\/\/r3media.ro\/tema-frumusetii-in-alba-ca-zapada-si-cenusareasa\/#comment-40439\">Tema frumuse\u021bii \u00een Alb\u0103 ca Z\u0103pada \u0219i Cenu\u0219\u0103reasa<\/a><\/li>\n<li class=\"recentcomments\"><span class=\"comment-author-link\">Mihaela D\u00e2ru<\/span> la <a href=\"https:\/\/r3media.ro\/actor-alex-bogdan-nicusor-dan-video\/#comment-40438\">VIDEO | Actorul Alex Bogdan: \u00cemi e sc\u00e2rb\u0103 c\u0103 mi-am pus la b\u0103taie reputa\u021bia, familia \u0219i energia pentru Nicu\u0219or Dan. Pentru ce? Dac\u0103-l v\u0103d vreodat\u0103 \u00een fa\u021ba mea, \u00eel scuip!<\/a><\/li>\n<li class=\"recentcomments\"><span class=\"comment-author-link\">Isabel<\/span> la <a href=\"https:\/\/r3media.ro\/video-stefan-popescu-romania-romani-geografia-umana\/#comment-40436\">VIDEO | \u0218tefan Popescu spune c\u0103 Rom\u00e2nia trebuie repopulat\u0103 cu rom\u00e2ni: S\u0103 evit\u0103m ca geografia noastr\u0103 uman\u0103 s\u0103 arate precum cea a Fran\u021bei, Germaniei sau Marii Britanii<\/a><\/li>\n<\/ul>\n<\/aside>\n<aside class=\"td_block_template_1 widget widget_search\">\n<h4 class=\"block-title\"><span>CAUT\u0102 \u0218I VEI G\u0102SI<\/span><\/h4>\n<\/aside>\n<\/div>\n<\/div>\n<\/div>\n<\/div>\n<\/div>\n<\/div>\n<\/div>\n<p><span class=\"td-page-meta\"><\/span><span class=\"td-page-meta\"><span class=\"td-page-meta\"><\/span><\/span><span class=\"td-page-meta\"><\/span><\/article>\n<\/p>\n<div class=\"td_block_wrap tdb_single_content tdi_20 td-pb-border-top td_block_template_1 td-post-content tagdiv-type\" data-td-block-uid=\"tdi_20\">\n<div class=\"tdb-block-inner td-fix-index\">\n<p><strong>Un referendum care a avut loc \u00een <a href=\"https:\/\/r3media.ro\/tag\/islanda\/\" target=\"_blank\" rel=\"noopener\">Islanda<\/a> privind reluarea discu\u021biilor de aderare la Uniunea European\u0103 a avut loc \u00een acest weekend. Rezultatul e pe michie de cu\u021bit \u0219i, conform <a href=\"https:\/\/www.bbc.com\/news\/articles\/c70le8ed1plo\" target=\"_blank\" rel=\"noopener\">BBC<\/a>\u00a0e favorabil celor care au spus \u201enu\u201c.<\/strong><\/p>\n<p>Dup\u0103 num\u0103rarea a 153.197 de voturi, 50,1% au respins propunerea guvernului. de partea cealalt\u0103 49,9% au spus \u201eda\u201c, a declarat postul public de televiziune RUV. Diferen\u021ba dintre cele dou\u0103 tabere a fost de numai 435 de voturi.<\/p>\n<p>Guvernul de centru-st\u00e2nga al prim-ministrului Kristrun Frostadottir a promis s\u0103 organizeze un referendum p\u00e2n\u0103 \u00een 2027. Plebiscitul a fost am\u00e2nat din cauza tensiunilor interna\u021bionale, inclusiv tensiunile privind Groenlanda.<\/p>\n<p>Islanda face parte din pia\u021ba unic\u0103 a Uniunii Europene \u0219i din Spa\u021biul Schengen. Apartenen\u021ba la UE ar aduce \u021bara \u00een uniunea vamal\u0103 \u0219i, \u00een cele din urm\u0103, \u00een zona euro. Islanda \u0219i-a \u00eenceput cererea de aderare \u00een 2009, \u00een urma crizei financiare din 2008 \u0219i a pr\u0103bu\u0219irii sistemului bancar islandez.<\/p>\n<h2><strong>De ce poporul din Islanda a votat majoritar \u201enu\u201c la referendum<\/strong><\/h2>\n<p>\u00a0<\/p>\n<p>Cererea Islandei era \u00eentr-un stadiu avansat c\u00e2nnd, \u00een 2013, discu\u021biile au fost suspendate. Drepturile de pescuit au fost cel mai mare obstacol atunci, a\u0219a cum r\u0103m\u00e2n \u0219i ast\u0103zi.<\/p>\n<p>Industriile piscicole \u0219i marine reprezint\u0103 aproape 40% din exporturile Islandei. Mul\u021bi aleg\u0103tori ai votului \u201eNu\u201d s-au temut c\u0103 vor fi nevoi\u021bi s\u0103 cedeze o parte din controlul asupra zonelor lor de pescuit profitabile \u00een cadrul politicii comune \u00een domeniul pescuitului a UE.<\/p>\n<p>Campania pentru referendum a alimentat dezbaterea despre locul Islandei \u00een lume, a declarat premierul Frostadottir.<\/p>\n<p>\u201eEste o zi minunat\u0103. Am a\u0219teptat asta de ani de zile pentru a putea vota\u201d, a spus ea, ad\u0103ug\u00e2nd c\u0103 guvernul \u00ee\u0219i va continua activitatea indiferent de rezultat.<\/p>\n<p>\u00centrebarea de pe buletinul de vot a fost: \u201eAr trebui Islanda s\u0103 reia negocierile de aderare cu <a href=\"https:\/\/r3media.ro\/tag\/uniunea-europeana-ue\/\" target=\"_blank\" rel=\"noopener\"><strong>Uniunea European\u0103<\/strong><\/a>?\u201d<\/p>\n<p>Un vot \u201eDa\u201d nu ar fi o decizie final\u0103 privind aderarea la UE, ci un pas c\u0103tre un acord de aderare. Acesta ar trebui apoi aprobat printr-un al doilea referendum. De asemenea, votul \u201eNu\u201d nu ar exclude posibilitatea ca Islanda s\u0103 reia discu\u021biile \u00een viitor.<\/p>\n<p>De\u0219i problemele economice au dominat campaniile pentru referendum, au ap\u0103rut \u0219i preocup\u0103ri legate de securitate.<\/p>\n<p>Islanda este membru fondator al NATO, dar nu are armat\u0103 \u0219i se bazeaz\u0103 pe alia\u021bii s\u0103i pentru ap\u0103rare.<\/p>\n<p>\u021aara a sus\u021binut Ucraina \u00een r\u0103zboiul cu Rusia, iar oficialii au fost alarma\u021bi de intensificarea manevrelor maritime ale Rusiei \u00een apropierea insulei. Interesul exprimat de Trump pentru preluarea Groenlandei a st\u00e2rnit, de asemenea, \u00eengrijor\u0103ri.<\/p>\n<div class=\"crp_related     crp-masonry\">\n<h2>\u00ceN CONTEXT<\/h2>\n<ul>\n<li><a href=\"https:\/\/r3media.ro\/diana-sosoaca-mediere-dialog-ue-rusia-scrisoare-deschisa\/\" target=\"_blank\" class=\"crp_link post-118074\"><span class=\"crp_title\">Diana \u0218o\u0219oac\u0103 se ofer\u0103 s\u0103 medieze dialogul UE &#8211; Rusia: Scrisoare deschis\u0103 adresat\u0103 liderilor\u2026<\/span><\/a><\/li>\n<li><a href=\"https:\/\/r3media.ro\/republica-moldova-si-ucraina-aderare-ue\/\" target=\"_blank\" class=\"crp_link post-118315\"><span class=\"crp_title\">Republica Moldova \u0219i Ucraina deschid primul capitol al negocierilor de aderare la UE<\/span><\/a><\/li>\n<li><a href=\"https:\/\/r3media.ro\/nicusor-dan-minte-tara-discutii-fermieri-romania-sustine-acordul-ue-mercosur-ferme-mici-mijlocii-dificultate\/\" target=\"_blank\" class=\"crp_link post-114511\"><span class=\"crp_title\">Nicu\u0219or Dan minte \u00een fa\u021ba \u00eentregii \u021b\u0103ri c\u0103 a discutat cu agricultorii \u0219i c\u0103 Rom\u00e2nia sus\u021bine\u2026<\/span><\/a><\/li>\n<li><a href=\"https:\/\/r3media.ro\/toti-ma-stie-la-fundulea\/\" target=\"_blank\" class=\"crp_link post-121216\"><span class=\"crp_title\">\u201eTo\u021bi m\u0103 \u0219tie la Fundulea\u201d!<\/span><\/a><\/li>\n<li><a href=\"https:\/\/r3media.ro\/ursula-von-der-leyen-bate-cui-sicriu-fermieri-uniunea-europeana-polonezi-revolta-agricultura\/\" target=\"_blank\" class=\"crp_link post-115064\"><span class=\"crp_title\">Ursula von der Leyen vrea s\u0103 mai bat\u0103 un cui \u00een sicriul fermierilor din Uniunea European\u0103.\u2026<\/span><\/a><\/li>\n<li><a href=\"https:\/\/r3media.ro\/mercosur-uniunea-europeana-decizie-import-carne-de-pui-vita-peste-miere-produse-brazilia\/\" target=\"_blank\" class=\"crp_link post-118185\"><span class=\"crp_title\">Mercosur: Uniunea European\u0103 a decis s\u0103 nu mai importe carne de pui, vit\u0103, pe\u0219te, miere \u0219i\u2026<\/span><\/a><\/li>\n<li><a href=\"https:\/\/r3media.ro\/portugalia-plafon-plati-numerar-limita-uniunea-europeana\/\" target=\"_blank\" class=\"crp_link post-121466\"><span class=\"crp_title\">Portugalia pune un plafon pl\u0103\u021bilor cu numerar cu mult sub limita cerut\u0103 de Uniunea European\u0103<\/span><\/a><\/li>\n<li><a href=\"https:\/\/r3media.ro\/europenii-acumuleaza-numerar-bce-bani-fizici-cetateni-avans-plati-electronice\/\" target=\"_blank\" class=\"crp_link post-121355\"><span class=\"crp_title\">Europenii acumuleaz\u0103 din ce \u00een ce mai mult numerar. BCE constat\u0103 c\u0103 banii fizici r\u0103m\u00e2n\u2026<\/span><\/a><\/li>\n<\/ul>\n<\/div>\n<\/div>\n<\/div>\n<p>[analyse_source url=&#8221;https:\/\/r3media.ro\/popor-islanda-referendum-aderare-uniunea-europeana\/&#8221;]<\/p>\n","protected":false},"excerpt":{"rendered":"<p>[analyse_image type=&#8221;featured&#8221; src=&#8221;https:\/\/r3media.ro\/wp-content\/uploads\/2026\/08\/harta-islandei-scaled-e1788074983346.jpghttps:\/\/r3media.ro\/wp-content\/uploads\/2026\/08\/harta-islandei-scaled-e1788074983346.jpg&#8221;] FEATUREDPoporul din Islanda a decis la referendum c\u0103 nu vrea reluarea discu\u021biilor&#8230; FEATURED\u0218TIRI Poporul din Islanda a decis la referendum c\u0103 nu vrea reluarea discu\u021biilor de aderare la Uniunea European\u0103 Oana Ivan 30\/08\/2026 Surs\u0103 &#8211; Magnific Ad\u0103uga\u021bi R3media la sursele preferate din Google Un referendum care a avut loc \u00een Islanda privind [&hellip;]<\/p>\n","protected":false},"author":1,"featured_media":0,"comment_status":"open","ping_status":"","sticky":false,"template":"","format":"standard","meta":{"footnotes":""},"categories":[89],"tags":[226,93],"class_list":["post-2119376","post","type-post","status-publish","format-standard","hentry","category-romania","tag-crawlmanager","tag-r3media-ro"],"_links":{"self":[{"href":"https:\/\/analyse.optim.biz\/index.php?rest_route=\/wp\/v2\/posts\/2119376","targetHints":{"allow":["GET"]}}],"collection":[{"href":"https:\/\/analyse.optim.biz\/index.php?rest_route=\/wp\/v2\/posts"}],"about":[{"href":"https:\/\/analyse.optim.biz\/index.php?rest_route=\/wp\/v2\/types\/post"}],"author":[{"embeddable":true,"href":"https:\/\/analyse.optim.biz\/index.php?rest_route=\/wp\/v2\/users\/1"}],"replies":[{"embeddable":true,"href":"https:\/\/analyse.optim.biz\/index.php?rest_route=%2Fwp%2Fv2%2Fcomments&post=2119376"}],"version-history":[{"count":0,"href":"https:\/\/analyse.optim.biz\/index.php?rest_route=\/wp\/v2\/posts\/2119376\/revisions"}],"wp:attachment":[{"href":"https:\/\/analyse.optim.biz\/index.php?rest_route=%2Fwp%2Fv2%2Fmedia&parent=2119376"}],"wp:term":[{"taxonomy":"category","embeddable":true,"href":"https:\/\/analyse.optim.biz\/index.php?rest_route=%2Fwp%2Fv2%2Fcategories&post=2119376"},{"taxonomy":"post_tag","embeddable":true,"href":"https:\/\/analyse.optim.biz\/index.php?rest_route=%2Fwp%2Fv2%2Ftags&post=2119376"}],"curies":[{"name":"wp","href":"https:\/\/api.w.org\/{rel}","templated":true}]}}