{"id":2119368,"date":"2026-08-30T13:54:22","date_gmt":"2026-08-30T10:54:22","guid":{"rendered":"https:\/\/analyse.optim.biz\/?p=2119368"},"modified":"2026-08-30T13:54:22","modified_gmt":"2026-08-30T10:54:22","slug":"infrangere-a-rezistilor-in-razboiul-mediatic-cu-pahontu-partidele-politice-nu-s-au-mobilizat-contra-sefului-spp","status":"publish","type":"post","link":"https:\/\/analyse.optim.biz\/?p=2119368","title":{"rendered":"\u00cenfr\u00e2ngere a \u201drezi\u0219tilor\u201d \u00een r\u0103zboiul mediatic cu Pahon\u021bu. Partidele politice nu s-au mobilizat\u00a0contra \u0219efului SPP!"},"content":{"rendered":"<p>[analyse_image type=&#8221;featured&#8221; src=&#8221;https:\/\/solidnews.ro\/wp-content\/uploads\/2026\/08\/media-175169181633262500.webp&#8221;]<\/p>\n<div class=\"td_block_wrap tdb_single_content tdi_120 td-pb-border-top td_block_template_1 td-post-content tagdiv-type\" data-td-block-uid=\"tdi_120\">\n<div class=\"tdb-block-inner td-fix-index\">\n<p>Dezv\u0103luirile Recorder despre trecutul lui Lucian Pahon\u021bu au provocat numeroase \u00eentreb\u0103ri \u00een spa\u021biul public, dar reac\u021bia clasei politice a fost firav\u0103. Nicu\u0219or Dan i-a luat ap\u0103rarea generalului, conducerea PSD nu a transmis nimic, Ilie Bolojan a evitat s\u0103 intre \u00een fondul cazului, iar liderii USR \u0219i AUR s-au limitat la declara\u021bii. La c\u00e2teva zile de la publicarea investiga\u021biei, nu exist\u0103 o mi\u0219care politic\u0103 major\u0103 privind omul care conduce SPP de 21 de ani.<\/p>\n<p>O anchet\u0103 despre Revolu\u021bia din 1989, Mineriada din 1990 \u0219i unul dintre cei mai longevivi \u0219efi ai unei institu\u021bii de for\u021b\u0103 din Rom\u00e2nia a primit un r\u0103spuns politic surprinz\u0103tor de slab.<\/p>\n<p>\u00a0<\/p>\n<p>O sintez\u0103 realizat\u0103 de TVR Info arat\u0103 c\u0103 principalele partide au ales fie t\u0103cerea, fie declara\u021biile prudente, fie mutarea discu\u021biei spre alte teme. Niciuna dintre tabere nu a transformat cazul \u00eentr-o miz\u0103 politic\u0103 major\u0103 \u0219i nu a anun\u021bat, p\u00e2n\u0103 acum, un demers cu efect direct asupra conducerii SPP.<\/p>\n<p>Nicu\u0219or Dan \u00eel scoate pe Pahon\u021bu din categoria celor implica\u021bi \u00een represiune<\/p>\n<p>Cea mai clar\u0103 pozi\u021bie a venit de la pre\u0219edintele Nicu\u0219or Dan, dar nu \u00eempotriva generalului, ci \u00een ap\u0103rarea acestuia.<\/p>\n<p>\u00a0<\/p>\n<p>\u0218eful statului a afirmat c\u0103 orice persoan\u0103 care a participat la reprimarea manifesta\u021biilor din decembrie 1989 sau din timpul Mineriadei nu are, din punct de vedere moral, ce s\u0103 caute \u00eentr-o func\u021bie \u00eenalt\u0103. Imediat dup\u0103 aceast\u0103 afirma\u021bie, pre\u0219edintele a stabilit \u00eens\u0103 c\u0103 Pahon\u021bu \u201enu e \u00een aceast\u0103 situa\u021bie\u201d.<\/p>\n<p>Nicu\u0219or Dan a invocat verific\u0103rile care ar fi fost f\u0103cute la numirea generalului \u00een fruntea SPP, inclusiv \u00een rela\u021bie cu CNSAS. El a minimalizat \u0219i amploarea controversei, declar\u00e2nd: \u201eNu \u0219tiu care e scandalul\u201d.<\/p>\n<p>\u00a0<\/p>\n<p>\u0218TIRIPESURSE.RO a relatat declara\u021bia integral\u0103 a pre\u0219edintelui. Nicu\u0219or Dan a recunoscut c\u0103 nu a f\u0103cut o evaluare personal\u0103 a lui Lucian Pahon\u021bu, dar a apreciat c\u0103 SPP func\u021bioneaz\u0103 profesionist.<\/p>\n<p>Afirma\u021bia despre CNSAS, contestat\u0103 dur<\/p>\n<p>Explica\u021biile pre\u0219edintelui au fost criticate de Sorin Ioni\u021b\u0103, analist Expert Forum. Acesta a catalogat drept \u201eun neadev\u0103r\u201d afirma\u021bia potrivit c\u0103reia Pahon\u021bu ar fi fost verificat de CNSAS.<\/p>\n<p>\u00a0<\/p>\n<p>\u00cen informa\u021biile ap\u0103rute dup\u0103 investiga\u021biile Recorder \u0219i Snoop se arat\u0103 c\u0103 Lucian Pahon\u021bu nu a depus declara\u021bia pe propria r\u0103spundere referitoare la eventuala colaborare cu Securitatea \u0219i c\u0103 institu\u021bia nu a emis o decizie privind calitatea sa de lucr\u0103tor sau colaborator.<\/p>\n<p>CNSAS a reluat \u00eentre timp verific\u0103rile, dup\u0103 ce au ap\u0103rut documente noi. Demersul institu\u021biei contrasteaz\u0103 cu verdictul deja exprimat public de pre\u0219edinte, potrivit c\u0103ruia generalul nu ar fi participat la ac\u021biunile de represiune.<\/p>\n<p>\u00a0<\/p>\n<p>PSD, t\u0103cere de la v\u00e2rful partidului<\/p>\n<p>Conducerea PSD nu a transmis nicio pozi\u021bie public\u0103 asupra dezv\u0103luirilor, potrivit centraliz\u0103rii realizate de TVR.<\/p>\n<p>Partidul nu a cerut explica\u021bii, verific\u0103ri suplimentare sau discutarea situa\u021biei \u00een CSAT. Nu a fost formulat\u0103 nici o pozi\u021bie de sus\u021binere a generalului. PSD a ales, practic, s\u0103 nu intre \u00een subiect.<\/p>\n<p>\u00a0<\/p>\n<p>T\u0103cerea este cu at\u00e2t mai vizibil\u0103 cu c\u00e2t Lucian Pahon\u021bu a condus SPP \u00een mandatele mai multor pre\u0219edin\u021bi \u0219i pe durata unor guvern\u0103ri formate de toate marile partide.<\/p>\n<p>Bolojan vorbe\u0219te despre mandate, dar evit\u0103 cazul concret<\/p>\n<p>Ilie Bolojan nu s-a pronun\u021bat direct asupra documentelor \u0219i acuza\u021biilor prezentate de Recorder. Liderul PNL a mutat discu\u021bia asupra unei probleme generale: durata mandatelor persoanelor aflate la conducerea institu\u021biilor puternice.<\/p>\n<p>\u00a0<\/p>\n<p>Bolojan a avertizat c\u0103 anumite func\u021bii pot acumula o putere care, la un moment dat, \u201epoate fi folosit\u0103 altfel\u201d. El a sus\u021binut limitarea mandatelor \u00een pozi\u021biile vulnerabile, f\u0103r\u0103 s\u0103 spun\u0103 dac\u0103 aceast\u0103 regul\u0103 ar trebui aplicat\u0103 imediat \u00een cazul actualului \u0219ef al SPP.<\/p>\n<p>\u0218TIRIPESURSE.RO a prezentat pozi\u021bia lui Ilie Bolojan, \u00eens\u0103 declara\u021bia nu schimb\u0103 situa\u021bia concret\u0103 a generalului.<\/p>\n<p>\u00a0<\/p>\n<p>USR \u0219i AUR, declara\u021bii f\u0103r\u0103 efect institu\u021bional<\/p>\n<p>Dominic Fritz a vorbit despre un \u201ecartel al t\u0103cerii\u201d \u0219i a afirmat c\u0103 Pahon\u021bu trebuie s\u0103 explice ce rol a avut \u00een evenimentele din 1989. Reac\u021bia liderului USR a r\u0103mas \u00eens\u0103 la nivel declarativ, f\u0103r\u0103 s\u0103 produc\u0103 p\u00e2n\u0103 acum o ac\u021biune institu\u021bional\u0103 major\u0103.<\/p>\n<p>George Simion a acuzat o manipulare \u0219i a mutat discu\u021bia spre anularea alegerilor \u0219i presupusa influen\u021b\u0103 exercitat\u0103 de structurile de putere asupra rezultatului electoral.<\/p>\n<p>\u00a0<\/p>\n<p>Liderul AUR nu s-a concentrat asupra documentelor prezentate de Recorder \u0219i nici nu a anun\u021bat un demers concret referitor la conducerea SPP.<\/p>\n<p>Astfel, din toate direc\u021biile politice au venit fie t\u0103ceri, fie generalit\u0103\u021bi, fie declara\u021bii care au mutat centrul dezbaterii. Nu s-a format o presiune politic\u0103 real\u0103 pentru clarificarea rapid\u0103 a cazului.<\/p>\n<p>\u00a0<\/p>\n<p>Ce sus\u021bine investiga\u021bia Recorder<\/p>\n<p>Ancheta Recorder sus\u021bine, pe baza unor documente \u0219i m\u0103rturii, c\u0103 Lucian Pahon\u021bu s-a aflat \u00een dispozitivul trimis la baricada de la Intercontinental \u00een 21 decembrie 1989.<\/p>\n<p>\u00a0<\/p>\n<p>Publica\u021bia sus\u021bine \u0219i c\u0103 actualul \u0219ef al SPP ar fi participat la opera\u021biunea de evacuare a Pie\u021bei Universit\u0103\u021bii din 13 iunie 1990, \u00eenaintea venirii minerilor \u00een Bucure\u0219ti.<\/p>\n<p>\u00a0<\/p>\n<p>Lucian Pahon\u021bu a r\u0103spuns doar c\u0103 \u00eentreaga sa activitate profesional\u0103 s-a desf\u0103\u0219urat cu respectarea legii.<\/p>\n<p>\u00a0<\/p>\n<p>\u0218TIRIPESURSE.RO a prezentat \u0219i declara\u021biile fostului \u0219ef al Parchetelor Militare, generalul Ioan Dan. Acesta a spus c\u0103 numele lui Pahon\u021bu nu \u00eei este cunoscut din anchetele privind Revolu\u021bia \u0219i a f\u0103cut distinc\u021bia dintre Trupele de Securitate \u0219i structurile fostei Securit\u0103\u021bi care desf\u0103\u0219urau activit\u0103\u021bi de poli\u021bie politic\u0103.<\/p>\n<p>\u00a0<\/p>\n<p>Mult zgomot public, aproape nimic \u00een politica mare<\/p>\n<p>Societatea civil\u0103 a cerut demiterea \u0219efului SPP, CNSAS a reluat verific\u0103rile, iar la Palatul Cotroceni a avut loc un protest. \u00cen interiorul partidelor, cazul pare \u00eens\u0103 tratat ca un subiect care trebuie traversat cu c\u00e2t mai pu\u021bine pozi\u021bion\u0103ri ferme.<\/p>\n<p>\u00a0<\/p>\n<p>Nicu\u0219or Dan \u00eel ap\u0103r\u0103 pe general. PSD tace. PNL vorbe\u0219te despre viitoare reguli generale. USR \u0219i AUR lanseaz\u0103 acuza\u021bii, dar f\u0103r\u0103 consecin\u021be institu\u021bionale imediate.<\/p>\n<p>\u00a0<\/p>\n<p>Lucian Pahon\u021bu r\u0103m\u00e2ne la conducerea SPP, iar \u0219edin\u021ba CSAT programat\u0103 pentru 7 septembrie nu ar avea, potrivit pre\u0219edintelui, leg\u0103tur\u0103 cu acest caz. Generalul poate fi eliberat din func\u021bie de pre\u0219edintele Rom\u00e2niei, la propunerea CSAT.<\/p>\n<p>Surs\u0103: <a href=\"https:\/\/www.stiripesurse.ro\/reactii-politice-firave-dezvaluiri-recorder-lucian-pahontu-spp_3915904\">stiripesurse.ro<\/a><\/p>\n<\/div>\n<\/div>\n<div class=\"td_block_wrap tdb_single_content tdi_120 td-pb-border-top td_block_template_1 td-post-content tagdiv-type\" data-td-block-uid=\"tdi_120\">\n<div class=\"tdb-block-inner td-fix-index\">\n<p>Dezv\u0103luirile Recorder despre trecutul lui Lucian Pahon\u021bu au provocat numeroase \u00eentreb\u0103ri \u00een spa\u021biul public, dar reac\u021bia clasei politice a fost firav\u0103. Nicu\u0219or Dan i-a luat ap\u0103rarea generalului, conducerea PSD nu a transmis nimic, Ilie Bolojan a evitat s\u0103 intre \u00een fondul cazului, iar liderii USR \u0219i AUR s-au limitat la declara\u021bii. La c\u00e2teva zile de la publicarea investiga\u021biei, nu exist\u0103 o mi\u0219care politic\u0103 major\u0103 privind omul care conduce SPP de 21 de ani.<\/p>\n<p>O anchet\u0103 despre Revolu\u021bia din 1989, Mineriada din 1990 \u0219i unul dintre cei mai longevivi \u0219efi ai unei institu\u021bii de for\u021b\u0103 din Rom\u00e2nia a primit un r\u0103spuns politic surprinz\u0103tor de slab.<\/p>\n<p>\u00a0<\/p>\n<p>O sintez\u0103 realizat\u0103 de TVR Info arat\u0103 c\u0103 principalele partide au ales fie t\u0103cerea, fie declara\u021biile prudente, fie mutarea discu\u021biei spre alte teme. Niciuna dintre tabere nu a transformat cazul \u00eentr-o miz\u0103 politic\u0103 major\u0103 \u0219i nu a anun\u021bat, p\u00e2n\u0103 acum, un demers cu efect direct asupra conducerii SPP.<\/p>\n<p>Nicu\u0219or Dan \u00eel scoate pe Pahon\u021bu din categoria celor implica\u021bi \u00een represiune<\/p>\n<p>Cea mai clar\u0103 pozi\u021bie a venit de la pre\u0219edintele Nicu\u0219or Dan, dar nu \u00eempotriva generalului, ci \u00een ap\u0103rarea acestuia.<\/p>\n<p>\u00a0<\/p>\n<p>\u0218eful statului a afirmat c\u0103 orice persoan\u0103 care a participat la reprimarea manifesta\u021biilor din decembrie 1989 sau din timpul Mineriadei nu are, din punct de vedere moral, ce s\u0103 caute \u00eentr-o func\u021bie \u00eenalt\u0103. Imediat dup\u0103 aceast\u0103 afirma\u021bie, pre\u0219edintele a stabilit \u00eens\u0103 c\u0103 Pahon\u021bu \u201enu e \u00een aceast\u0103 situa\u021bie\u201d.<\/p>\n<p>Nicu\u0219or Dan a invocat verific\u0103rile care ar fi fost f\u0103cute la numirea generalului \u00een fruntea SPP, inclusiv \u00een rela\u021bie cu CNSAS. El a minimalizat \u0219i amploarea controversei, declar\u00e2nd: \u201eNu \u0219tiu care e scandalul\u201d.<\/p>\n<p>\u00a0<\/p>\n<p>\u0218TIRIPESURSE.RO a relatat declara\u021bia integral\u0103 a pre\u0219edintelui. Nicu\u0219or Dan a recunoscut c\u0103 nu a f\u0103cut o evaluare personal\u0103 a lui Lucian Pahon\u021bu, dar a apreciat c\u0103 SPP func\u021bioneaz\u0103 profesionist.<\/p>\n<p>Afirma\u021bia despre CNSAS, contestat\u0103 dur<\/p>\n<p>Explica\u021biile pre\u0219edintelui au fost criticate de Sorin Ioni\u021b\u0103, analist Expert Forum. Acesta a catalogat drept \u201eun neadev\u0103r\u201d afirma\u021bia potrivit c\u0103reia Pahon\u021bu ar fi fost verificat de CNSAS.<\/p>\n<p>\u00a0<\/p>\n<p>\u00cen informa\u021biile ap\u0103rute dup\u0103 investiga\u021biile Recorder \u0219i Snoop se arat\u0103 c\u0103 Lucian Pahon\u021bu nu a depus declara\u021bia pe propria r\u0103spundere referitoare la eventuala colaborare cu Securitatea \u0219i c\u0103 institu\u021bia nu a emis o decizie privind calitatea sa de lucr\u0103tor sau colaborator.<\/p>\n<p>CNSAS a reluat \u00eentre timp verific\u0103rile, dup\u0103 ce au ap\u0103rut documente noi. Demersul institu\u021biei contrasteaz\u0103 cu verdictul deja exprimat public de pre\u0219edinte, potrivit c\u0103ruia generalul nu ar fi participat la ac\u021biunile de represiune.<\/p>\n<p>\u00a0<\/p>\n<p>PSD, t\u0103cere de la v\u00e2rful partidului<\/p>\n<p>Conducerea PSD nu a transmis nicio pozi\u021bie public\u0103 asupra dezv\u0103luirilor, potrivit centraliz\u0103rii realizate de TVR.<\/p>\n<p>Partidul nu a cerut explica\u021bii, verific\u0103ri suplimentare sau discutarea situa\u021biei \u00een CSAT. Nu a fost formulat\u0103 nici o pozi\u021bie de sus\u021binere a generalului. PSD a ales, practic, s\u0103 nu intre \u00een subiect.<\/p>\n<p>\u00a0<\/p>\n<p>T\u0103cerea este cu at\u00e2t mai vizibil\u0103 cu c\u00e2t Lucian Pahon\u021bu a condus SPP \u00een mandatele mai multor pre\u0219edin\u021bi \u0219i pe durata unor guvern\u0103ri formate de toate marile partide.<\/p>\n<p>Bolojan vorbe\u0219te despre mandate, dar evit\u0103 cazul concret<\/p>\n<p>Ilie Bolojan nu s-a pronun\u021bat direct asupra documentelor \u0219i acuza\u021biilor prezentate de Recorder. Liderul PNL a mutat discu\u021bia asupra unei probleme generale: durata mandatelor persoanelor aflate la conducerea institu\u021biilor puternice.<\/p>\n<p>\u00a0<\/p>\n<p>Bolojan a avertizat c\u0103 anumite func\u021bii pot acumula o putere care, la un moment dat, \u201epoate fi folosit\u0103 altfel\u201d. El a sus\u021binut limitarea mandatelor \u00een pozi\u021biile vulnerabile, f\u0103r\u0103 s\u0103 spun\u0103 dac\u0103 aceast\u0103 regul\u0103 ar trebui aplicat\u0103 imediat \u00een cazul actualului \u0219ef al SPP.<\/p>\n<p>\u0218TIRIPESURSE.RO a prezentat pozi\u021bia lui Ilie Bolojan, \u00eens\u0103 declara\u021bia nu schimb\u0103 situa\u021bia concret\u0103 a generalului.<\/p>\n<p>\u00a0<\/p>\n<p>USR \u0219i AUR, declara\u021bii f\u0103r\u0103 efect institu\u021bional<\/p>\n<p>Dominic Fritz a vorbit despre un \u201ecartel al t\u0103cerii\u201d \u0219i a afirmat c\u0103 Pahon\u021bu trebuie s\u0103 explice ce rol a avut \u00een evenimentele din 1989. Reac\u021bia liderului USR a r\u0103mas \u00eens\u0103 la nivel declarativ, f\u0103r\u0103 s\u0103 produc\u0103 p\u00e2n\u0103 acum o ac\u021biune institu\u021bional\u0103 major\u0103.<\/p>\n<p>George Simion a acuzat o manipulare \u0219i a mutat discu\u021bia spre anularea alegerilor \u0219i presupusa influen\u021b\u0103 exercitat\u0103 de structurile de putere asupra rezultatului electoral.<\/p>\n<p>\u00a0<\/p>\n<p>Liderul AUR nu s-a concentrat asupra documentelor prezentate de Recorder \u0219i nici nu a anun\u021bat un demers concret referitor la conducerea SPP.<\/p>\n<p>Astfel, din toate direc\u021biile politice au venit fie t\u0103ceri, fie generalit\u0103\u021bi, fie declara\u021bii care au mutat centrul dezbaterii. Nu s-a format o presiune politic\u0103 real\u0103 pentru clarificarea rapid\u0103 a cazului.<\/p>\n<p>\u00a0<\/p>\n<p>Ce sus\u021bine investiga\u021bia Recorder<\/p>\n<p>Ancheta Recorder sus\u021bine, pe baza unor documente \u0219i m\u0103rturii, c\u0103 Lucian Pahon\u021bu s-a aflat \u00een dispozitivul trimis la baricada de la Intercontinental \u00een 21 decembrie 1989.<\/p>\n<p>\u00a0<\/p>\n<p>Publica\u021bia sus\u021bine \u0219i c\u0103 actualul \u0219ef al SPP ar fi participat la opera\u021biunea de evacuare a Pie\u021bei Universit\u0103\u021bii din 13 iunie 1990, \u00eenaintea venirii minerilor \u00een Bucure\u0219ti.<\/p>\n<p>\u00a0<\/p>\n<p>Lucian Pahon\u021bu a r\u0103spuns doar c\u0103 \u00eentreaga sa activitate profesional\u0103 s-a desf\u0103\u0219urat cu respectarea legii.<\/p>\n<p>\u00a0<\/p>\n<p>\u0218TIRIPESURSE.RO a prezentat \u0219i declara\u021biile fostului \u0219ef al Parchetelor Militare, generalul Ioan Dan. Acesta a spus c\u0103 numele lui Pahon\u021bu nu \u00eei este cunoscut din anchetele privind Revolu\u021bia \u0219i a f\u0103cut distinc\u021bia dintre Trupele de Securitate \u0219i structurile fostei Securit\u0103\u021bi care desf\u0103\u0219urau activit\u0103\u021bi de poli\u021bie politic\u0103.<\/p>\n<p>\u00a0<\/p>\n<p>Mult zgomot public, aproape nimic \u00een politica mare<\/p>\n<p>Societatea civil\u0103 a cerut demiterea \u0219efului SPP, CNSAS a reluat verific\u0103rile, iar la Palatul Cotroceni a avut loc un protest. \u00cen interiorul partidelor, cazul pare \u00eens\u0103 tratat ca un subiect care trebuie traversat cu c\u00e2t mai pu\u021bine pozi\u021bion\u0103ri ferme.<\/p>\n<p>\u00a0<\/p>\n<p>Nicu\u0219or Dan \u00eel ap\u0103r\u0103 pe general. PSD tace. PNL vorbe\u0219te despre viitoare reguli generale. USR \u0219i AUR lanseaz\u0103 acuza\u021bii, dar f\u0103r\u0103 consecin\u021be institu\u021bionale imediate.<\/p>\n<p>\u00a0<\/p>\n<p>Lucian Pahon\u021bu r\u0103m\u00e2ne la conducerea SPP, iar \u0219edin\u021ba CSAT programat\u0103 pentru 7 septembrie nu ar avea, potrivit pre\u0219edintelui, leg\u0103tur\u0103 cu acest caz. Generalul poate fi eliberat din func\u021bie de pre\u0219edintele Rom\u00e2niei, la propunerea CSAT.<\/p>\n<p>Surs\u0103: <a href=\"https:\/\/www.stiripesurse.ro\/reactii-politice-firave-dezvaluiri-recorder-lucian-pahontu-spp_3915904\">stiripesurse.ro<\/a><\/p>\n<\/div>\n<\/div>\n<p>[analyse_source url=&#8221;https:\/\/solidnews.ro\/infrangere-a-rezistilor-in-razboiul-mediatic-cu-pahontu-partidele-politice-nu-s-au-mobilizat-contra-sefului-spp\/&#8221;]<\/p>\n","protected":false},"excerpt":{"rendered":"<p>[analyse_image type=&#8221;featured&#8221; src=&#8221;https:\/\/solidnews.ro\/wp-content\/uploads\/2026\/08\/media-175169181633262500.webp&#8221;] Dezv\u0103luirile Recorder despre trecutul lui Lucian Pahon\u021bu au provocat numeroase \u00eentreb\u0103ri \u00een spa\u021biul public, dar reac\u021bia clasei politice a fost firav\u0103. Nicu\u0219or Dan i-a luat ap\u0103rarea generalului, conducerea PSD nu a transmis nimic, Ilie Bolojan a evitat s\u0103 intre \u00een fondul cazului, iar liderii USR \u0219i AUR s-au limitat la declara\u021bii. La [&hellip;]<\/p>\n","protected":false},"author":1,"featured_media":0,"comment_status":"open","ping_status":"","sticky":false,"template":"","format":"standard","meta":{"footnotes":""},"categories":[89],"tags":[226,97],"class_list":["post-2119368","post","type-post","status-publish","format-standard","hentry","category-romania","tag-crawlmanager","tag-solidnews-ro"],"_links":{"self":[{"href":"https:\/\/analyse.optim.biz\/index.php?rest_route=\/wp\/v2\/posts\/2119368","targetHints":{"allow":["GET"]}}],"collection":[{"href":"https:\/\/analyse.optim.biz\/index.php?rest_route=\/wp\/v2\/posts"}],"about":[{"href":"https:\/\/analyse.optim.biz\/index.php?rest_route=\/wp\/v2\/types\/post"}],"author":[{"embeddable":true,"href":"https:\/\/analyse.optim.biz\/index.php?rest_route=\/wp\/v2\/users\/1"}],"replies":[{"embeddable":true,"href":"https:\/\/analyse.optim.biz\/index.php?rest_route=%2Fwp%2Fv2%2Fcomments&post=2119368"}],"version-history":[{"count":0,"href":"https:\/\/analyse.optim.biz\/index.php?rest_route=\/wp\/v2\/posts\/2119368\/revisions"}],"wp:attachment":[{"href":"https:\/\/analyse.optim.biz\/index.php?rest_route=%2Fwp%2Fv2%2Fmedia&parent=2119368"}],"wp:term":[{"taxonomy":"category","embeddable":true,"href":"https:\/\/analyse.optim.biz\/index.php?rest_route=%2Fwp%2Fv2%2Fcategories&post=2119368"},{"taxonomy":"post_tag","embeddable":true,"href":"https:\/\/analyse.optim.biz\/index.php?rest_route=%2Fwp%2Fv2%2Ftags&post=2119368"}],"curies":[{"name":"wp","href":"https:\/\/api.w.org\/{rel}","templated":true}]}}