{"id":2119350,"date":"2026-08-28T16:45:00","date_gmt":"2026-08-28T13:45:00","guid":{"rendered":"https:\/\/analyse.optim.biz\/?p=2119350"},"modified":"2026-08-28T16:45:00","modified_gmt":"2026-08-28T13:45:00","slug":"un-nou-cetatean-de-onoare-al-buzaului-elevul-matei-ursachescu-recompensat-pentru-performantele-internationale","status":"publish","type":"post","link":"https:\/\/analyse.optim.biz\/?p=2119350","title":{"rendered":"Un nou \u201eCet\u0103\u021bean de onoare al Buz\u0103ului\u201d. Elevul Matei Urs\u0103chescu, recompensat pentru performan\u021bele interna\u021bionale"},"content":{"rendered":"<p>[analyse_image type=&#8221;featured&#8221; src=&#8221;https:\/\/www.campusbuzau.ro\/wp-content\/uploads\/2026\/08\/matei-ursachescu-site-.jpghttps:\/\/www.campusbuzau.ro\/wp-content\/uploads\/2026\/08\/matei-ursachescu-site-.jpg&#8221;]<\/p>\n<div class=\"entry-content\">\n<p><strong><em><mark class=\"has-inline-color has-maincolor-color\">Olimpicul de excep\u021bie Matei Urs\u0103chescu, elev la Colegiul Na\u021bional \u201eB.P. Hasdeu\u201d, va primi \u00een acest an titlul de \u201eCet\u0103\u021bean de Onoare al municipiului Buz\u0103u\u201d.<\/mark><\/em><\/strong><\/p>\n<p>Anun\u021bul a fost f\u0103cut de primarul Constantin Toma, la finalul \u0219edin\u021bei de ieri a Consiliului Local Municipal.<\/p>\n<p>La doar 18 ani, Matei Urs\u0103chescu de\u021bine un palmares impresionant. Dup\u0103 ce a ob\u021binut medalia de bronz \u00een Arabia Saudit\u0103, \u00een 2024, \u0219i medalia de aur \u00een Dubai, \u00een 2025, t\u00e2n\u0103rul a continuat seria victoriilor \u0219i \u00een 2026, urc\u00e2nd pe podiumul interna\u021bional din Uzbekistan. <\/p>\n<p>Matei este fiul medicilor buzoieni Andreea \u0219i Cosmin Urs\u0103chescu. <\/p>\n<figure class=\"wp-block-image size-full is-resized\"><img loading=\"lazy\" decoding=\"async\" width=\"862\" height=\"509\" src=\"https:\/\/www.campusbuzau.ro\/wp-content\/uploads\/2026\/08\/matei-ursachescu.jpg\" alt class=\"wp-image-156818\"><figcaption class=\"wp-element-caption\">Matei Urs\u0103chescu<\/figcaption><\/figure>\n<p>T\u00e2n\u0103rul va fi al doilea elev buzoian c\u0103ruia Consiliul Local \u00eei va acorda titlul de \u201eCet\u0103\u021bean de Onoare\u201d, dup\u0103 David Andrei Vlad, fost elev al Colegiului Na\u021bional \u201eB.P. Hasdeu\u201d, dublu medaliat cu aur la Olimpiada Interna\u021bional\u0103 \u201e\u0218tiin\u021bele P\u0103m\u00e2ntului\u201d.<\/p>\n<figure class=\"wp-block-image size-full is-resized\"><img loading=\"lazy\" decoding=\"async\" width=\"860\" height=\"559\" src=\"https:\/\/www.campusbuzau.ro\/wp-content\/uploads\/2026\/08\/DAVID-ANDREI-VLAD.jpg\" alt class=\"wp-image-156798\"><figcaption class=\"wp-element-caption\">David Andrei Vlad<\/figcaption><\/figure>\n<p>\u00cen cazul lui Matei Urs\u0103chescu, n\u0103scut la mul\u021bi ani dup\u0103 c\u0103derea regimului comunist, nu este necesar\u0103 o adeverin\u021b\u0103 de la C.N.S.A.S. care s\u0103 ateste c\u0103 nu a fost lucr\u0103tor sau colaborator al Securit\u0103\u021bii.<\/p>\n<figure class=\"wp-block-embed is-type-video is-provider-youtube wp-block-embed-youtube wp-embed-aspect-16-9 wp-has-aspect-ratio\">\n<div class=\"wp-block-embed__wrapper\">\n<iframe loading=\"lazy\" title=\"ELEVUL OLIMPIC LA CHIMIE MATEI URS\u0102CHESCU VA FI NOUL CET\u0102\u0162EAN DE ONOARE\" width=\"500\" height=\"281\" src=\"https:\/\/www.youtube.com\/embed\/ktZMKce6sug?feature=oembed\" frameborder allow=\"accelerometer; autoplay; clipboard-write; encrypted-media; gyroscope; picture-in-picture; web-share\" referrerpolicy=\"strict-origin-when-cross-origin\" allowfullscreen><\/iframe>\n<\/div>\n<\/figure>\n<\/div>\n<p>[analyse_source url=&#8221;https:\/\/www.campusbuzau.ro\/un-nou-cetatean-de-onoare-al-buzaului-elevul-matei-ursachescu-recompensat-pentru-performantele-internationale\/&#8221;]<\/p>\n","protected":false},"excerpt":{"rendered":"<p>[analyse_image type=&#8221;featured&#8221; src=&#8221;https:\/\/www.campusbuzau.ro\/wp-content\/uploads\/2026\/08\/matei-ursachescu-site-.jpghttps:\/\/www.campusbuzau.ro\/wp-content\/uploads\/2026\/08\/matei-ursachescu-site-.jpg&#8221;] Olimpicul de excep\u021bie Matei Urs\u0103chescu, elev la Colegiul Na\u021bional \u201eB.P. Hasdeu\u201d, va primi \u00een acest an titlul de \u201eCet\u0103\u021bean de Onoare al municipiului Buz\u0103u\u201d. Anun\u021bul a fost f\u0103cut de primarul Constantin Toma, la finalul \u0219edin\u021bei de ieri a Consiliului Local Municipal. La doar 18 ani, Matei Urs\u0103chescu de\u021bine un palmares impresionant. Dup\u0103 [&hellip;]<\/p>\n","protected":false},"author":1,"featured_media":0,"comment_status":"open","ping_status":"","sticky":false,"template":"","format":"standard","meta":{"footnotes":""},"categories":[2],"tags":[118,226],"class_list":["post-2119350","post","type-post","status-publish","format-standard","hentry","category-politics","tag-campusbuzau-ro","tag-crawlmanager"],"_links":{"self":[{"href":"https:\/\/analyse.optim.biz\/index.php?rest_route=\/wp\/v2\/posts\/2119350","targetHints":{"allow":["GET"]}}],"collection":[{"href":"https:\/\/analyse.optim.biz\/index.php?rest_route=\/wp\/v2\/posts"}],"about":[{"href":"https:\/\/analyse.optim.biz\/index.php?rest_route=\/wp\/v2\/types\/post"}],"author":[{"embeddable":true,"href":"https:\/\/analyse.optim.biz\/index.php?rest_route=\/wp\/v2\/users\/1"}],"replies":[{"embeddable":true,"href":"https:\/\/analyse.optim.biz\/index.php?rest_route=%2Fwp%2Fv2%2Fcomments&post=2119350"}],"version-history":[{"count":0,"href":"https:\/\/analyse.optim.biz\/index.php?rest_route=\/wp\/v2\/posts\/2119350\/revisions"}],"wp:attachment":[{"href":"https:\/\/analyse.optim.biz\/index.php?rest_route=%2Fwp%2Fv2%2Fmedia&parent=2119350"}],"wp:term":[{"taxonomy":"category","embeddable":true,"href":"https:\/\/analyse.optim.biz\/index.php?rest_route=%2Fwp%2Fv2%2Fcategories&post=2119350"},{"taxonomy":"post_tag","embeddable":true,"href":"https:\/\/analyse.optim.biz\/index.php?rest_route=%2Fwp%2Fv2%2Ftags&post=2119350"}],"curies":[{"name":"wp","href":"https:\/\/api.w.org\/{rel}","templated":true}]}}