{"id":2119331,"date":"2026-08-30T13:52:07","date_gmt":"2026-08-30T10:52:07","guid":{"rendered":"https:\/\/analyse.optim.biz\/?p=2119331"},"modified":"2026-08-30T13:52:07","modified_gmt":"2026-08-30T10:52:07","slug":"psd-decide-luni-cu-ce-mandat-merge-la-negocierile-pentru-noul-guvern-social-democratii-se-reunesc-la","status":"publish","type":"post","link":"https:\/\/analyse.optim.biz\/?p=2119331","title":{"rendered":"PSD decide luni cu ce mandat merge la negocierile pentru noul Guvern. Social-democra\u021bii se reunesc la&#8230;"},"content":{"rendered":"<p>[analyse_image type=&#8221;featured&#8221; src=&#8221;https:\/\/s.iw.ro\/gateway\/g\/ZmlsZVNvdXJjZT1odHRwJTNBJTJGJTJG\/c3RvcmFnZTA4dHJhbnNjb2Rlci5yY3Mt\/cmRzLnJvJTJGc3RvcmFnZSUyRjIwMjYl\/MkYwNiUyRjExJTJGMjc4MTMwM18yNzgx\/MzAzX3BzZC5qcGcmdz0xMjAwJmg9NjMw\/JnpjPTEmaGFzaD0wYTE1MWUwZjdkOTEzNDg2NDRhNzZkZWFlOGMxZWNjMQ==.thumb.jpg&#8221;]<\/p>\n<div class=\"entry data-app-meta data-app-meta-article\" data-embed-base-url-canonical=\"https:\/\/www.digi24.ro\/embed\/stiri\/actualitate\/politica\/psd-decide-luni-mandatul-pentru-formarea-noului-guvern-social-democratii-se-reunesc-la-sinaia-3927463\">\n<p data-index=\"1\"><strong>PSD se reune\u0219te luni, la Sinaia, pentru a stabili mandatul cu care va merge la consult\u0103rile de la Palatul Cotroceni pentru formarea noului Guvern. \u00cen aceea\u0219i zi, grupurile parlamentare ale partidului vor discuta priorit\u0103\u021bile legislative pentru sesiunea care \u00eencepe la 1 septembrie.<\/strong><\/p>\n<p data-index=\"2\">Consiliul Politic Na\u021bional al PSD \u0219i grupurile parlamentare ale partidului se reunesc, luni, 31 august, la Sinaia. \u00cencep\u00e2nd cu ora 11:00 este programat\u0103 \u0219edin\u021ba CPN, iar de la ora 15:00 va avea loc reuniunea grupurilor parlamentare ale PSD.<\/p>\n<p data-index=\"3\">Social democra\u021bii vor stabili mandatul cu care conducerea partidului va merge la negocierile pentru formarea unui viitor Guvern, dar \u0219i priorit\u0103\u021bile legislative din sesiunea ordinar\u0103 care va \u00eencepe pe 1 septembrie.<\/p>\n<p data-index=\"4\">De asemenea, pe ordinea de zi se mai afl\u0103 proiecte care nu au putut fi finalizate \u00een sesiunile extraordinare ale Parlamentului din aceast\u0103 var\u0103, cel mai important fiind legea salariz\u0103rii bugetarilor.<\/p>\n<p data-index=\"5\">Pre\u0219edintele Nicu\u0219or Dan a anun\u021bat c\u0103 va organiza o noua rund\u0103 de consult\u0103ri cu partidele parlamentare pentru a forma un nou Executiv. \u015eeful statului a explicat c\u0103 o eventual\u0103 nominalizare urmat\u0103 de un nou e\u015fec \u00een Parlament ar fi transmis un semnal negativ inclusiv agen\u0163iilor de rating, \u00een contextul agen\u021bia S&amp;P urmeaz\u0103 s\u0103 revizuiasc\u0103 ratingul de \u021bar\u0103.<\/p>\n<p data-index=\"6\"><a href=\"https:\/\/www.digi24.ro\/stiri\/actualitate\/politica\/nicusor-dan-ar-urma-sa-desemneze-un-premier-saptamana-viitoare-varianta-guvern-psd-condus-de-un-independent-surse-3925195\" target=\"_blank\" rel=\"noopener\" data-skip-linkfix=\"1\">Potrivit informa\u021biilor Digi24<\/a>, pre\u0219edintele ar urma s\u0103 anun\u021be noul premier \u00een prima s\u0103pt\u0103m\u00e2na din luna septembrie. Viitorul Executiv ar urma s\u0103 fie format din mini\u0219tri politici, dar cu un premier independent.<\/p>\n<p data-index=\"7\">Scenariul care se contureaz\u0103 \u00een acest moment, potrivit informa\u021biilor Digi24, este un Guvern PSD, dar care s\u0103 fie condus de o persoan\u0103 din afara forma\u021biunilor politice, astfel \u00eenc\u00e2t s\u0103 poat\u0103 str\u00e2nge voturi de la mai multe forma\u021biuni politice. Acelea\u0219i surse sus\u021bin c\u0103 o astfel de variant\u0103 ar putea fi sus\u021binut\u0103 \u0219i de UDMR, astfel c\u0103 social-democra\u021bii ar aduna mai u\u0219or voturile necesare.<\/p>\n<p data-index=\"8\">\u00a0<\/p>\n<p> Editor : <a href=\"https:\/\/www.digi24.ro\/autor\/andreea-rubica\"> Andreea Rubica <\/a><\/p>\n<\/div>\n<p>[analyse_source url=&#8221;https:\/\/www.digi24.ro\/stiri\/actualitate\/politica\/psd-decide-luni-mandatul-pentru-formarea-noului-guvern-social-democratii-se-reunesc-la-sinaia-3927463&#8243;]<\/p>\n","protected":false},"excerpt":{"rendered":"<p>[analyse_image type=&#8221;featured&#8221; src=&#8221;https:\/\/s.iw.ro\/gateway\/g\/ZmlsZVNvdXJjZT1odHRwJTNBJTJGJTJG\/c3RvcmFnZTA4dHJhbnNjb2Rlci5yY3Mt\/cmRzLnJvJTJGc3RvcmFnZSUyRjIwMjYl\/MkYwNiUyRjExJTJGMjc4MTMwM18yNzgx\/MzAzX3BzZC5qcGcmdz0xMjAwJmg9NjMw\/JnpjPTEmaGFzaD0wYTE1MWUwZjdkOTEzNDg2NDRhNzZkZWFlOGMxZWNjMQ==.thumb.jpg&#8221;] PSD se reune\u0219te luni, la Sinaia, pentru a stabili mandatul cu care va merge la consult\u0103rile de la Palatul Cotroceni pentru formarea noului Guvern. \u00cen aceea\u0219i zi, grupurile parlamentare ale partidului vor discuta priorit\u0103\u021bile legislative pentru sesiunea care \u00eencepe la 1 septembrie. Consiliul Politic Na\u021bional al PSD \u0219i grupurile parlamentare ale partidului [&hellip;]<\/p>\n","protected":false},"author":1,"featured_media":0,"comment_status":"open","ping_status":"","sticky":false,"template":"","format":"standard","meta":{"footnotes":""},"categories":[89],"tags":[226,11],"class_list":["post-2119331","post","type-post","status-publish","format-standard","hentry","category-romania","tag-crawlmanager","tag-digi24"],"_links":{"self":[{"href":"https:\/\/analyse.optim.biz\/index.php?rest_route=\/wp\/v2\/posts\/2119331","targetHints":{"allow":["GET"]}}],"collection":[{"href":"https:\/\/analyse.optim.biz\/index.php?rest_route=\/wp\/v2\/posts"}],"about":[{"href":"https:\/\/analyse.optim.biz\/index.php?rest_route=\/wp\/v2\/types\/post"}],"author":[{"embeddable":true,"href":"https:\/\/analyse.optim.biz\/index.php?rest_route=\/wp\/v2\/users\/1"}],"replies":[{"embeddable":true,"href":"https:\/\/analyse.optim.biz\/index.php?rest_route=%2Fwp%2Fv2%2Fcomments&post=2119331"}],"version-history":[{"count":0,"href":"https:\/\/analyse.optim.biz\/index.php?rest_route=\/wp\/v2\/posts\/2119331\/revisions"}],"wp:attachment":[{"href":"https:\/\/analyse.optim.biz\/index.php?rest_route=%2Fwp%2Fv2%2Fmedia&parent=2119331"}],"wp:term":[{"taxonomy":"category","embeddable":true,"href":"https:\/\/analyse.optim.biz\/index.php?rest_route=%2Fwp%2Fv2%2Fcategories&post=2119331"},{"taxonomy":"post_tag","embeddable":true,"href":"https:\/\/analyse.optim.biz\/index.php?rest_route=%2Fwp%2Fv2%2Ftags&post=2119331"}],"curies":[{"name":"wp","href":"https:\/\/api.w.org\/{rel}","templated":true}]}}