{"id":211933,"date":"2014-02-19T10:37:23","date_gmt":"2014-02-19T07:37:23","guid":{"rendered":"https:\/\/analyse.optim.biz\/?p=211933"},"modified":"2014-02-19T10:37:23","modified_gmt":"2014-02-19T07:37:23","slug":"usd-da-replica-pnl-nu-s-a-incalcat-protocolul-din-uniunea-social-liberala-alianta-nu-este-in-afara-si-nici-impotriva-usl","status":"publish","type":"post","link":"https:\/\/analyse.optim.biz\/?p=211933","title":{"rendered":"USD d\u0103 replica PNL: Nu s-a \u00eenc\u0103lcat protocolul din Uniunea Social Liberal\u0103. Alian\u0163a nu este \u00een afara \u015fi nici \u00eempotriva USL"},"content":{"rendered":"<div class=\"entry data-app-meta data-app-meta-article\" data-embed-base-url-canonical=\"https:\/\/www.digi24.ro\/embed\/stiri\/actualitate\/politica\/usd-da-replica-pnl-nu-s-a-incalcat-protocolul-din-uniunea-social-liberala-alianta-nu-este-in-afara-si-nici-impotriva-usl-202654\">\n<p data-index=\"1\"><img decoding=\"async\" src=\"https:\/\/analyse.optim.biz\/wp-content\/uploads\/2024\/09\/nmjjothhnjixnwu2owjhntm5mjflyjk0mzq0mmm2yg-thumb_.jpg\" data-skip-htmlfix=\"1\" title=\"nmjjothhnjixnwu2owjhntm5mjflyjk0mzq0mmm2yg-thumb_\"><\/p>\n<p data-index=\"2\">\u201e<span>Prin \u00eenfiin\u0163area USD nu se \u00eencalc\u0103 protocolul Uniunii Social Liberale, dat fiind c\u0103 art. 9, punctul 8 din protocolul USL, invocat de c\u0103tre colegii din PNL, se refer\u0103 strict la participarea separat\u0103 \u00een alte alian\u0163e electorale la alegerile locale, parlamentare \u015fi preziden\u0163iale. <\/span><\/p>\n<p data-index=\"3\">\u00cen protocolul USL nu se precizeaz\u0103 nimic despre participarea la alegerile europene, iar USD este o alian\u0163\u0103 electoral\u0103 format\u0103 \u00een perspectiva particip\u0103rii comune la alegerile pentru Parlamentul European.<\/p>\n<p data-index=\"4\">USD \u015fi-a asumat \u00eenc\u0103 de la formare programul politic \u015fi obiectivele USL. Uniunea Social Democrat\u0103 nu este \u00een afar\u0103 \u015fi nici \u00eempotriva USL\u201d, se arat\u0103 \u00eentr-un comunicat semnat de<strong> Victor Ponta, Gabriel Oprea \u015fi Daniel Constantin.<\/strong><\/p>\n<p data-index=\"5\">\u00cen comunicat se invoc\u0103 o declara\u0163ie f\u0103cut\u0103 de liderul PNL Crin Antonescu \u00een 10 februarie 2014: \u201eC\u0103 vom merge pe liste separate se \u015ftia demult. Uniunea sau alian\u0163a electoral\u0103 pentru alegerile europarlamentare constituit\u0103 ast\u0103zi nu este nicio surpriz\u0103. Din punctul meu de vedere este un lucru normal, un lucru anticipat, este o alian\u0163\u0103 format\u0103 din alia\u0163i ai no\u015ftri \u015fi urez succes la europarlamentare. (&#8230;) Noi vom candida la alegerile europarlamentare sub sigla PNL. Nu e niciun fel de confuzie \u00een aceast\u0103 privin\u0163\u0103 \u015fi asta ne intereseaz\u0103 pe noi\u201d.<\/p>\n<p data-index=\"6\"><strong><a href=\"https:\/\/www.digi24.ro\/Stiri\/Digi24\/Actualitate\/Politica\/Victor+Ponta+ii+raspunde+lui+Crin+Antonescu+Infiintarea+USD+nu+i\" target=\"_blank\" data-skip-linkfix=\"1\" rel=\"noopener\">Pre\u0219edintele PNL a ar\u0103tat<\/a><\/strong>, mar\u021bi seara, c\u0103 documentele semnate de USD \u00eencalc\u0103 articolul 9, punctul 8 din protocolul USL. Referindu-se la aceast\u0103 alian\u021b\u0103 electoral\u0103 social-democrat\u0103, Crin Antonescu a vorbit despre o \u201epoten\u021bial\u0103 \u00een\u0219elare a electoratului\u201d \u0219i \u201e\u00eencercarea de a substitui o titulatur\u0103\u201d.<\/p>\n<p data-index=\"7\">Liderul PSD, premierul Victor Ponta, a declarat mar\u021bi seara pentru Digi24 c\u0103 protocolul alian\u021bei electorale USD nu \u00eencalc\u0103 protocolul USL.<\/p>\n<p data-index=\"8\">\u015etire \u00een curs de actualizare &#8211;\u00a0<\/p>\n<\/div>\n<p> Source URL: https:\/\/www.digi24.ro\/stiri\/actualitate\/politica\/usd-da-replica-pnl-nu-s-a-incalcat-protocolul-din-uniunea-social-liberala-alianta-nu-este-in-afara-si-nici-impotriva-usl-202654<\/p>\n","protected":false},"excerpt":{"rendered":"<p>\u201ePrin \u00eenfiin\u0163area USD nu se \u00eencalc\u0103 protocolul Uniunii Social Liberale, dat fiind c\u0103 art. 9, punctul 8 din protocolul USL, invocat de c\u0103tre colegii din PNL, se refer\u0103 strict la participarea separat\u0103 \u00een alte alian\u0163e electorale la alegerile locale, parlamentare \u015fi preziden\u0163iale. \u00cen protocolul USL nu se precizeaz\u0103 nimic despre participarea la alegerile europene, iar [&hellip;]<\/p>\n","protected":false},"author":1,"featured_media":211934,"comment_status":"open","ping_status":"","sticky":false,"template":"","format":"standard","meta":{"footnotes":""},"categories":[2],"tags":[11],"class_list":["post-211933","post","type-post","status-publish","format-standard","has-post-thumbnail","hentry","category-politics","tag-digi24"],"_links":{"self":[{"href":"https:\/\/analyse.optim.biz\/index.php?rest_route=\/wp\/v2\/posts\/211933","targetHints":{"allow":["GET"]}}],"collection":[{"href":"https:\/\/analyse.optim.biz\/index.php?rest_route=\/wp\/v2\/posts"}],"about":[{"href":"https:\/\/analyse.optim.biz\/index.php?rest_route=\/wp\/v2\/types\/post"}],"author":[{"embeddable":true,"href":"https:\/\/analyse.optim.biz\/index.php?rest_route=\/wp\/v2\/users\/1"}],"replies":[{"embeddable":true,"href":"https:\/\/analyse.optim.biz\/index.php?rest_route=%2Fwp%2Fv2%2Fcomments&post=211933"}],"version-history":[{"count":0,"href":"https:\/\/analyse.optim.biz\/index.php?rest_route=\/wp\/v2\/posts\/211933\/revisions"}],"wp:featuredmedia":[{"embeddable":true,"href":"https:\/\/analyse.optim.biz\/index.php?rest_route=\/wp\/v2\/media\/211934"}],"wp:attachment":[{"href":"https:\/\/analyse.optim.biz\/index.php?rest_route=%2Fwp%2Fv2%2Fmedia&parent=211933"}],"wp:term":[{"taxonomy":"category","embeddable":true,"href":"https:\/\/analyse.optim.biz\/index.php?rest_route=%2Fwp%2Fv2%2Fcategories&post=211933"},{"taxonomy":"post_tag","embeddable":true,"href":"https:\/\/analyse.optim.biz\/index.php?rest_route=%2Fwp%2Fv2%2Ftags&post=211933"}],"curies":[{"name":"wp","href":"https:\/\/api.w.org\/{rel}","templated":true}]}}