{"id":2119329,"date":"2026-08-30T13:40:25","date_gmt":"2026-08-30T10:40:25","guid":{"rendered":"https:\/\/analyse.optim.biz\/?p=2119329"},"modified":"2026-08-30T13:40:25","modified_gmt":"2026-08-30T10:40:25","slug":"cine-era-liliana-predescu-medicul-orl-care-a-murit-in-accidentul-din-targu-jiu-un-om-cu-un-suflet-nobil","status":"publish","type":"post","link":"https:\/\/analyse.optim.biz\/?p=2119329","title":{"rendered":"Cine era Liliana Predescu, medicul ORL care a murit \u00een accidentul din T\u00e2rgu Jiu: \u201eUn om cu un suflet nobil\u201d"},"content":{"rendered":"<p>[analyse_image type=&#8221;featured&#8221; src=&#8221;https:\/\/cdn.adh.reperio.news\/image-3\/36d78750-25b7-40e5-bc3c-08293ef0cd86\/index.png?p=f%3Djpeg%26w%3D1200%26h%3D630%26r%3Dcover&#8221;]<\/p>\n<article class=\"svelte-x63bga\">\n<nav>\n<ul class=\"breadcrump svelte-1pk9a69\">\n<li class=\"svelte-1pk9a69\"><a href=\"https:\/\/adevarul.ro\/\" title=\"Adev\u0103rul\" class=\"svelte-1pk9a69\">Home<\/a><\/li>\n<li class=\"svelte-1pk9a69\"><a href=\"https:\/\/adevarul.ro\/stiri-locale\" class=\"svelte-1pk9a69\">\u0218tiri locale<\/a><\/li>\n<li class=\"svelte-1pk9a69\"><a href=\"https:\/\/adevarul.ro\/stiri-locale\/targu-jiu\" class=\"svelte-1pk9a69\">T\u00e2rgu-Jiu<\/a><\/li>\n<li class=\"svelte-1pk9a69\"><a href=\"https:\/\/adevarul.ro\/stiri-locale\/targu-jiu\/cine-era-liliana-predescu-medicul-orl-care-a-2552995.html\" class=\"svelte-1pk9a69\">Cine era Liliana Predescu, medicul ORL care a murit \u00een accidentul din T\u00e2rgu Jiu: \u201eUn om cu un suflet nobil\u201d<\/a><\/li>\n<\/ul>\n<\/nav>\n<p><main class=\"svelte-x63bga\"><\/p>\n<p>Medicul primar ORL la Spitalul Jude\u021bean de Urgen\u021b\u0103 T\u00e2rgu Jiu, Liliana Predescu, \u0219i-a pierdut via\u021ba \u00een accidentul rutier produs \u00een noaptea de s\u00e2mb\u0103t\u0103 spre duminic\u0103, \u00een localitatea Dr\u0103goieni. Medicul avea 63 de ani \u0219i o experien\u021b\u0103 profesional\u0103 de peste 25 de ani, perioad\u0103 \u00een care \u0219i-a dedicat activitatea pacien\u021bilor \u0219i sistemului medical din Gorj.<\/p>\n<div class=\"container-image  svelte-1xbw4f3\"><source type=\"image\/webp\" srcset=\"https:\/\/cdn.adh.reperio.news\/image-3\/36d78750-25b7-40e5-bc3c-08293ef0cd86\/index.png?p=a%3D1%26co%3D1.05%26w%3D1400%26h%3D742%26r%3Dcontain%26f%3Dwebp 1400w\" media=\"(min-width: 1400px)\" \/><\/p>\n<div class=\"caption svelte-1xbw4f3\"><span class=\"captionText svelte-1xbw4f3\">Medicul ie\u0219ise din curse pentru a-\u0219i c\u0103uta c\u00e2inele, scrie o publica\u021bie local\u0103.  <span class=\"source svelte-1xbw4f3\">Foto: Facebook<\/span><\/span><\/div>\n<\/div>\n<p>Potrivit reprezentan\u021bilor Spitalului Jude\u021bean de Urgen\u021b\u0103 T\u00e2rgu Jiu, doctori\u021ba era apreciat\u0103 nu doar pentru profesionalismul \u0219i competen\u021ba sa, ci \u0219i pentru empatia \u0219i bun\u0103tatea de care d\u0103dea dovad\u0103. <\/p>\n<p><i>\u201eUn medic caracterizat de profesionalism, empatie, d\u0103ruire \u0219i competen\u021b\u0103\u201d, dar \u0219i \u201eun om cu un suflet nobil\u201d, <\/i>a\u0219a este descris\u0103 Liliana Predescu de colegii s\u0103i. <\/p>\n<p>Pacien\u021bii o considerau un specialist atent la nevoile celor afla\u021bi \u00een suferin\u021b\u0103, care nu doar trata, ci \u0219i alina printr-o vorb\u0103 cald\u0103. <\/p>\n<p>Medicul era cunoscut \u0219i pentru implicarea \u00een ac\u021biuni caritabile \u0219i pentru dragostea sa fa\u021b\u0103 de animale.<\/p>\n<p>Publica\u021bia local\u0103\u00a0<a href=\"https:\/\/igj.ro\/eveniment\/victima-accidentului-din-cartierul-dragoieni-este-medicul-liliana-predescu-femeia-ar-fi-iesit-din-curte-sa-isi-caute-cainele.html?fbclid=IwY2xjawUBDkRwZG9mBWV4dG4DYWVtAjExAHNydGMGYXBwX2lkEDIyMjAzOTE3ODgyMDA4OTIAAR4632qzPIGq8PoEeZ2CDiiKBTyWn4X47fjCw2mNY0h_7KDTbFhcYAME-F0icQ_aem_3EXjljaMWBxRxZOkGbLFhg\" rel=\"nofollow\">igj.ro<\/a>\u00a0noteaz\u0103 c\u0103\u00a0aceasta ar fi ie\u0219it din curtea locuin\u021bei pentru a-\u0219i c\u0103uta c\u00e2inele, moment \u00een care a fost lovit\u0103 de ma\u0219in\u0103.\u00a0<\/p>\n<h2>Cum s-a produs accidentul<\/h2>\n<p>Accidentul s-a produs duminic\u0103, 30 august, \u00een jurul orei 00:23, \u00een localitatea Dr\u0103goieni. Potrivit IPJ Gorj, un b\u0103rbat de 38 de ani, din T\u00e2rgu Jiu, conducea un autoturism din direc\u021bia V\u00e2lcea c\u0103tre T\u00e2rgu Jiu \u0219i\u00a0<a href=\"https:\/\/adevarul.ro\/stiri-locale\/targu-jiu\/o-doctorita-din-targu-jiu-a-murit-dupa-ce-a-fost-2552970.html\">ar fi acro\u0219at-o pe femeia de 63 de ani, care traversa strada \u00een calitate de pieton.<\/a><\/p>\n<p>La fa\u021ba locului a intervenit un echipaj al Serviciului de Ambulan\u021b\u0103 Gorj, care a efectuat manevre de resuscitare. Medicii nu au mai putut s\u0103 \u00eei salveze via\u021ba, fiind declarat decesul. Trupul femeii a fost transportat la Serviciul de Medicin\u0103 Legal\u0103 Gorj pentru efectuarea necropsiei.<\/p>\n<p>\u0218oferul autoturismului a fost testat cu aparatul etilotest, rezultatul fiind negativ. Poli\u021bi\u0219tii au deschis un dosar penal pentru ucidere din culp\u0103 \u0219i continu\u0103 cercet\u0103rile pentru stabilirea cu exactitate a cauzelor \u0219i \u00eemprejur\u0103rilor \u00een care s-a produs tragedia.<\/p>\n<p><\/main><\/p>\n<footer class=\"svelte-x63bga\">\n<div class=\"related-wrap related-footer svelte-78g0vl\"><span class=\"related-label svelte-78g0vl\">Cite\u0219te \u0219i<\/span><a class=\"related svelte-78g0vl\" data-gtrack=\"{&quot;event&quot;:&quot;utm_click&quot;,&quot;data&quot;:{&quot;event_category&quot;:&quot;article_related&quot;}}\" href=\"https:\/\/adevarul.ro\/stiri-locale\/pitesti\/accident-mortal-in-arges-un-barbat-de-58-de-ani-a-2552882.html\" title=\"Alt articol de interes pentru tine\"><img decoding=\"async\" class=\"thumb svelte-78g0vl\" src=\"https:\/\/cdn.adh.reperio.news\/image-e\/e7778c89-5ed6-4637-8a64-18b66a10373e\/index.jpeg?p=f%3Dwebp%26w%3D120%26h%3D80%26r%3Dcover%26a%3D0\" alt loading=\"lazy\" width=\"80\" height=\"54\"><span class=\"title svelte-78g0vl\">Accident mortal \u00een Arge\u0219. Un b\u0103rbat de 58 de ani a murit dup\u0103 ce s-a r\u0103sturnat cu ATV-ul \u00eentr-un p\u00e2r\u00e2u<\/span><\/a><a class=\"related svelte-78g0vl\" data-gtrack=\"{&quot;event&quot;:&quot;utm_click&quot;,&quot;data&quot;:{&quot;event_category&quot;:&quot;article_related&quot;}}\" href=\"https:\/\/adevarul.ro\/stiri-locale\/timisoara\/soferul-care-a-provocat-accidentul-de-la-lugoj-a-2552952.html\" title=\"Alt articol de interes pentru tine\"><img decoding=\"async\" class=\"thumb svelte-78g0vl\" src=\"https:\/\/cdn.adh.reperio.news\/image-f\/ffede9cb-b62f-4934-ad8b-eaf069a054dd\/index.png?p=f%3Dwebp%26w%3D120%26h%3D80%26r%3Dcover%26a%3D0\" alt loading=\"lazy\" width=\"80\" height=\"54\"><span class=\"title svelte-78g0vl\">\u0218oferul care a provocat accidentul de la Lugoj a fost arestat preventiv. B\u0103rbatul b\u0103ut nu avea permis \u0219i era urm\u0103rit de poli\u021bi\u0219ti<\/span><\/a><a class=\"related svelte-78g0vl\" data-gtrack=\"{&quot;event&quot;:&quot;utm_click&quot;,&quot;data&quot;:{&quot;event_category&quot;:&quot;article_related&quot;}}\" href=\"https:\/\/adevarul.ro\/stiri-locale\/bucuresti\/doi-ciclisti-de-la-letape-bucharest-by-tour-de-2552969.html\" title=\"Alt articol de interes pentru tine\"><img decoding=\"async\" class=\"thumb svelte-78g0vl\" src=\"https:\/\/cdn.adh.reperio.news\/image-8\/80e40b51-f518-418e-9a50-dd7ee545f50b\/index.png?p=f%3Dwebp%26w%3D120%26h%3D80%26r%3Dcover%26a%3D0\" alt loading=\"lazy\" width=\"80\" height=\"54\"><span class=\"title svelte-78g0vl\">Doi cicli\u0219ti de la L\u2019\u00c9tape Bucharest by Tour de France, lovi\u021bi de un autoturism. \u0218oferul de 72 de ani ar fi for\u021bat accesul pe traseu<\/span><\/a><\/div>\n<div class=\"meta svelte-x63bga\">\n<div class=\"authors svelte-x63bga\"><span class=\"names svelte-x63bga\"><a href=\"https:\/\/adevarul.ro\/author\/2086\" rel=\"author\" class=\"svelte-x63bga\">Oana Ababei<\/a><\/span><\/p>\n<div class=\"_hydratable\" data-props=\"%7B%22showLive%22%3Atrue%7D\" data-context=\"%7B%22parentBlockColumnCount%22%3A%7B%22value%22%3A0%2C%22type%22%3A%22store%2Freadable%22%7D%2C%22parentBlockBackgroundColor%22%3A%7B%22type%22%3A%22store%2Freadable%22%7D%7D\" data-component=\"ShareButton\">\n<div class=\"shareButtons svelte-itwbrr\">\n<div class=\"liveSessions metaFont svelte-1maxmbf\"><span class=\"value svelte-1maxmbf\">1<\/span> live <\/div>\n<\/div>\n<\/div>\n<\/div>\n<div class=\"tags svelte-1l3vwp1\"><span class=\"tags-label metaFont svelte-1l3vwp1\">Cite\u0219te mai multe despre<\/span><\/p>\n<div class=\"tags-list svelte-1l3vwp1\"><a href=\"https:\/\/adevarul.ro\/tag\/medic\" title=\"Ultimele \u0219tiri despre medic\" class=\"tag-pill svelte-1l3vwp1\">medic<\/a><a href=\"https:\/\/adevarul.ro\/tag\/medicament\" title=\"Ultimele \u0219tiri despre medicament\" class=\"tag-pill svelte-1l3vwp1\">medicament<\/a><a href=\"https:\/\/adevarul.ro\/tag\/spitalul%20jude%C8%9Bean%20de%20urgen%C8%9B%C4%83%20t%C3%A2rgu%20jiu\" title=\"Ultimele \u0219tiri despre spitalul jude\u021bean de urgen\u021b\u0103 t\u00e2rgu jiu\" class=\"tag-pill svelte-1l3vwp1\">spitalul jude\u021bean de urgen\u021b\u0103 t\u00e2rgu jiu<\/a><\/div>\n<\/div>\n<\/div>\n<p><a class=\"moreFromCategory svelte-x63bga\" href=\"https:\/\/adevarul.ro\/stiri-locale\/targu-jiu\" title=\"T\u00e2rgu-Jiu\">Mai multe din <strong class=\"svelte-x63bga\">T\u00e2rgu-Jiu<\/strong> \u203a<\/a><\/footer>\n<\/article>\n<p>[analyse_source url=&#8221;https:\/\/adevarul.ro\/stiri-locale\/targu-jiu\/cine-era-liliana-predescu-medicul-orl-care-a-2552995.html&#8221;]<\/p>\n","protected":false},"excerpt":{"rendered":"<p>[analyse_image type=&#8221;featured&#8221; src=&#8221;https:\/\/cdn.adh.reperio.news\/image-3\/36d78750-25b7-40e5-bc3c-08293ef0cd86\/index.png?p=f%3Djpeg%26w%3D1200%26h%3D630%26r%3Dcover&#8221;] Home \u0218tiri locale T\u00e2rgu-Jiu Cine era Liliana Predescu, medicul ORL care a murit \u00een accidentul din T\u00e2rgu Jiu: \u201eUn om cu un suflet nobil\u201d Medicul primar ORL la Spitalul Jude\u021bean de Urgen\u021b\u0103 T\u00e2rgu Jiu, Liliana Predescu, \u0219i-a pierdut via\u021ba \u00een accidentul rutier produs \u00een noaptea de s\u00e2mb\u0103t\u0103 spre duminic\u0103, \u00een localitatea Dr\u0103goieni. [&hellip;]<\/p>\n","protected":false},"author":1,"featured_media":0,"comment_status":"open","ping_status":"","sticky":false,"template":"","format":"standard","meta":{"footnotes":""},"categories":[89],"tags":[19,226],"class_list":["post-2119329","post","type-post","status-publish","format-standard","hentry","category-romania","tag-adevarul","tag-crawlmanager"],"_links":{"self":[{"href":"https:\/\/analyse.optim.biz\/index.php?rest_route=\/wp\/v2\/posts\/2119329","targetHints":{"allow":["GET"]}}],"collection":[{"href":"https:\/\/analyse.optim.biz\/index.php?rest_route=\/wp\/v2\/posts"}],"about":[{"href":"https:\/\/analyse.optim.biz\/index.php?rest_route=\/wp\/v2\/types\/post"}],"author":[{"embeddable":true,"href":"https:\/\/analyse.optim.biz\/index.php?rest_route=\/wp\/v2\/users\/1"}],"replies":[{"embeddable":true,"href":"https:\/\/analyse.optim.biz\/index.php?rest_route=%2Fwp%2Fv2%2Fcomments&post=2119329"}],"version-history":[{"count":0,"href":"https:\/\/analyse.optim.biz\/index.php?rest_route=\/wp\/v2\/posts\/2119329\/revisions"}],"wp:attachment":[{"href":"https:\/\/analyse.optim.biz\/index.php?rest_route=%2Fwp%2Fv2%2Fmedia&parent=2119329"}],"wp:term":[{"taxonomy":"category","embeddable":true,"href":"https:\/\/analyse.optim.biz\/index.php?rest_route=%2Fwp%2Fv2%2Fcategories&post=2119329"},{"taxonomy":"post_tag","embeddable":true,"href":"https:\/\/analyse.optim.biz\/index.php?rest_route=%2Fwp%2Fv2%2Ftags&post=2119329"}],"curies":[{"name":"wp","href":"https:\/\/api.w.org\/{rel}","templated":true}]}}