{"id":2119303,"date":"2026-08-29T19:39:34","date_gmt":"2026-08-29T16:39:34","guid":{"rendered":"https:\/\/analyse.optim.biz\/?p=2119303"},"modified":"2026-08-29T19:39:34","modified_gmt":"2026-08-29T16:39:34","slug":"explozie-urmata-de-incendiu-intr-un-bloc-de-locuinte-din-galati-trei-persoane-au-fost-ranite-una-dintre","status":"publish","type":"post","link":"https:\/\/analyse.optim.biz\/?p=2119303","title":{"rendered":"Explozie urmat\u0103 de incendiu \u00eentr-un bloc de locuin\u021be din Gala\u021bi: trei persoane au fost r\u0103nite. Una dintre&#8230;"},"content":{"rendered":"<p>[analyse_image type=&#8221;featured&#8221; src=&#8221;https:\/\/cdn.adh.reperio.news\/image-2\/25ac39c1-5595-4df2-9798-70a3874c4040\/index.jpeg?p=f%3Djpeg%26w%3D1200%26h%3D630%26r%3Dcover&#8221;]<\/p>\n<article class=\"svelte-x63bga\">\n<nav>\n<ul class=\"breadcrump svelte-1pk9a69\">\n<li class=\"svelte-1pk9a69\"><a href=\"https:\/\/adevarul.ro\/\" title=\"Adev\u0103rul\" class=\"svelte-1pk9a69\">Home<\/a><\/li>\n<li class=\"svelte-1pk9a69\"><a href=\"https:\/\/adevarul.ro\/stiri-locale\" class=\"svelte-1pk9a69\">\u0218tiri locale<\/a><\/li>\n<li class=\"svelte-1pk9a69\"><a href=\"https:\/\/adevarul.ro\/stiri-locale\/galati\" class=\"svelte-1pk9a69\">Gala\u0163i<\/a><\/li>\n<li class=\"svelte-1pk9a69\"><a href=\"https:\/\/adevarul.ro\/stiri-locale\/galati\/explozie-urmata-de-incendiu-intr-un-bloc-de-2552912.html\" class=\"svelte-1pk9a69\">Explozie urmat\u0103 de incendiu \u00eentr-un bloc de locuin\u021be din Gala\u021bi: trei persoane au fost r\u0103nite. Una dintre victime a fost g\u0103sit\u0103 incon\u0219tient\u0103<\/a><\/li>\n<\/ul>\n<\/nav>\n<p><main class=\"svelte-x63bga\"><\/p>\n<p>O explozie urmat\u0103 de un incendiu s-a produs s\u00e2mb\u0103t\u0103 sear\u0103 \u00eentr-un bloc din municipiul Gala\u021bi. Trei persoane au fost r\u0103nite, una dintre ele fiind g\u0103sit\u0103 incon\u0219tient\u0103 \u0219i transportat\u0103 de urgen\u021b\u0103 la spital dup\u0103 ce a fost intubat\u0103 de echipajul SMURD.<\/p>\n<div class=\"container-image  svelte-1xbw4f3\"><source type=\"image\/webp\" srcset=\"https:\/\/cdn.adh.reperio.news\/image-2\/25ac39c1-5595-4df2-9798-70a3874c4040\/index.jpeg?p=a%3D1%26co%3D1.05%26w%3D1400%26h%3D750%26r%3Dcontain%26f%3Dwebp 1400w\" media=\"(min-width: 1400px)\" \/><\/p>\n<div class=\"caption svelte-1xbw4f3\"><span class=\"captionText svelte-1xbw4f3\">Trei persoane au fost ranite <span class=\"source svelte-1xbw4f3\">Foto: arhiv\u0103 IGSU<\/span><\/span><\/div>\n<\/div>\n<p><i>\u201e\u00cen aceast\u0103 sear\u0103, pompierii militari din cadrul Inspectoratului pentru Situa\u021bii de Urgen\u021b\u0103 General Eremia Grigorescu al jude\u021bului Gala\u021bi au fost solicita\u021bi s\u0103 intervin\u0103 \u00een municipiul Gala\u021bi, pe strada Nicolae Deleanu, \u00een urma producerii unei explozii, urmat\u0103 de un incendiu, \u00eentr-un bloc de locuin\u021be\u201d<\/i>, a transmis ISU Gala\u021bi.<\/p>\n<p>La locul evenimentului au fost mobilizate trei autospeciale de stingere \u0219i un echipaj SMURD, cu medic.<\/p>\n<p>\u00cen urma exploziei, trei persoane au fost r\u0103nite. Una dintre victime a fost g\u0103sit\u0103 incon\u0219tient\u0103, fiind intubat\u0103 de echipajul medical \u0219i transportat\u0103 la spital pentru \u00eengrijiri medicale de specialitate.<\/p>\n<div class=\"raw-block\"><iframe loading=\"lazy\" src=\"https:\/\/www.facebook.com\/plugins\/video.php?height=312&amp;href=https%3A%2F%2Fwww.facebook.com%2Freel%2F1051833424224938%2F&amp;show_text=false&amp;width=390&amp;t=0\" width=\"560\" height=\"312\" frameborder allowfullscreen=\"true\" allow=\"autoplay; clipboard-write; encrypted-media; picture-in-picture; web-share\" class=\"facebook-iframe\"><\/iframe><\/div>\n<h2>Explozia a fost provocat\u0103 de o acumulare de gaze provenite de la o butelie<\/h2>\n<p>Pompierii au ac\u021bionat pentru localizarea \u0219i lichidarea incendiului, precum \u0219i pentru asigurarea m\u0103surilor specifice de protec\u021bie \u0219i prevenire a extinderii acestuia.<\/p>\n<p><i>\u201eDin primele verific\u0103ri, cauza probabil\u0103 a producerii evenimentului este o acumulare de gaze provenite de la o butelie. Un raport al pagubelor va fi comunicat ulterior<\/i>\u201d, a mai precizat ISU Gala\u021bi.<\/p>\n<p>Amintim c\u0103, \u00een iunie,\u00a0o explozie urmat\u0103 de incendiu a avut loc \u00eentr-un apartament situat la parterul unui bloc cu patru etaje din Timi\u0219oara. Trei persoane au fost r\u0103nite.<\/p>\n<p><\/main><\/p>\n<footer class=\"svelte-x63bga\">\n<div class=\"related-wrap related-footer svelte-78g0vl\"><span class=\"related-label svelte-78g0vl\">Cite\u0219te \u0219i<\/span><a class=\"related svelte-78g0vl\" data-gtrack=\"{&quot;event&quot;:&quot;utm_click&quot;,&quot;data&quot;:{&quot;event_category&quot;:&quot;article_related&quot;}}\" href=\"https:\/\/adevarul.ro\/stiri-interne\/evenimente\/incendiu-intr-un-bloc-din-sfantu-gheorghe-40-de-2507404.html\" title=\"Alt articol de interes pentru tine\"><img decoding=\"async\" class=\"thumb svelte-78g0vl\" src=\"https:\/\/cdn.adh.reperio.news\/image-e\/e84b0057-c93a-4448-a461-9aaa915c37f3\/index.jpeg?p=f%3Dwebp%26w%3D120%26h%3D80%26r%3Dcover%26a%3D0\" alt loading=\"lazy\" width=\"80\" height=\"54\"><span class=\"title svelte-78g0vl\">Incendiu \u00eentr-un bloc din Sf\u00e2ntu Gheorghe. 40 de persoane au fost evacuate din imobil<\/span><\/a><a class=\"related svelte-78g0vl\" data-gtrack=\"{&quot;event&quot;:&quot;utm_click&quot;,&quot;data&quot;:{&quot;event_category&quot;:&quot;article_related&quot;}}\" href=\"https:\/\/adevarul.ro\/stiri-locale\/timisoara\/panica-intr-un-bloc-din-timisoara-dupa-o-explozie-2536196.html\" title=\"Alt articol de interes pentru tine\"><img decoding=\"async\" class=\"thumb svelte-78g0vl\" src=\"https:\/\/cdn.adh.reperio.news\/image-6\/65b63209-ba02-4a49-8269-c3780ff55f16\/index.jpeg?p=f%3Dwebp%26w%3D120%26h%3D80%26r%3Dcover%26a%3D0\" alt loading=\"lazy\" width=\"80\" height=\"54\"><span class=\"title svelte-78g0vl\">Panic\u0103 \u00eentr-un bloc din Timi\u0219oara dup\u0103 o explozie puternic\u0103 \u0219i un incendiu. Trei r\u0103ni\u021bi \u0219i zeci de evacua\u021bi<\/span><\/a><a class=\"related svelte-78g0vl\" data-gtrack=\"{&quot;event&quot;:&quot;utm_click&quot;,&quot;data&quot;:{&quot;event_category&quot;:&quot;article_related&quot;}}\" href=\"https:\/\/adevarul.ro\/stiri-locale\/bucuresti\/primele-imagini-din-interiorul-blocului-distrus-de-2545177.html\" title=\"Alt articol de interes pentru tine\"><img decoding=\"async\" class=\"thumb svelte-78g0vl\" src=\"https:\/\/cdn.adh.reperio.news\/image-8\/8c4e1fcd-80e6-4c23-941d-4927c9802b01\/index.png?p=f%3Dwebp%26w%3D120%26h%3D80%26r%3Dcover%26a%3D0\" alt loading=\"lazy\" width=\"80\" height=\"54\"><span class=\"title svelte-78g0vl\">Primele imagini din interiorul blocului distrus de explozia din Rahova au st\u00e2rnit revolta locatarilor: \u201eDac\u0103 era Ceau\u0219escu, v\u0103 at\u00e2rna \u00een cui!\u201d<\/span><\/a><\/div>\n<div class=\"meta svelte-x63bga\">\n<div class=\"authors svelte-x63bga\"><span class=\"names svelte-x63bga\"><a href=\"https:\/\/adevarul.ro\/author\/1228\" rel=\"author\" class=\"svelte-x63bga\">Cristina Stancu<\/a><\/span><\/p>\n<div class=\"_hydratable\" data-props=\"%7B%22showLive%22%3Atrue%7D\" data-context=\"%7B%22parentBlockColumnCount%22%3A%7B%22value%22%3A0%2C%22type%22%3A%22store%2Freadable%22%7D%2C%22parentBlockBackgroundColor%22%3A%7B%22type%22%3A%22store%2Freadable%22%7D%7D\" data-component=\"ShareButton\">\n<div class=\"shareButtons svelte-itwbrr\">\n<div class=\"liveSessions metaFont svelte-1maxmbf\"><span class=\"value svelte-1maxmbf\">1<\/span> live <\/div>\n<\/div>\n<\/div>\n<\/div>\n<div class=\"tags svelte-1l3vwp1\"><span class=\"tags-label metaFont svelte-1l3vwp1\">Cite\u0219te mai multe despre<\/span><\/p>\n<div class=\"tags-list svelte-1l3vwp1\"><a href=\"https:\/\/adevarul.ro\/tag\/incendiu\" title=\"Ultimele \u0219tiri despre incendiu\" class=\"tag-pill svelte-1l3vwp1\">incendiu<\/a><a href=\"https:\/\/adevarul.ro\/tag\/explozie\" title=\"Ultimele \u0219tiri despre explozie\" class=\"tag-pill svelte-1l3vwp1\">explozie<\/a><a href=\"https:\/\/adevarul.ro\/tag\/persoane%20ranite\" title=\"Ultimele \u0219tiri despre persoane ranite\" class=\"tag-pill svelte-1l3vwp1\">persoane ranite<\/a><a href=\"https:\/\/adevarul.ro\/tag\/isu%20galati\" title=\"Ultimele \u0219tiri despre isu galati\" class=\"tag-pill svelte-1l3vwp1\">isu galati<\/a><\/div>\n<\/div>\n<\/div>\n<p><a class=\"moreFromCategory svelte-x63bga\" href=\"https:\/\/adevarul.ro\/stiri-locale\/galati\" title=\"Gala\u0163i\">Mai multe din <strong class=\"svelte-x63bga\">Gala\u0163i<\/strong> \u203a<\/a><\/footer>\n<\/article>\n<p>[analyse_source url=&#8221;https:\/\/adevarul.ro\/stiri-locale\/galati\/explozie-urmata-de-incendiu-intr-un-bloc-de-2552912.html&#8221;]<\/p>\n","protected":false},"excerpt":{"rendered":"<p>[analyse_image type=&#8221;featured&#8221; src=&#8221;https:\/\/cdn.adh.reperio.news\/image-2\/25ac39c1-5595-4df2-9798-70a3874c4040\/index.jpeg?p=f%3Djpeg%26w%3D1200%26h%3D630%26r%3Dcover&#8221;] Home \u0218tiri locale Gala\u0163i Explozie urmat\u0103 de incendiu \u00eentr-un bloc de locuin\u021be din Gala\u021bi: trei persoane au fost r\u0103nite. Una dintre victime a fost g\u0103sit\u0103 incon\u0219tient\u0103 O explozie urmat\u0103 de un incendiu s-a produs s\u00e2mb\u0103t\u0103 sear\u0103 \u00eentr-un bloc din municipiul Gala\u021bi. Trei persoane au fost r\u0103nite, una dintre ele fiind g\u0103sit\u0103 incon\u0219tient\u0103 [&hellip;]<\/p>\n","protected":false},"author":1,"featured_media":0,"comment_status":"open","ping_status":"","sticky":false,"template":"","format":"standard","meta":{"footnotes":""},"categories":[89],"tags":[19,226],"class_list":["post-2119303","post","type-post","status-publish","format-standard","hentry","category-romania","tag-adevarul","tag-crawlmanager"],"_links":{"self":[{"href":"https:\/\/analyse.optim.biz\/index.php?rest_route=\/wp\/v2\/posts\/2119303","targetHints":{"allow":["GET"]}}],"collection":[{"href":"https:\/\/analyse.optim.biz\/index.php?rest_route=\/wp\/v2\/posts"}],"about":[{"href":"https:\/\/analyse.optim.biz\/index.php?rest_route=\/wp\/v2\/types\/post"}],"author":[{"embeddable":true,"href":"https:\/\/analyse.optim.biz\/index.php?rest_route=\/wp\/v2\/users\/1"}],"replies":[{"embeddable":true,"href":"https:\/\/analyse.optim.biz\/index.php?rest_route=%2Fwp%2Fv2%2Fcomments&post=2119303"}],"version-history":[{"count":0,"href":"https:\/\/analyse.optim.biz\/index.php?rest_route=\/wp\/v2\/posts\/2119303\/revisions"}],"wp:attachment":[{"href":"https:\/\/analyse.optim.biz\/index.php?rest_route=%2Fwp%2Fv2%2Fmedia&parent=2119303"}],"wp:term":[{"taxonomy":"category","embeddable":true,"href":"https:\/\/analyse.optim.biz\/index.php?rest_route=%2Fwp%2Fv2%2Fcategories&post=2119303"},{"taxonomy":"post_tag","embeddable":true,"href":"https:\/\/analyse.optim.biz\/index.php?rest_route=%2Fwp%2Fv2%2Ftags&post=2119303"}],"curies":[{"name":"wp","href":"https:\/\/api.w.org\/{rel}","templated":true}]}}