{"id":2119300,"date":"2026-08-29T18:21:45","date_gmt":"2026-08-29T15:21:45","guid":{"rendered":"https:\/\/analyse.optim.biz\/?p=2119300"},"modified":"2026-08-29T18:21:45","modified_gmt":"2026-08-29T15:21:45","slug":"alerta-pe-plaja-modern-din-constanta-dupa-ce-o-drona-a-fost-gasita-in-zona-drona-nu-avea-incarcatura","status":"publish","type":"post","link":"https:\/\/analyse.optim.biz\/?p=2119300","title":{"rendered":"Alert\u0103 pe Plaja Modern din Constan\u021ba, dup\u0103 ce o dron\u0103 a fost g\u0103sit\u0103 \u00een zon\u0103. Drona nu avea \u00eenc\u0103rc\u0103tur\u0103"},"content":{"rendered":"<p>[analyse_image type=&#8221;featured&#8221; src=&#8221;https:\/\/cdn.adh.reperio.news\/image-c\/c0aca800-6936-487b-94ff-530920e800eb\/index.png?p=f%3Djpeg%26w%3D1200%26h%3D630%26r%3Dcover%26c%3D0%252C0%252C0.894%252C1&#8243;]<\/p>\n<article class=\"svelte-x63bga\">\n<nav>\n<ul class=\"breadcrump svelte-1pk9a69\">\n<li class=\"svelte-1pk9a69\"><a href=\"https:\/\/adevarul.ro\/\" title=\"Adev\u0103rul\" class=\"svelte-1pk9a69\">Home<\/a><\/li>\n<li class=\"svelte-1pk9a69\"><a href=\"https:\/\/adevarul.ro\/stiri-locale\" class=\"svelte-1pk9a69\">\u0218tiri locale<\/a><\/li>\n<li class=\"svelte-1pk9a69\"><a href=\"https:\/\/adevarul.ro\/stiri-locale\/constanta\" class=\"svelte-1pk9a69\">Constan\u0163a<\/a><\/li>\n<li class=\"svelte-1pk9a69\"><a href=\"https:\/\/adevarul.ro\/stiri-locale\/constanta\/alerta-pe-plaja-modern-din-constanta-o-posibila-2552903.html\" class=\"svelte-1pk9a69\">Alert\u0103 pe Plaja Modern din Constan\u021ba, dup\u0103 ce o dron\u0103 a fost g\u0103sit\u0103 \u00een zon\u0103. Drona nu avea \u00eenc\u0103rc\u0103tur\u0103<\/a><\/li>\n<\/ul>\n<\/nav>\n<p><main class=\"svelte-x63bga\"><\/p>\n<p>O dron\u0103 ar fi fost semnalat\u0103, s\u00e2mb\u0103t\u0103 sear\u0103, 29 august, \u00een zona Plaja Modern din Constan\u021ba. Autorit\u0103\u021bile ar fi preg\u0103tit o interven\u021bie pentru detonarea aparatului, transmite <a href=\"https:\/\/www.ziuaconstanta.ro\/stiri\/eveniment\/foto-video-alerta-in-zona-plaja-modern-din-constanta-resturi-de-drona-semnalate-in-zona-951288.html\" rel=\"nofollow\">presa local\u0103.<\/a><\/p>\n<div class=\"container-image  svelte-1xbw4f3\"><source type=\"image\/webp\" srcset=\"https:\/\/cdn.adh.reperio.news\/image-c\/c0aca800-6936-487b-94ff-530920e800eb\/index.png?p=a%3D1%26co%3D1.05%26w%3D1400%26h%3D750%26r%3Dcontain%26c%3D0%252C0%252C0.894%252C1%26f%3Dwebp 1400w\" media=\"(min-width: 1400px)\" \/><\/p>\n<div class=\"caption svelte-1xbw4f3\"><span class=\"captionText svelte-1xbw4f3\">O dron\u0103 ar fi fost semnalat\u0103 \u00een zona Plaja Modern din Constan\u021ba <span class=\"source svelte-1xbw4f3\">Foto: StirileMedia<\/span><\/span><\/div>\n<\/div>\n<h2>UPDATE<\/h2>\n<p>Drona nu avea \u00eenc\u0103rc\u0103tur\u0103. Aparatul a fost preluat de reprezentan\u021bii G\u0103rzii de Coast\u0103, transmite Ziua de Constan\u021ba.<\/p>\n<p><b>\u0218tire ini\u021bial\u0103<\/b><\/p>\n<p>Imagini ap\u0103rute \u00een spa\u021biul public arat\u0103 posibile fragmente de dron\u0103 aflate pe st\u00e2ncile din zona Plaja Modern din Constan\u021ba.<\/p>\n<div class=\"raw-block\"><iframe loading=\"lazy\" src=\"https:\/\/www.facebook.com\/plugins\/video.php?height=314&amp;href=https%3A%2F%2Fwww.facebook.com%2Freel%2F2262583104573735%2F&amp;show_text=false&amp;width=390&amp;t=0\" width=\"560\" height=\"314\" frameborder allowfullscreen=\"true\" allow=\"autoplay; clipboard-write; encrypted-media; picture-in-picture; web-share\" class=\"facebook-iframe\"><\/iframe><\/div>\n<p>Alerta vine dup\u0103 mai multe astfel de incidente care au avut loc \u00een aceast\u0103 zon\u0103. Miercuri, 26 august, <a href=\"https:\/\/adevarul.ro\/stiri-locale\/constanta\/alerta-in-olimp-o-bucata-dintr-un-obiect-suspect-2552134.html?utm_source=chatgpt.com\">fragmente de dron\u0103 au fost descoperite pe plaja din Olimp<\/a>, iar zona a fost izolat\u0103 de autorit\u0103\u021bi. Geni\u0219tii au detonat controlat aparatul, despre care s-a stabilit c\u0103 avea \u00eenc\u0103rc\u0103tur\u0103 exploziv\u0103.<\/p>\n<p>Tot \u00een aceast\u0103 s\u0103pt\u0103m\u00e2n\u0103, <a href=\"https:\/\/adevarul.ro\/stiri-locale\/constanta\/fragment-de-drona-descoperit-in-zona-cazinoului-2552120.html?utm_source=chatgpt.com\">un fragment despre care exist\u0103 suspiciunea c\u0103 provine de la o dron\u0103 a fost g\u0103sit \u00een zona Cazinoului din Constan\u021ba<\/a>. Obiectul a fost descoperit \u00eentre stabilopozi \u0219i a fost ridicat de poli\u021bi\u0219ti pentru verific\u0103ri. Asemenea incidente au fost semnalate \u0219i \u00een alte zone ale litoralului \u00een ultimele zile.<\/p>\n<p>Un incident mult mai grav a avut loc \u00een luna iunie, \u00een Portul Constan\u021ba, unde o dron\u0103 maritim\u0103 ucrainean\u0103 s-a autodetonat dup\u0103 ce a fost descoperit\u0103 \u00een zona portuar\u0103. \u00cen urma exploziei nu au fost victime, \u00eens\u0103 au fost \u00eenregistrate pagube materiale la o hal\u0103 \u0219i la o nav\u0103 din apropiere. Zona fusese anterior evacuat\u0103 \u0219i securizat\u0103 de autorit\u0103\u021bi.<\/p>\n<p><i>\u0218tire \u00een curs de actulizare&#8230;<\/i><\/p>\n<p><\/main><\/p>\n<footer class=\"svelte-x63bga\">\n<div class=\"meta svelte-x63bga\">\n<div class=\"authors svelte-x63bga\"><span class=\"names svelte-x63bga\"><a href=\"https:\/\/adevarul.ro\/author\/46\" rel=\"author\" class=\"svelte-x63bga\">Teodora Marinescu<\/a><\/span><\/p>\n<div class=\"_hydratable\" data-props=\"%7B%22showLive%22%3Atrue%7D\" data-context=\"%7B%22parentBlockColumnCount%22%3A%7B%22value%22%3A0%2C%22type%22%3A%22store%2Freadable%22%7D%2C%22parentBlockBackgroundColor%22%3A%7B%22type%22%3A%22store%2Freadable%22%7D%7D\" data-component=\"ShareButton\">\n<div class=\"shareButtons svelte-itwbrr\">\n<div class=\"liveSessions metaFont svelte-1maxmbf\"><span class=\"value svelte-1maxmbf\">1<\/span> live <\/div>\n<\/div>\n<\/div>\n<\/div>\n<div class=\"tags svelte-1l3vwp1\"><span class=\"tags-label metaFont svelte-1l3vwp1\">Cite\u0219te mai multe despre<\/span><\/p>\n<div class=\"tags-list svelte-1l3vwp1\"><a href=\"https:\/\/adevarul.ro\/tag\/constanta\" title=\"Ultimele \u0219tiri despre constanta\" class=\"tag-pill svelte-1l3vwp1\">constanta<\/a><a href=\"https:\/\/adevarul.ro\/tag\/alerta\" title=\"Ultimele \u0219tiri despre alerta\" class=\"tag-pill svelte-1l3vwp1\">alerta<\/a><a href=\"https:\/\/adevarul.ro\/tag\/drona\" title=\"Ultimele \u0219tiri despre drona\" class=\"tag-pill svelte-1l3vwp1\">drona<\/a><a href=\"https:\/\/adevarul.ro\/tag\/plaja%20modern\" title=\"Ultimele \u0219tiri despre plaja modern\" class=\"tag-pill svelte-1l3vwp1\">plaja modern<\/a><\/div>\n<\/div>\n<\/div>\n<p><a class=\"moreFromCategory svelte-x63bga\" href=\"https:\/\/adevarul.ro\/stiri-locale\/constanta\" title=\"Constan\u0163a\">Mai multe din <strong class=\"svelte-x63bga\">Constan\u0163a<\/strong> \u203a<\/a><\/footer>\n<\/article>\n<p>[analyse_source url=&#8221;https:\/\/adevarul.ro\/stiri-locale\/constanta\/alerta-pe-plaja-modern-din-constanta-o-posibila-2552903.html&#8221;]<\/p>\n","protected":false},"excerpt":{"rendered":"<p>[analyse_image type=&#8221;featured&#8221; src=&#8221;https:\/\/cdn.adh.reperio.news\/image-c\/c0aca800-6936-487b-94ff-530920e800eb\/index.png?p=f%3Djpeg%26w%3D1200%26h%3D630%26r%3Dcover%26c%3D0%252C0%252C0.894%252C1&#8243;] Home \u0218tiri locale Constan\u0163a Alert\u0103 pe Plaja Modern din Constan\u021ba, dup\u0103 ce o dron\u0103 a fost g\u0103sit\u0103 \u00een zon\u0103. Drona nu avea \u00eenc\u0103rc\u0103tur\u0103 O dron\u0103 ar fi fost semnalat\u0103, s\u00e2mb\u0103t\u0103 sear\u0103, 29 august, \u00een zona Plaja Modern din Constan\u021ba. Autorit\u0103\u021bile ar fi preg\u0103tit o interven\u021bie pentru detonarea aparatului, transmite presa local\u0103. O [&hellip;]<\/p>\n","protected":false},"author":1,"featured_media":0,"comment_status":"open","ping_status":"","sticky":false,"template":"","format":"standard","meta":{"footnotes":""},"categories":[89],"tags":[19,226],"class_list":["post-2119300","post","type-post","status-publish","format-standard","hentry","category-romania","tag-adevarul","tag-crawlmanager"],"_links":{"self":[{"href":"https:\/\/analyse.optim.biz\/index.php?rest_route=\/wp\/v2\/posts\/2119300","targetHints":{"allow":["GET"]}}],"collection":[{"href":"https:\/\/analyse.optim.biz\/index.php?rest_route=\/wp\/v2\/posts"}],"about":[{"href":"https:\/\/analyse.optim.biz\/index.php?rest_route=\/wp\/v2\/types\/post"}],"author":[{"embeddable":true,"href":"https:\/\/analyse.optim.biz\/index.php?rest_route=\/wp\/v2\/users\/1"}],"replies":[{"embeddable":true,"href":"https:\/\/analyse.optim.biz\/index.php?rest_route=%2Fwp%2Fv2%2Fcomments&post=2119300"}],"version-history":[{"count":0,"href":"https:\/\/analyse.optim.biz\/index.php?rest_route=\/wp\/v2\/posts\/2119300\/revisions"}],"wp:attachment":[{"href":"https:\/\/analyse.optim.biz\/index.php?rest_route=%2Fwp%2Fv2%2Fmedia&parent=2119300"}],"wp:term":[{"taxonomy":"category","embeddable":true,"href":"https:\/\/analyse.optim.biz\/index.php?rest_route=%2Fwp%2Fv2%2Fcategories&post=2119300"},{"taxonomy":"post_tag","embeddable":true,"href":"https:\/\/analyse.optim.biz\/index.php?rest_route=%2Fwp%2Fv2%2Ftags&post=2119300"}],"curies":[{"name":"wp","href":"https:\/\/api.w.org\/{rel}","templated":true}]}}