{"id":2119296,"date":"2026-08-29T17:55:43","date_gmt":"2026-08-29T14:55:43","guid":{"rendered":"https:\/\/analyse.optim.biz\/?p=2119296"},"modified":"2026-08-29T17:55:43","modified_gmt":"2026-08-29T14:55:43","slug":"un-motociclist-a-murit-dupa-ce-a-cazut-zeci-de-metri-intr-o-rapa-in-defileul-crisului-repede","status":"publish","type":"post","link":"https:\/\/analyse.optim.biz\/?p=2119296","title":{"rendered":"Un motociclist a murit dup\u0103 ce a c\u0103zut zeci de metri \u00eentr-o r\u00e2p\u0103, \u00een Defileul Cri\u0219ului Repede"},"content":{"rendered":"<p>[analyse_image type=&#8221;featured&#8221; src=&#8221;https:\/\/cdn.adh.reperio.news\/image-d\/d7245563-b1c0-4ad6-a9b0-798c8f42ae04\/index.jpeg?p=f%3Djpeg%26w%3D1200%26h%3D630%26r%3Dcover%26c%3D0%252C0.25%252C1%252C0.498&#8243;]<\/p>\n<article class=\"svelte-x63bga\">\n<nav>\n<ul class=\"breadcrump svelte-1pk9a69\">\n<li class=\"svelte-1pk9a69\"><a href=\"https:\/\/adevarul.ro\/\" title=\"Adev\u0103rul\" class=\"svelte-1pk9a69\">Home<\/a><\/li>\n<li class=\"svelte-1pk9a69\"><a href=\"https:\/\/adevarul.ro\/stiri-locale\" class=\"svelte-1pk9a69\">\u0218tiri locale<\/a><\/li>\n<li class=\"svelte-1pk9a69\"><a href=\"https:\/\/adevarul.ro\/stiri-locale\/oradea\" class=\"svelte-1pk9a69\">Oradea<\/a><\/li>\n<li class=\"svelte-1pk9a69\"><a href=\"https:\/\/adevarul.ro\/stiri-locale\/oradea\/un-motociclist-a-murit-dupa-ce-a-cazut-zeci-de-2552898.html\" class=\"svelte-1pk9a69\">Un motociclist a murit dup\u0103 ce a c\u0103zut zeci de metri \u00eentr-o r\u00e2p\u0103, \u00een Defileul Cri\u0219ului Repede<\/a><\/li>\n<\/ul>\n<\/nav>\n<p><main class=\"svelte-x63bga\"><\/p>\n<p>Un motociclist a murit s\u00e2mb\u0103t\u0103 dup\u0103-amiaz\u0103, \u00een jude\u021bul Bihor, dup\u0103 ce a derapat pe un drum jude\u021bean \u0219i a c\u0103zut aproximativ 30 de metri \u00eentr-o r\u00e2p\u0103 din Defileul Cri\u0219ului Repede.<\/p>\n<div class=\"container-image  svelte-1xbw4f3\"><source type=\"image\/webp\" srcset=\"https:\/\/cdn.adh.reperio.news\/image-d\/d7245563-b1c0-4ad6-a9b0-798c8f42ae04\/index.jpeg?p=a%3D1%26co%3D1.05%26w%3D1400%26h%3D750%26r%3Dcontain%26c%3D0%252C0.25%252C1%252C0.498%26f%3Dwebp 1400w\" media=\"(min-width: 1400px)\" \/><\/p>\n<div class=\"caption svelte-1xbw4f3\"><span class=\"captionText svelte-1xbw4f3\"><span class=\"source svelte-1xbw4f3\">Foto: FB Salvamont Salvaspeo Bihor<\/span><\/span><\/div>\n<\/div>\n<p>Accidentul s-a produs pe DJ 764D, \u00eentre localit\u0103\u021bile Bratca \u0219i Dami\u0219, \u00een Defileul Cri\u0219ului Repede\u00a0<\/p>\n<p> Potrivit informa\u021biilor transmise de autorit\u0103\u021bi, motociclistul a pierdut controlul vehiculului, a p\u0103r\u0103sit carosabilul \u0219i s-a pr\u0103bu\u0219it \u00een zona abrupt\u0103 de la marginea drumului, relateaz\u0103<a href=\"https:\/\/www.bihon.ro\/stirile-judetului-bihor\/update-motociclistul-care-a-cazut-intr-o-rapa-de-30-de-metri-in-apropiere-de-bratca-a-decedat-5384751\/\" rel=\"nofollow\">\u00a0Bihon<\/a>.<\/p>\n<p>Un alt motociclist aflat \u00een apropiere a cobor\u00e2t imediat \u00een r\u00e2p\u0103 pentru a-i acorda ajutor.<\/p>\n<p> \u00cen sprijinul victimei a intervenit \u0219i un pompier de la Sta\u021bia Ale\u0219d, aflat \u00een trecere prin zon\u0103, care a observat incidentul \u0219i a ajuns la locul accidentului.<\/p>\n<p>Dup\u0103 ce a constatat c\u0103 b\u0103rbatul se afla \u00een stop cardiac, pompierul a \u00eenceput manevrele de resuscitare p\u00e2n\u0103 la sosirea echipajelor medicale.<\/p>\n<p><i>\u201ePatrula Salvamont care asigur\u0103 permanen\u021ba \u00een zona Defileului Cri\u0219ului Repede a fost solicitat\u0103 s\u0103 intervin\u0103 \u00een comun cu <\/i><a href=\"https:\/\/adevarul.ro\/stiri-locale\/oradea\/motociclist-slovac-ranit-in-timpul-unei-curse-2202571.html\">echipaje SMURD \u0219i SAJ <\/a><i>din Ale\u0219d, \u0219i un echipaj de descarcerare al ISU\u201d<\/i>, a precizat <a href=\"https:\/\/adevarul.ro\/stil-de-viata\/magazin\/cum-ne-protejam-in-fata-fulgerelor-pe-munte-2373453.html\">Salvamont Salvaspeo Bihor.<\/a><\/p>\n<div class=\"raw-block\"><iframe loading=\"lazy\" src=\"https:\/\/www.facebook.com\/plugins\/post.php?href=https%3A%2F%2Fwww.facebook.com%2Fsalvamont.salvaspeobihor%2Fposts%2Fpfbid05iR6H5WfiFfPrDjAzadEyizTRHuUSexMA5gSauWu4kzk3ghrs79xSkXxsiKfKygPl&amp;show_text=true&amp;width=390\" width=\"500\" height=\"725\" frameborder allowfullscreen=\"true\" allow=\"autoplay; clipboard-write; encrypted-media; picture-in-picture; web-share\" class=\"facebook-iframe\"><\/iframe><\/div>\n<p>\u00cen ciuda eforturilor depuse de medici \u0219i paramedici, victima nu a mai putut fi salvat\u0103 \u0219i a fost declarat\u0103 decedat\u0103.<\/p>\n<p><\/main><\/p>\n<footer class=\"svelte-x63bga\">\n<div class=\"related-wrap related-footer svelte-78g0vl\"><span class=\"related-label svelte-78g0vl\">Cite\u0219te \u0219i<\/span><a class=\"related svelte-78g0vl\" data-gtrack=\"{&quot;event&quot;:&quot;utm_click&quot;,&quot;data&quot;:{&quot;event_category&quot;:&quot;article_related&quot;}}\" href=\"https:\/\/adevarul.ro\/stiri-interne\/societate\/tragedie-pe-dn1-un-motociclist-de-59-de-ani-si-a-2547659.html\" title=\"Alt articol de interes pentru tine\"><img decoding=\"async\" class=\"thumb svelte-78g0vl\" src=\"https:\/\/cdn.adh.reperio.news\/image-2\/2e068108-a860-4a29-bcaa-5df872a6af4a\/index.png?p=f%3Dwebp%26w%3D120%26h%3D80%26r%3Dcover%26a%3D0\" alt loading=\"lazy\" width=\"80\" height=\"54\"><span class=\"title svelte-78g0vl\">Tragedie pe DN1. Un motociclist de 59 de ani \u0219i-a pierdut via\u021ba dup\u0103 ce s-a ciocnit violent cu dou\u0103 ma\u0219ini<\/span><\/a><a class=\"related svelte-78g0vl\" data-gtrack=\"{&quot;event&quot;:&quot;utm_click&quot;,&quot;data&quot;:{&quot;event_category&quot;:&quot;article_related&quot;}}\" href=\"https:\/\/adevarul.ro\/stiri-locale\/constanta\/motociclist-de-17-ani-mort-intr-un-accident-pe-dn-2549831.html\" title=\"Alt articol de interes pentru tine\"><img decoding=\"async\" class=\"thumb svelte-78g0vl\" src=\"https:\/\/cdn.adh.reperio.news\/image-5\/52b6c616-b808-4ca8-8c00-9a3a58ffe02a\/index.jpeg?p=f%3Dwebp%26w%3D120%26h%3D80%26r%3Dcover%26a%3D0\" alt loading=\"lazy\" width=\"80\" height=\"54\"><span class=\"title svelte-78g0vl\">Motociclist de 17 ani, mort \u00eentr-un accident pe DN 3, la intrarea \u00een Constan\u021ba<\/span><\/a><a class=\"related svelte-78g0vl\" data-gtrack=\"{&quot;event&quot;:&quot;utm_click&quot;,&quot;data&quot;:{&quot;event_category&quot;:&quot;article_related&quot;}}\" href=\"https:\/\/adevarul.ro\/stiri-locale\/suceava\/motociclist-de-46-de-ani-mort-intr-un-accident-in-2550152.html\" title=\"Alt articol de interes pentru tine\"><img decoding=\"async\" class=\"thumb svelte-78g0vl\" src=\"https:\/\/cdn.adh.reperio.news\/image-e\/e8e86003-6f33-40e5-99c8-e9434629519c\/index.png?p=f%3Dwebp%26w%3D120%26h%3D80%26r%3Dcover%26a%3D0\" alt loading=\"lazy\" width=\"80\" height=\"54\"><span class=\"title svelte-78g0vl\">Motociclist de 46 de ani, mort \u00eentr-un accident \u00een Pasul Mestec\u0103ni\u0219. B\u0103rbatul a intrat \u00een stop cardio-respirator \u00een drum spre spital<\/span><\/a><\/div>\n<div class=\"meta svelte-x63bga\">\n<div class=\"authors svelte-x63bga\"><span class=\"names svelte-x63bga\"><a href=\"https:\/\/adevarul.ro\/author\/1228\" rel=\"author\" class=\"svelte-x63bga\">Cristina Stancu<\/a><\/span><\/p>\n<div class=\"_hydratable\" data-props=\"%7B%22showLive%22%3Atrue%7D\" data-context=\"%7B%22parentBlockColumnCount%22%3A%7B%22value%22%3A0%2C%22type%22%3A%22store%2Freadable%22%7D%2C%22parentBlockBackgroundColor%22%3A%7B%22type%22%3A%22store%2Freadable%22%7D%7D\" data-component=\"ShareButton\">\n<div class=\"shareButtons svelte-itwbrr\">\n<div class=\"liveSessions metaFont svelte-1maxmbf\"><span class=\"value svelte-1maxmbf\">1<\/span> live <\/div>\n<\/div>\n<\/div>\n<\/div>\n<div class=\"tags svelte-1l3vwp1\"><span class=\"tags-label metaFont svelte-1l3vwp1\">Cite\u0219te mai multe despre<\/span><\/p>\n<div class=\"tags-list svelte-1l3vwp1\"><a href=\"https:\/\/adevarul.ro\/tag\/accident%20motocicleta\" title=\"Ultimele \u0219tiri despre accident motocicleta\" class=\"tag-pill svelte-1l3vwp1\">accident motocicleta<\/a><\/div>\n<\/div>\n<\/div>\n<p><a class=\"moreFromCategory svelte-x63bga\" href=\"https:\/\/adevarul.ro\/stiri-locale\/oradea\" title=\"Oradea\">Mai multe din <strong class=\"svelte-x63bga\">Oradea<\/strong> \u203a<\/a><\/footer>\n<\/article>\n<p>[analyse_source url=&#8221;https:\/\/adevarul.ro\/stiri-locale\/oradea\/un-motociclist-a-murit-dupa-ce-a-cazut-zeci-de-2552898.html&#8221;]<\/p>\n","protected":false},"excerpt":{"rendered":"<p>[analyse_image type=&#8221;featured&#8221; src=&#8221;https:\/\/cdn.adh.reperio.news\/image-d\/d7245563-b1c0-4ad6-a9b0-798c8f42ae04\/index.jpeg?p=f%3Djpeg%26w%3D1200%26h%3D630%26r%3Dcover%26c%3D0%252C0.25%252C1%252C0.498&#8243;] Home \u0218tiri locale Oradea Un motociclist a murit dup\u0103 ce a c\u0103zut zeci de metri \u00eentr-o r\u00e2p\u0103, \u00een Defileul Cri\u0219ului Repede Un motociclist a murit s\u00e2mb\u0103t\u0103 dup\u0103-amiaz\u0103, \u00een jude\u021bul Bihor, dup\u0103 ce a derapat pe un drum jude\u021bean \u0219i a c\u0103zut aproximativ 30 de metri \u00eentr-o r\u00e2p\u0103 din Defileul Cri\u0219ului Repede. Foto: [&hellip;]<\/p>\n","protected":false},"author":1,"featured_media":0,"comment_status":"open","ping_status":"","sticky":false,"template":"","format":"standard","meta":{"footnotes":""},"categories":[89],"tags":[19,226],"class_list":["post-2119296","post","type-post","status-publish","format-standard","hentry","category-romania","tag-adevarul","tag-crawlmanager"],"_links":{"self":[{"href":"https:\/\/analyse.optim.biz\/index.php?rest_route=\/wp\/v2\/posts\/2119296","targetHints":{"allow":["GET"]}}],"collection":[{"href":"https:\/\/analyse.optim.biz\/index.php?rest_route=\/wp\/v2\/posts"}],"about":[{"href":"https:\/\/analyse.optim.biz\/index.php?rest_route=\/wp\/v2\/types\/post"}],"author":[{"embeddable":true,"href":"https:\/\/analyse.optim.biz\/index.php?rest_route=\/wp\/v2\/users\/1"}],"replies":[{"embeddable":true,"href":"https:\/\/analyse.optim.biz\/index.php?rest_route=%2Fwp%2Fv2%2Fcomments&post=2119296"}],"version-history":[{"count":0,"href":"https:\/\/analyse.optim.biz\/index.php?rest_route=\/wp\/v2\/posts\/2119296\/revisions"}],"wp:attachment":[{"href":"https:\/\/analyse.optim.biz\/index.php?rest_route=%2Fwp%2Fv2%2Fmedia&parent=2119296"}],"wp:term":[{"taxonomy":"category","embeddable":true,"href":"https:\/\/analyse.optim.biz\/index.php?rest_route=%2Fwp%2Fv2%2Fcategories&post=2119296"},{"taxonomy":"post_tag","embeddable":true,"href":"https:\/\/analyse.optim.biz\/index.php?rest_route=%2Fwp%2Fv2%2Ftags&post=2119296"}],"curies":[{"name":"wp","href":"https:\/\/api.w.org\/{rel}","templated":true}]}}