{"id":2119292,"date":"2026-08-29T15:55:18","date_gmt":"2026-08-29T12:55:18","guid":{"rendered":"https:\/\/analyse.optim.biz\/?p=2119292"},"modified":"2026-08-29T15:55:18","modified_gmt":"2026-08-29T12:55:18","slug":"accident-mortal-in-arges-un-barbat-de-58-de-ani-a-murit-dupa-ce-s-a-rasturnat-cu-atv-ul-intr-un-parau","status":"publish","type":"post","link":"https:\/\/analyse.optim.biz\/?p=2119292","title":{"rendered":"Accident mortal \u00een Arge\u0219. Un b\u0103rbat de 58 de ani a murit dup\u0103 ce s-a r\u0103sturnat cu ATV-ul \u00eentr-un p\u00e2r\u00e2u"},"content":{"rendered":"<p>[analyse_image type=&#8221;featured&#8221; src=&#8221;https:\/\/cdn.adh.reperio.news\/image-e\/e7778c89-5ed6-4637-8a64-18b66a10373e\/index.jpeg?p=f%3Djpeg%26w%3D1200%26h%3D630%26r%3Dcover%26c%3D0%252C0.298%252C1%252C0.388&#8243;]<\/p>\n<article class=\"svelte-x63bga\">\n<nav>\n<ul class=\"breadcrump svelte-1pk9a69\">\n<li class=\"svelte-1pk9a69\"><a href=\"https:\/\/adevarul.ro\/\" title=\"Adev\u0103rul\" class=\"svelte-1pk9a69\">Home<\/a><\/li>\n<li class=\"svelte-1pk9a69\"><a href=\"https:\/\/adevarul.ro\/stiri-locale\" class=\"svelte-1pk9a69\">\u0218tiri locale<\/a><\/li>\n<li class=\"svelte-1pk9a69\"><a href=\"https:\/\/adevarul.ro\/stiri-locale\/pitesti\" class=\"svelte-1pk9a69\">Pite\u015fti<\/a><\/li>\n<li class=\"svelte-1pk9a69\"><a href=\"https:\/\/adevarul.ro\/stiri-locale\/pitesti\/accident-mortal-in-arges-un-barbat-de-58-de-ani-a-2552882.html\" class=\"svelte-1pk9a69\">Accident mortal \u00een Arge\u0219. Un b\u0103rbat de 58 de ani a murit dup\u0103 ce s-a r\u0103sturnat cu ATV-ul \u00eentr-un p\u00e2r\u00e2u<\/a><\/li>\n<\/ul>\n<\/nav>\n<p><main class=\"svelte-x63bga\"><\/p>\n<p>Un b\u0103rbat de 58 de ani, din Bucure\u0219ti, a murit, s\u00e2mb\u0103t\u0103, dup\u0103 ce ATV-ul pe care \u00eel conducea s-a r\u0103sturnat \u00eentr-un p\u00e2r\u00e2u din comuna arge\u0219ean\u0103 Vl\u0103de\u0219ti. Un pasager \u00een v\u00e2rst\u0103 de 24 de ani a fost r\u0103nit \u0219i transportat la spital.<\/p>\n<div class=\"container-image  svelte-1xbw4f3\"><source type=\"image\/webp\" srcset=\"https:\/\/cdn.adh.reperio.news\/image-e\/e7778c89-5ed6-4637-8a64-18b66a10373e\/index.jpeg?p=a%3D1%26co%3D1.05%26w%3D1400%26h%3D750%26r%3Dcontain%26c%3D0%252C0.298%252C1%252C0.388%26f%3Dwebp 1400w\" media=\"(min-width: 1400px)\" \/><\/p>\n<div class=\"caption svelte-1xbw4f3\"><span class=\"captionText svelte-1xbw4f3\">\u0218oferul ATV-ului a murit <span class=\"source svelte-1xbw4f3\">Foto: ISU Arge\u0219<\/span><\/span><\/div>\n<\/div>\n<p>Accidentul s-a produs pe 29 august, \u00een jurul orei 13.00, pe un drum forestier aflat pe fondul forestier din comuna Vl\u0103de\u0219ti, potrivit <a href=\"https:\/\/www.agerpres.ro\/justitie-si-interne\/2026\/08\/29\/update-arges-atv-rasturnat-in-comuna-vladesti-o-persoana-a-decedat-iar-alta-a-ajuns-la-spital--1723609\" rel=\"nofollow\">Agerpres.<\/a><\/p>\n<p>Potrivit cercet\u0103rilor preliminare ale poli\u021bi\u0219tilor, b\u0103rbatul de 58 de ani, din Bucure\u0219ti, se deplasa cu un ATV c\u00e2nd, \u00een \u00eemprejur\u0103ri care urmeaz\u0103 s\u0103 fie stabilite, ar fi pierdut controlul asupra direc\u021biei de mers. Vehiculul ar fi derapat pe o pant\u0103 lateral\u0103 \u0219i s-ar fi r\u0103sturnat \u00een p\u00e2r\u00e2ul Bahna.<\/p>\n<div class=\"container-image  svelte-1xbw4f3\"><source type=\"image\/webp\" srcset=\"https:\/\/cdn.adh.reperio.news\/image-3\/37bfe37c-efad-42b6-98f2-3e44a32de984\/index.jpeg?p=a%3D1%26co%3D1.05%26w%3D1400%26h%3D750%26r%3Dcontain%26f%3Dwebp 1400w\" media=\"(min-width: 1400px)\" \/><\/p>\n<div class=\"caption svelte-1xbw4f3\"><span class=\"captionText svelte-1xbw4f3\"><span class=\"source svelte-1xbw4f3\">Foto: ISU Arge\u0219<\/span><\/span><\/div>\n<\/div>\n<p>\u00cempreun\u0103 cu acesta se afla un pasager \u00een v\u00e2rst\u0103 de 24 de ani, tot din Bucure\u0219ti.<\/p>\n<p>La fa\u021ba locului a intervenit un echipaj medical pentru acordarea primului ajutor. Din p\u0103cate, pentru b\u0103rbatul de 58 de ani nu s-a mai putut face nimic, fiind constatat decesul acestuia.<\/p>\n<p>Pasagerul de 24 de ani a suferit mai multe leziuni \u0219i a fost transportat la spital pentru investiga\u021bii medicale \u0219i \u00eengrijiri de specialitate.<\/p>\n<div class=\"raw-block\"><iframe loading=\"lazy\" src=\"https:\/\/www.facebook.com\/plugins\/video.php?height=476&amp;href=https%3A%2F%2Fwww.facebook.com%2Freel%2F1634516554900893%2F&amp;show_text=false&amp;width=390&amp;t=0\" width=\"267\" height=\"476\" frameborder allowfullscreen=\"true\" allow=\"autoplay; clipboard-write; encrypted-media; picture-in-picture; web-share\" class=\"facebook-iframe\"><\/iframe><\/div>\n<p>Trupul b\u0103rbatului decedat a fost transportat la Serviciul de Medicin\u0103 Legal\u0103 Arge\u0219, \u00een vederea efectu\u0103rii autopsiei medico-legale, transmite <a href=\"https:\/\/epitesti.ro\/evenimente-trafic-2\/politia-arges-oficial-cum-s-a-intamplat-de-fapt-accidentul-de-la-vladesti-un-barbat-de-58-de-ani-si-a-pierdut-viata-dupa-ce-atv-ul-s-a-rasturnat\" rel=\"nofollow\">presa local\u0103.<\/a><\/p>\n<p>Poli\u021bi\u0219tii din cadrul Poli\u021biei Municipiului C\u00e2mpulung continu\u0103 cercet\u0103rile pentru stabilirea tuturor \u00eemprejur\u0103rilor \u00een care s-a produs accidentul.<\/p>\n<p>\u00cen acest caz a fost deschis un dosar penal pentru ucidere din culp\u0103 \u0219i v\u0103t\u0103mare corporal\u0103 din culp\u0103. Cercet\u0103rile se desf\u0103\u0219oar\u0103 sub coordonarea Parchetului de pe l\u00e2ng\u0103 Judec\u0103toria C\u00e2mpulung.<\/p>\n<p><\/main><\/p>\n<footer class=\"svelte-x63bga\">\n<div class=\"related-wrap related-footer svelte-78g0vl\"><span class=\"related-label svelte-78g0vl\">Cite\u0219te \u0219i<\/span><a class=\"related svelte-78g0vl\" data-gtrack=\"{&quot;event&quot;:&quot;utm_click&quot;,&quot;data&quot;:{&quot;event_category&quot;:&quot;article_related&quot;}}\" href=\"https:\/\/adevarul.ro\/stiri-interne\/evenimente\/o-masina-a-intrat-intr-un-copac-si-s-a-rasturnat-2540786.html\" title=\"Alt articol de interes pentru tine\"><img decoding=\"async\" class=\"thumb svelte-78g0vl\" src=\"https:\/\/cdn.adh.reperio.news\/image-4\/47aabe7f-c553-4412-bd24-7e52166df8e1\/index.jpeg?p=f%3Dwebp%26w%3D120%26h%3D80%26r%3Dcover%26a%3D0\" alt loading=\"lazy\" width=\"80\" height=\"54\"><span class=\"title svelte-78g0vl\">O ma\u0219in\u0103 a intrat \u00eentr-un copac \u0219i s-a r\u0103sturnat \u00een Bac\u0103u: \u0219oferul, preluat de ambulan\u021b\u0103 dup\u0103 interven\u021bia jandarmilor<\/span><\/a><a class=\"related svelte-78g0vl\" data-gtrack=\"{&quot;event&quot;:&quot;utm_click&quot;,&quot;data&quot;:{&quot;event_category&quot;:&quot;article_related&quot;}}\" href=\"https:\/\/adevarul.ro\/stiri-interne\/evenimente\/soferul-care-a-ucis-doi-turisti-in-centrul-2549820.html\" title=\"Alt articol de interes pentru tine\"><img decoding=\"async\" class=\"thumb svelte-78g0vl\" src=\"https:\/\/cdn.adh.reperio.news\/image-a\/a89ff27e-4568-4e02-bcd4-088199222d10\/index.png?p=f%3Dwebp%26w%3D120%26h%3D80%26r%3Dcover%26a%3D0\" alt loading=\"lazy\" width=\"80\" height=\"54\"><span class=\"title svelte-78g0vl\">\u0218oferul care a ucis doi turi\u0219ti \u00een centrul Bra\u0219ovului, re\u021binut: a \u00eentrerupt de 4 ani tratamentul pentru boala sa neurologic\u0103<\/span><\/a><a class=\"related svelte-78g0vl\" data-gtrack=\"{&quot;event&quot;:&quot;utm_click&quot;,&quot;data&quot;:{&quot;event_category&quot;:&quot;article_related&quot;}}\" href=\"https:\/\/adevarul.ro\/stiri-locale\/suceava\/motociclist-de-46-de-ani-mort-intr-un-accident-in-2550152.html\" title=\"Alt articol de interes pentru tine\"><img decoding=\"async\" class=\"thumb svelte-78g0vl\" src=\"https:\/\/cdn.adh.reperio.news\/image-e\/e8e86003-6f33-40e5-99c8-e9434629519c\/index.png?p=f%3Dwebp%26w%3D120%26h%3D80%26r%3Dcover%26a%3D0\" alt loading=\"lazy\" width=\"80\" height=\"54\"><span class=\"title svelte-78g0vl\">Motociclist de 46 de ani, mort \u00eentr-un accident \u00een Pasul Mestec\u0103ni\u0219. B\u0103rbatul a intrat \u00een stop cardio-respirator \u00een drum spre spital<\/span><\/a><\/div>\n<div class=\"meta svelte-x63bga\">\n<div class=\"authors svelte-x63bga\"><span class=\"names svelte-x63bga\"><a href=\"https:\/\/adevarul.ro\/author\/46\" rel=\"author\" class=\"svelte-x63bga\">Teodora Marinescu<\/a><\/span><\/p>\n<div class=\"_hydratable\" data-props=\"%7B%22showLive%22%3Atrue%7D\" data-context=\"%7B%22parentBlockColumnCount%22%3A%7B%22value%22%3A0%2C%22type%22%3A%22store%2Freadable%22%7D%2C%22parentBlockBackgroundColor%22%3A%7B%22type%22%3A%22store%2Freadable%22%7D%7D\" data-component=\"ShareButton\">\n<div class=\"shareButtons svelte-itwbrr\">\n<div class=\"liveSessions metaFont svelte-1maxmbf\"><span class=\"value svelte-1maxmbf\">1<\/span> live <\/div>\n<\/div>\n<\/div>\n<\/div>\n<div class=\"tags svelte-1l3vwp1\"><span class=\"tags-label metaFont svelte-1l3vwp1\">Cite\u0219te mai multe despre<\/span><\/p>\n<div class=\"tags-list svelte-1l3vwp1\"><a href=\"https:\/\/adevarul.ro\/tag\/foto\" title=\"Ultimele \u0219tiri despre foto\" class=\"tag-pill svelte-1l3vwp1\">foto<\/a><a href=\"https:\/\/adevarul.ro\/tag\/vladesti\" title=\"Ultimele \u0219tiri despre vladesti\" class=\"tag-pill svelte-1l3vwp1\">vladesti<\/a><a href=\"https:\/\/adevarul.ro\/tag\/accident%20atv\" title=\"Ultimele \u0219tiri despre accident atv\" class=\"tag-pill svelte-1l3vwp1\">accident atv<\/a><\/div>\n<\/div>\n<\/div>\n<p><a class=\"moreFromCategory svelte-x63bga\" href=\"https:\/\/adevarul.ro\/stiri-locale\/pitesti\" title=\"Pite\u015fti\">Mai multe din <strong class=\"svelte-x63bga\">Pite\u015fti<\/strong> \u203a<\/a><\/footer>\n<\/article>\n<p>[analyse_source url=&#8221;https:\/\/adevarul.ro\/stiri-locale\/pitesti\/accident-mortal-in-arges-un-barbat-de-58-de-ani-a-2552882.html&#8221;]<\/p>\n","protected":false},"excerpt":{"rendered":"<p>[analyse_image type=&#8221;featured&#8221; src=&#8221;https:\/\/cdn.adh.reperio.news\/image-e\/e7778c89-5ed6-4637-8a64-18b66a10373e\/index.jpeg?p=f%3Djpeg%26w%3D1200%26h%3D630%26r%3Dcover%26c%3D0%252C0.298%252C1%252C0.388&#8243;] Home \u0218tiri locale Pite\u015fti Accident mortal \u00een Arge\u0219. Un b\u0103rbat de 58 de ani a murit dup\u0103 ce s-a r\u0103sturnat cu ATV-ul \u00eentr-un p\u00e2r\u00e2u Un b\u0103rbat de 58 de ani, din Bucure\u0219ti, a murit, s\u00e2mb\u0103t\u0103, dup\u0103 ce ATV-ul pe care \u00eel conducea s-a r\u0103sturnat \u00eentr-un p\u00e2r\u00e2u din comuna arge\u0219ean\u0103 Vl\u0103de\u0219ti. Un pasager [&hellip;]<\/p>\n","protected":false},"author":1,"featured_media":0,"comment_status":"open","ping_status":"","sticky":false,"template":"","format":"standard","meta":{"footnotes":""},"categories":[89],"tags":[19],"class_list":["post-2119292","post","type-post","status-publish","format-standard","hentry","category-romania","tag-adevarul"],"_links":{"self":[{"href":"https:\/\/analyse.optim.biz\/index.php?rest_route=\/wp\/v2\/posts\/2119292","targetHints":{"allow":["GET"]}}],"collection":[{"href":"https:\/\/analyse.optim.biz\/index.php?rest_route=\/wp\/v2\/posts"}],"about":[{"href":"https:\/\/analyse.optim.biz\/index.php?rest_route=\/wp\/v2\/types\/post"}],"author":[{"embeddable":true,"href":"https:\/\/analyse.optim.biz\/index.php?rest_route=\/wp\/v2\/users\/1"}],"replies":[{"embeddable":true,"href":"https:\/\/analyse.optim.biz\/index.php?rest_route=%2Fwp%2Fv2%2Fcomments&post=2119292"}],"version-history":[{"count":0,"href":"https:\/\/analyse.optim.biz\/index.php?rest_route=\/wp\/v2\/posts\/2119292\/revisions"}],"wp:attachment":[{"href":"https:\/\/analyse.optim.biz\/index.php?rest_route=%2Fwp%2Fv2%2Fmedia&parent=2119292"}],"wp:term":[{"taxonomy":"category","embeddable":true,"href":"https:\/\/analyse.optim.biz\/index.php?rest_route=%2Fwp%2Fv2%2Fcategories&post=2119292"},{"taxonomy":"post_tag","embeddable":true,"href":"https:\/\/analyse.optim.biz\/index.php?rest_route=%2Fwp%2Fv2%2Ftags&post=2119292"}],"curies":[{"name":"wp","href":"https:\/\/api.w.org\/{rel}","templated":true}]}}